{"id":80188,"date":"2025-10-01T20:50:48","date_gmt":"2025-10-01T20:50:48","guid":{"rendered":"https:\/\/www.ecoitaliano.com.ar\/?p=80188"},"modified":"2025-10-01T20:51:11","modified_gmt":"2025-10-01T20:51:11","slug":"tributato-al-sen-giulio-terzi-di-santagata-il-federico-ii-award-dal-centro-studi-di-palermo-in-senato-insigniti-dellaugustale-federiciano-lambasciatore-di-romania-gabriel","status":"publish","type":"post","link":"https:\/\/www.ecoitaliano.com.ar\/?p=80188","title":{"rendered":"Tributato al Sen. Giulio Terzi di Sant\u2019Agata il Federico II Award dal Centro Studi di Palermo &#8211; In Senato insigniti dell\u2019Augustale federiciano l\u2019Ambasciatore di Romania Gabriela Dancau e il giornalista Stefano Polli"},"content":{"rendered":"\n<figure class=\"wp-block-gallery has-nested-images columns-default is-cropped wp-block-gallery-1 is-layout-flex wp-block-gallery-is-layout-flex\">\n<figure class=\"wp-block-image size-large\"><a href=\"https:\/\/www.ecoitaliano.com.ar\/wp-content\/uploads\/2025\/10\/Augustale-a-Stefano-Polli.jpg\"><img decoding=\"async\" width=\"1024\" height=\"690\" data-id=\"80189\" src=\"https:\/\/www.ecoitaliano.com.ar\/wp-content\/uploads\/2025\/10\/Augustale-a-Stefano-Polli-1024x690.jpg\" alt=\"\" class=\"wp-image-80189\" srcset=\"https:\/\/www.ecoitaliano.com.ar\/wp-content\/uploads\/2025\/10\/Augustale-a-Stefano-Polli-1024x690.jpg 1024w, https:\/\/www.ecoitaliano.com.ar\/wp-content\/uploads\/2025\/10\/Augustale-a-Stefano-Polli-300x202.jpg 300w, https:\/\/www.ecoitaliano.com.ar\/wp-content\/uploads\/2025\/10\/Augustale-a-Stefano-Polli-768x517.jpg 768w, https:\/\/www.ecoitaliano.com.ar\/wp-content\/uploads\/2025\/10\/Augustale-a-Stefano-Polli-1536x1035.jpg 1536w, https:\/\/www.ecoitaliano.com.ar\/wp-content\/uploads\/2025\/10\/Augustale-a-Stefano-Polli-150x101.jpg 150w, https:\/\/www.ecoitaliano.com.ar\/wp-content\/uploads\/2025\/10\/Augustale-a-Stefano-Polli.jpg 1600w\" sizes=\"(max-width: 1024px) 100vw, 1024px\" \/><\/a><\/figure>\n\n\n\n<figure class=\"wp-block-image size-large\"><a href=\"https:\/\/www.ecoitaliano.com.ar\/wp-content\/uploads\/2025\/10\/Augustale-ad-Ambasciatrice-di-Romania-.jpg\"><img decoding=\"async\" width=\"1024\" height=\"739\" data-id=\"80190\" src=\"https:\/\/www.ecoitaliano.com.ar\/wp-content\/uploads\/2025\/10\/Augustale-ad-Ambasciatrice-di-Romania--1024x739.jpg\" alt=\"\" class=\"wp-image-80190\" srcset=\"https:\/\/www.ecoitaliano.com.ar\/wp-content\/uploads\/2025\/10\/Augustale-ad-Ambasciatrice-di-Romania--1024x739.jpg 1024w, https:\/\/www.ecoitaliano.com.ar\/wp-content\/uploads\/2025\/10\/Augustale-ad-Ambasciatrice-di-Romania--300x217.jpg 300w, https:\/\/www.ecoitaliano.com.ar\/wp-content\/uploads\/2025\/10\/Augustale-ad-Ambasciatrice-di-Romania--768x554.jpg 768w, https:\/\/www.ecoitaliano.com.ar\/wp-content\/uploads\/2025\/10\/Augustale-ad-Ambasciatrice-di-Romania--1536x1109.jpg 1536w, https:\/\/www.ecoitaliano.com.ar\/wp-content\/uploads\/2025\/10\/Augustale-ad-Ambasciatrice-di-Romania--150x108.jpg 150w, https:\/\/www.ecoitaliano.com.ar\/wp-content\/uploads\/2025\/10\/Augustale-ad-Ambasciatrice-di-Romania-.jpg 1600w\" sizes=\"(max-width: 1024px) 100vw, 1024px\" \/><\/a><\/figure>\n\n\n\n<figure class=\"wp-block-image size-large\"><a href=\"https:\/\/www.ecoitaliano.com.ar\/wp-content\/uploads\/2025\/10\/con-Ambasciatrice-Gabriela-Dancau.jpg\"><img decoding=\"async\" width=\"1024\" height=\"1016\" data-id=\"80191\" src=\"https:\/\/www.ecoitaliano.com.ar\/wp-content\/uploads\/2025\/10\/con-Ambasciatrice-Gabriela-Dancau-1024x1016.jpg\" alt=\"\" class=\"wp-image-80191\" srcset=\"https:\/\/www.ecoitaliano.com.ar\/wp-content\/uploads\/2025\/10\/con-Ambasciatrice-Gabriela-Dancau-1024x1016.jpg 1024w, https:\/\/www.ecoitaliano.com.ar\/wp-content\/uploads\/2025\/10\/con-Ambasciatrice-Gabriela-Dancau-300x298.jpg 300w, https:\/\/www.ecoitaliano.com.ar\/wp-content\/uploads\/2025\/10\/con-Ambasciatrice-Gabriela-Dancau-150x150.jpg 150w, https:\/\/www.ecoitaliano.com.ar\/wp-content\/uploads\/2025\/10\/con-Ambasciatrice-Gabriela-Dancau-768x762.jpg 768w, https:\/\/www.ecoitaliano.com.ar\/wp-content\/uploads\/2025\/10\/con-Ambasciatrice-Gabriela-Dancau-1536x1524.jpg 1536w, https:\/\/www.ecoitaliano.com.ar\/wp-content\/uploads\/2025\/10\/con-Ambasciatrice-Gabriela-Dancau.jpg 1600w\" sizes=\"(max-width: 1024px) 100vw, 1024px\" \/><\/a><\/figure>\n<\/figure>\n\n\n\n<figure class=\"wp-block-gallery has-nested-images columns-default is-cropped wp-block-gallery-2 is-layout-flex wp-block-gallery-is-layout-flex\">\n<figure class=\"wp-block-image size-large\"><a href=\"https:\/\/www.ecoitaliano.com.ar\/wp-content\/uploads\/2025\/10\/Federico-II-Award-al-Sen.-Terzi-2.jpg\"><img decoding=\"async\" width=\"1024\" height=\"573\" data-id=\"80192\" src=\"https:\/\/www.ecoitaliano.com.ar\/wp-content\/uploads\/2025\/10\/Federico-II-Award-al-Sen.-Terzi-2-1024x573.jpg\" alt=\"\" class=\"wp-image-80192\" srcset=\"https:\/\/www.ecoitaliano.com.ar\/wp-content\/uploads\/2025\/10\/Federico-II-Award-al-Sen.-Terzi-2-1024x573.jpg 1024w, https:\/\/www.ecoitaliano.com.ar\/wp-content\/uploads\/2025\/10\/Federico-II-Award-al-Sen.-Terzi-2-300x168.jpg 300w, https:\/\/www.ecoitaliano.com.ar\/wp-content\/uploads\/2025\/10\/Federico-II-Award-al-Sen.-Terzi-2-768x430.jpg 768w, https:\/\/www.ecoitaliano.com.ar\/wp-content\/uploads\/2025\/10\/Federico-II-Award-al-Sen.-Terzi-2-1536x860.jpg 1536w, https:\/\/www.ecoitaliano.com.ar\/wp-content\/uploads\/2025\/10\/Federico-II-Award-al-Sen.-Terzi-2-150x84.jpg 150w, https:\/\/www.ecoitaliano.com.ar\/wp-content\/uploads\/2025\/10\/Federico-II-Award-al-Sen.-Terzi-2.jpg 1600w\" sizes=\"(max-width: 1024px) 100vw, 1024px\" \/><\/a><\/figure>\n\n\n\n<figure class=\"wp-block-image size-large\"><a href=\"https:\/\/www.ecoitaliano.com.ar\/wp-content\/uploads\/2025\/10\/Gaetano-Cortese.jpg\"><img decoding=\"async\" width=\"1024\" height=\"800\" data-id=\"80193\" src=\"https:\/\/www.ecoitaliano.com.ar\/wp-content\/uploads\/2025\/10\/Gaetano-Cortese-1024x800.jpg\" alt=\"\" class=\"wp-image-80193\" srcset=\"https:\/\/www.ecoitaliano.com.ar\/wp-content\/uploads\/2025\/10\/Gaetano-Cortese-1024x800.jpg 1024w, https:\/\/www.ecoitaliano.com.ar\/wp-content\/uploads\/2025\/10\/Gaetano-Cortese-300x234.jpg 300w, https:\/\/www.ecoitaliano.com.ar\/wp-content\/uploads\/2025\/10\/Gaetano-Cortese-768x600.jpg 768w, https:\/\/www.ecoitaliano.com.ar\/wp-content\/uploads\/2025\/10\/Gaetano-Cortese-150x117.jpg 150w, https:\/\/www.ecoitaliano.com.ar\/wp-content\/uploads\/2025\/10\/Gaetano-Cortese.jpg 1083w\" sizes=\"(max-width: 1024px) 100vw, 1024px\" \/><\/a><\/figure>\n\n\n\n<figure class=\"wp-block-image size-large\"><a href=\"https:\/\/www.ecoitaliano.com.ar\/wp-content\/uploads\/2025\/10\/presentazione-volume-Villa-Stolojan-panel-dei-relatori.jpg\"><img decoding=\"async\" width=\"1024\" height=\"768\" data-id=\"80194\" src=\"https:\/\/www.ecoitaliano.com.ar\/wp-content\/uploads\/2025\/10\/presentazione-volume-Villa-Stolojan-panel-dei-relatori-1024x768.jpg\" alt=\"\" class=\"wp-image-80194\" srcset=\"https:\/\/www.ecoitaliano.com.ar\/wp-content\/uploads\/2025\/10\/presentazione-volume-Villa-Stolojan-panel-dei-relatori-1024x768.jpg 1024w, https:\/\/www.ecoitaliano.com.ar\/wp-content\/uploads\/2025\/10\/presentazione-volume-Villa-Stolojan-panel-dei-relatori-300x225.jpg 300w, https:\/\/www.ecoitaliano.com.ar\/wp-content\/uploads\/2025\/10\/presentazione-volume-Villa-Stolojan-panel-dei-relatori-768x576.jpg 768w, https:\/\/www.ecoitaliano.com.ar\/wp-content\/uploads\/2025\/10\/presentazione-volume-Villa-Stolojan-panel-dei-relatori-1536x1152.jpg 1536w, https:\/\/www.ecoitaliano.com.ar\/wp-content\/uploads\/2025\/10\/presentazione-volume-Villa-Stolojan-panel-dei-relatori-150x113.jpg 150w, https:\/\/www.ecoitaliano.com.ar\/wp-content\/uploads\/2025\/10\/presentazione-volume-Villa-Stolojan-panel-dei-relatori.jpg 2048w\" sizes=\"(max-width: 1024px) 100vw, 1024px\" \/><\/a><\/figure>\n<\/figure>\n\n\n\n<p>1 ottobre 2025<\/p>\n\n\n\n<p><strong>Tributato al Sen. Giulio Terzi di Sant\u2019Agata il Federico II Award dal Centro Studi di Palermo<\/strong><\/p>\n\n\n\n<p>In Senato insigniti dell\u2019Augustale federiciano l\u2019Ambasciatore di Romania Gabriela Dancau e il giornalista Stefano Polli<\/p>\n\n\n\n<p>ROMA \u2013 Il 29 settembre scorso, nella Sala Nassiriya del Senato, \u00e8 stato consegnato al <strong>Sen. Giulio Terzi di Sant\u2019Agata<\/strong>, Presidente della 4^ Commissione Politiche dell\u2019Unione europea,il <strong>Federico II Award 2025<\/strong>, conferitogli dal <strong>Centro Studi Federico II<\/strong> di Palermo presieduto da <strong>Giuseppe Di Franco<\/strong>. Tributato inoltre all\u2019Ambasciatrice di Romania a Roma, <strong>Gabriela Dancau<\/strong>, e al giornalista dell\u2019Ansa <strong>Stefano Polli<\/strong> l\u2019artistico <strong>Augustale<\/strong> di Federico II.<\/p>\n\n\n\n<p>Il Presidente Di Franco ha cos\u00ec motivato in un breve intervento il conferimento del Premio: \u201c<em>Porgo i miei pi\u00f9 cordiali saluti a tutte le personalit\u00e0, ai diplomatici, ai giornalisti e agli illustri relatori presenti a questa iniziativa di alto livello culturale, che si tiene <\/em><em><strong>oggi 29 settembre 2025<\/strong><\/em><em> presso la sala Caduti di Nassirya del Senato della Repubblica. Nella qualit\u00e0 di Presidente del Centro Studi Federico II, ringrazio particolarmente il <\/em><em><strong>Senatore Giulio Terzi di Sant\u2019Agata<\/strong><\/em><em> e <\/em><em><strong>l\u2019ambasciatore Gaetano Cortese <\/strong><\/em><em>per avermi invitato a partecipare, insieme a<\/em><em><strong> Goffredo Palmerini<\/strong><\/em><em>, Presidente del Comitato Scientifico del Centro Studi, all\u2019evento di questo pomeriggio. Il <\/em><em><strong>Centro Studi Federico II<\/strong><\/em><em>, <\/em><em>oltre ad essere un\u2019istituzione privata senza fini di lucro, ha tra i suoi scopi quello di promuovere i valori della cultura e del dialogo interculturale e multiculturale, di tolleranza e di apertura al mondo, valori questi senza i quali un multilateralismo, necessario per costruire ponti ideali tra i popoli, non potrebbe esistere n\u00e9 funzionare<\/em>. <em>La nostra istituzione affronta ogni anno una tematica diversa e si propone di volta in volta il raggiungimento di diversi obiettivi.<\/em> <em>Quest\u2019anno il Centro Studi ha scelto il tema<\/em> \u201cDiplomazia e Interconnessione Culturale per la promozione del Soft Power, il fascino della cultura che unisce il mondo\u201d, <em>con un programma di iniziative e progetti inaugurato a <\/em><em><strong>Vienna<\/strong><\/em><em> il 27 maggio presso l\u2019Ambasciata d\u2019Italia, con un evento culturale cui ha partecipato <\/em><em><strong>l\u2019Ambasciatore Giovanni Pugliese.<\/strong><\/em><\/p>\n\n\n\n<p><em>La Diplomazia culturale e il Soft Power \u2013 <\/em>ha aggiunto il Presidente Di Franco<em> &#8211; sono strumenti strategici in un mondo sempre pi\u00f9 interconnesso. L\u2019Italia, con il suo ricco patrimonio culturale, ha un enorme potenziale per esercitarli entrambi. <\/em><em>In un\u2019epoca di crescente competizione globale, la cultura pu\u00f2 e deve essere una risorsa strategica. La Diplomazia culturale non \u00e8 un lusso, ma un investimento a lungo termine nella reputazione, nella sicurezza e nella prosperit\u00e0 di un Paese. <\/em><em>Concludo questo mio breve intervento con uno spazio che dedico alla consegna del<\/em><em><strong> Premio Internazionale Federico II <\/strong><\/em><em>\u2013 giunto alla V\u00b0 edizione, e dell\u2019<\/em><em><strong>Augustale<\/strong><\/em><em>, due prestigiose onorificenze che il<\/em><em><strong> Centro Studi Federico II <\/strong><\/em><em>assegna ogni anno a Personalit\u00e0 di altissimo livello<\/em><em><strong> <\/strong><\/em><em>che si sono distinte per i loro meriti nel campo <\/em><em>della diplomazia<\/em><em>internazionale<\/em><em>, <\/em><em>del giornalismo, dell\u2019arte, <\/em><em>della cultura, della medicina e della ricerca scientifica. Per il 2025 il Consiglio direttivo ed il Comitato scientifico del Centro Studi hanno deliberato di assegnare <\/em>il <strong>Premio Internazionale Federico II<\/strong> al <strong>Sen. Giulio Terzi di Sant\u2019Agata<\/strong> che nella sua funzione istituzionale di Senatore della Repubblica Italiana e durante la sua prestigiosa carriera diplomatica nella qualit\u00e0 di <em><strong>Ambasciatore d\u2019Italia a Tel Aviv, Rappresentante permanente d\u2019Italia presso le Nazioni Unite, Ambasciatore d\u2019Italia a Washington, nonch\u00e9 Ministro degli Affari esteri e della Cooperazione internazionale,<\/strong><\/em> <em>con la sua esperienza e professionalit\u00e0\u0300 ha dato un eccezionale contributo alla diplomazia e alla cultura italiana a livello internazionale.\u201d<\/em><\/p>\n\n\n\n<p>Il Presidente del Centro Studi <strong>Giuseppe Di Franco<\/strong>, insieme al Presidente del Comitato scientifico <strong>Goffredo Palmerini<\/strong>, hanno quindi consegnato al <strong>Sen. Giulio Terzi di Sant\u2019Agata<\/strong> il <strong>Federico II Award<\/strong><em>, <\/em>consistente in un\u2019artistica statuetta in bronzo massiccio che riproduce l\u2019imperatore Federico II, realizzata dal maestro fonditore<strong> Domenico Signorello<\/strong> con il metodo artigianale definito \u201clavorazione a cera persa\u201d. Il <strong>Sen. Terzi di Sant\u2019Agata<\/strong>, in un breve intervento di ringraziamento in cui ha richiamato il valore e l\u2019opera dell\u2019imperatore Federico II, <em>Stupor mundi<\/em>, ha anche affermato come <em>\u201c\u2026le numerose iniziative del Centro Studi Federico II sono un prezioso contributo al panorama italiano della cultura e della ricerca, nonch\u00e9 occasioni di dialogo e confronto tra diversi mondi, da quello politico a quello dell&#8217;arte, da quello del giornalismo a quello diplomatico.\u201d<\/em><\/p>\n\n\n\n<p>Subito dopo \u00e8 seguita la consegna dell\u2019<strong>Augustale federiciano <\/strong>&#8211; riproducente la moneta aurea fatta coniare da Federico II nel 1231, in occasione del pacifico clima di rinascita segu\u00ecto alla pace con gli infedeli e con il pontefice, senza dubbio una delle monete pi\u00f9 belle del Medioevo europeo \u2013 a <strong>Stefano Polli<\/strong>, Vicedirettore dell\u2019agenziagiornalistica<strong> ANSA<\/strong>, <em>\u201cPer il notevole contributo reso al servizio giornalistico italiano a livello internazionale e per la sua brillante carriera connotata da grande professionalit\u00e0\u201d.<\/em> L\u2019onorificenza dell\u2019Augustale \u00e8 stata infine tributata all\u2019Ambasciatrice di Romania in Italia, <strong>S.E. Gabriela Dancau<\/strong>, <em>\u201cPer lo straordinario impegno diplomatico nel rendere pi\u00f9 forti le relazioni tra Romania e Italia, anche attraverso la diplomazia culturale e la diffusione soft power\u201d<\/em>.<\/p>\n\n\n\n<p>Infine, la consegna all\u2019<strong>Ambasciatore Gaetano Cortese <\/strong>del Premio internazionale d\u2019Eccellenza \u201cCitt\u00e0 del Galateo \u2013 Antonio de Ferrariis\u201d 2025 per la Diplomazia, conferitogli dall\u2019associazione internazionale Verbumlandiart con la seguente motivazione: <em>\u201cPer la carriera diplomatica di altissimo livello, dedicata a consolidare il ruolo dell\u2019Italia nel contesto internazionale, e per l\u2019opera di valorizzazione del patrimonio artistico<\/em><\/p>\n\n\n\n<p><a><\/a> <em>delle sedi diplomatiche italiane nel mondo quale autore di preziosi volumi.\u201d <\/em>Alla cerimonia di premiazione, svoltasi il 19 settembre scorso a <strong>Gorizia<\/strong> &#8211; Capitale europea della Cultura, l\u2019<strong>Ambasciatore Cortese <\/strong>non aveva potuto partecipare, perci\u00f2 delegando <strong>Goffredo Palmerini<\/strong> al ritiro del Premio, presente all\u2019evento quale vicepresidente di Verbumlandiart. \u00c8 stato appunto Palmerini a consegnargli l\u2019artistica Targa del Premio \u201cCitt\u00e0 del Galateo\u201d con relativa Pergamena.<\/p>\n\n\n\n<p>La consegna dei prestigiosi riconoscimenti e onorificenze \u00e8 avvenuta a margine della presentazione dell\u2019ultimo volume \u201c<em>Villa Stolojan \u2013 Residenza d\u2019Italia a Bucarest\u201d<\/em> di <strong>Gaetano Cortese<\/strong>, il 55\u00b0 della splendida Collana dell\u2019editore Carlo Colombo, ideata e curata dallo stesso Ambasciatore Cortese. Un progetto di ampio respiro culturale che da 25 anni \u00e8 teso a documentare e valorizzare le residenze diplomatiche italiane nel mondo come luoghi di storia, di bellezza e di rappresentanza, inoltre ad offrire un\u2019ampia documentazione delle relazioni diplomatiche tra l\u2019Italia ed i vari Paesi trattati di volta in volta. L\u2019incontro di presentazione, che ha visto la Sala Nassiriya completa in ogni ordine di posti, moderato dal Vicedirettore dell\u2019ANSA, <strong>Stefano Polli<\/strong>, ha visto relazionare insigni personalit\u00e0 del mondo politico e diplomatico: il <strong>Sen. Giulio Terzi di Sant\u2019Agata<\/strong>, l\u2019Ambasciatore d\u2019Italia in Romania, <strong>Alfredo Maria Durante Mangoni<\/strong> in collegamento video, l\u2019Ambasciatrice di Romania in Italia, <strong>Gabriela Dancau<\/strong>, e gli Ambasciatori <strong>Stefano Ronca<\/strong>, <strong>Anna Blefari Melazzi<\/strong>, <strong>Rocco Cangelosi<\/strong> e l\u2019autore <strong>Gaetano Cortese<\/strong>.<\/p>\n\n\n\n<p>L\u2019iniziativa di presentazione del volume \u00e8 stata promossa dall\u2019<strong>Ambasciatore Cortese <\/strong>e realizzata in Senato per iniziativadel <strong>Sen. Giulio Terzi, <\/strong>per celebrare il 145\u00b0 anniversario delle relazioni diplomatiche tra Italia e Romania. \u201c<em>L\u2019iniziativa dell\u2019Ambasciatore Cortese \u00e8 meravigliosa<\/em> \u2013 ha tra l\u2019altro annotato l\u2019<strong>Ambasciatrice Dancau <\/strong>\u2013 <em>questo libro non \u00e8 solo un documento storico, ma un ponte che unisce Romania e Italia, due Paesi con radici comuni e un futuro condiviso nell\u2019Unione Europea, nella NATO e nello spazio Schengen\u201d<\/em>. E infatti l\u2019opera su <strong>Villa Stolojan<\/strong> si connota per la ricchezza iconografica, la precisione storica e la capacit\u00e0 di intrecciare architettura, diplomazia e cultura.<\/p>\n\n\n\n<p>Nel suo intervento, a conclusione dell\u2019incontro, l\u2019<strong>Ambasciatore Cortese <\/strong>ha espresso viva gratitudine al Senato, che ha ospitato l\u2019evento, e ai colleghi che hanno contribuito al volume, tra cui <strong>Stefano Ronca<\/strong>, autore del primo libro sulla sede diplomatica italiana a Bucarest, <strong>Anna Blefari Melazzi<\/strong> e <strong>Rocco Cangelosi<\/strong>, il cui contributo ha evidenziato il ruolo della Romania nel contesto europeo. L\u2019evento, come di consueto nelle presentazioni dei volumi curati dall\u2019Ambasciatore Cortese, \u00e8 stato ricco di spunti storici e di riferimenti puntuali alle relazioni tra Italia e Romania, aperte a feconde prospettive per il futuro.<\/p>\n\n\n\n<p><strong>Goffredo Palmerini<\/strong><\/p>\n\n\n\n<p><\/p>\n","protected":false},"excerpt":{"rendered":"<p>1 ottobre 2025 Tributato al Sen. Giulio Terzi di Sant\u2019Agata il Federico II Award dal Centro Studi di Palermo In [&hellip;]<\/p>\n","protected":false},"author":1,"featured_media":0,"comment_status":"open","ping_status":"open","sticky":false,"template":"","format":"standard","meta":{"footnotes":""},"categories":[339,10],"tags":[],"class_list":["post-80188","post","type-post","status-publish","format-standard","hentry","category-diplomacia","category-italiano"],"_links":{"self":[{"href":"https:\/\/www.ecoitaliano.com.ar\/index.php?rest_route=\/wp\/v2\/posts\/80188","targetHints":{"allow":["GET"]}}],"collection":[{"href":"https:\/\/www.ecoitaliano.com.ar\/index.php?rest_route=\/wp\/v2\/posts"}],"about":[{"href":"https:\/\/www.ecoitaliano.com.ar\/index.php?rest_route=\/wp\/v2\/types\/post"}],"author":[{"embeddable":true,"href":"https:\/\/www.ecoitaliano.com.ar\/index.php?rest_route=\/wp\/v2\/users\/1"}],"replies":[{"embeddable":true,"href":"https:\/\/www.ecoitaliano.com.ar\/index.php?rest_route=%2Fwp%2Fv2%2Fcomments&post=80188"}],"version-history":[{"count":1,"href":"https:\/\/www.ecoitaliano.com.ar\/index.php?rest_route=\/wp\/v2\/posts\/80188\/revisions"}],"predecessor-version":[{"id":80195,"href":"https:\/\/www.ecoitaliano.com.ar\/index.php?rest_route=\/wp\/v2\/posts\/80188\/revisions\/80195"}],"wp:attachment":[{"href":"https:\/\/www.ecoitaliano.com.ar\/index.php?rest_route=%2Fwp%2Fv2%2Fmedia&parent=80188"}],"wp:term":[{"taxonomy":"category","embeddable":true,"href":"https:\/\/www.ecoitaliano.com.ar\/index.php?rest_route=%2Fwp%2Fv2%2Fcategories&post=80188"},{"taxonomy":"post_tag","embeddable":true,"href":"https:\/\/www.ecoitaliano.com.ar\/index.php?rest_route=%2Fwp%2Fv2%2Ftags&post=80188"}],"curies":[{"name":"wp","href":"https:\/\/api.w.org\/{rel}","templated":true}]}}