{"id":80196,"date":"2025-10-01T20:52:38","date_gmt":"2025-10-01T20:52:38","guid":{"rendered":"https:\/\/www.ecoitaliano.com.ar\/?p=80196"},"modified":"2025-10-01T20:52:56","modified_gmt":"2025-10-01T20:52:56","slug":"concorso-fotografico-aipai-photo-contest-2026-4a-edizione","status":"publish","type":"post","link":"https:\/\/www.ecoitaliano.com.ar\/?p=80196","title":{"rendered":"Concorso fotografico: AIPAI PHOTO CONTEST 2026 (4\u00aa edizione)"},"content":{"rendered":"\n<p><strong>AIPAI PHOTO CONTEST 2026<\/strong><\/p>\n\n\n\n<p><strong>QUARTA EDIZIONE<\/strong><\/p>\n\n\n\n<p>28 settembre \u2013 8 dicembre 2025<\/p>\n\n\n\n<p><strong><u>Comunicato stampa<\/u><\/strong><\/p>\n\n\n\n<p>Prende il via la quarta edizione dell\u2019<strong>AIPAI PHOTO CONTEST 2026,<\/strong>&nbsp;il concorso fotografico organizzato dall\u2019Associazione Italiana per il Patrimonio Archeologico Industriale ETS&nbsp;in collaborazione con:&nbsp;DICEA&nbsp;&#8211;&nbsp;Universit\u00e0 Sapienza di Roma,&nbsp;<a href=\"http:\/\/do.co.mo.mo\/\" target=\"_blank\" rel=\"noreferrer noopener\">Do.co.mo.mo<\/a>&nbsp;Italia,&nbsp;Ministero della Cultura&nbsp;&#8211; Segretariato generale &#8211; Ufficio UNESCO,&nbsp;Parco Archeologico dell\u2019Appia Antica,&nbsp;Parco Regionale dell&#8217;Appia Antica,&nbsp;Fondazione AEM&nbsp;(Milano),&nbsp;Fondazione ISEC&nbsp;(Sesto San Giovanni),&nbsp;Fondazione MAIRE \u2013 ETS&nbsp;(Roma),&nbsp;Fondazione musil&nbsp;(Brescia),&nbsp;RoMe Museum Exhibition&nbsp;e&nbsp;Rete Fotografia.&nbsp;&nbsp;<\/p>\n\n\n\n<p>In palio<strong>&nbsp;due premi da 1000 euro<\/strong>,&nbsp;<strong>un premio da 500 euro<\/strong>, la&nbsp;<strong>pubblicazione&nbsp;<\/strong>sulla&nbsp;<strong>rivista&nbsp;<\/strong>\u201c<strong>Patrimonio Industriale<\/strong>\u201d e l\u2019esposizione in&nbsp;una&nbsp;<strong>mostra itinerante<\/strong>&nbsp;degli scatti vincitori, menzionati e selezionati.<\/p>\n\n\n\n<p>Il contest, ideato per sensibilizzare e promuovere la cultura dell\u2019industria, la memoria del lavoro, il patrimonio architettonico, tecnologico e paesaggistico dell\u2019archeologia industriale \u00e8 rivolto a fotografi professionisti, amatori, studenti, raggruppamenti temporanei o permanenti, associazioni, senza limiti di et\u00e0 e nazionalit\u00e0 che potranno raccontare, documentare, rappresentare il patrimonio industriale attraverso un progetto fotografico, da presentare entro le ore&nbsp;<strong>00.00 del 8 dicembre 2025.<\/strong><\/p>\n\n\n\n<p><strong>I PREMI<\/strong><\/p>\n\n\n\n<p>Al&nbsp;<strong>primo classificato dell\u2019AIPAI PHOTO CONTEST 2026<\/strong>&nbsp;verr\u00e0 riconosciuta una somma in denaro di&nbsp;<strong>euro 1000<\/strong>&nbsp;per l\u2019utilizzo delle immagini; la novit\u00e0 di questa quarta edizione \u00e8 il&nbsp;<strong>Premio Giampietro Agostini<\/strong>, riconoscimento dedicato alla memoria del noto fotografo e membro di giuria dell\u2019AIPAI PHOTO CONTEST, promosso in collaborazione con&nbsp;<strong>Rete Fotografia<\/strong>&nbsp;e conferito al progetto presentato da uno studente di una&nbsp;<strong>Scuola di Fotografia<\/strong>&nbsp;che sapr\u00e0 distinguersi per precisione compositiva, uso consapevole della luce e profondit\u00e0 narrativa, a cui sar\u00e0 conferito un&nbsp;&nbsp;premio del valore di euro&nbsp;<strong>500<\/strong>.<\/p>\n\n\n\n<p>Si riconferma, inoltre, il&nbsp;<strong>Premio Mecenati di giovani talenti<\/strong>, che AIPAI ha voluto riservare a&nbsp;<strong>fotografi under 35<\/strong>, sostenuto anche quest\u2019anno dalla&nbsp;<strong>Fondazione MAIRE &#8211; ETS<\/strong>, con cui si prevede la sottoscrizione, entro il 2026, di un&nbsp;<strong>contratto d\u2019opera<\/strong>&nbsp;con la Fondazione avente ad oggetto la realizzazione di una campagna fotografica dedicata al patrimonio storico e archivistico del gruppo MAIRE, per un corrispettivo di&nbsp;<strong>euro 1.000<\/strong>.<\/p>\n\n\n\n<p>Il vincitore del Premio Mecenati di giovani talenti della scorsa edizione, Giovanni Peyrone, sta realizzando per la Fondazione MAIRE \u2013 ETS una campagna fotografica sulla trasformazione della storica sede MAIRE di Via di Vannina (Roma) in polo di ricerca avanzata per la transizione energetica. La campagna mette al centro le figure professionali in cantiere e gli strumenti di lavoro, in un accostamento simbolico che esalta l\u2019uomo e la tecnica, veri artefici del cambiamento.<\/p>\n\n\n\n<p><a><strong>AREE TEMATICHE<\/strong><\/a><\/p>\n\n\n\n<p>Gli autori sono invitati a misurarsi con dodici macro\u2011aree di ricerca visiva che spaziano dalla documentazione delle&nbsp;<strong>macchine<\/strong>&nbsp;e dei&nbsp;<strong>cicli produttivi storici<\/strong>&nbsp;alla rappresentazione dei&nbsp;<strong>paesaggi della produzione<\/strong>&nbsp;e delle&nbsp;<strong>infrastrutture urbane<\/strong>, fino alla&nbsp;<strong>sperimentazione di linguaggi contemporanei<\/strong>&nbsp;sul riuso, la rigenerazione e&nbsp;<strong>le pratiche di conservazione<\/strong>&nbsp;e&nbsp;<strong>restauro<\/strong>. Altri ambiti includono la memoria sociale del lavoro, la comunicazione visiva dell\u2019industria, il turismo industriale e i processi di \u201cseconda vita\u201d del patrimonio.<\/p>\n\n\n\n<p>Queste direttrici tematiche, ampie e complesse, mirano a comporre un mosaico di prospettive dove la fotografia non \u00e8 soltanto strumento di rappresentazione, ma vero e proprio medium di interpretazione storica e culturale.<\/p>\n\n\n\n<p><strong>ESITI E PROSPETTIVE<\/strong><\/p>\n\n\n\n<p>I risultati del Premio AIPAI Photo Contest 2026 e delle sue sezioni speciali saranno resi pubblici il 5 febbraio 2026, in occasione della terza edizione degli&nbsp;<strong>Stati Generali del Patrimonio Industriale<\/strong>, articolata tra Bari, Matera e Lecce.<\/p>\n\n\n\n<p>Il corpus fotografico dei progetti vincitori, menzionati e selezionati costituir\u00e0 la mostra itinerante ospitata in prestigiose sedi espositive italiane, oltre a essere oggetto di un numero monografico della rivista&nbsp;<em>Patrimonio Industriale<\/em>&nbsp;e di una diffusione online tramite i canali ufficiali AIPAI ETS.<\/p>\n\n\n\n<p>Il concorso, consolidatosi come momento di riferimento per la comunit\u00e0 scientifica e fotografica, riafferma la centralit\u00e0 della fotografia come pratica critica capace di coniugare cultura visiva e patrimonio industriale, restituendo nuova vita e nuove letture alla sedimentazione storica dei luoghi del lavoro e della produzione.<\/p>\n\n\n\n<p><strong>Per consultare il bando<\/strong>:&nbsp;<a href=\"https:\/\/www.patrimonioindustriale.it\/aipai-photo-contest-2025\/\" target=\"_blank\" rel=\"noreferrer noopener\">https:\/\/www.patrimonioindustriale.it\/aipai-photo-contest-2025\/<\/a><\/p>\n\n\n\n<p><strong>AIPAI ETS- Associazione Italiana per il Patrimonio Archeologico Industriale<\/strong><\/p>\n\n\n\n<p><strong>sede operativa<\/strong><\/p>\n\n\n\n<p>c\/o DICEA Dipartimento di Ingegneria Civile Edile e Ambientale,<\/p>\n\n\n\n<p>Via Eudossiana,18, 00184 Roma<\/p>\n","protected":false},"excerpt":{"rendered":"<p>AIPAI PHOTO CONTEST 2026 QUARTA EDIZIONE 28 settembre \u2013 8 dicembre 2025 Comunicato stampa Prende il via la quarta edizione [&hellip;]<\/p>\n","protected":false},"author":1,"featured_media":0,"comment_status":"open","ping_status":"open","sticky":false,"template":"","format":"standard","meta":{"footnotes":""},"categories":[4,10],"tags":[],"class_list":["post-80196","post","type-post","status-publish","format-standard","hentry","category-cultura","category-italiano"],"_links":{"self":[{"href":"https:\/\/www.ecoitaliano.com.ar\/index.php?rest_route=\/wp\/v2\/posts\/80196","targetHints":{"allow":["GET"]}}],"collection":[{"href":"https:\/\/www.ecoitaliano.com.ar\/index.php?rest_route=\/wp\/v2\/posts"}],"about":[{"href":"https:\/\/www.ecoitaliano.com.ar\/index.php?rest_route=\/wp\/v2\/types\/post"}],"author":[{"embeddable":true,"href":"https:\/\/www.ecoitaliano.com.ar\/index.php?rest_route=\/wp\/v2\/users\/1"}],"replies":[{"embeddable":true,"href":"https:\/\/www.ecoitaliano.com.ar\/index.php?rest_route=%2Fwp%2Fv2%2Fcomments&post=80196"}],"version-history":[{"count":1,"href":"https:\/\/www.ecoitaliano.com.ar\/index.php?rest_route=\/wp\/v2\/posts\/80196\/revisions"}],"predecessor-version":[{"id":80197,"href":"https:\/\/www.ecoitaliano.com.ar\/index.php?rest_route=\/wp\/v2\/posts\/80196\/revisions\/80197"}],"wp:attachment":[{"href":"https:\/\/www.ecoitaliano.com.ar\/index.php?rest_route=%2Fwp%2Fv2%2Fmedia&parent=80196"}],"wp:term":[{"taxonomy":"category","embeddable":true,"href":"https:\/\/www.ecoitaliano.com.ar\/index.php?rest_route=%2Fwp%2Fv2%2Fcategories&post=80196"},{"taxonomy":"post_tag","embeddable":true,"href":"https:\/\/www.ecoitaliano.com.ar\/index.php?rest_route=%2Fwp%2Fv2%2Ftags&post=80196"}],"curies":[{"name":"wp","href":"https:\/\/api.w.org\/{rel}","templated":true}]}}