{"id":80433,"date":"2025-10-08T08:53:16","date_gmt":"2025-10-08T08:53:16","guid":{"rendered":"https:\/\/www.ecoitaliano.com.ar\/?p=80433"},"modified":"2025-10-08T08:53:34","modified_gmt":"2025-10-08T08:53:34","slug":"dal-13-ottobre-prossimo-i-biglietti-per-i-concerti-della-73-stagione-della-camerata-musicale-sulmonese-disponibili-solo-presso-l-ufficio-turistico-comunale-di-sulmona-e-in-alternativa-su-ciaot","status":"publish","type":"post","link":"https:\/\/www.ecoitaliano.com.ar\/?p=80433","title":{"rendered":"Dal 13 ottobre prossimo i biglietti per i concerti della 73\u00b0 Stagione della Camerata Musicale Sulmonese disponibili solo presso l&#8217; Ufficio Turistico Comunale di Sulmona e in alternativa su Ciaotickets"},"content":{"rendered":"<div class=\"wp-block-image\">\n<figure class=\"aligncenter size-large is-resized\"><a href=\"https:\/\/www.ecoitaliano.com.ar\/wp-content\/uploads\/2025\/10\/Solisti-di-Kyiv-al-Teatro-Caniglia-marzo-2022.jpg\"><img decoding=\"async\" width=\"1024\" height=\"768\" src=\"https:\/\/www.ecoitaliano.com.ar\/wp-content\/uploads\/2025\/10\/Solisti-di-Kyiv-al-Teatro-Caniglia-marzo-2022-1024x768.jpg\" alt=\"\" class=\"wp-image-80434\" style=\"width:346px;height:auto\" srcset=\"https:\/\/www.ecoitaliano.com.ar\/wp-content\/uploads\/2025\/10\/Solisti-di-Kyiv-al-Teatro-Caniglia-marzo-2022-1024x768.jpg 1024w, https:\/\/www.ecoitaliano.com.ar\/wp-content\/uploads\/2025\/10\/Solisti-di-Kyiv-al-Teatro-Caniglia-marzo-2022-300x225.jpg 300w, https:\/\/www.ecoitaliano.com.ar\/wp-content\/uploads\/2025\/10\/Solisti-di-Kyiv-al-Teatro-Caniglia-marzo-2022-768x576.jpg 768w, https:\/\/www.ecoitaliano.com.ar\/wp-content\/uploads\/2025\/10\/Solisti-di-Kyiv-al-Teatro-Caniglia-marzo-2022-1536x1152.jpg 1536w, https:\/\/www.ecoitaliano.com.ar\/wp-content\/uploads\/2025\/10\/Solisti-di-Kyiv-al-Teatro-Caniglia-marzo-2022-2048x1536.jpg 2048w, https:\/\/www.ecoitaliano.com.ar\/wp-content\/uploads\/2025\/10\/Solisti-di-Kyiv-al-Teatro-Caniglia-marzo-2022-150x113.jpg 150w\" sizes=\"(max-width: 1024px) 100vw, 1024px\" \/><\/a><\/figure><\/div>\n\n\n<figure class=\"wp-block-image\"><img decoding=\"async\" src=\"https:\/\/mail.google.com\/mail\/u\/2?ui=2&amp;ik=a91c2962d6&amp;attid=0.0.1&amp;permmsgid=msg-f:1845402226067569133&amp;th=199c2f8c1878f9ed&amp;view=fimg&amp;fur=ip&amp;permmsgid=msg-f:1845402226067569133&amp;sz=s0-l75-ft&amp;attbid=ANGjdJ_wIjJZpSt5UNP6BGKVtsWxbokW0e8m6c0HIZF2D6f4LYHwYH6c0ynszbkTRbI_NAi68BbFHHC_HdDYJySzVdM66SzKxKuu0Za5OrPrOW-SQA7nWYCvQVcgCS0&amp;disp=emb&amp;realattid=ii_mggvvkr21&amp;zw\" alt=\"1f90b5c9-85f8-4803-8e8a-f8d64c2bbb77.png\"\/><\/figure>\n\n\n\n<p><strong>73a Stagione Musicale 2025-2026<\/strong><\/p>\n\n\n\n<p><strong>Direttore Artistico M\u00b0Gaetano Di Bacco<\/strong><strong><\/strong><\/p>\n\n\n\n<p><strong>Teatro Comunale Maria Caniglia Sulmona<\/strong><\/p>\n\n\n\n<p><strong>domenica 19 ottobre \u2013 domenica 22 marzo<\/strong><\/p>\n\n\n\n<p><strong>Dal 13 ottobre prossimo i biglietti per i concerti della 73\u00b0 Stagione della Camerata Musicale Sulmonese saranno in vendita presso&nbsp; l\u2019 Ufficio Turistico Comunale di Sulmona con sede nel Palazzo SS. Annunziata in Corso Ovidio a Sulmona.<\/strong><\/p>\n\n\n\n<p>Diversamente dalle stagioni precedenti, nella sede della Camerata Musicale in vico dei Sardi 9 sar\u00e0 possibile rivolgersi solo per gli abbonamenti in orari dalle ore 10 alle ore 13 dal luned\u00ec al venerd\u00ec e in alternativa su Ciaotickets.<\/p>\n\n\n\n<p>L\u2019ingresso ai concerti \u00e8 gratuito per gli under 13, per i portatori di disabilit\u00e0 e ridotto per gli accompagnatori. Si accetta la Carta Docente e la Carta Cultura.<\/p>\n\n\n\n<p>La 73\u00b0 Stagione prende il via sul prestigioso palcoscenico del Teatro Caniglia di Sulmona, domenica 19 ottobre con un concerto sinfonico dell\u2019Orchestra Filarmonica Pugliese diretta dal M\u00b0 Linus Lernerw, al pianoforte i solisti Marco Schiavo e Sergio Marchegiani.Il programma della serata dal titolo \u201cImpressioni Francesi\u201d propone musiche di due autori francesi: Georges Bizet con Suite n.1 da&nbsp;<em>L\u2019Arlesienne<\/em>&nbsp;e Suite n.1 e 2 da&nbsp;<em>Carmen<\/em>.&nbsp; Di Francois&nbsp; Poulenc invece i due pianisti eseguiranno il&nbsp;<em>Concerto per due pianoforti e orchestra FP 61.<\/em><\/p>\n\n\n\n<p>La programmazione della stagione&nbsp; che prevede serate di musica sinfonica e da camera, ma anche jazz e pop, opera, musical e&nbsp; danza, prosegue con&nbsp; appuntamenti domenicali fino a domenica 22 marzo 2026 &nbsp;quando chiuder\u00e0 con un evento, \u201cCanto di Lode\u201d. &nbsp;organizzato in collaborazione con l\u2019Orchestra del Conservatorio \u201cL.D\u2019Annunzio\u201d di Pescara, il Coro dell\u2019Accademia e il Coro del Teatro \u201cV.Basso\u201d di Ascoli Piceno. Sotto la direzione del M\u00b0 Pasquale Veleno eseguiranno la Sinfonia n.2&nbsp;<em>Lobgesang&nbsp;<\/em>di Felix Mendelssohn.<\/p>\n","protected":false},"excerpt":{"rendered":"<p>73a Stagione Musicale 2025-2026 Direttore Artistico M\u00b0Gaetano Di Bacco Teatro Comunale Maria Caniglia Sulmona domenica 19 ottobre \u2013 domenica 22 [&hellip;]<\/p>\n","protected":false},"author":1,"featured_media":0,"comment_status":"open","ping_status":"open","sticky":false,"template":"","format":"standard","meta":{"footnotes":""},"categories":[10,46],"tags":[],"class_list":["post-80433","post","type-post","status-publish","format-standard","hentry","category-italiano","category-musica"],"_links":{"self":[{"href":"https:\/\/www.ecoitaliano.com.ar\/index.php?rest_route=\/wp\/v2\/posts\/80433","targetHints":{"allow":["GET"]}}],"collection":[{"href":"https:\/\/www.ecoitaliano.com.ar\/index.php?rest_route=\/wp\/v2\/posts"}],"about":[{"href":"https:\/\/www.ecoitaliano.com.ar\/index.php?rest_route=\/wp\/v2\/types\/post"}],"author":[{"embeddable":true,"href":"https:\/\/www.ecoitaliano.com.ar\/index.php?rest_route=\/wp\/v2\/users\/1"}],"replies":[{"embeddable":true,"href":"https:\/\/www.ecoitaliano.com.ar\/index.php?rest_route=%2Fwp%2Fv2%2Fcomments&post=80433"}],"version-history":[{"count":1,"href":"https:\/\/www.ecoitaliano.com.ar\/index.php?rest_route=\/wp\/v2\/posts\/80433\/revisions"}],"predecessor-version":[{"id":80435,"href":"https:\/\/www.ecoitaliano.com.ar\/index.php?rest_route=\/wp\/v2\/posts\/80433\/revisions\/80435"}],"wp:attachment":[{"href":"https:\/\/www.ecoitaliano.com.ar\/index.php?rest_route=%2Fwp%2Fv2%2Fmedia&parent=80433"}],"wp:term":[{"taxonomy":"category","embeddable":true,"href":"https:\/\/www.ecoitaliano.com.ar\/index.php?rest_route=%2Fwp%2Fv2%2Fcategories&post=80433"},{"taxonomy":"post_tag","embeddable":true,"href":"https:\/\/www.ecoitaliano.com.ar\/index.php?rest_route=%2Fwp%2Fv2%2Ftags&post=80433"}],"curies":[{"name":"wp","href":"https:\/\/api.w.org\/{rel}","templated":true}]}}