{"id":80436,"date":"2025-10-08T08:55:08","date_gmt":"2025-10-08T08:55:08","guid":{"rendered":"https:\/\/www.ecoitaliano.com.ar\/?p=80436"},"modified":"2025-10-08T08:55:25","modified_gmt":"2025-10-08T08:55:25","slug":"il-cgie-verso-una-nuova-centralita-nelle-istituzioni","status":"publish","type":"post","link":"https:\/\/www.ecoitaliano.com.ar\/?p=80436","title":{"rendered":"Il CGIE verso una nuova centralit\u00e0 nelle istituzioni:"},"content":{"rendered":"<div class=\"wp-block-image\">\n<figure class=\"aligncenter size-full\"><a href=\"http:\/\/www.ecoitaliano.com.ar\/wp-content\/uploads\/2025\/09\/descarga-1.png\"><img decoding=\"async\" width=\"225\" height=\"225\" src=\"http:\/\/www.ecoitaliano.com.ar\/wp-content\/uploads\/2025\/09\/descarga-1.png\" alt=\"\" class=\"wp-image-80070\" srcset=\"https:\/\/www.ecoitaliano.com.ar\/wp-content\/uploads\/2025\/09\/descarga-1.png 225w, https:\/\/www.ecoitaliano.com.ar\/wp-content\/uploads\/2025\/09\/descarga-1-150x150.png 150w\" sizes=\"(max-width: 225px) 100vw, 225px\" \/><\/a><\/figure><\/div>\n\n\n<p>\u201c<strong>La diaspora \u00e8 una miniera d\u2019oro per il Paese\u201d<\/strong><\/p>\n\n\n\n<p><em>Il Comitato di Presidenza, riunito a Roma, rafforza il dialogo con Parlamento e Governo invitandoli a investire sugli italiani all\u2019estero. Siglato l\u2019accordo con il CNEL per gli incentivi al rientro e la valorizzazione del contributo dei connazionali nel mondo al sistema Paese. Attese risposte alle richieste di modifica della legge sulla cittadinanza<\/em><\/p>\n\n\n\n<p>Il Comitato di Presidenza del Consiglio Generale degli Italiani all\u2019Estero, riunito alla Farnesina dal 29 settembre al 3 ottobre, ha segnato un ulteriore progresso nello sforzo sistematico di riportare l\u2019organismo al centro delle istituzioni e di far s\u00ec che il tema della diaspora nazionale non sia considerato marginale, dal momento che i connazionali nel mondo sono ormai 7,3 milioni, ma si radichi nell\u2019opinione pubblica la convinzione che rappresenta una miniera d\u2019oro per lo sviluppo del Paese.<\/p>\n\n\n\n<p>Durante la proficua settimana di lavori ha incontrato le Commissioni Esteri di Camera e Senato e la Commissione Bilancio di Palazzo Madama \u2013 dalla quale prender\u00e0 avvio l\u2019esame della manovra finanziaria \u2013 oltre a esponenti dell\u2019intero arco parlamentare, per assicurarsi che gli ordini del giorno sulla cittadinanza e sulla messa in sicurezza del voto all\u2019estero approvati dall\u2019Assemblea plenaria dello scorso giugno vengano recepiti e abbiano un seguito, e che siano garantite alla rappresentanza degli italiani all\u2019estero le risorse necessarie a svolgere le attivit\u00e0 assegnate dalla legge. Temi su cui il CdP torner\u00e0 a confrontare la politica a Roma il 18 e 19 novembre prossimi. \u00c8 stata inoltre sollecitata ancora una volta la convocazione della V Assemblea plenaria della Conferenza permanente Stato-Regioni-PA-CGIE.<\/p>\n\n\n\n<p>In particolare sulla riforma della cittadinanza, in Parlamento e durante l\u2019incontro con il sottosegretario Giorgio Silli (con il quale, fra l\u2019altro si \u00e8 dibattuto della riforma del MAECI), \u00e8 stata segnalata l\u2019esigenza di prorogare il termine di un anno per la registrazione dei figli minori, tema sul quale sembra registrarsi un\u2019apertura, e la necessit\u00e0 di abbandonare il limite della doppia cittadinanza. Si guarda inoltre con attenzione al prossimo pronunciamento della Corte costituzionale sulla retroattivit\u00e0 prevista dalla riforma.<\/p>\n\n\n\n<p>Con la DGDP del MAECI si \u00e8 affrontato il delicatissimo tema della diffusione della lingua e della cultura che, insieme alla riforma del Consiglio Generale e alla promozione dell\u2019insegnamento della storia dell\u2019emigrazione, fa parte dell\u2019agenda dei lavori del secondo semestre dell\u2019anno. Nel corso dell\u2019incontro si \u00e8 fatto presente che molti enti gestori nel mondo versano in gravissime difficolt\u00e0 a causa della circolare ministeriale che regola l\u2019erogazione dei contributi per i corsi all\u2019estero. \u00c8 stata anche rivendicata la necessit\u00e0 di confrontarsi sulle trasformazioni del settore coinvolgendo il CGIE nei tavoli di lavoro in materia, analogamente a quanto \u00e8 avvenuto in preparazione della Conferenza internazionale dell\u2019italofonia, in programma il 19 novembre prossimo; evento dal quale dovrebbe scaturire il segretariato dell\u2019italofonia, cui il Consiglio Generale ha chiesto di partecipare. Imprescindibile, poi, l\u2019insegnamento della storia della diaspora italiana nelle scuole, obiettivo da raggiungere nel 2026, anno in cui ricorrono i quarant\u2019anni dall\u2019istituzione della rappresentanza di base delle comunit\u00e0 italiane all\u2019estero e i settant\u2019anni dalla tragedia mineraria di Marcinelle.<\/p>\n\n\n\n<p>Unanime soddisfazione ha suscitato la firma dell\u2019accordo interistituzionale con il CNEL, che costituisce un salto di qualit\u00e0 rispetto al previsto protocollo d\u2019intesa e rappresenta un passaggio emblematico dell\u2019impegno del Consiglio Generale in materia di nuova mobilit\u00e0, di incentivi al rientro e per il riconoscimento e la valorizzazione del contributo al sistema Paese delle collettivit\u00e0 di connazionali nel mondo. L\u2019accordo fornisce inoltre al CGIE l\u2019opportunit\u00e0 di compiere un ulteriore passo in avanti nel suo percorso di incardinamento nei corpi intermedi, fornendogli nuovi strumenti di azione. Il Consiglio Generale si associa inoltre con convinzione all\u2019iniziativa dell\u2019Italia in accordo con il Parlamento europeo, promossa dal presidente Renato Brunetta, di istituire una giornata europea in ricordo delle vittime di Marcinelle, che costituisce un passaggio importante per la valorizzazione della storia dell\u2019emigrazione. Sempre in materia di incentivi al rientro, si segnala che, in conseguenza del protocollo d\u2019intesa con il Commissario straordinario per la ricostruzione delle zone colpite dal sisma del 2016 siglato lo scorso aprile, \u00e8 stato istituito un sottocomitato ad hoc all\u2019interno del CdP.<\/p>\n\n\n\n<p>La settimana di lavori ha fornito anche l\u2019occasione per organizzare l\u2019attivit\u00e0 interna del Consiglio Generale: si \u00e8 stabilito di elaborare una proposta di riforma della legge istitutiva del CGIE, da sottoporre all\u2019approvazione della prossima Assemblea plenaria, per adeguarlo alle mutate esigenze dell\u2019attuale diaspora, non senza aver definito le fondamentali questioni relative alla natura giuridica dell\u2019organismo e alla durata del mandato rispetto a quello del Com.It.Es. Non meno importanti, la programmazione delle prossime assemblee continentali sui territori e il coordinamento con i Presidenti delle Commissioni tematiche, con i quali si \u00e8 delineata l\u2019operativit\u00e0 futura, che tra le altre cose vedr\u00e0 la realizzazione di webinar specifici sulle materie di competenza, con il coinvolgimento della rappresentanza di base.<\/p>\n","protected":false},"excerpt":{"rendered":"<p>\u201cLa diaspora \u00e8 una miniera d\u2019oro per il Paese\u201d Il Comitato di Presidenza, riunito a Roma, rafforza il dialogo con [&hellip;]<\/p>\n","protected":false},"author":1,"featured_media":0,"comment_status":"open","ping_status":"open","sticky":false,"template":"","format":"standard","meta":{"footnotes":""},"categories":[10,15],"tags":[],"class_list":["post-80436","post","type-post","status-publish","format-standard","hentry","category-italiano","category-italiani-allestero"],"_links":{"self":[{"href":"https:\/\/www.ecoitaliano.com.ar\/index.php?rest_route=\/wp\/v2\/posts\/80436","targetHints":{"allow":["GET"]}}],"collection":[{"href":"https:\/\/www.ecoitaliano.com.ar\/index.php?rest_route=\/wp\/v2\/posts"}],"about":[{"href":"https:\/\/www.ecoitaliano.com.ar\/index.php?rest_route=\/wp\/v2\/types\/post"}],"author":[{"embeddable":true,"href":"https:\/\/www.ecoitaliano.com.ar\/index.php?rest_route=\/wp\/v2\/users\/1"}],"replies":[{"embeddable":true,"href":"https:\/\/www.ecoitaliano.com.ar\/index.php?rest_route=%2Fwp%2Fv2%2Fcomments&post=80436"}],"version-history":[{"count":1,"href":"https:\/\/www.ecoitaliano.com.ar\/index.php?rest_route=\/wp\/v2\/posts\/80436\/revisions"}],"predecessor-version":[{"id":80437,"href":"https:\/\/www.ecoitaliano.com.ar\/index.php?rest_route=\/wp\/v2\/posts\/80436\/revisions\/80437"}],"wp:attachment":[{"href":"https:\/\/www.ecoitaliano.com.ar\/index.php?rest_route=%2Fwp%2Fv2%2Fmedia&parent=80436"}],"wp:term":[{"taxonomy":"category","embeddable":true,"href":"https:\/\/www.ecoitaliano.com.ar\/index.php?rest_route=%2Fwp%2Fv2%2Fcategories&post=80436"},{"taxonomy":"post_tag","embeddable":true,"href":"https:\/\/www.ecoitaliano.com.ar\/index.php?rest_route=%2Fwp%2Fv2%2Ftags&post=80436"}],"curies":[{"name":"wp","href":"https:\/\/api.w.org\/{rel}","templated":true}]}}