{"id":80442,"date":"2025-10-08T10:31:15","date_gmt":"2025-10-08T10:31:15","guid":{"rendered":"https:\/\/www.ecoitaliano.com.ar\/?p=80442"},"modified":"2025-10-08T10:31:33","modified_gmt":"2025-10-08T10:31:33","slug":"al-via-le-riprese-della-miniserie-il-giudice-e-i-suoi-assassini-di-michele-placido-la-storia-del-giudice-rosario-livatino-prossimamente-su-rai-1","status":"publish","type":"post","link":"https:\/\/www.ecoitaliano.com.ar\/?p=80442","title":{"rendered":"Al via le riprese della miniserie \u201cIl giudice e i suoi assassini\u201d di Michele Placido | La storia del giudice Rosario Livatino, prossimamente su Rai 1"},"content":{"rendered":"<div class=\"wp-block-image\">\n<figure class=\"aligncenter size-large is-resized\"><a href=\"http:\/\/www.ecoitaliano.com.ar\/wp-content\/uploads\/2025\/10\/Il-giudice-e-i-suoi-assassini_regia-di-Michele-Placido_da-sx-Giuseppe-De-Domenico_Michele-Placido_Leonardo-Maltese_Ph.-credit-Danilo-Sguali.jpg\"><img decoding=\"async\" width=\"1024\" height=\"683\" src=\"http:\/\/www.ecoitaliano.com.ar\/wp-content\/uploads\/2025\/10\/Il-giudice-e-i-suoi-assassini_regia-di-Michele-Placido_da-sx-Giuseppe-De-Domenico_Michele-Placido_Leonardo-Maltese_Ph.-credit-Danilo-Sguali-1024x683.jpg\" alt=\"\" class=\"wp-image-80443\" style=\"width:332px;height:auto\" srcset=\"https:\/\/www.ecoitaliano.com.ar\/wp-content\/uploads\/2025\/10\/Il-giudice-e-i-suoi-assassini_regia-di-Michele-Placido_da-sx-Giuseppe-De-Domenico_Michele-Placido_Leonardo-Maltese_Ph.-credit-Danilo-Sguali-1024x683.jpg 1024w, https:\/\/www.ecoitaliano.com.ar\/wp-content\/uploads\/2025\/10\/Il-giudice-e-i-suoi-assassini_regia-di-Michele-Placido_da-sx-Giuseppe-De-Domenico_Michele-Placido_Leonardo-Maltese_Ph.-credit-Danilo-Sguali-300x200.jpg 300w, https:\/\/www.ecoitaliano.com.ar\/wp-content\/uploads\/2025\/10\/Il-giudice-e-i-suoi-assassini_regia-di-Michele-Placido_da-sx-Giuseppe-De-Domenico_Michele-Placido_Leonardo-Maltese_Ph.-credit-Danilo-Sguali-768x512.jpg 768w, https:\/\/www.ecoitaliano.com.ar\/wp-content\/uploads\/2025\/10\/Il-giudice-e-i-suoi-assassini_regia-di-Michele-Placido_da-sx-Giuseppe-De-Domenico_Michele-Placido_Leonardo-Maltese_Ph.-credit-Danilo-Sguali-1536x1024.jpg 1536w, https:\/\/www.ecoitaliano.com.ar\/wp-content\/uploads\/2025\/10\/Il-giudice-e-i-suoi-assassini_regia-di-Michele-Placido_da-sx-Giuseppe-De-Domenico_Michele-Placido_Leonardo-Maltese_Ph.-credit-Danilo-Sguali-2048x1366.jpg 2048w, https:\/\/www.ecoitaliano.com.ar\/wp-content\/uploads\/2025\/10\/Il-giudice-e-i-suoi-assassini_regia-di-Michele-Placido_da-sx-Giuseppe-De-Domenico_Michele-Placido_Leonardo-Maltese_Ph.-credit-Danilo-Sguali-150x100.jpg 150w\" sizes=\"(max-width: 1024px) 100vw, 1024px\" \/><\/a><\/figure><\/div>\n\n\n<p>COMUNICATO STAMPA<\/p>\n\n\n\n<p><strong>AL VIA LE RIPRESE DELLA MINISERIE TELEVISIVA<\/strong><strong><\/strong><\/p>\n\n\n\n<p><strong><em>IL GIUDICE E I SUOI ASSASSINI<\/em><\/strong><strong><em><\/em><\/strong><\/p>\n\n\n\n<p><strong>UNA COPRODUZIONE&nbsp;<\/strong><strong>RAI FICTION &#8211;&nbsp;<\/strong><strong>GOLDENART PRODUCTION &nbsp;<\/strong><\/p>\n\n\n\n<p><strong>LA STORIA DI ROSARIO LIVATINO, IL GIUDICE BEATO<\/strong><strong><\/strong><\/p>\n\n\n\n<p><strong>E MARTIRE DELLA LEGALIT\u00e0, ESEMPIO PER TANTE GENERAZIONI<\/strong><strong><\/strong><\/p>\n\n\n\n<p><strong>MICHELE PLACIDO FIRMA PER LA PRIMA VOLTA<\/strong><\/p>\n\n\n\n<p><strong>LA REGIA<\/strong><strong>&nbsp;DI UNA FICTION RAI&nbsp;<\/strong><strong><\/strong><\/p>\n\n\n\n<p><em>Roma, 8 ottobre 2025<\/em>&nbsp;\u2013 Sono iniziate il 29 settembre in Sicilia le riprese della miniserie televisiva&nbsp;per Rai 1&nbsp;<strong><em>Il giudice e i suoi assassini<\/em><\/strong>&nbsp;diretta da&nbsp;<strong>Michele Placido<\/strong>&nbsp;e sceneggiata dallo stesso regista con Angelo Pasquini e Fidel Signorile.<\/p>\n\n\n\n<p>Per la prima volta Placido firma la regia di una fiction per la Rai, una coproduzione Rai Fiction &#8211; Goldenart Production, prodotta da Federica Luna Vincenti, ed \u00e8 realizzata con il contributo del Ministero della Cultura \u2013 Direzione Generale Cinema e audiovisivo, Regione Siciliana, Assessorato del Turismo, dello Sport e dello Spettacolo \u2013 Sicilia Film Commission.<\/p>\n\n\n\n<p><strong><em>Il giudice e i suoi assassini<\/em><\/strong>&nbsp;\u00e8 la storia di&nbsp;<strong>Rosario Livatino<\/strong>, giovane magistrato di Agrigento che, nei difficili anni Ottanta, sfida un sistema mafioso mettendo in gioco la propria vita per difendere valori irrinunciabili: il rispetto della Legge, la Giustizia, il diritto a vivere in pace. Livatino si batte contro la criminalit\u00e0 organizzata, fino al 21 settembre 1990, quando viene ucciso in un brutale attentato mafioso.<\/p>\n\n\n\n<p>Il protagonista, nel ruolo del giudice, \u00e8&nbsp;<strong>Giuseppe De Domenico<\/strong>, affiancato da&nbsp;<strong>Leonardo Maltese<\/strong>,&nbsp;<strong>Nino Frassica<\/strong>,&nbsp;<strong>Michela De Rossi<\/strong>,<strong>&nbsp;Brenno Placido<\/strong>,&nbsp;<strong>Ninni Bruschetta<\/strong>,&nbsp;<strong>Francesco Benigno<\/strong>&nbsp;e da un cast di attrici e attori eccezionali.<\/p>\n\n\n\n<p>Sulla linea del grande cinema civile di Francesco Rosi, Pietro Germi e Mario Monicelli, questa miniserie vuole indagare, da una parte la vita di Livatino; dall\u2019altra, quella dei suoi assassini. Livatino \u00e8 un martire contemporaneo, il primo magistrato nella storia ad essere nominato Beato dalla Chiesa. Papa Wojtyla lo defin\u00ec \u201cmartire della giustizia e indirettamente della fede\u201d.<\/p>\n\n\n\n<p>Per dieci settimane la troupe si sposter\u00e0 tra Naro, Canicatt\u00ec, Palma di Montechiaro, Favara, Agrigento per finire a Roma. Le location delle riprese saranno quelle autentiche della vita e del martirio del magistrato: Canicatt\u00ec, la sua citt\u00e0 natale, con i luoghi legati alla sua memoria familiare, Agrigento con il Palazzo di giustizia e il tratto della strada statale 640, teatro dell\u2019agguato. La scelta di girare nei luoghi reali intende restituire al pubblico non solo la vicenda umana e professionale di Livatino, ma anche il legame indissolubile con il suo territorio, la Sicilia.<\/p>\n\n\n\n<p><em>\u201cDopo tanti anni \u2013&nbsp;<\/em>dice Michele Placido<em>&nbsp;&#8211; torno a lavorare per Rai Fiction, per la prima volta da regista, con&nbsp;<\/em><em>q<\/em><em>uesta miniserie che rappresenta un progetto unico, non solo perch\u00e9 racconta una pagina fondamentale del nostro Paese, ma perch\u00e9 rievoca ideali e argomenti di integrit\u00e0 morale. Livatino era un uomo delle Istituzioni cui dobbiamo guardare ancora oggi per ispirarci nel nostro quotidiano impegno al servizio del Paese, un servitore dello Stato che visse con coerenza e fedelt\u00e0 i valori della legalit\u00e0. Con questa fiction vogliamo raccontare una storia di coraggio e dedizione alla giustizia che unisce i principi della sua fede con il servizio alla comunit\u00e0. La memoria di Livatino ci sprona a rinnovare ogni giorno l\u2019impegno per un Paese libero da mafia e corruzione. \u00c8 per questo che sono orgoglioso di lavorare per la Rai che \u00e8 garanzia di qualit\u00e0 e diffusione internazionale e sono certo che il mondo si riconoscer\u00e0 in questi valori e ne sar\u00e0 conquistato\u201d.<\/em><\/p>\n\n\n\n<p>La foto in allegato \u00e8 di Danilo Sguali<\/p>\n\n\n\n<p>Ufficio stampa&nbsp;Antonio Naselli<\/p>\n\n\n\n<p><a href=\"mailto:antonionaselli.press@gmail.com\" target=\"_blank\" rel=\"noreferrer noopener\">antonionaselli.press@gmail.com<\/a>&nbsp;\/\/ +39 333 1865970<\/p>\n","protected":false},"excerpt":{"rendered":"<p>COMUNICATO STAMPA AL VIA LE RIPRESE DELLA MINISERIE TELEVISIVA IL GIUDICE E I SUOI ASSASSINI UNA COPRODUZIONE&nbsp;RAI FICTION &#8211;&nbsp;GOLDENART PRODUCTION [&hellip;]<\/p>\n","protected":false},"author":1,"featured_media":0,"comment_status":"open","ping_status":"open","sticky":false,"template":"","format":"standard","meta":{"footnotes":""},"categories":[33,10],"tags":[],"class_list":["post-80442","post","type-post","status-publish","format-standard","hentry","category-espectaculo","category-italiano"],"_links":{"self":[{"href":"https:\/\/www.ecoitaliano.com.ar\/index.php?rest_route=\/wp\/v2\/posts\/80442","targetHints":{"allow":["GET"]}}],"collection":[{"href":"https:\/\/www.ecoitaliano.com.ar\/index.php?rest_route=\/wp\/v2\/posts"}],"about":[{"href":"https:\/\/www.ecoitaliano.com.ar\/index.php?rest_route=\/wp\/v2\/types\/post"}],"author":[{"embeddable":true,"href":"https:\/\/www.ecoitaliano.com.ar\/index.php?rest_route=\/wp\/v2\/users\/1"}],"replies":[{"embeddable":true,"href":"https:\/\/www.ecoitaliano.com.ar\/index.php?rest_route=%2Fwp%2Fv2%2Fcomments&post=80442"}],"version-history":[{"count":1,"href":"https:\/\/www.ecoitaliano.com.ar\/index.php?rest_route=\/wp\/v2\/posts\/80442\/revisions"}],"predecessor-version":[{"id":80444,"href":"https:\/\/www.ecoitaliano.com.ar\/index.php?rest_route=\/wp\/v2\/posts\/80442\/revisions\/80444"}],"wp:attachment":[{"href":"https:\/\/www.ecoitaliano.com.ar\/index.php?rest_route=%2Fwp%2Fv2%2Fmedia&parent=80442"}],"wp:term":[{"taxonomy":"category","embeddable":true,"href":"https:\/\/www.ecoitaliano.com.ar\/index.php?rest_route=%2Fwp%2Fv2%2Fcategories&post=80442"},{"taxonomy":"post_tag","embeddable":true,"href":"https:\/\/www.ecoitaliano.com.ar\/index.php?rest_route=%2Fwp%2Fv2%2Ftags&post=80442"}],"curies":[{"name":"wp","href":"https:\/\/api.w.org\/{rel}","templated":true}]}}