{"id":80452,"date":"2025-10-08T15:02:31","date_gmt":"2025-10-08T15:02:31","guid":{"rendered":"https:\/\/www.ecoitaliano.com.ar\/?p=80452"},"modified":"2025-10-08T15:02:53","modified_gmt":"2025-10-08T15:02:53","slug":"la-difesa-dei-migranti-papa-leone-xiv-e-il-clero-usa-alzano-la-voce","status":"publish","type":"post","link":"https:\/\/www.ecoitaliano.com.ar\/?p=80452","title":{"rendered":"La difesa dei migranti: Papa Leone XIV e il clero Usa alzano la voce"},"content":{"rendered":"\n<p><em>Domenico Maceri<\/em><\/p>\n\n\n<div class=\"wp-block-image\">\n<figure class=\"aligncenter size-full\"><a href=\"http:\/\/www.ecoitaliano.com.ar\/wp-content\/uploads\/2025\/10\/descarga-8.jpeg\"><img decoding=\"async\" width=\"180\" height=\"170\" src=\"http:\/\/www.ecoitaliano.com.ar\/wp-content\/uploads\/2025\/10\/descarga-8.jpeg\" alt=\"\" class=\"wp-image-80181\" srcset=\"https:\/\/www.ecoitaliano.com.ar\/wp-content\/uploads\/2025\/10\/descarga-8.jpeg 180w, https:\/\/www.ecoitaliano.com.ar\/wp-content\/uploads\/2025\/10\/descarga-8-150x142.jpeg 150w\" sizes=\"(max-width: 180px) 100vw, 180px\" \/><\/a><\/figure><\/div>\n\n\n<p><br>\u201cChi dice di essere contrario all\u2019aborto ma favorevole alla pena di morte non \u00e8 realmente pro-vita. Allo stesso modo, qualcuno che dice di essere contrario all\u2019aborto ma d\u2019accordo con il trattamento disumano riservato agli immigrati che si trovano negli Stati Uniti, non so se sia pro-vita\u201d. Cos\u00ec Papa Leone XIV mentre parlava con alcuni giornalisti recentemente. Il Papa \u00e8 ritornato al tema dei migranti durante la Messa per il Giubileo del Mondo Missionario e dei Migranti dichiarando che \u201cquelle barche che sperano di avvistare un porto sicuro&#8230;.. non possono e non devono trovare la freddezza dell&#8217;indifferenza o lo stigma della discriminazione\u201d.<\/p>\n\n\n\n<p>Avr\u00e0 causato una certa sorpresa il relativo silenzio sui migranti del Papa attuale, nato in America, ma anche con cittadinanza del Per\u00f9 dove fu missionario per molti anni. Adesso per\u00f2 sembra che il Sommo Pontefice abbia deciso che non pu\u00f2 mantenere il silenzio.<\/p>\n\n\n\n<p>Subito dopo l&#8217;elezione di Leone XIV l&#8217;otto maggio scorso, John Prevost, il fratello del Papa, aveva dichiarato che il pontefice ha \u201cun grande desiderio di aiutare gli oppressi e gli emarginati\u201d e che non \u201cera contento con la situazione sui migranti\u201d. Ma anche prima di divenire Papa Leone XIV aveva gi\u00e0 dato chiari segnali di prendere le difese dei migranti. Nel 2019 quando era ancora il Cardinale Robert Francis Prevost aveva dissentito dall&#8217;allora senatore J. D. Vance, adesso vice presidente, sulla sua visione dei migranti. Vance aveva dichiarato che \u201csi ama prima la propria famiglia, poi il prossimo&#8230;.. e alla fine si d\u00e0 priorit\u00e0 al resto del mondo\u201d. Il cardinale Prevost si era opposto condividendo un editoriale del National Catholic Reporter, giornale indipendente non affiliato alla Chiesa cattolica, che ha rilevato lo sbaglio di J. D. Vance. L&#8217;articolo asseriva che \u201cGes\u00f9 non ci chiede di fare la classifica del nostro amore per gli altri\u201d.<\/p>\n\n\n\n<p>Adesso Leone XIV ha indicato che nella questione dei migranti in America delegher\u00e0 alla Chiesa Cattolica statunitense che si \u00e8 opposta alla politica abusiva e crudele dell&#8217;amministrazione Trump. Parecchie voci del clero cattolico si sono fatte sentire in tempi recenti. Il cardinale di Chicago Blase Cupich, in un evento per onorare Papa Leone, nato proprio a Chicago, ha condannato coloro che vedono i migranti come \u201ccapri espiatori\u201d dei problemi in America. Cupich ha attaccato il Partito Repubblicano e quello Democratico accusandoli di non avere risolto la drammatica situazione dei migranti in America.<\/p>\n\n\n\n<p>Il Cardinale Cupich ha dichiarato che molti migranti non autorizzati sono legati da decenni alle comunit\u00e0 statunitensi. Non rappresentano un&#8217;invasione, come spesso ripete ad alta voce Trump, ma \u201csi trovano qui invitati a fare i lavori pi\u00f9 umili che gli americani rifiutano\u201d. Questa caratterizzazione del Cardinale Cupich si scontra direttamente con la retorica dell&#8217;Amministrazione Trump dell&#8217;invasione di migranti caratterizzandoli come criminali. Infatti, la stragrande maggioranza dei migranti detenuti e deportati non aveva commesso nessun reato.<\/p>\n\n\n\n<p>La settimana scorsa Michael Pham, il primo vescovo americano nominato da Papa Leone, ha incoraggiato preti, diaconi e leader delle parrocchie ad accompagnare i migranti che si recano alle aule dei tribunali per assisterli contro gli arresti dell&#8217;Ice, Immigration and Customs Enforcement, proprio mentre si recano dai magistrati per sbrigare le loro pratiche per ottenere documenti di residenza.<\/p>\n\n\n\n<p>Per descrivere il pericolo della situazione dei migranti in America con la mano durissima degli agenti dell&#8217;Ice il Padre Michael Pfleger della Chiesa Sabina di Chicago ha sventolato la bandiera americana sottosopra nella sua parrocchia, un uso che deriva dalla storia militare come segnale si soccorso in situazioni drammatiche. Padre Pfleger ha elaborato che si riferiva non solo alla drammatica situazione dei migranti ma anche \u201calla situazione in Gaza, ai tagli al Medicaid e Medicare, alla chiusura del Dipartimento di Pubblica Istruzione, alla fine dei programmi di affirmative action, al bando del mese della cultura Afro-americana, alla guerra in Ucraina\u201d. Si tratta, in essenza, di un attacco alla politica del presidente Trump, che guarda caso, ha proprio in questi giorni attaccato la citt\u00e0 natale di Papa Leone. Trump lo ha fatto inviando 400 membri della Guardia Nazionale del Texas il cui compito dovrebbe essere di difendere gli agenti dell&#8217;Ice e controllare la criminalit\u00e0 locale. Strano vedere gli agenti dell&#8217;Ice armati fino ai denti bisognosi di protezione da migranti e civili disarmati nella guerra inventata da Trump non solo contro i migranti ma anche contro le maggiori citt\u00e0 americane amministrate da governi democratici.<\/p>\n\n\n\n<p>=============<br>Domenico Maceri, PhD, \u00e8 professore emerito all\u2019Allan Hancock College, Santa Maria, California. Alcuni dei suoi articoli hanno vinto premi della National Association of Hispanic Publications.<\/p>\n\n\n\n<p><em><strong>Tutte l\u2019opinioni versati nel sito correspondono solo a chi la manifesta. Non e necessariamente l\u2019opinione della Direzione<\/strong><\/em><\/p>\n","protected":false},"excerpt":{"rendered":"<p>Domenico Maceri \u201cChi dice di essere contrario all\u2019aborto ma favorevole alla pena di morte non \u00e8 realmente pro-vita. Allo stesso [&hellip;]<\/p>\n","protected":false},"author":1,"featured_media":0,"comment_status":"open","ping_status":"open","sticky":false,"template":"","format":"standard","meta":{"footnotes":""},"categories":[10,35],"tags":[],"class_list":["post-80452","post","type-post","status-publish","format-standard","hentry","category-italiano","category-opiniones"],"_links":{"self":[{"href":"https:\/\/www.ecoitaliano.com.ar\/index.php?rest_route=\/wp\/v2\/posts\/80452","targetHints":{"allow":["GET"]}}],"collection":[{"href":"https:\/\/www.ecoitaliano.com.ar\/index.php?rest_route=\/wp\/v2\/posts"}],"about":[{"href":"https:\/\/www.ecoitaliano.com.ar\/index.php?rest_route=\/wp\/v2\/types\/post"}],"author":[{"embeddable":true,"href":"https:\/\/www.ecoitaliano.com.ar\/index.php?rest_route=\/wp\/v2\/users\/1"}],"replies":[{"embeddable":true,"href":"https:\/\/www.ecoitaliano.com.ar\/index.php?rest_route=%2Fwp%2Fv2%2Fcomments&post=80452"}],"version-history":[{"count":1,"href":"https:\/\/www.ecoitaliano.com.ar\/index.php?rest_route=\/wp\/v2\/posts\/80452\/revisions"}],"predecessor-version":[{"id":80453,"href":"https:\/\/www.ecoitaliano.com.ar\/index.php?rest_route=\/wp\/v2\/posts\/80452\/revisions\/80453"}],"wp:attachment":[{"href":"https:\/\/www.ecoitaliano.com.ar\/index.php?rest_route=%2Fwp%2Fv2%2Fmedia&parent=80452"}],"wp:term":[{"taxonomy":"category","embeddable":true,"href":"https:\/\/www.ecoitaliano.com.ar\/index.php?rest_route=%2Fwp%2Fv2%2Fcategories&post=80452"},{"taxonomy":"post_tag","embeddable":true,"href":"https:\/\/www.ecoitaliano.com.ar\/index.php?rest_route=%2Fwp%2Fv2%2Ftags&post=80452"}],"curies":[{"name":"wp","href":"https:\/\/api.w.org\/{rel}","templated":true}]}}