{"id":80471,"date":"2025-10-09T17:42:00","date_gmt":"2025-10-09T17:42:00","guid":{"rendered":"https:\/\/www.ecoitaliano.com.ar\/?p=80471"},"modified":"2025-10-09T17:42:00","modified_gmt":"2025-10-09T17:42:00","slug":"serena-conduce-operaclassica-eco-italiano-4677","status":"publish","type":"post","link":"https:\/\/www.ecoitaliano.com.ar\/?p=80471","title":{"rendered":"Serena conduce operaclassica eco italiano"},"content":{"rendered":"<div class=\"wp-block-image\">\n<figure class=\"aligncenter size-full is-resized\"><a href=\"http:\/\/www.ecoitaliano.com.ar\/wp-content\/uploads\/2025\/10\/Screenshot-1026.png\"><img decoding=\"async\" width=\"684\" height=\"215\" src=\"http:\/\/www.ecoitaliano.com.ar\/wp-content\/uploads\/2025\/10\/Screenshot-1026.png\" alt=\"\" class=\"wp-image-80472\" style=\"width:363px;height:auto\" srcset=\"https:\/\/www.ecoitaliano.com.ar\/wp-content\/uploads\/2025\/10\/Screenshot-1026.png 684w, https:\/\/www.ecoitaliano.com.ar\/wp-content\/uploads\/2025\/10\/Screenshot-1026-300x94.png 300w, https:\/\/www.ecoitaliano.com.ar\/wp-content\/uploads\/2025\/10\/Screenshot-1026-150x47.png 150w\" sizes=\"(max-width: 684px) 100vw, 684px\" \/><\/a><\/figure><\/div>\n\n\n<figure class=\"wp-block-table\"><table class=\"has-fixed-layout\"><tbody><tr><td><strong>COMUNICATO STAMPA<\/strong>\u00a0\u00a0<strong>\u00a0\u00a0\u00a0\u00a0\u00a0\u00a0\u00a0\u00a0\u00a0\u00a0\u00a0\u00a0\u00a0\u00a0\u00a0\u00a0\u00a0\u00a0\u00a0\u00a0\u00a0\u00a0\u00a0\u00a0<\/strong><br><br><strong>\u00a0SANTA CECILIA E TEATRO DELL\u2019OPERA DI ROMA<br>INSIEME PER WAGNER<\/strong>\u00a0<strong>Le due fondazioni lirico sinfoniche si incontrano per portare Wagner a Roma,<br>tra rappresentazioni operistiche, mostre e promozioni per il pubblico<\/strong>\u00a0\u00a0\u00a0Le due istituzioni lirico-sinfoniche romane per la prima volta collaborano, portando Wagner a Roma con opere, mostre e promozioni speciali per il pubblico. A distanza di quasi 150 anni dal celebre soggiorno nella capitale con la moglie Cosima (1876), il compositore tedesco torna protagonista della vita musicale romana: l\u2019<strong>Accademia Nazionale di Santa Cecilia<\/strong>\u00a0e il\u00a0<strong>Teatro dell\u2019Opera di Roma\u00a0<\/strong>apriranno, infatti, le rispettive stagioni con le\u00a0<strong>rappresentazioni<\/strong>\u00a0delle opere\u00a0<strong><em>La Valchiria<\/em><\/strong>\u00a0a Santa Cecilia, diretta da\u00a0<strong>Daniel Harding\u00a0<\/strong>(23 ottobre), e\u00a0<strong><em>Lohengrin<\/em><\/strong>\u00a0al Teatro dell\u2019Opera, diretto da\u00a0<strong>Michele Mariotti<\/strong>\u00a0(27 novembre).\u00a0<strong>Massimo Biscardi, Presidente-Sovrintendente di Santa Cecilia<\/strong>, cos\u00ec afferma: \u00ab<em>Questa iniziativa segna l\u2019inizio di un dialogo concreto tra due Istituzioni che condividono la stessa missione e una visione comune: promuovere la musica e la cultura nella nostra citt\u00e0, valorizzandone il ruolo a livello locale e internazionale. Siamo felici di poter collaborare con il Teatro dell\u2019Opera di Roma in un progetto che unisce le forze di due grandi realt\u00e0 al servizio della Capitale. Wagner, con la sua musica che fonde dimensione sinfonica e teatrale, rappresenta simbolicamente l\u2019incontro tra le nostre identit\u00e0 artistiche. \u00c8 un segnale di apertura e di fiducia nel futuro, nella convinzione che insieme si possa fare molto per la musica e per Roma<\/em>\u00bb.\u00a0Dichiara\u00a0<strong>Francesco Giambrone, Sovrintendente del Teatro dell\u2019Opera di Roma<\/strong>: \u00ab<em>\u00c8 un grande piacere condividere<\/em>\u00a0<em>con l\u2019Accademia Nazionale di Santa Cecilia un progetto che celebra uno dei pi\u00f9 grandi compositori della storia: \u00e8 un segnale importante di unit\u00e0 e condivisione tra le due grandi istituzioni musicali della Capitale. Aprire la nostra stagione con\u00a0<\/em>Lohengrin\u00a0<em>mentre Santa Cecilia propone<\/em>\u00a0La Valchiria<em>\u00a0significa celebrare non soltanto la potenza del teatro e della musica wagneriana, ma anche riaffermare il valore della cultura come spazio d\u2019incontro e di dialogo. Insieme offriamo al pubblico un percorso che ci unisce nel segno di una visione comune: fare della musica un bene vivo, condiviso e profondamente radicato nella citt\u00e0 e rafforza con questa importante collaborazione la progettualit\u00e0 delle nostre istituzioni. \u00c8 il primo passo di un cammino comune che costruiamo nell\u2019interesse del nostro pubblico e della citt\u00e0 di Roma<\/em>\u00bb.\u00a0Queste due produzioni saranno affiancate da iniziative comuni: in primo luogo, \u00e8 stata prevista una\u00a0<strong>promozione speciale<\/strong>\u00a0per il pubblico. Grazie a un accordo tra le due istituzioni romane, tutti i possessori di un biglietto per\u00a0<em>La Valchiria<\/em>\u00a0o per\u00a0<em>Lohengrin<\/em>, cos\u00ec come gli abbonati alla Stagione 2025\/26 di Santa Cecilia o del Teatro dell\u2019Opera, potranno acquistare un biglietto per l\u2019altra opera con uno\u00a0<strong>sconto del 25%,<\/strong>\u00a0presentando il proprio titolo di ingresso alle rispettive biglietterie, fino a esaurimento dei posti disponibili.\u00a0Tra le ulteriori proposte, due\u00a0<strong>mostre\u00a0<\/strong>dedicate<strong>\u00a0<\/strong>al\u00a0<strong>rapporto tra Wagner e Roma\u00a0<\/strong>allestite presso le due fondazioni, in cui saranno esposti bozzetti, foto, lettere, e documenti d\u2019epoca.In particolare, la mostra allestita a Santa Cecilia &#8211; che si apre il 23 ottobre &#8211; sar\u00e0 dedicata al soggiorno romano di Wagner durato quasi un mese, nel 1876, organizzato dopo la prima del\u00a0<em>Ring des Nibelungen<\/em>\u00a0a Bayreuth. I luoghi che pi\u00f9 ebbero rilevanza durante la permanenza furono Villa Caffarelli, l\u2019Ambasciata di Prussia a Roma e la sede dell\u2019Associazione artistica internazionale di vicolo d\u2019Alibert, dove si tennero due importanti ricevimenti in onore di Wagner. Durante quel periodo, Wagner incontr\u00f2 numerose personalit\u00e0 di spicco dell\u2019epoca, dalla contessa Sayn-Wittgenstein agli archeologi Helbig e Curtius, dal letterato Pietro Cossa al filosofo e Joseph Arthur de Gobineau, dai pittori Scipione Vannutelli e Guglielmo De Sanctis, allo scultore Ettore Ferrari, il quale realizz\u00f2 per l\u2019occasione il noto busto in gesso dell\u2019artista. Il busto sar\u00e0 eccezionalmente esposto nella mostra, concesso in prestito dalla Galleria d\u2019Arte Moderna di Roma. Tra i musicisti incontrati spicca la figura di Giovanni Sgambati, allievo di Liszt, i cui quintetti per archi e pianoforte riscossero non solo l\u2019approvazione di Wagner, ma addirittura il suo personale interessamento affinch\u00e9 li pubblicasse la casa Schott di Magonza, da allora il principale editore del musicista romano. Durante la sua permanenza romana, Wagner fu inoltre insignito dell\u2019aggregazione all\u2019Accademia di Santa Cecilia in qualit\u00e0 di socio \u2018illustre\u2019, come testimoniano i documenti conservati nell\u2019Archivio storico della istituzione. La mostra conterr\u00e0 anche un\u2019esposizione di foto, a cura di Musacchio, Pasqualini e Fucilla (MUSA), che illustrano le varie fasi dell\u2019allestimento delle scenografie per la produzione della\u00a0<em>Valchiria<\/em>, con la regia di Vincent Huguet e l\u2019impianto scenico di Pierre Yovanovitch.\u00a0\u00c8 il secondo anno che la nuova sala espositiva del Teatro dell\u2019Opera di Roma, inaugurata lo scorso gennaio con l\u2019evento dal titolo\u00a0<em>Tosca 125<\/em>, ospiter\u00e0 una mostra, questa volta dedicata espressamente al\u00a0<em>Lohengrin\u00a0<\/em>a Roma, titolo inaugurale della stagione 2025-26. Il\u00a0<em>concept\u00a0<\/em>della mostra &#8211; che si apre il 22 novembre &#8211; ruoter\u00e0 attorno a una serie di sezioni che illustreranno alcuni episodi della vita del Teatro dell\u2019Opera legati al titolo wagneriano. Una sar\u00e0 dedicata a bozzetti, figurini e costumi, appartenenti a un importante allestimento storico del 1929, presso l\u2019allora Teatro Reale dell\u2019Opera: produzione prestigiosa firmata dal poliedrico artista figurativo Duilio Cambellotti (1876-1960) in qualit\u00e0 di scenografo e costumista, affiancato nella realizzazione dei costumi da Luigi Sapelli in arte Caramba, primo vero importante sarto teatrale. Ulteriori suggestioni deriveranno dall\u2019esposizione di un significativo cimelio artistico, di propriet\u00e0 della Fondazione: una delle due copie esistenti del busto in gesso di Wagner, scolpito da Ettore Ferrari nel 1876, in presenza del grande musicista tedesco. Ad altri aspetti particolari della storia del Teatro Costanzi sar\u00e0 invece dedicata una ulteriore sezione, caratterizzata da documenti audiovisivi di grande interesse storico.\u00a0Fra i vari appuntamenti, l\u2019Accademia di Santa Cecilia organizza\u00a0<strong>mercoled\u00ec 15 ottobre<\/strong>\u00a0&#8211; a partire dalle ore 14 &#8211; una\u00a0<strong>giornata di studi\u00a0<\/strong>interamente dedicata alla figura di Richard Wagner, in collaborazione con l\u2019Accademia Tedesca Roma &#8211; Villa Massimo. Nella storica sede di Villa Massimo, le relatrici e i relatori proporranno una serie di interventi per restituire un ritratto sfaccettato di Wagner, dal suo soggiorno a Roma fino a una ricognizione sui pi\u00f9 importanti allestimenti scenici della\u00a0<em>Valchiria<\/em>.\u00a0Grazie a queste iniziative congiunte, le due istituzioni, protagoniste della vita musicale romana, collaborano per offrire alla citt\u00e0 un evento di grande rilievo, capace di intrecciare musica, storia e arte attorno alla figura di Wagner.\u00a0<strong>8 ottobre 2025\u00a0\u00a0TEATRO DELL\u2019OPERA DI ROMA Cosimo Manicone<\/strong>responsabile ufficio stampa<a href=\"mailto:cosimo.manicone@operaroma.it\" target=\"_blank\" rel=\"noreferrer noopener\">cosimo.manicone@operaroma.it\u00a0<\/a>\u00a0\u00a0\u00a0\u00a0\u00a0\u00a0<\/td><\/tr><\/tbody><\/table><\/figure>\n\n\n\n<figure class=\"wp-block-table\"><table class=\"has-fixed-layout\"><tbody><tr><td><img decoding=\"async\" src=\"https:\/\/fondazioneteatrodelloperadirom.img.musvc2.net\/static\/69084\/images\/2\/51111a50cb0b42a6bcd886505ddbf941.jpg\" width=\"300\" alt=\"Image\" height=\"auto\"><\/td><\/tr><\/tbody><\/table><\/figure>\n\n\n\n<p>foto<\/p>\n\n\n\n<figure class=\"wp-block-gallery has-nested-images columns-default is-cropped wp-block-gallery-1 is-layout-flex wp-block-gallery-is-layout-flex\">\n<figure class=\"wp-block-image size-large\"><a href=\"https:\/\/www.ecoitaliano.com.ar\/wp-content\/uploads\/2025\/10\/Michele-Mariotti_ph-Fabrizio-Sansoni-Opera-di-Roma.jpg\"><img decoding=\"async\" width=\"1024\" height=\"683\" data-id=\"80473\" src=\"https:\/\/www.ecoitaliano.com.ar\/wp-content\/uploads\/2025\/10\/Michele-Mariotti_ph-Fabrizio-Sansoni-Opera-di-Roma-1024x683.jpg\" alt=\"\" class=\"wp-image-80473\" srcset=\"https:\/\/www.ecoitaliano.com.ar\/wp-content\/uploads\/2025\/10\/Michele-Mariotti_ph-Fabrizio-Sansoni-Opera-di-Roma-1024x683.jpg 1024w, https:\/\/www.ecoitaliano.com.ar\/wp-content\/uploads\/2025\/10\/Michele-Mariotti_ph-Fabrizio-Sansoni-Opera-di-Roma-300x200.jpg 300w, https:\/\/www.ecoitaliano.com.ar\/wp-content\/uploads\/2025\/10\/Michele-Mariotti_ph-Fabrizio-Sansoni-Opera-di-Roma-768x512.jpg 768w, https:\/\/www.ecoitaliano.com.ar\/wp-content\/uploads\/2025\/10\/Michele-Mariotti_ph-Fabrizio-Sansoni-Opera-di-Roma-1536x1024.jpg 1536w, https:\/\/www.ecoitaliano.com.ar\/wp-content\/uploads\/2025\/10\/Michele-Mariotti_ph-Fabrizio-Sansoni-Opera-di-Roma-2048x1366.jpg 2048w, https:\/\/www.ecoitaliano.com.ar\/wp-content\/uploads\/2025\/10\/Michele-Mariotti_ph-Fabrizio-Sansoni-Opera-di-Roma-150x100.jpg 150w\" sizes=\"(max-width: 1024px) 100vw, 1024px\" \/><\/a><\/figure>\n\n\n\n<figure class=\"wp-block-image size-large\"><a href=\"https:\/\/www.ecoitaliano.com.ar\/wp-content\/uploads\/2025\/10\/Il-pubblico-al-Teatro-Costanzi_ph-Fabrizio-Sansoni-Opera-di-Roma.jpg\"><img decoding=\"async\" width=\"1024\" height=\"681\" data-id=\"80474\" src=\"https:\/\/www.ecoitaliano.com.ar\/wp-content\/uploads\/2025\/10\/Il-pubblico-al-Teatro-Costanzi_ph-Fabrizio-Sansoni-Opera-di-Roma-1024x681.jpg\" alt=\"\" class=\"wp-image-80474\" srcset=\"https:\/\/www.ecoitaliano.com.ar\/wp-content\/uploads\/2025\/10\/Il-pubblico-al-Teatro-Costanzi_ph-Fabrizio-Sansoni-Opera-di-Roma-1024x681.jpg 1024w, https:\/\/www.ecoitaliano.com.ar\/wp-content\/uploads\/2025\/10\/Il-pubblico-al-Teatro-Costanzi_ph-Fabrizio-Sansoni-Opera-di-Roma-300x200.jpg 300w, https:\/\/www.ecoitaliano.com.ar\/wp-content\/uploads\/2025\/10\/Il-pubblico-al-Teatro-Costanzi_ph-Fabrizio-Sansoni-Opera-di-Roma-768x511.jpg 768w, https:\/\/www.ecoitaliano.com.ar\/wp-content\/uploads\/2025\/10\/Il-pubblico-al-Teatro-Costanzi_ph-Fabrizio-Sansoni-Opera-di-Roma-1536x1022.jpg 1536w, https:\/\/www.ecoitaliano.com.ar\/wp-content\/uploads\/2025\/10\/Il-pubblico-al-Teatro-Costanzi_ph-Fabrizio-Sansoni-Opera-di-Roma-150x100.jpg 150w, https:\/\/www.ecoitaliano.com.ar\/wp-content\/uploads\/2025\/10\/Il-pubblico-al-Teatro-Costanzi_ph-Fabrizio-Sansoni-Opera-di-Roma.jpg 1920w\" sizes=\"(max-width: 1024px) 100vw, 1024px\" \/><\/a><\/figure>\n\n\n\n<figure class=\"wp-block-image size-large\"><a href=\"https:\/\/www.ecoitaliano.com.ar\/wp-content\/uploads\/2025\/10\/Francesco-Giambrone_ph-Fabrizio-Sansoni-Opera-di-Roma-.jpg\"><img decoding=\"async\" width=\"1024\" height=\"684\" data-id=\"80475\" src=\"https:\/\/www.ecoitaliano.com.ar\/wp-content\/uploads\/2025\/10\/Francesco-Giambrone_ph-Fabrizio-Sansoni-Opera-di-Roma--1024x684.jpg\" alt=\"\" class=\"wp-image-80475\" srcset=\"https:\/\/www.ecoitaliano.com.ar\/wp-content\/uploads\/2025\/10\/Francesco-Giambrone_ph-Fabrizio-Sansoni-Opera-di-Roma--1024x684.jpg 1024w, https:\/\/www.ecoitaliano.com.ar\/wp-content\/uploads\/2025\/10\/Francesco-Giambrone_ph-Fabrizio-Sansoni-Opera-di-Roma--300x200.jpg 300w, https:\/\/www.ecoitaliano.com.ar\/wp-content\/uploads\/2025\/10\/Francesco-Giambrone_ph-Fabrizio-Sansoni-Opera-di-Roma--768x513.jpg 768w, https:\/\/www.ecoitaliano.com.ar\/wp-content\/uploads\/2025\/10\/Francesco-Giambrone_ph-Fabrizio-Sansoni-Opera-di-Roma--1536x1025.jpg 1536w, https:\/\/www.ecoitaliano.com.ar\/wp-content\/uploads\/2025\/10\/Francesco-Giambrone_ph-Fabrizio-Sansoni-Opera-di-Roma--2048x1367.jpg 2048w, https:\/\/www.ecoitaliano.com.ar\/wp-content\/uploads\/2025\/10\/Francesco-Giambrone_ph-Fabrizio-Sansoni-Opera-di-Roma--150x100.jpg 150w\" sizes=\"(max-width: 1024px) 100vw, 1024px\" \/><\/a><\/figure>\n\n\n\n<figure class=\"wp-block-image size-large\"><a href=\"https:\/\/www.ecoitaliano.com.ar\/wp-content\/uploads\/2025\/10\/Coro-e-Orchestra-dellOpera-di-Roma_ph-Fabrizio-Sansoni-Opera-di-Roma.jpg\"><img decoding=\"async\" width=\"1024\" height=\"684\" data-id=\"80476\" src=\"https:\/\/www.ecoitaliano.com.ar\/wp-content\/uploads\/2025\/10\/Coro-e-Orchestra-dellOpera-di-Roma_ph-Fabrizio-Sansoni-Opera-di-Roma-1024x684.jpg\" alt=\"\" class=\"wp-image-80476\" srcset=\"https:\/\/www.ecoitaliano.com.ar\/wp-content\/uploads\/2025\/10\/Coro-e-Orchestra-dellOpera-di-Roma_ph-Fabrizio-Sansoni-Opera-di-Roma-1024x684.jpg 1024w, https:\/\/www.ecoitaliano.com.ar\/wp-content\/uploads\/2025\/10\/Coro-e-Orchestra-dellOpera-di-Roma_ph-Fabrizio-Sansoni-Opera-di-Roma-300x200.jpg 300w, https:\/\/www.ecoitaliano.com.ar\/wp-content\/uploads\/2025\/10\/Coro-e-Orchestra-dellOpera-di-Roma_ph-Fabrizio-Sansoni-Opera-di-Roma-768x513.jpg 768w, https:\/\/www.ecoitaliano.com.ar\/wp-content\/uploads\/2025\/10\/Coro-e-Orchestra-dellOpera-di-Roma_ph-Fabrizio-Sansoni-Opera-di-Roma-1536x1026.jpg 1536w, https:\/\/www.ecoitaliano.com.ar\/wp-content\/uploads\/2025\/10\/Coro-e-Orchestra-dellOpera-di-Roma_ph-Fabrizio-Sansoni-Opera-di-Roma-150x100.jpg 150w, https:\/\/www.ecoitaliano.com.ar\/wp-content\/uploads\/2025\/10\/Coro-e-Orchestra-dellOpera-di-Roma_ph-Fabrizio-Sansoni-Opera-di-Roma.jpg 1917w\" sizes=\"(max-width: 1024px) 100vw, 1024px\" \/><\/a><\/figure>\n<\/figure>\n","protected":false},"excerpt":{"rendered":"<p>COMUNICATO STAMPA\u00a0\u00a0\u00a0\u00a0\u00a0\u00a0\u00a0\u00a0\u00a0\u00a0\u00a0\u00a0\u00a0\u00a0\u00a0\u00a0\u00a0\u00a0\u00a0\u00a0\u00a0\u00a0\u00a0\u00a0\u00a0\u00a0 \u00a0SANTA CECILIA E TEATRO DELL\u2019OPERA DI ROMAINSIEME PER WAGNER\u00a0Le due fondazioni lirico sinfoniche si incontrano per portare Wagner [&hellip;]<\/p>\n","protected":false},"author":1,"featured_media":0,"comment_status":"open","ping_status":"open","sticky":false,"template":"","format":"standard","meta":{"footnotes":""},"categories":[1],"tags":[],"class_list":["post-80471","post","type-post","status-publish","format-standard","hentry","category-sin-categoria"],"_links":{"self":[{"href":"https:\/\/www.ecoitaliano.com.ar\/index.php?rest_route=\/wp\/v2\/posts\/80471","targetHints":{"allow":["GET"]}}],"collection":[{"href":"https:\/\/www.ecoitaliano.com.ar\/index.php?rest_route=\/wp\/v2\/posts"}],"about":[{"href":"https:\/\/www.ecoitaliano.com.ar\/index.php?rest_route=\/wp\/v2\/types\/post"}],"author":[{"embeddable":true,"href":"https:\/\/www.ecoitaliano.com.ar\/index.php?rest_route=\/wp\/v2\/users\/1"}],"replies":[{"embeddable":true,"href":"https:\/\/www.ecoitaliano.com.ar\/index.php?rest_route=%2Fwp%2Fv2%2Fcomments&post=80471"}],"version-history":[{"count":1,"href":"https:\/\/www.ecoitaliano.com.ar\/index.php?rest_route=\/wp\/v2\/posts\/80471\/revisions"}],"predecessor-version":[{"id":80477,"href":"https:\/\/www.ecoitaliano.com.ar\/index.php?rest_route=\/wp\/v2\/posts\/80471\/revisions\/80477"}],"wp:attachment":[{"href":"https:\/\/www.ecoitaliano.com.ar\/index.php?rest_route=%2Fwp%2Fv2%2Fmedia&parent=80471"}],"wp:term":[{"taxonomy":"category","embeddable":true,"href":"https:\/\/www.ecoitaliano.com.ar\/index.php?rest_route=%2Fwp%2Fv2%2Fcategories&post=80471"},{"taxonomy":"post_tag","embeddable":true,"href":"https:\/\/www.ecoitaliano.com.ar\/index.php?rest_route=%2Fwp%2Fv2%2Ftags&post=80471"}],"curies":[{"name":"wp","href":"https:\/\/api.w.org\/{rel}","templated":true}]}}