{"id":80481,"date":"2025-10-09T17:56:54","date_gmt":"2025-10-09T17:56:54","guid":{"rendered":"https:\/\/www.ecoitaliano.com.ar\/?p=80481"},"modified":"2025-10-09T17:56:54","modified_gmt":"2025-10-09T17:56:54","slug":"serena-conduce-operaclassica-eco-italiano-4679","status":"publish","type":"post","link":"https:\/\/www.ecoitaliano.com.ar\/?p=80481","title":{"rendered":"Serena conduce operaclassica eco italiano"},"content":{"rendered":"<div class=\"wp-block-image\">\n<figure class=\"aligncenter size-large is-resized\"><a href=\"http:\/\/www.ecoitaliano.com.ar\/wp-content\/uploads\/2025\/10\/TRP-24-Marchio-Teatro-Regio-Parma_Blu.png\"><img decoding=\"async\" width=\"1024\" height=\"724\" src=\"http:\/\/www.ecoitaliano.com.ar\/wp-content\/uploads\/2025\/10\/TRP-24-Marchio-Teatro-Regio-Parma_Blu-1024x724.png\" alt=\"\" class=\"wp-image-80290\" style=\"width:232px;height:auto\" srcset=\"https:\/\/www.ecoitaliano.com.ar\/wp-content\/uploads\/2025\/10\/TRP-24-Marchio-Teatro-Regio-Parma_Blu-1024x724.png 1024w, https:\/\/www.ecoitaliano.com.ar\/wp-content\/uploads\/2025\/10\/TRP-24-Marchio-Teatro-Regio-Parma_Blu-300x212.png 300w, https:\/\/www.ecoitaliano.com.ar\/wp-content\/uploads\/2025\/10\/TRP-24-Marchio-Teatro-Regio-Parma_Blu-768x543.png 768w, https:\/\/www.ecoitaliano.com.ar\/wp-content\/uploads\/2025\/10\/TRP-24-Marchio-Teatro-Regio-Parma_Blu-1536x1086.png 1536w, https:\/\/www.ecoitaliano.com.ar\/wp-content\/uploads\/2025\/10\/TRP-24-Marchio-Teatro-Regio-Parma_Blu-2048x1448.png 2048w, https:\/\/www.ecoitaliano.com.ar\/wp-content\/uploads\/2025\/10\/TRP-24-Marchio-Teatro-Regio-Parma_Blu-150x106.png 150w\" sizes=\"(max-width: 1024px) 100vw, 1024px\" \/><\/a><\/figure><\/div>\n\n\n<p><a><strong><em>FUOCO DI GIOIA<\/em><\/strong><\/a><strong><\/strong><\/p>\n\n\n\n<p><strong>IL GALA LIRICO BENEFICO ORGANIZZATO DAL GRUPPO APPASSIONATI VERDIANI \u201cCLUB DEI 27\u201d<\/strong><\/p>\n\n\n\n<p>Le pi\u00f9 celebri arie da Verdi, Rossini, Donizetti,<\/p>\n\n\n\n<p>interpretate da Celso Albelo, Clarissa Costanzo, Maria Laura Iacobellis, Ilariandrea Tomasoni, Franco Vassallo, Riccardo Zanellato diretti da Enrico Fagone sul podio della Filarmonica di Parma e della Corale \u201cGiuseppe Verdi\u201d di Parma, preparata da Claudio Cirelli.<\/p>\n\n\n\n<p>Con la partecipazione di Corrado Giuffredi.<\/p>\n\n\n\n<p>Tutti insieme amichevolmente a favore del progetto<\/p>\n\n\n\n<p>\u201cGli amici di Davide\u201ddi Fondazione FUTURAMENTE Onlus.<\/p>\n\n\n\n<p><strong><em>Fuoco di gioia<\/em><\/strong>, ilgala lirico benefico organizzato dal Gruppo Appassionati Verdiani \u201cClub dei 27\u201d, torna al <strong>Teatro Regio di Parma marted\u00ec 14 ottobre 2025, ore 20.30<\/strong>, nella sua XIII edizione, diretto da <strong>Enrico Fagone<\/strong> sul podio della <strong>Filarmonica di Parma<\/strong> e della <strong>Corale \u201cGiuseppe Verdi\u201d di Parma<\/strong>, maestro del coro <strong>Claudio Cirelli<\/strong>.<\/p>\n\n\n\n<p>Interpreti di celebri pagine verdiane i soprani<strong>Clarissa Costanzo<\/strong>, <strong>Maria Laura Iacobellis<\/strong>, il mezzosoprano <strong>Ilariandrea Tomasoni<\/strong>, il tenore <strong>Celso Albelo<\/strong>, il baritono <strong>Franco Vassallo<\/strong>, il basso <strong>Riccardo Zanellato. <\/strong>Con la partecipazione straordinaria del clarinettista <strong>Corrado Giuffredi<\/strong>e la conduzione di \u201cFalstaff\u201d, alias <strong>Paolo Zoppi<\/strong>, del Club dei 27.<\/p>\n\n\n\n<p>In programma grande spazio trovano le pagine verdiane da opere come <em>Nabucco<\/em>, <em>Un ballo in maschera<\/em>, <em>I due Foscari<\/em>, <em>Attila, Macbeth<\/em>, <em>Il trovatore<\/em>, <em>Simon Boccanegra<\/em>, ma anche brani da <em>Il barbiere di Siviglia <\/em>di Rossini<em>, I puritani <\/em>di Bellini, <em>Lucia di Lammermoor <\/em>di Donizetti, <em>Carmen <\/em>di Bizet e <em>Pagliacci <\/em>di Leoncavallo.<\/p>\n\n\n\n<p>\u00ab<em>Fuoco di gioia<\/em> raggiunge quest\u2019anno il traguardo della tredicesimaedizione \u2013 dichiara <strong>\u201cUn giorno di regno\u201d (Enzo Petrolini)<\/strong>, presidente del Club dei 27 \u2013 Il numero tredici \u00e8 dai pi\u00f9 considerato un numero fortunatoed anche ilnostro Club nel percorso di questi anni, dalla prima edizione del 2013, pu\u00f2affermare di aver avuto anche l\u2019aiuto della fortuna, quella per\u00f2 particolare che <em>\u201caudaces iuvat\u201d <\/em>e che ci ha permesso di arrivare a questo traguardo. La nostra audacia dunque \u00e8 stata premiata: in primis dalla FondazioneTeatro Regio che ha inserito il Concerto nella programmazione ufficiale delFestival Verdi e che mette a disposizione la professionalit\u00e0 di tutte le propriemaestranze le quali ci aiutano con amorevole dedizione nell\u2019allestimento delconcerto; \u00e8 stata premiata anche dagli artisti che partecipano gratuitamenteall\u2019evento; premiata poi da tutti coloro che preferisco definire \u201camici diFuoco di gioia\u201d anzich\u00e9 sponsor, che ci aiutano in modo concreto nel portarea compimento il nostro progetto; premiata infine e soprattutto dal pubblicoche fin dalla prima edizione ci sostiene con la sua calda e partecipatapresenza\u00bb.<\/p>\n\n\n\n<p>La serata benefica sar\u00e0 a favore di <strong>\u201cGli amici di Davide\u201d,<\/strong>espressione di un progetto dellaFondazione FUTURAMENTE Onlus, la cui missione cardine \u00e8 la creazione diuna casa accogliente e inclusiva per ragazzi con disabilit\u00e0, le loro famiglie ealtre persone. La visione \u00e8 focalizzata sulla promozione dell\u2019autonomia e dellapiena realizzazione della persona. Cuore pulsante dell\u2019iniziativa \u00e8 la \u201cCasa di Comunit\u00e0\u201d situata a San Ruffino (Parma), inaugurata ufficialmente nell\u2019aprile 2024. Questo luogo fisico \u00e8stato concepito per essere un modello abitativo innovativo, impegnatonell\u2019abbattimento di barriere architettoniche e culturali e nella promozionedella coesione. Rappresenta la volont\u00e0 concreta di offrire ai ragazzi l\u2019opportunit\u00e0di rendersi il pi\u00f9 possibile indipendenti e di partecipare pienamente alla vitasociale.<\/p>\n\n\n\n<p><strong>BIGLIETTI<\/strong><\/p>\n\n\n\n<p><em>Fuoco di gioia<\/em>Biglietti da \u20ac10 a \u20ac80. In vendita in biglietteria e su teatroregioparma.it. Per i giovani <strong>under30 riduzione del 50% sui prezzi di tutti gli appuntamenti in programma<\/strong>.<\/p>\n\n\n\n<p><strong>BIGLIETTERIA DEL TEATRO REGIO DI PARMA<\/strong><\/p>\n\n\n\n<p>Strada Giuseppe Garibaldi, 16\/A &#8211; 43121 ParmaTel. +39 0521 203999<\/p>\n\n\n\n<p>biglietteria@teatroregioparma.it<\/p>\n\n\n\n<p>orari di apertura: marted\u00ec, gioved\u00ec e sabato 10:00 &#8211; 13:00; mercoled\u00ec e venerd\u00ec 10:00 &#8211; 13:00, 16:00 &#8211; 18:00e un\u2019ora e mezza prima dello spettacolo.<\/p>\n\n\n\n<p><strong>PARTNER E SPONSOR<\/strong><\/p>\n\n\n\n<p><em>Il Festival Verdi \u00e8 realizzato grazie al contributo di<\/em><a>Ministero della Cultura, Regione Emilia-Romagna, Reggio Parma Festival, Comune di Parma<\/a>. <em>Major partner<\/em> Fondazione Cariparma. <em>Mainpartner <\/em>Chiesi. <em>Cultural partner <\/em>Cr\u00e9dit Agricole.<em> Media partner<\/em> Mediaset Publitalia \u201980. <em>Mainsponsor<\/em> Iren, Barilla. <em>Sponsor<\/em> Unione Parmense degli Industriali, Opem, Dallara, Agugiaro e Figna, Mutti, Amoretti. <em>Educational partner<\/em> Parmalat. <em>Sostenitori<\/em><a>La Giovane, Glove ICT, Grasselli, Cavalca, CePIM, Bstr\u00f2, Parmacotto, Sicim, Colser, Delicius.<em>Mobility partner <\/em>Tep. <em>Tour Operator Partner<\/em> Parma Incoming. <em>Radio Ufficiale<\/em> Radio Monte Carlo.<em> Fairplay Partner <\/em>Zebre Parma.<em> Wine partner <\/em>Oinoe.<em> Digital counselling<\/em>Unsocials.<em> Con il supporto di <\/em>\u201cParma, io ci sto!\u201d.<em> Legal counselling <\/em>Villa&amp;Partners.<em> Partner scientifico <\/em>Istituto Nazionale di Studi Verdiani.<em> Special thanks to <\/em>International Friends of Festival Verdi.<em> Con il contributo di <\/em>Comune di Busseto, Ascom e Ascom Confcommercio Parma Fondazione, Camera di Commercio dell\u2019Emilia, Fondazione Monte Parma.<\/a><em>Sostenitori tecnici<\/em><a>DS Solutions, Milosped, Teamwork, Graphital.<em>Partner artistici e istituzionali<\/em> Coro del Teatro Regio di Parma, Conservatorio \u201cArrigo Boito\u201d di Parma, Societ\u00e0 dei Concerti di Parma, La Toscanini. <\/a><em>Il Teatro Regio aderisce a <\/em>Parma Citt\u00e0 ClimateNeutral 2023<em>, <\/em>ATIT, AGIS<em>, <\/em>Comitato per la Salvaguardia dell\u2019Arte del Canto Lirico Italiano, Fedora, Opera Europa, Opera Vision, Emilia taste, nature &amp; culture.<\/p>\n\n\n\n<p>Parma, 8 ottobre 2025<\/p>\n\n\n\n<p>Paolo Maier<\/p>\n\n\n\n<p><em>Responsabile Comunicazione istituzionale, Ufficio stampa, Archivio<\/em><\/p>\n\n\n\n<p>Teatro Regio di Parma<\/p>\n\n\n\n<p>strada Garibaldi 16\/A, 43121 Parma \u2013 Italia<\/p>\n\n\n\n<p>Tel. +39 0521 203969&nbsp;<\/p>\n\n\n\n<p>p.maier@teatroregioparma.it&nbsp;<\/p>\n\n\n\n<p>stampa@teatroregioparma.it<\/p>\n\n\n\n<p>www.teatroregioparma.it<\/p>\n\n\n\n<p>foto<\/p>\n\n\n\n<figure class=\"wp-block-gallery has-nested-images columns-default is-cropped wp-block-gallery-1 is-layout-flex wp-block-gallery-is-layout-flex\">\n<figure class=\"wp-block-image size-large\"><a href=\"https:\/\/www.ecoitaliano.com.ar\/wp-content\/uploads\/2025\/10\/0304_FuocoDiGioia2024.jpg\"><img decoding=\"async\" width=\"1024\" height=\"683\" data-id=\"80482\" src=\"https:\/\/www.ecoitaliano.com.ar\/wp-content\/uploads\/2025\/10\/0304_FuocoDiGioia2024-1024x683.jpg\" alt=\"\" class=\"wp-image-80482\" srcset=\"https:\/\/www.ecoitaliano.com.ar\/wp-content\/uploads\/2025\/10\/0304_FuocoDiGioia2024-1024x683.jpg 1024w, https:\/\/www.ecoitaliano.com.ar\/wp-content\/uploads\/2025\/10\/0304_FuocoDiGioia2024-300x200.jpg 300w, https:\/\/www.ecoitaliano.com.ar\/wp-content\/uploads\/2025\/10\/0304_FuocoDiGioia2024-768x512.jpg 768w, https:\/\/www.ecoitaliano.com.ar\/wp-content\/uploads\/2025\/10\/0304_FuocoDiGioia2024-1536x1024.jpg 1536w, https:\/\/www.ecoitaliano.com.ar\/wp-content\/uploads\/2025\/10\/0304_FuocoDiGioia2024-2048x1366.jpg 2048w, https:\/\/www.ecoitaliano.com.ar\/wp-content\/uploads\/2025\/10\/0304_FuocoDiGioia2024-150x100.jpg 150w\" sizes=\"(max-width: 1024px) 100vw, 1024px\" \/><\/a><\/figure>\n<\/figure>\n","protected":false},"excerpt":{"rendered":"<p>FUOCO DI GIOIA IL GALA LIRICO BENEFICO ORGANIZZATO DAL GRUPPO APPASSIONATI VERDIANI \u201cCLUB DEI 27\u201d Le pi\u00f9 celebri arie da [&hellip;]<\/p>\n","protected":false},"author":1,"featured_media":0,"comment_status":"open","ping_status":"open","sticky":false,"template":"","format":"standard","meta":{"footnotes":""},"categories":[1],"tags":[],"class_list":["post-80481","post","type-post","status-publish","format-standard","hentry","category-sin-categoria"],"_links":{"self":[{"href":"https:\/\/www.ecoitaliano.com.ar\/index.php?rest_route=\/wp\/v2\/posts\/80481","targetHints":{"allow":["GET"]}}],"collection":[{"href":"https:\/\/www.ecoitaliano.com.ar\/index.php?rest_route=\/wp\/v2\/posts"}],"about":[{"href":"https:\/\/www.ecoitaliano.com.ar\/index.php?rest_route=\/wp\/v2\/types\/post"}],"author":[{"embeddable":true,"href":"https:\/\/www.ecoitaliano.com.ar\/index.php?rest_route=\/wp\/v2\/users\/1"}],"replies":[{"embeddable":true,"href":"https:\/\/www.ecoitaliano.com.ar\/index.php?rest_route=%2Fwp%2Fv2%2Fcomments&post=80481"}],"version-history":[{"count":1,"href":"https:\/\/www.ecoitaliano.com.ar\/index.php?rest_route=\/wp\/v2\/posts\/80481\/revisions"}],"predecessor-version":[{"id":80483,"href":"https:\/\/www.ecoitaliano.com.ar\/index.php?rest_route=\/wp\/v2\/posts\/80481\/revisions\/80483"}],"wp:attachment":[{"href":"https:\/\/www.ecoitaliano.com.ar\/index.php?rest_route=%2Fwp%2Fv2%2Fmedia&parent=80481"}],"wp:term":[{"taxonomy":"category","embeddable":true,"href":"https:\/\/www.ecoitaliano.com.ar\/index.php?rest_route=%2Fwp%2Fv2%2Fcategories&post=80481"},{"taxonomy":"post_tag","embeddable":true,"href":"https:\/\/www.ecoitaliano.com.ar\/index.php?rest_route=%2Fwp%2Fv2%2Ftags&post=80481"}],"curies":[{"name":"wp","href":"https:\/\/api.w.org\/{rel}","templated":true}]}}