{"id":80484,"date":"2025-10-09T21:49:58","date_gmt":"2025-10-09T21:49:58","guid":{"rendered":"https:\/\/www.ecoitaliano.com.ar\/?p=80484"},"modified":"2025-10-09T21:50:37","modified_gmt":"2025-10-09T21:50:37","slug":"reportage-dagli-states-le-giornate-a-new-york-e-quelle-in-texas-racconto-di-viaggio-di-un-gruppo-di-studenti-universitari-dellaquila-e-del-loro-parroco-don-federico","status":"publish","type":"post","link":"https:\/\/www.ecoitaliano.com.ar\/?p=80484","title":{"rendered":"REPORTAGE DAGLI STATES: LE GIORNATE A NEW YORK E QUELLE IN TEXAS &#8211; Racconto di viaggio di un gruppo di studenti universitari dell\u2019Aquila e del loro parroco don Federico"},"content":{"rendered":"<div class=\"wp-block-image\">\n<figure class=\"aligncenter size-large is-resized\"><a href=\"https:\/\/www.ecoitaliano.com.ar\/wp-content\/uploads\/2025\/10\/2-New-York-Goffredo-e-Federico-Palmerini.jpg\"><img decoding=\"async\" width=\"1024\" height=\"768\" src=\"https:\/\/www.ecoitaliano.com.ar\/wp-content\/uploads\/2025\/10\/2-New-York-Goffredo-e-Federico-Palmerini-1024x768.jpg\" alt=\"\" class=\"wp-image-80485\" style=\"width:410px;height:auto\" srcset=\"https:\/\/www.ecoitaliano.com.ar\/wp-content\/uploads\/2025\/10\/2-New-York-Goffredo-e-Federico-Palmerini-1024x768.jpg 1024w, https:\/\/www.ecoitaliano.com.ar\/wp-content\/uploads\/2025\/10\/2-New-York-Goffredo-e-Federico-Palmerini-300x225.jpg 300w, https:\/\/www.ecoitaliano.com.ar\/wp-content\/uploads\/2025\/10\/2-New-York-Goffredo-e-Federico-Palmerini-768x576.jpg 768w, https:\/\/www.ecoitaliano.com.ar\/wp-content\/uploads\/2025\/10\/2-New-York-Goffredo-e-Federico-Palmerini-1536x1152.jpg 1536w, https:\/\/www.ecoitaliano.com.ar\/wp-content\/uploads\/2025\/10\/2-New-York-Goffredo-e-Federico-Palmerini-150x113.jpg 150w, https:\/\/www.ecoitaliano.com.ar\/wp-content\/uploads\/2025\/10\/2-New-York-Goffredo-e-Federico-Palmerini.jpg 1600w\" sizes=\"(max-width: 1024px) 100vw, 1024px\" \/><\/a><\/figure><\/div>\n\n\n<figure class=\"wp-block-gallery has-nested-images columns-default is-cropped wp-block-gallery-1 is-layout-flex wp-block-gallery-is-layout-flex\">\n<figure class=\"wp-block-image size-large\"><a href=\"https:\/\/www.ecoitaliano.com.ar\/wp-content\/uploads\/2025\/10\/1-LAquila-Parrocchia-Universitaria-San-Giuseppe-Artigiano-.jpg\"><img decoding=\"async\" width=\"1024\" height=\"666\" data-id=\"80486\" src=\"https:\/\/www.ecoitaliano.com.ar\/wp-content\/uploads\/2025\/10\/1-LAquila-Parrocchia-Universitaria-San-Giuseppe-Artigiano--1024x666.jpg\" alt=\"\" class=\"wp-image-80486\" srcset=\"https:\/\/www.ecoitaliano.com.ar\/wp-content\/uploads\/2025\/10\/1-LAquila-Parrocchia-Universitaria-San-Giuseppe-Artigiano--1024x666.jpg 1024w, https:\/\/www.ecoitaliano.com.ar\/wp-content\/uploads\/2025\/10\/1-LAquila-Parrocchia-Universitaria-San-Giuseppe-Artigiano--300x195.jpg 300w, https:\/\/www.ecoitaliano.com.ar\/wp-content\/uploads\/2025\/10\/1-LAquila-Parrocchia-Universitaria-San-Giuseppe-Artigiano--768x499.jpg 768w, https:\/\/www.ecoitaliano.com.ar\/wp-content\/uploads\/2025\/10\/1-LAquila-Parrocchia-Universitaria-San-Giuseppe-Artigiano--1536x998.jpg 1536w, https:\/\/www.ecoitaliano.com.ar\/wp-content\/uploads\/2025\/10\/1-LAquila-Parrocchia-Universitaria-San-Giuseppe-Artigiano--2048x1331.jpg 2048w, https:\/\/www.ecoitaliano.com.ar\/wp-content\/uploads\/2025\/10\/1-LAquila-Parrocchia-Universitaria-San-Giuseppe-Artigiano--150x98.jpg 150w\" sizes=\"(max-width: 1024px) 100vw, 1024px\" \/><\/a><\/figure>\n\n\n\n<figure class=\"wp-block-image size-large\"><a href=\"https:\/\/www.ecoitaliano.com.ar\/wp-content\/uploads\/2025\/10\/3-Piero-Picozzi-al-Central-Park.jpg\"><img decoding=\"async\" width=\"600\" height=\"395\" data-id=\"80487\" src=\"https:\/\/www.ecoitaliano.com.ar\/wp-content\/uploads\/2025\/10\/3-Piero-Picozzi-al-Central-Park.jpg\" alt=\"\" class=\"wp-image-80487\" srcset=\"https:\/\/www.ecoitaliano.com.ar\/wp-content\/uploads\/2025\/10\/3-Piero-Picozzi-al-Central-Park.jpg 600w, https:\/\/www.ecoitaliano.com.ar\/wp-content\/uploads\/2025\/10\/3-Piero-Picozzi-al-Central-Park-300x198.jpg 300w, https:\/\/www.ecoitaliano.com.ar\/wp-content\/uploads\/2025\/10\/3-Piero-Picozzi-al-Central-Park-150x99.jpg 150w\" sizes=\"(max-width: 600px) 100vw, 600px\" \/><\/a><\/figure>\n\n\n\n<figure class=\"wp-block-image size-large\"><a href=\"https:\/\/www.ecoitaliano.com.ar\/wp-content\/uploads\/2025\/10\/4.1-Columbia-University-incontro-con-Prof.-Domenico-Accili.jpg\"><img decoding=\"async\" width=\"1024\" height=\"490\" data-id=\"80488\" src=\"https:\/\/www.ecoitaliano.com.ar\/wp-content\/uploads\/2025\/10\/4.1-Columbia-University-incontro-con-Prof.-Domenico-Accili-1024x490.jpg\" alt=\"\" class=\"wp-image-80488\" srcset=\"https:\/\/www.ecoitaliano.com.ar\/wp-content\/uploads\/2025\/10\/4.1-Columbia-University-incontro-con-Prof.-Domenico-Accili-1024x490.jpg 1024w, https:\/\/www.ecoitaliano.com.ar\/wp-content\/uploads\/2025\/10\/4.1-Columbia-University-incontro-con-Prof.-Domenico-Accili-300x144.jpg 300w, https:\/\/www.ecoitaliano.com.ar\/wp-content\/uploads\/2025\/10\/4.1-Columbia-University-incontro-con-Prof.-Domenico-Accili-768x368.jpg 768w, https:\/\/www.ecoitaliano.com.ar\/wp-content\/uploads\/2025\/10\/4.1-Columbia-University-incontro-con-Prof.-Domenico-Accili-150x72.jpg 150w, https:\/\/www.ecoitaliano.com.ar\/wp-content\/uploads\/2025\/10\/4.1-Columbia-University-incontro-con-Prof.-Domenico-Accili.jpg 1456w\" sizes=\"(max-width: 1024px) 100vw, 1024px\" \/><\/a><\/figure>\n\n\n\n<figure class=\"wp-block-image size-large\"><a href=\"https:\/\/www.ecoitaliano.com.ar\/wp-content\/uploads\/2025\/10\/4.2-Al-Russ-Berrie-Pavilion-con-il-Prof.-Accili.jpg\"><img decoding=\"async\" width=\"1024\" height=\"531\" data-id=\"80489\" src=\"https:\/\/www.ecoitaliano.com.ar\/wp-content\/uploads\/2025\/10\/4.2-Al-Russ-Berrie-Pavilion-con-il-Prof.-Accili-1024x531.jpg\" alt=\"\" class=\"wp-image-80489\" srcset=\"https:\/\/www.ecoitaliano.com.ar\/wp-content\/uploads\/2025\/10\/4.2-Al-Russ-Berrie-Pavilion-con-il-Prof.-Accili-1024x531.jpg 1024w, https:\/\/www.ecoitaliano.com.ar\/wp-content\/uploads\/2025\/10\/4.2-Al-Russ-Berrie-Pavilion-con-il-Prof.-Accili-300x156.jpg 300w, https:\/\/www.ecoitaliano.com.ar\/wp-content\/uploads\/2025\/10\/4.2-Al-Russ-Berrie-Pavilion-con-il-Prof.-Accili-768x398.jpg 768w, https:\/\/www.ecoitaliano.com.ar\/wp-content\/uploads\/2025\/10\/4.2-Al-Russ-Berrie-Pavilion-con-il-Prof.-Accili-150x78.jpg 150w, https:\/\/www.ecoitaliano.com.ar\/wp-content\/uploads\/2025\/10\/4.2-Al-Russ-Berrie-Pavilion-con-il-Prof.-Accili.jpg 1533w\" sizes=\"(max-width: 1024px) 100vw, 1024px\" \/><\/a><\/figure>\n\n\n\n<figure class=\"wp-block-image size-large\"><a href=\"https:\/\/www.ecoitaliano.com.ar\/wp-content\/uploads\/2025\/10\/5.1-Con-Valentina-Fratti-allIstituto-Italiano-di-Cultura.jpg\"><img decoding=\"async\" width=\"1024\" height=\"694\" data-id=\"80490\" src=\"https:\/\/www.ecoitaliano.com.ar\/wp-content\/uploads\/2025\/10\/5.1-Con-Valentina-Fratti-allIstituto-Italiano-di-Cultura-1024x694.jpg\" alt=\"\" class=\"wp-image-80490\" srcset=\"https:\/\/www.ecoitaliano.com.ar\/wp-content\/uploads\/2025\/10\/5.1-Con-Valentina-Fratti-allIstituto-Italiano-di-Cultura-1024x694.jpg 1024w, https:\/\/www.ecoitaliano.com.ar\/wp-content\/uploads\/2025\/10\/5.1-Con-Valentina-Fratti-allIstituto-Italiano-di-Cultura-300x203.jpg 300w, https:\/\/www.ecoitaliano.com.ar\/wp-content\/uploads\/2025\/10\/5.1-Con-Valentina-Fratti-allIstituto-Italiano-di-Cultura-768x521.jpg 768w, https:\/\/www.ecoitaliano.com.ar\/wp-content\/uploads\/2025\/10\/5.1-Con-Valentina-Fratti-allIstituto-Italiano-di-Cultura-1536x1042.jpg 1536w, https:\/\/www.ecoitaliano.com.ar\/wp-content\/uploads\/2025\/10\/5.1-Con-Valentina-Fratti-allIstituto-Italiano-di-Cultura-150x102.jpg 150w, https:\/\/www.ecoitaliano.com.ar\/wp-content\/uploads\/2025\/10\/5.1-Con-Valentina-Fratti-allIstituto-Italiano-di-Cultura.jpg 1600w\" sizes=\"(max-width: 1024px) 100vw, 1024px\" \/><\/a><\/figure>\n\n\n\n<figure class=\"wp-block-image size-large\"><a href=\"https:\/\/www.ecoitaliano.com.ar\/wp-content\/uploads\/2025\/10\/5.2-Istituto-Italiano-di-Cultura-New-York.jpg\"><img decoding=\"async\" width=\"1024\" height=\"708\" data-id=\"80491\" src=\"https:\/\/www.ecoitaliano.com.ar\/wp-content\/uploads\/2025\/10\/5.2-Istituto-Italiano-di-Cultura-New-York-1024x708.jpg\" alt=\"\" class=\"wp-image-80491\" srcset=\"https:\/\/www.ecoitaliano.com.ar\/wp-content\/uploads\/2025\/10\/5.2-Istituto-Italiano-di-Cultura-New-York-1024x708.jpg 1024w, https:\/\/www.ecoitaliano.com.ar\/wp-content\/uploads\/2025\/10\/5.2-Istituto-Italiano-di-Cultura-New-York-300x207.jpg 300w, https:\/\/www.ecoitaliano.com.ar\/wp-content\/uploads\/2025\/10\/5.2-Istituto-Italiano-di-Cultura-New-York-768x531.jpg 768w, https:\/\/www.ecoitaliano.com.ar\/wp-content\/uploads\/2025\/10\/5.2-Istituto-Italiano-di-Cultura-New-York-1536x1062.jpg 1536w, https:\/\/www.ecoitaliano.com.ar\/wp-content\/uploads\/2025\/10\/5.2-Istituto-Italiano-di-Cultura-New-York-150x104.jpg 150w, https:\/\/www.ecoitaliano.com.ar\/wp-content\/uploads\/2025\/10\/5.2-Istituto-Italiano-di-Cultura-New-York.jpg 1978w\" sizes=\"(max-width: 1024px) 100vw, 1024px\" \/><\/a><\/figure>\n\n\n\n<figure class=\"wp-block-image size-large\"><a href=\"https:\/\/www.ecoitaliano.com.ar\/wp-content\/uploads\/2025\/10\/5.3-Claudio-Pagliara-direttore-IIC-con-Goffredo-Palmerini-e-Valentina-Fratti-.jpg\"><img decoding=\"async\" width=\"720\" height=\"528\" data-id=\"80492\" src=\"https:\/\/www.ecoitaliano.com.ar\/wp-content\/uploads\/2025\/10\/5.3-Claudio-Pagliara-direttore-IIC-con-Goffredo-Palmerini-e-Valentina-Fratti-.jpg\" alt=\"\" class=\"wp-image-80492\" srcset=\"https:\/\/www.ecoitaliano.com.ar\/wp-content\/uploads\/2025\/10\/5.3-Claudio-Pagliara-direttore-IIC-con-Goffredo-Palmerini-e-Valentina-Fratti-.jpg 720w, https:\/\/www.ecoitaliano.com.ar\/wp-content\/uploads\/2025\/10\/5.3-Claudio-Pagliara-direttore-IIC-con-Goffredo-Palmerini-e-Valentina-Fratti--300x220.jpg 300w, https:\/\/www.ecoitaliano.com.ar\/wp-content\/uploads\/2025\/10\/5.3-Claudio-Pagliara-direttore-IIC-con-Goffredo-Palmerini-e-Valentina-Fratti--150x110.jpg 150w\" sizes=\"(max-width: 720px) 100vw, 720px\" \/><\/a><\/figure>\n\n\n\n<figure class=\"wp-block-image size-large\"><a href=\"https:\/\/www.ecoitaliano.com.ar\/wp-content\/uploads\/2025\/10\/8.1-al-club-Orsogna-MAS.jpg\"><img decoding=\"async\" width=\"1024\" height=\"568\" data-id=\"80493\" src=\"https:\/\/www.ecoitaliano.com.ar\/wp-content\/uploads\/2025\/10\/8.1-al-club-Orsogna-MAS-1024x568.jpg\" alt=\"\" class=\"wp-image-80493\" srcset=\"https:\/\/www.ecoitaliano.com.ar\/wp-content\/uploads\/2025\/10\/8.1-al-club-Orsogna-MAS-1024x568.jpg 1024w, https:\/\/www.ecoitaliano.com.ar\/wp-content\/uploads\/2025\/10\/8.1-al-club-Orsogna-MAS-300x167.jpg 300w, https:\/\/www.ecoitaliano.com.ar\/wp-content\/uploads\/2025\/10\/8.1-al-club-Orsogna-MAS-768x426.jpg 768w, https:\/\/www.ecoitaliano.com.ar\/wp-content\/uploads\/2025\/10\/8.1-al-club-Orsogna-MAS-1536x853.jpg 1536w, https:\/\/www.ecoitaliano.com.ar\/wp-content\/uploads\/2025\/10\/8.1-al-club-Orsogna-MAS-150x83.jpg 150w, https:\/\/www.ecoitaliano.com.ar\/wp-content\/uploads\/2025\/10\/8.1-al-club-Orsogna-MAS.jpg 2005w\" sizes=\"(max-width: 1024px) 100vw, 1024px\" \/><\/a><\/figure>\n\n\n\n<figure class=\"wp-block-image size-large\"><a href=\"https:\/\/www.ecoitaliano.com.ar\/wp-content\/uploads\/2025\/10\/8.3-si-gioca-a-bocce-allOrsogna-MAS.jpg\"><img decoding=\"async\" width=\"1024\" height=\"768\" data-id=\"80494\" src=\"https:\/\/www.ecoitaliano.com.ar\/wp-content\/uploads\/2025\/10\/8.3-si-gioca-a-bocce-allOrsogna-MAS-1024x768.jpg\" alt=\"\" class=\"wp-image-80494\" srcset=\"https:\/\/www.ecoitaliano.com.ar\/wp-content\/uploads\/2025\/10\/8.3-si-gioca-a-bocce-allOrsogna-MAS-1024x768.jpg 1024w, https:\/\/www.ecoitaliano.com.ar\/wp-content\/uploads\/2025\/10\/8.3-si-gioca-a-bocce-allOrsogna-MAS-300x225.jpg 300w, https:\/\/www.ecoitaliano.com.ar\/wp-content\/uploads\/2025\/10\/8.3-si-gioca-a-bocce-allOrsogna-MAS-768x576.jpg 768w, https:\/\/www.ecoitaliano.com.ar\/wp-content\/uploads\/2025\/10\/8.3-si-gioca-a-bocce-allOrsogna-MAS-1536x1152.jpg 1536w, https:\/\/www.ecoitaliano.com.ar\/wp-content\/uploads\/2025\/10\/8.3-si-gioca-a-bocce-allOrsogna-MAS-150x113.jpg 150w, https:\/\/www.ecoitaliano.com.ar\/wp-content\/uploads\/2025\/10\/8.3-si-gioca-a-bocce-allOrsogna-MAS.jpg 2048w\" sizes=\"(max-width: 1024px) 100vw, 1024px\" \/><\/a><\/figure>\n\n\n\n<figure class=\"wp-block-image size-large\"><a href=\"https:\/\/www.ecoitaliano.com.ar\/wp-content\/uploads\/2025\/10\/9-New-York-Columbus-Circle.jpg\"><img decoding=\"async\" width=\"1024\" height=\"768\" data-id=\"80495\" src=\"https:\/\/www.ecoitaliano.com.ar\/wp-content\/uploads\/2025\/10\/9-New-York-Columbus-Circle-1024x768.jpg\" alt=\"\" class=\"wp-image-80495\" srcset=\"https:\/\/www.ecoitaliano.com.ar\/wp-content\/uploads\/2025\/10\/9-New-York-Columbus-Circle-1024x768.jpg 1024w, https:\/\/www.ecoitaliano.com.ar\/wp-content\/uploads\/2025\/10\/9-New-York-Columbus-Circle-300x225.jpg 300w, https:\/\/www.ecoitaliano.com.ar\/wp-content\/uploads\/2025\/10\/9-New-York-Columbus-Circle-768x576.jpg 768w, https:\/\/www.ecoitaliano.com.ar\/wp-content\/uploads\/2025\/10\/9-New-York-Columbus-Circle-1536x1152.jpg 1536w, https:\/\/www.ecoitaliano.com.ar\/wp-content\/uploads\/2025\/10\/9-New-York-Columbus-Circle-150x113.jpg 150w, https:\/\/www.ecoitaliano.com.ar\/wp-content\/uploads\/2025\/10\/9-New-York-Columbus-Circle.jpg 2048w\" sizes=\"(max-width: 1024px) 100vw, 1024px\" \/><\/a><\/figure>\n\n\n\n<figure class=\"wp-block-image size-large\"><a href=\"https:\/\/www.ecoitaliano.com.ar\/wp-content\/uploads\/2025\/10\/10-College-Station-visita-al-St.-Marys-Studento-Center-con-lapostola-Janel-e-Steven-studente-Texas-AM.jpg\"><img decoding=\"async\" width=\"1024\" height=\"768\" data-id=\"80496\" src=\"https:\/\/www.ecoitaliano.com.ar\/wp-content\/uploads\/2025\/10\/10-College-Station-visita-al-St.-Marys-Studento-Center-con-lapostola-Janel-e-Steven-studente-Texas-AM-1024x768.jpg\" alt=\"\" class=\"wp-image-80496\" srcset=\"https:\/\/www.ecoitaliano.com.ar\/wp-content\/uploads\/2025\/10\/10-College-Station-visita-al-St.-Marys-Studento-Center-con-lapostola-Janel-e-Steven-studente-Texas-AM-1024x768.jpg 1024w, https:\/\/www.ecoitaliano.com.ar\/wp-content\/uploads\/2025\/10\/10-College-Station-visita-al-St.-Marys-Studento-Center-con-lapostola-Janel-e-Steven-studente-Texas-AM-300x225.jpg 300w, https:\/\/www.ecoitaliano.com.ar\/wp-content\/uploads\/2025\/10\/10-College-Station-visita-al-St.-Marys-Studento-Center-con-lapostola-Janel-e-Steven-studente-Texas-AM-768x576.jpg 768w, https:\/\/www.ecoitaliano.com.ar\/wp-content\/uploads\/2025\/10\/10-College-Station-visita-al-St.-Marys-Studento-Center-con-lapostola-Janel-e-Steven-studente-Texas-AM-1536x1152.jpg 1536w, https:\/\/www.ecoitaliano.com.ar\/wp-content\/uploads\/2025\/10\/10-College-Station-visita-al-St.-Marys-Studento-Center-con-lapostola-Janel-e-Steven-studente-Texas-AM-150x113.jpg 150w, https:\/\/www.ecoitaliano.com.ar\/wp-content\/uploads\/2025\/10\/10-College-Station-visita-al-St.-Marys-Studento-Center-con-lapostola-Janel-e-Steven-studente-Texas-AM.jpg 1600w\" sizes=\"(max-width: 1024px) 100vw, 1024px\" \/><\/a><\/figure>\n\n\n\n<figure class=\"wp-block-image size-large\"><a href=\"https:\/\/www.ecoitaliano.com.ar\/wp-content\/uploads\/2025\/10\/11-Giovani-italiani-e-texani-davanti-la-nuova-chiesa-di-St.-Mary-sede-della-Parrocchia-Universitaria-di-College-Station.jpg\"><img decoding=\"async\" width=\"768\" height=\"1024\" data-id=\"80497\" src=\"https:\/\/www.ecoitaliano.com.ar\/wp-content\/uploads\/2025\/10\/11-Giovani-italiani-e-texani-davanti-la-nuova-chiesa-di-St.-Mary-sede-della-Parrocchia-Universitaria-di-College-Station-768x1024.jpg\" alt=\"\" class=\"wp-image-80497\" srcset=\"https:\/\/www.ecoitaliano.com.ar\/wp-content\/uploads\/2025\/10\/11-Giovani-italiani-e-texani-davanti-la-nuova-chiesa-di-St.-Mary-sede-della-Parrocchia-Universitaria-di-College-Station-768x1024.jpg 768w, https:\/\/www.ecoitaliano.com.ar\/wp-content\/uploads\/2025\/10\/11-Giovani-italiani-e-texani-davanti-la-nuova-chiesa-di-St.-Mary-sede-della-Parrocchia-Universitaria-di-College-Station-225x300.jpg 225w, https:\/\/www.ecoitaliano.com.ar\/wp-content\/uploads\/2025\/10\/11-Giovani-italiani-e-texani-davanti-la-nuova-chiesa-di-St.-Mary-sede-della-Parrocchia-Universitaria-di-College-Station-1152x1536.jpg 1152w, https:\/\/www.ecoitaliano.com.ar\/wp-content\/uploads\/2025\/10\/11-Giovani-italiani-e-texani-davanti-la-nuova-chiesa-di-St.-Mary-sede-della-Parrocchia-Universitaria-di-College-Station-113x150.jpg 113w, https:\/\/www.ecoitaliano.com.ar\/wp-content\/uploads\/2025\/10\/11-Giovani-italiani-e-texani-davanti-la-nuova-chiesa-di-St.-Mary-sede-della-Parrocchia-Universitaria-di-College-Station.jpg 1200w\" sizes=\"(max-width: 768px) 100vw, 768px\" \/><\/a><\/figure>\n\n\n\n<figure class=\"wp-block-image size-large\"><a href=\"https:\/\/www.ecoitaliano.com.ar\/wp-content\/uploads\/2025\/10\/12-\u2013-Austin-visita-al-Community-First-Village.jpg\"><img decoding=\"async\" width=\"1024\" height=\"768\" data-id=\"80498\" src=\"https:\/\/www.ecoitaliano.com.ar\/wp-content\/uploads\/2025\/10\/12-\u2013-Austin-visita-al-Community-First-Village-1024x768.jpg\" alt=\"\" class=\"wp-image-80498\" srcset=\"https:\/\/www.ecoitaliano.com.ar\/wp-content\/uploads\/2025\/10\/12-\u2013-Austin-visita-al-Community-First-Village-1024x768.jpg 1024w, https:\/\/www.ecoitaliano.com.ar\/wp-content\/uploads\/2025\/10\/12-\u2013-Austin-visita-al-Community-First-Village-300x225.jpg 300w, https:\/\/www.ecoitaliano.com.ar\/wp-content\/uploads\/2025\/10\/12-\u2013-Austin-visita-al-Community-First-Village-768x576.jpg 768w, https:\/\/www.ecoitaliano.com.ar\/wp-content\/uploads\/2025\/10\/12-\u2013-Austin-visita-al-Community-First-Village-1536x1152.jpg 1536w, https:\/\/www.ecoitaliano.com.ar\/wp-content\/uploads\/2025\/10\/12-\u2013-Austin-visita-al-Community-First-Village-150x113.jpg 150w, https:\/\/www.ecoitaliano.com.ar\/wp-content\/uploads\/2025\/10\/12-\u2013-Austin-visita-al-Community-First-Village.jpg 1600w\" sizes=\"(max-width: 1024px) 100vw, 1024px\" \/><\/a><\/figure>\n\n\n\n<figure class=\"wp-block-image size-large\"><a href=\"https:\/\/www.ecoitaliano.com.ar\/wp-content\/uploads\/2025\/10\/13-Cena-in-una-delle-famiglie-ospitanti.jpg\"><img decoding=\"async\" width=\"1024\" height=\"768\" data-id=\"80499\" src=\"https:\/\/www.ecoitaliano.com.ar\/wp-content\/uploads\/2025\/10\/13-Cena-in-una-delle-famiglie-ospitanti-1024x768.jpg\" alt=\"\" class=\"wp-image-80499\" srcset=\"https:\/\/www.ecoitaliano.com.ar\/wp-content\/uploads\/2025\/10\/13-Cena-in-una-delle-famiglie-ospitanti-1024x768.jpg 1024w, https:\/\/www.ecoitaliano.com.ar\/wp-content\/uploads\/2025\/10\/13-Cena-in-una-delle-famiglie-ospitanti-300x225.jpg 300w, https:\/\/www.ecoitaliano.com.ar\/wp-content\/uploads\/2025\/10\/13-Cena-in-una-delle-famiglie-ospitanti-768x576.jpg 768w, https:\/\/www.ecoitaliano.com.ar\/wp-content\/uploads\/2025\/10\/13-Cena-in-una-delle-famiglie-ospitanti-1536x1152.jpg 1536w, https:\/\/www.ecoitaliano.com.ar\/wp-content\/uploads\/2025\/10\/13-Cena-in-una-delle-famiglie-ospitanti-150x113.jpg 150w, https:\/\/www.ecoitaliano.com.ar\/wp-content\/uploads\/2025\/10\/13-Cena-in-una-delle-famiglie-ospitanti.jpg 1600w\" sizes=\"(max-width: 1024px) 100vw, 1024px\" \/><\/a><\/figure>\n\n\n\n<figure class=\"wp-block-image size-large\"><a href=\"https:\/\/www.ecoitaliano.com.ar\/wp-content\/uploads\/2025\/10\/14-La-nuova-grande-chiesa-di-St.Mary-a-College-Station.jpg\"><img decoding=\"async\" width=\"1024\" height=\"768\" data-id=\"80500\" src=\"https:\/\/www.ecoitaliano.com.ar\/wp-content\/uploads\/2025\/10\/14-La-nuova-grande-chiesa-di-St.Mary-a-College-Station-1024x768.jpg\" alt=\"\" class=\"wp-image-80500\" srcset=\"https:\/\/www.ecoitaliano.com.ar\/wp-content\/uploads\/2025\/10\/14-La-nuova-grande-chiesa-di-St.Mary-a-College-Station-1024x768.jpg 1024w, https:\/\/www.ecoitaliano.com.ar\/wp-content\/uploads\/2025\/10\/14-La-nuova-grande-chiesa-di-St.Mary-a-College-Station-300x225.jpg 300w, https:\/\/www.ecoitaliano.com.ar\/wp-content\/uploads\/2025\/10\/14-La-nuova-grande-chiesa-di-St.Mary-a-College-Station-768x576.jpg 768w, https:\/\/www.ecoitaliano.com.ar\/wp-content\/uploads\/2025\/10\/14-La-nuova-grande-chiesa-di-St.Mary-a-College-Station-1536x1152.jpg 1536w, https:\/\/www.ecoitaliano.com.ar\/wp-content\/uploads\/2025\/10\/14-La-nuova-grande-chiesa-di-St.Mary-a-College-Station-150x113.jpg 150w, https:\/\/www.ecoitaliano.com.ar\/wp-content\/uploads\/2025\/10\/14-La-nuova-grande-chiesa-di-St.Mary-a-College-Station.jpg 1600w\" sizes=\"(max-width: 1024px) 100vw, 1024px\" \/><\/a><\/figure>\n\n\n\n<figure class=\"wp-block-image size-large\"><a href=\"https:\/\/www.ecoitaliano.com.ar\/wp-content\/uploads\/2025\/10\/15-Bryan-dopo-la-Messa-serata-di-cucina-italiana-con-giovani-del-St.-Marys-Student-Center.jpg\"><img decoding=\"async\" width=\"1024\" height=\"768\" data-id=\"80501\" src=\"https:\/\/www.ecoitaliano.com.ar\/wp-content\/uploads\/2025\/10\/15-Bryan-dopo-la-Messa-serata-di-cucina-italiana-con-giovani-del-St.-Marys-Student-Center-1024x768.jpg\" alt=\"\" class=\"wp-image-80501\" srcset=\"https:\/\/www.ecoitaliano.com.ar\/wp-content\/uploads\/2025\/10\/15-Bryan-dopo-la-Messa-serata-di-cucina-italiana-con-giovani-del-St.-Marys-Student-Center-1024x768.jpg 1024w, https:\/\/www.ecoitaliano.com.ar\/wp-content\/uploads\/2025\/10\/15-Bryan-dopo-la-Messa-serata-di-cucina-italiana-con-giovani-del-St.-Marys-Student-Center-300x225.jpg 300w, https:\/\/www.ecoitaliano.com.ar\/wp-content\/uploads\/2025\/10\/15-Bryan-dopo-la-Messa-serata-di-cucina-italiana-con-giovani-del-St.-Marys-Student-Center-768x576.jpg 768w, https:\/\/www.ecoitaliano.com.ar\/wp-content\/uploads\/2025\/10\/15-Bryan-dopo-la-Messa-serata-di-cucina-italiana-con-giovani-del-St.-Marys-Student-Center-1536x1152.jpg 1536w, https:\/\/www.ecoitaliano.com.ar\/wp-content\/uploads\/2025\/10\/15-Bryan-dopo-la-Messa-serata-di-cucina-italiana-con-giovani-del-St.-Marys-Student-Center-150x113.jpg 150w, https:\/\/www.ecoitaliano.com.ar\/wp-content\/uploads\/2025\/10\/15-Bryan-dopo-la-Messa-serata-di-cucina-italiana-con-giovani-del-St.-Marys-Student-Center.jpg 1600w\" sizes=\"(max-width: 1024px) 100vw, 1024px\" \/><\/a><\/figure>\n\n\n\n<figure class=\"wp-block-image size-large\"><a href=\"https:\/\/www.ecoitaliano.com.ar\/wp-content\/uploads\/2025\/10\/16-Bryan-Messa-con-italo-americani-Parrocchia-S.Antonio-Padova.jpg\"><img decoding=\"async\" width=\"1024\" height=\"768\" data-id=\"80502\" src=\"https:\/\/www.ecoitaliano.com.ar\/wp-content\/uploads\/2025\/10\/16-Bryan-Messa-con-italo-americani-Parrocchia-S.Antonio-Padova-1024x768.jpg\" alt=\"\" class=\"wp-image-80502\" srcset=\"https:\/\/www.ecoitaliano.com.ar\/wp-content\/uploads\/2025\/10\/16-Bryan-Messa-con-italo-americani-Parrocchia-S.Antonio-Padova-1024x768.jpg 1024w, https:\/\/www.ecoitaliano.com.ar\/wp-content\/uploads\/2025\/10\/16-Bryan-Messa-con-italo-americani-Parrocchia-S.Antonio-Padova-300x225.jpg 300w, https:\/\/www.ecoitaliano.com.ar\/wp-content\/uploads\/2025\/10\/16-Bryan-Messa-con-italo-americani-Parrocchia-S.Antonio-Padova-768x576.jpg 768w, https:\/\/www.ecoitaliano.com.ar\/wp-content\/uploads\/2025\/10\/16-Bryan-Messa-con-italo-americani-Parrocchia-S.Antonio-Padova-1536x1152.jpg 1536w, https:\/\/www.ecoitaliano.com.ar\/wp-content\/uploads\/2025\/10\/16-Bryan-Messa-con-italo-americani-Parrocchia-S.Antonio-Padova-150x113.jpg 150w, https:\/\/www.ecoitaliano.com.ar\/wp-content\/uploads\/2025\/10\/16-Bryan-Messa-con-italo-americani-Parrocchia-S.Antonio-Padova.jpg 1600w\" sizes=\"(max-width: 1024px) 100vw, 1024px\" \/><\/a><\/figure>\n\n\n\n<figure class=\"wp-block-image size-large\"><a href=\"https:\/\/www.ecoitaliano.com.ar\/wp-content\/uploads\/2025\/10\/17-\u2013-San-Antonio-davanti-ai-resti-di-Fort-Alamo.jpg\"><img decoding=\"async\" width=\"1024\" height=\"576\" data-id=\"80503\" src=\"https:\/\/www.ecoitaliano.com.ar\/wp-content\/uploads\/2025\/10\/17-\u2013-San-Antonio-davanti-ai-resti-di-Fort-Alamo-1024x576.jpg\" alt=\"\" class=\"wp-image-80503\" srcset=\"https:\/\/www.ecoitaliano.com.ar\/wp-content\/uploads\/2025\/10\/17-\u2013-San-Antonio-davanti-ai-resti-di-Fort-Alamo-1024x576.jpg 1024w, https:\/\/www.ecoitaliano.com.ar\/wp-content\/uploads\/2025\/10\/17-\u2013-San-Antonio-davanti-ai-resti-di-Fort-Alamo-300x169.jpg 300w, https:\/\/www.ecoitaliano.com.ar\/wp-content\/uploads\/2025\/10\/17-\u2013-San-Antonio-davanti-ai-resti-di-Fort-Alamo-768x432.jpg 768w, https:\/\/www.ecoitaliano.com.ar\/wp-content\/uploads\/2025\/10\/17-\u2013-San-Antonio-davanti-ai-resti-di-Fort-Alamo-1536x864.jpg 1536w, https:\/\/www.ecoitaliano.com.ar\/wp-content\/uploads\/2025\/10\/17-\u2013-San-Antonio-davanti-ai-resti-di-Fort-Alamo-150x84.jpg 150w, https:\/\/www.ecoitaliano.com.ar\/wp-content\/uploads\/2025\/10\/17-\u2013-San-Antonio-davanti-ai-resti-di-Fort-Alamo.jpg 1600w\" sizes=\"(max-width: 1024px) 100vw, 1024px\" \/><\/a><\/figure>\n\n\n\n<figure class=\"wp-block-image size-large\"><a href=\"https:\/\/www.ecoitaliano.com.ar\/wp-content\/uploads\/2025\/10\/18-Caldwell-ranch-della-famiglia-Zamora.jpg\"><img decoding=\"async\" width=\"1024\" height=\"626\" data-id=\"80504\" src=\"https:\/\/www.ecoitaliano.com.ar\/wp-content\/uploads\/2025\/10\/18-Caldwell-ranch-della-famiglia-Zamora-1024x626.jpg\" alt=\"\" class=\"wp-image-80504\" srcset=\"https:\/\/www.ecoitaliano.com.ar\/wp-content\/uploads\/2025\/10\/18-Caldwell-ranch-della-famiglia-Zamora-1024x626.jpg 1024w, https:\/\/www.ecoitaliano.com.ar\/wp-content\/uploads\/2025\/10\/18-Caldwell-ranch-della-famiglia-Zamora-300x183.jpg 300w, https:\/\/www.ecoitaliano.com.ar\/wp-content\/uploads\/2025\/10\/18-Caldwell-ranch-della-famiglia-Zamora-768x469.jpg 768w, https:\/\/www.ecoitaliano.com.ar\/wp-content\/uploads\/2025\/10\/18-Caldwell-ranch-della-famiglia-Zamora-1536x939.jpg 1536w, https:\/\/www.ecoitaliano.com.ar\/wp-content\/uploads\/2025\/10\/18-Caldwell-ranch-della-famiglia-Zamora-150x92.jpg 150w, https:\/\/www.ecoitaliano.com.ar\/wp-content\/uploads\/2025\/10\/18-Caldwell-ranch-della-famiglia-Zamora.jpg 1600w\" sizes=\"(max-width: 1024px) 100vw, 1024px\" \/><\/a><\/figure>\n\n\n\n<figure class=\"wp-block-image size-large\"><a href=\"https:\/\/www.ecoitaliano.com.ar\/wp-content\/uploads\/2025\/10\/19-24-settembre-dopo-Messa-nella-Cappella-della-Casa-Apostole-della-Vita-Interiore-a-College-Station.jpg\"><img decoding=\"async\" width=\"1024\" height=\"768\" data-id=\"80505\" src=\"https:\/\/www.ecoitaliano.com.ar\/wp-content\/uploads\/2025\/10\/19-24-settembre-dopo-Messa-nella-Cappella-della-Casa-Apostole-della-Vita-Interiore-a-College-Station-1024x768.jpg\" alt=\"\" class=\"wp-image-80505\" srcset=\"https:\/\/www.ecoitaliano.com.ar\/wp-content\/uploads\/2025\/10\/19-24-settembre-dopo-Messa-nella-Cappella-della-Casa-Apostole-della-Vita-Interiore-a-College-Station-1024x768.jpg 1024w, https:\/\/www.ecoitaliano.com.ar\/wp-content\/uploads\/2025\/10\/19-24-settembre-dopo-Messa-nella-Cappella-della-Casa-Apostole-della-Vita-Interiore-a-College-Station-300x225.jpg 300w, https:\/\/www.ecoitaliano.com.ar\/wp-content\/uploads\/2025\/10\/19-24-settembre-dopo-Messa-nella-Cappella-della-Casa-Apostole-della-Vita-Interiore-a-College-Station-768x576.jpg 768w, https:\/\/www.ecoitaliano.com.ar\/wp-content\/uploads\/2025\/10\/19-24-settembre-dopo-Messa-nella-Cappella-della-Casa-Apostole-della-Vita-Interiore-a-College-Station-1536x1152.jpg 1536w, https:\/\/www.ecoitaliano.com.ar\/wp-content\/uploads\/2025\/10\/19-24-settembre-dopo-Messa-nella-Cappella-della-Casa-Apostole-della-Vita-Interiore-a-College-Station-150x113.jpg 150w, https:\/\/www.ecoitaliano.com.ar\/wp-content\/uploads\/2025\/10\/19-24-settembre-dopo-Messa-nella-Cappella-della-Casa-Apostole-della-Vita-Interiore-a-College-Station.jpg 1600w\" sizes=\"(max-width: 1024px) 100vw, 1024px\" \/><\/a><\/figure>\n<\/figure>\n\n\n\n<p>L\u2019AQUILA \u2013 <em>Settembre, andiamo, \u00e8 tempo di migrare!<\/em> Siamo infatti andati dall\u2019Aquila, da dove iniziava il <strong>Tratturo Magno<\/strong>, ma non verso il Tavoliere pugliese dove per secoli hanno migrato i nostri pastori e le loro greggi percorrendo <em>\u201cun erbal fiume silente\u201d<\/em>, come l\u2019immaginifica creativit\u00e0 di <strong>D\u2019Annunzio<\/strong> poetava. Siamo andati invece in <strong>America<\/strong>, trasvolando l\u2019oceano, in una migrazione di appena due settimane (dal 10 al 24 settembre), non certo come di quelle sui bastimenti che tanti italiani hanno affrontato nella Grande Emigrazione, ma con un comodo volo di 9 ore da Roma a New York. Undici studenti universitari aquilani e fuori sede, un gruppo simbolico in rappresentanza dei tanti giovani che frequentano la Parrocchia Universitaria \u201cSan Giuseppe Artigiano\u201d dell\u2019Aquila, insieme alla loro guida spirituale, il parroco <strong>don Federico Palmerini<\/strong>, hanno voluto fare questa esperienza per conoscere direttamente il fenomeno migratorio riguardante una tra le rotte pi\u00f9 seguite dalla nostra emigrazione, dopo quelle del <strong>Brasile<\/strong> e dell\u2019<strong>Argentina<\/strong>, appunto gli <strong>Stati Uniti<\/strong>, dove le varie generazioni degli emigrati italiani con gli italo-discendenti costituiscono oggi una cospicua comunit\u00e0 di oltre 18 milioni di oriundi. Una comunit\u00e0 che dopo le sofferenze ed i pregiudizi patiti all\u2019inizio delle due ondate migratorie nei due secoli precedenti ha saputo riscattarsi ed affermarsi in tutti i campi, conquistando stima e prestigio, insieme al rispetto della societ\u00e0 americana. Traguardi di successo, costati prove durissime alle generazioni precedenti, che oggi sono talmente evidenti da trovare consacrazione, come tra alcuni giorni accadr\u00e0, negli eventi del <strong>Columbus Day<\/strong>, in tutti gli States ma soprattutto a <strong>New York<\/strong>, nella celebre Parata sulla Quinta Avenue, dove ogni anno si palesa la pi\u00f9 grande manifestazione dell\u2019orgoglio italiano in America.<\/p>\n\n\n\n<p>La missione negli <strong>Stati Uniti<\/strong> del gruppo universitario dell\u2019Aquila si \u00e8 dispiegata in 6 giorni nella Grande Mela e gli altri 8 in <strong>Texas<\/strong>. Gli undici studenti universitari (Matteo, dell\u2019Aquila; Matteo, Mattia, Giuseppe e Corrado di Vasto; \u2060Monica di Montesilvano; \u2060Cornelia di Pordenone; \u2060Mattia, Luca e Margherita di Torino; \u2060Giacomo di Chieti) e il loro parroco <strong>don Federico<\/strong> hanno chiesto a chi scrive di accompagnarli, almeno a <strong>New York<\/strong>, anche per promuovere e organizzare qualche incontro significativo che li avvicinasse al tema dell\u2019emigrazione. Ho accettato di buon grado, anticipando questa volta a settembre l\u2019annuale visita d\u2019ottobre a New York o in altre citt\u00e0 degli States, perch\u00e9 mese celebrativo della cultura italiana. Siamo cos\u00ec partiti ed arrivati quasi alla stessa ora, loro con un volo Delta, chi scrive con ITA. Questo reportage esce alcuni giorni dopo il loro rientro, giusto il tempo di raccogliere appunti del viaggio e le loro emozioni, se possono interessare qualche lettore. La prima settimana a <strong>New York<\/strong> la racconto in prima persona, avendola vissuta quasi del tutto insieme al gruppo. Il 15 settembre, mentre loro volavano a <strong>Houston<\/strong>, chi scrive rientrava in Italia per un impegno culturale a <strong>Gorizia<\/strong>, dove il 19 settembre si sarebbe tenuto il Premio internazionale d\u2019Eccellenza \u201cCitt\u00e0 del Galateo\u201d. La settimana in <strong>Texas<\/strong> \u00e8 invece il racconto <em>\u201cde relato\u201d<\/em>, attraverso le annotazioni e le esperienze vissute dal gruppo, riportate a mo\u2019 di diario di viaggio da <strong>don Federico<\/strong>. Ecco dunque, giorno per giorno, il racconto della missione in America.<\/p>\n\n\n\n<p><strong>Mercoled\u00ec 10 settembre<\/strong>, intorno alle 14 l\u2019arrivo al JFK Airport. Grande fila agli sportelli dell\u2019immigrazione, un\u2019ora e mezza per le pratiche d\u2019ingresso. Il gruppo dei dodici vanno in metro verso il loro alloggio, a <strong>East Harlem<\/strong>, presso il convento <strong>Our Lady of Mount Carmel<\/strong>, una buona sistemazione, trovata dopo diversi altri tentativi grazie alla segnalazione di <strong>don Luigi Portarulo<\/strong>, uno dei sacerdoti della Cattedrale di St. Patrick. Per chi scrive \u00e8 stato meno agevole l\u2019arrivo al 145W della 55^ Strada, per via dei lavori in corso sull\u2019autostrada d\u2019accesso all\u2019aeroporto, due ore abbondanti di taxi. All\u2019arrivo l\u2019abbraccio di <strong>Piero Picozzi<\/strong>, mio ospite e fraterno amico, con il quale condivido l\u2019amicizia affettuosa verso <strong>Mario Fratti<\/strong>, il grande drammaturgo d\u2019origine aquilana scomparso due anni fa, ed ora la custodia della sua memoria. Piero mi ha aspettato sulla porta fino al mio arrivo, rinviando un appuntamento di lavoro, segno di premura e di amicizia davvero commendevole che mi commuove. Mi d\u00e0 le chiavi della casa e va al suo appuntamento. Lascio in casa il mio bagaglio e subito approfitto per una passeggiata rilassante tra il verde e l\u2019ombra del <strong>Central Park<\/strong>, animato come sempre di varia umanit\u00e0. Ristora camminare per il parco, il cuore verde di New York che ti fa subito immergere nell\u2019atmosfera della citt\u00e0 e delle sue innumerevoli stimolazioni.<\/p>\n\n\n\n<p><strong>Gioved\u00ec 11 settembre<\/strong>. Nella mattinata il gruppo dei dodici sceglie la suggestiva passeggiata sull\u2019<strong>High<\/strong> <strong>Line<\/strong>, la vecchia ferrovia di New York diventata un parco lineare sopraelevato che si snoda per circa tre chilometri tra il Meatpacking District, Chelsea e l&#8217;Hudson Yards, un\u2019attrazione unica per aree verdi e scorci panoramici sulla citt\u00e0. Nel pomeriggio, alle 14:30, l\u2019incontro con <strong>Domenico Accili<\/strong>, medico endocrinologo, professore ordinario della <strong>Columbia University<\/strong>. Lo avevo concordato con lui pi\u00f9 di due mesi fa, in ragione dei suoi molteplici suoi impegni. Arriviamo con qualche minuto d\u2019anticipo al Centro di ricerca dove ci aspetta. Il <strong>prof. Accili<\/strong>, aquilano d\u2019origine \u2013 per essere amico di famiglia lo chiamo confidenzialmente Mimmo \u2013 ci accoglie con grande cordialit\u00e0. In una sala riunioni ha fatto preparare per noi un buffet di dolci, caff\u00e8 e bevande. Poi, chiesto ai giovani citt\u00e0 d\u2019origine e le facolt\u00e0 dove seguono gli studi a <strong>L\u2019Aquila<\/strong>, Mimmo ci racconta la sua storia professionale e la sua particolare <strong>\u201cemigrazione\u201d<\/strong> negli Stati Uniti. Laureato all&#8217;Universit\u00e0 Cattolica di Roma, ha seguito presso il Policlinico Gemelli la formazione in Medicina interna. Venuto negli Stati Uniti con una borsa di studio Fogarty presso l&#8217;Istituto nazionale del diabete e delle malattie renali digestive di <strong>Bethesda<\/strong>, nel Maryland, \u00e8 diventato direttore della Sezione Genetica e azione ormonale del prestigioso National Institutes of Health. Dal 1999, chiamato dalla <strong>Columbia University<\/strong>, insegna presso il College of Physicians &amp; Surgeons e come medico curante presso il <strong>Columbia Presbyterian Hospital<\/strong>.<\/p>\n\n\n\n<p>Fin dal suo arrivo, nel 1998, la <strong>Columbia University<\/strong> lo incaric\u00f2 di creare un Centro di ricerca utilizzando una donazione della <strong>Fondazione Russel Berrie<\/strong>. Ed \u00e8 cos\u00ec che il <strong>prof. Accili<\/strong> fece nascere, a cominciare dalla costruzione della struttura, il <strong>Russ Berrie Medical Centre<\/strong>, centro di ricerca e cura tra i pi\u00f9 prestigiosi al mondo nel campo della diabetologia e della scienza dell&#8217;alimentazione, il quale Centro ogni anno continua ad avere il sostegno economico dalla Fondazione per un\u2019entrata pari a un terzo del suo bilancio. Mimmo ha illustrato le qualit\u00e0 e l&#8217;eccellenza del Centro che egli stesso fond\u00f2 25 anni fa su incarico della Columbia, facendolo diventare un\u2019eccellenza mondiale. Ha poi ricordato i suoi anni a <strong>L&#8217;Aquila<\/strong> e <strong>Roma<\/strong>, poi in Usa a <strong>Bethesda<\/strong>. Quindi l&#8217;assunzione come professore alla <strong>Columbia University<\/strong> e primario nel pi\u00f9 grande ospedale policlinico privato di New York. Ha quindi dialogato con gli studenti, rispondendo alle loro domande. Poi ha fatto domande sulla sua citt\u00e0, <strong>L&#8217;Aquila<\/strong>, e sulla sua ricostruzione. Egli \u00e8 figlio di un politico, il <strong>Sen. Achille Accili<\/strong>, che tanto ha dato alla nostra citt\u00e0 e all&#8217;Abruzzo, Senatore della Repubblica per ben 5 legislature e Sottosegretario di Stato. Ho ricordato ai giovani universitari che proprio al <strong>Sen. Accili <\/strong>si deve la statizzazione dell\u2019Universit\u00e0 dell\u2019Aquila, che ha consentito lo sviluppo successivo dell\u2019ateneo portandolo ai 27mila studenti prima del terremoto del 2009. \u00c8 stato un incontro davvero ricco di informazioni utili e soprattutto di emozioni. Il prof. Accili, con il suo talento il riconosciuto prestigio negli States e nel mondo, onora <strong>L&#8217;Aquila<\/strong>, l&#8217;<strong>Abruzzo<\/strong> e l&#8217;<strong>Italia<\/strong>. Abbiamo concluso l\u2019incontro con un abbraccio e una foto ricordo. Nel resto del pomeriggio tutto il gruppo ha fatto una lunga scarpinata per il Central Park, sulla Quinta Avenue, una visita alla Cattedrale di St. Patrick, al Rockfeller Center e a Times Square. Nel frattempo alcuni hanno gustato a <strong>Broadway<\/strong> il musical <em>Harry Potter<\/em>.<\/p>\n\n\n\n<p><strong>Venerd\u00ec 12 settembre<\/strong>, mattinata alla Statua della Libert\u00e0 e visita ad <strong>Ellis Island<\/strong>, un\u2019immersione nella storia dell\u2019emigrazione italiana negli States attraverso gli archivi di quello che fu la struttura dove gli immigrati venivano registrati, verificati e tenuti in quarantena, prima di raggiungere le loro destinazioni. Oppure talvolta rispediti al paese d\u2019origine, se giudicati inidonei, fatto che non di rado portava diverse persone al suicidio. Alle ore 16 tutti all&#8217;<strong>Istituto<\/strong> <strong>Italiano di Cultura<\/strong>, in Park Avenue, per l&#8217;incontro con <strong>Valentina Fratti<\/strong>, nella Sala-museo che l&#8217;Istituto ha dedicato a <strong>Mario Fratti<\/strong>, il grande drammaturgo aquilano scomparso il 15 aprile 2023, uno dei pi\u00f9 grandi autori di teatro al mondo. Abbiamo parlato con la figlia <strong>Valentina<\/strong>, autrice e regista teatrale, della drammaturgia del padre, delle tematiche sociali e dell&#8217;imprevedibilit\u00e0 delle sue opere, che ne hanno costituito il successo negli Stati Uniti e in tutto il mondo. <strong>Fratti<\/strong> arriv\u00f2 a <strong>New York<\/strong> nel 1963 per assistere alla rappresentazione del suo dramma <em>\u00abSuicidio\u00bb,<\/em> che <strong>Lee Strasberg<\/strong> aveva messo in scena. Inizi\u00f2 da quel fatto la sequela di successi delle sue opere teatrali che lo portarono a vincere ben <strong>7<\/strong> <strong>Tony Award<\/strong> &#8211; nel teatro come gli Oscar per il cinema &#8211; specie con il famosissimo musical <em>\u00abNine\u00bb.<\/em> <strong>Mario Fratti<\/strong> appena dopo il suo arrivo a New York fu subito chiamato dalla <strong>Columbia University<\/strong> ad insegnare Storia del teatro, poi per 27 anni \u00e8 stato docente dell&#8217;Hunter College della City University of New York (Cuny). <strong>Mario Fratti<\/strong> amava tanto <strong>L&#8217;Aquila<\/strong>, dove era nato il 5 luglio 1927. A <strong>New York<\/strong> \u00e8 stato talmente famoso che bastava dire <strong>Mario<\/strong> che tutti pensavano a lui o all\u2019altro Mario, <strong>Cuomo<\/strong>, anch\u2019egli d\u2019origine italiana, Governatore dello Stato di New York. Finito l&#8217;incontro \u00e8 arrivato il nuovo direttore dell&#8217;Istituto di Cultura, <strong>Claudio Pagliara<\/strong>, giornalista RAI e responsabile della sede di corrispondenza per gli Stati Uniti. Le altre ore della sera hanno consentito la visita alla <strong>Grand Central Station<\/strong>, artistica stazione cuore delle linee ferroviarie della Grande Mela, insieme alla Pennsylvania Station. Infine una capatina alla <strong>Public Library<\/strong> di New York, la pi\u00f9 grande biblioteca del mondo.<\/p>\n\n\n\n<p><strong>Sabato 13 settembre<\/strong>. Nella mattinata <strong>don Federico<\/strong> ha concelebrato Messa nella chiesa parrocchiale di Sant\u2019Ignazio di Loyola, su Park Avenue, dove poi il gesuita che ha presieduto la celebrazione &#8211; <strong>Padre James Casciotti<\/strong>, genitori originari di <strong>Carpineto Romano<\/strong>, paese di Leone XIII &#8211; e una signora della parrocchia, <strong>Gerardina Rizzo<\/strong>, con genitori emigrati napoletani, hanno offerto a tutto il gruppo una gustosa colazione. \u00c8 seguita la visita al <strong>Ground Zero Memorial<\/strong>, che ricorda le 2.750 vittime delle Torri Gemelle, quindi la visita ai Musei d\u2019arte moderna <strong>MoMA<\/strong> e <strong>Guggenheim<\/strong>.<\/p>\n\n\n\n<p><strong>Domenica 14 settembre<\/strong>. Nella mattinata ci siamo dati appuntamento a Little Italy, alla <strong>Old Cathedral St. Patrick<\/strong>. Gran fermento a <strong>Mulberry Street<\/strong>, la strada posteriore alla chiesa, lato dell\u2019abside. Gi\u00e0 piena di bancarelle di merce italiana, <em>food street<\/em> con varie preparazioni alimentari e leccornie del Belpaese. La comunit\u00e0 italiana, e quella napoletana in particolare, si prepara a festeggiare San Gennaro, il 19 settembre, anche con questa specie di fiera o mercato rionale che impegna in tutta la sua lunghezza Mulberry Street. La percorriamo tutta, fino a <strong>China Town<\/strong>, poi torniamo indietro, abbiamo appuntamento con <strong>don Luigi Portarulo<\/strong> alle 11 per un incontro di saluto, poi per la Messa domenicale. La Basilica di St. Patrick, meglio conosciuta come <strong>St. Patrick&#8217;s Old Cathedral<\/strong>, \u00e8 una chiesa parrocchiale cattolica, ex cattedrale dell&#8217;arcidiocesi di <strong>New York<\/strong>, situata nel quartiere di Little Italy a Lower Manhattan. Costruita tra il 1809 e il 1815 su progetto di <strong>Joseph-Fran\u00e7ois Mangin<\/strong> in stile neogotico, fu sede dell&#8217;arcidiocesi fino all&#8217;inaugurazione nel 1879 dell&#8217;attuale Cattedrale di San Patrizio sulla Fifth Avenue. Le liturgie vi vengono celebrate in inglese, italiano, spagnolo e cinese. La chiesa, al 260-264 di Mulberry Street, ha l&#8217;ingresso principale su Mott Street. Old St. Patrick \u00e8 stata dichiarata nel 1966 punto di riferimento di New York City e il complesso della cattedrale \u00e8 stato aggiunto nel 1977 al Registro nazionale dei luoghi storici. \u00c8 stata elevata a Basilica minore da Papa <strong>Benedetto XVI<\/strong> nel giorno di San Patrizio, il 17 marzo 2010.<\/p>\n\n\n\n<p>Vicino alla vecchia <strong>Cattedrale di St. Patrick<\/strong> c\u2019\u00e8 la chiesa del <strong>Preziosissimo Sangue<\/strong> e le due parrocchie, che si sono fuse in una, condividono sacerdoti e personale amministrativo. La costruzione della chiesa del Preziosissimo Sangue fu completata nel 1904. A partire dalla fine del XIX secolo, gli immigrati italiani in cerca d\u2019i una vita migliore in America iniziarono ad arrivare a <strong>New York<\/strong> in gran numero. Le ondate di immigrati che si stabilirono a Lower Manhattan all&#8217;inizio del Novecento e formarono il quartiere poi chiamato <strong>Little Italy<\/strong>. Non fu affatto facile la vita per gli immigrati nella loro nuova terra. Le famiglie erano stipate in case sovraffollate, squallide, spesso antigeniche. Agli immigrati italiani, evitati dai newyorkesi affermati che li consideravano gente inferiore, non era permesso pregare nelle chiese della citt\u00e0, ma venivano relegati in spazi improvvisati negli scantinati per le celebrazioni religiose. Considerando la precaria situazione di questi immigrati, nel 1888 il Vaticano decret\u00f2 l&#8217;istituzione di una Parrocchia italiana per servire la popolazione in rapida crescita. Un gruppo di <strong>Padri Scalabriniani<\/strong> fu incaricato di formare la Parrocchia nazionale italiana del Preziosissimo Sangue. Tre anni dopo, essi acquistarono un terreno a Baxter Street e iniziarono la costruzione della chiesa. Subito dopo l&#8217;apertura al culto, vari gruppi chiesero il permesso alle autorit\u00e0 ecclesiastiche di ammettere nella chiesa statue di santi relative alle loro citt\u00e0 e paesi italiani. Gli immigrati da Napoli e campani, assai numerosi tra i residenti di Mulberry Street, portarono a <strong>New York<\/strong> la loro devozione a San Gennaro, martire romano del terzo secolo e patrono di Napoli, la cui festa canonica \u00e8 il 19 settembre. I frati Francescani, succeduti agli Scalabriniani, dotarono la chiesa d\u2019una reliquia del sangue essiccato di San Gennaro. Inizi\u00f2 cos\u00ec la Festa di San Gennaro. Nel corso degli anni l&#8217;evento \u00e8 cresciuto fino ad includere una processione della statua per le strade di Little Italy, seguita da una fiera di strada, che attualmente dura undici giorni.<\/p>\n\n\n\n<p>Torniamo ora alla visita di oggi 14 settembre alla <strong>Old Cathedral St. Patrick<\/strong> del gruppo degli universitari dell\u2019Aquila con don Federico. Alle 11:30 vi incontriamo <strong>don Luigi Portarulo<\/strong>, inviato due anni fa dal Vaticano, dove prestava il suo servizio pastorale, per rafforzare la Parrocchia italiana di New York. Don Luigi ci dice che molta della sua attivit\u00e0 \u00e8 dedicata ai giovani, con ottimi risultati, anche per la sua giovane et\u00e0. Il sacerdote \u00e8 nato a <strong>Bernalda<\/strong>, citt\u00e0 in provincia di Matera che \u00e8 gemellata con <strong>L&#8217;Aquila<\/strong>. \u00c8 molto lietamente sorpreso quando chi scrive, per molti anni amministratore e vicesindaco dell\u2019Aquila, gli dice di aver contribuito a far nascere nel 1981 il gemellaggio tra le due citt\u00e0 ed essere stato pi\u00f9 volte a Bernalda nella festa del patrono San Bernardino, che \u00e8 anche compatrono dell\u2019Aquila. Poi don Federico gli parla dell\u2019attivit\u00e0 della Parrocchia Universitaria, invitandolo a visitare <strong>L\u2019Aquila<\/strong>, magari in agosto nei giorni della Perdonanza celestiniana, il giubileo istituito da Celestino V nel 1294 quando fu incoronato papa a L\u2019Aquila. Alle 12 tutti ci rechiamo in Cattedrale per la Messa. La celebrazione \u00e8 presieduta da don Luigi, concelebranti don Federico e <strong>P. Enzo Del Brocco<\/strong>, passionista di origini ciociare, attualmente Rettore di un Istituto teologico a Chicago, dove si form\u00f2 <strong>papa Leone XIV<\/strong>. Nell\u2019omelia, P. Enzo ha richiamato il piacere dell\u2019incontro con don Federico, pronipote di <strong>P. Umberto Palmerini<\/strong>, per molti anni Segretario Generale della Congregazione dei Passionisti a Roma, che \u00e8 stato uno dei suoi maestri. Quante casualit\u00e0 talvolta s\u2019incrociano, dico a P. Enzo salutandolo dopo la celebrazione. Come pure singolare \u00e8 l\u2019incontro del tutto casuale, in chiesa, con <strong>Marzia Bortolin<\/strong>, gi\u00e0 funzionaria dell\u2019<strong>ENIT<\/strong> a New York e amica cara, con la quale finita la Messa scambio parole di sorpresa e di cordialit\u00e0.<\/p>\n\n\n\n<p>\u00c8 l\u2019una passata, chiamo<strong> Maria Fosco<\/strong> per avvisarla che arriveremo con mezz\u2019ora di ritardo al club Orsogna MAS, dove siamo attesi per le 2 pomeridiane. Dirigente del <strong>Queens College<\/strong> e vicepresidente de <strong>IAM<\/strong> (Italian American Museum), Maria \u00e8 soprattutto un\u2019esponente di punta della comunit\u00e0 italiana di New York. Nata negli States e figlia di emigrati abruzzesi, conserva ed alimenta le radici culturali della famiglia originaria di Orsogna, bel borgo in provincia di Chieti. Non esiste a <strong>New York<\/strong> un\u2019associazione degli Abruzzesi, troppo dispersiva \u00e8 la metropoli. Esistono invece due associazioni di Orsognesi entrambe situate nel quartiere di <strong>Astoria,<\/strong> nel distretto di Queens. A cavallo del 1943 ed i primi anni del dopoguerra molti emigrati lasciarono <strong>Orsogna<\/strong>, distrutta dai bombardamenti durante la terribile battaglia di Ortona tra Alleati e Tedeschi, sulla <strong>linea Gustav<\/strong> che spaccava in due l\u2019Abruzzo arrivando fino al Tirreno, sotto Gaeta. Avendo le case distrutte, una marea di Orsognesi venne a New York, dove nel quartiere di Astoria gi\u00e0 esisteva l\u2019associazione di mutuo soccorso <strong>Orsogna Mutual Aid Society<\/strong>. Attualmente in Astoria si stimano oltre diecimila Orsognesi di varie generazioni, quando Orsogna in Abruzzo ne conta 4.161.<\/p>\n\n\n\n<p>Ho scelto di programmare con <strong>Maria Fosco<\/strong> e con il presidente del club Orsogna MAS, <strong>Tony Ferrari<\/strong>, un incontro con la delegazione di studenti universitari dall\u2019Aquila per consentire loro di conoscere l\u2019emigrazione abruzzese dal vivo di una comunit\u00e0. Il club ha approntato una conviviale per accoglierci. Arriviamo quasi alle 3 al club, ci stanno aspettando il presidente Ferrari e una cinquantina di soci. Ci vengono subito incontro <strong>Maria Fosco<\/strong> e il compagno <strong>Sante Auriti,<\/strong> che \u00e8 stato uno dei migliori ebanisti della fabbrica di pianoforti <strong>Steinway &amp; Sons<\/strong>, con sede nel quartiere di Astoria. <strong>Tony Carlucci<\/strong>, past president del club, ha preparato il pranzo insieme a tre collaboratori. La struttura \u00e8 di propriet\u00e0 del club, molto ampia con diversi locali, tra cui un bar e una vasta sala da 200 posti a sedere. C\u2019\u00e8 un grande cortile, con un campo da bocce e un pergolato dal quale pendono grappoli d\u2019uva bianca matura. \u00c8 una giornata calda, hanno preparato i tavoli sotto all\u2019ombra della veranda. Il <strong>presidente Ferrari<\/strong> ci d\u00e0 il suo saluto di accoglienza, <strong>don Federico<\/strong> recita una preghiera di benedizione, <strong>Maria<\/strong> scatta foto di continuo, il pranzo viene servito. Un\u2019agape davvero fraterna, nel corso della quale si raccontano storie di vita. Prima del brindisi porto il mio saluto ai nostri corregionali, molte volte sono stato in visita da loro. Parole di ringraziamento, non solo per l\u2019ospitalit\u00e0 affettuosa, quanto soprattutto per l\u2019onore che hanno reso e rendono all\u2019Abruzzo e all\u2019Italia nei vari campi di attivit\u00e0 dove si sono conquistati rispetto e stima. Finito il pranzo c\u2019\u00e8 la finale di bocce tra due coppie di gioco, miste uomo-donna. Gara molto tirata ed appassionante, che si conclude con l\u2019ovazione alla coppia vincitrice. Alcuni giovani universitari giocano poi con i soci del club, con gli anziani, molto curiosi di conoscere dettagli dei loro studi e delle loro provenienze ma anche di raccontarsi. Il gruppo pensava di poter stare nel club un paio d\u2019ore, invece sono le 8 di sera quando salutiamo i nostri ospiti con un abbraccio. Nel lungo pomeriggio numerosi i canti abruzzesi elevati al cielo dai giovani, con un sorprendente <strong>Tony Ferrari<\/strong> tenore che si cimenta in <em>\u201cNessun dorma\u201d<\/em> dalla Turandot di Puccini, insieme a Corrado e persino a chi scrive. \u00c8 stata per tutti un\u2019esperienza davvero emozionante, documentata dalle foto e dai video che <strong>Maria<\/strong> con grande perizia ha realizzato. Mentre prendo la metro per tornare a casa, il gruppo di giovani vuole invece godersi tutti gli scampoli della serata sul <strong>ponte di Brooklyn<\/strong>. In notturna c\u2019\u00e8 una magnifica vista del profilo di <strong>Manhattan<\/strong> con i suoi grattacieli svettanti, che fa da <em>pendant<\/em> con il panorama dall\u2019alto ammirato ieri dalla balconata dell\u2019Empire State Building.<\/p>\n\n\n\n<p><strong>Luned\u00ec 15 settembre.<\/strong> Questa sera riparto dal JFK Airport per rientrare in Italia e a L&#8217;Aquila. Non poteva per\u00f2 mancare il mio omaggio a <strong>Cristoforo Colombo<\/strong>, come quasi tutti gli anni faccio venendo al monumento dedicato al grande navigatore genovese, all&#8217;angolo sud-ovest del Central Park, per la cerimonia di Proclamation del <strong>Columbus Day<\/strong>. Quest&#8217;anno sono venuto a <strong>New York<\/strong> un mese prima del 12 ottobre, giorno della scoperta dell&#8217;America, ma non voglio mancare l&#8217;omaggio in forma strettamente personale e non istituzionale come succede invece in ottobre. <strong>Columbus Circle<\/strong> oggi si presenta splendente, in una bella giornata di sole con un cielo terso senza l&#8217;ombra d\u2019una nuvola, come d&#8217;altronde \u00e8 stato in tutti e 6 i giorni passati qui nella Grande Mela. Oggi <strong>don Federico<\/strong> con il gruppo degli 11 universitari parte per <strong>Houston<\/strong>, per completare in <strong>Texas<\/strong> la loro missione negli States. Auguro loro un&#8217;altra bella esperienza, come lo sar\u00e0 certamente, diversa da quella vissuta intensamente e con grandi emozioni qui a New York, che \u00e8 un universo singolare e del tutto speciale, in termini culturali, politici e sociali. <strong>New York<\/strong> \u00e8 New York, l&#8217;America \u00e8 un&#8217;altra cosa. Ringrazio tutte le straordinarie persone che abbiamo incontrato, a partire dal prof. <strong>Domenico Accili<\/strong>, l&#8217;amico e concittadino Mimmo, la carissima <strong>Valentina Fratti<\/strong>, <strong>Maria Fosco<\/strong> e <strong>Tony Ferrari<\/strong> e gli amici abruzzesi dell\u2019Orsogna MAS, <strong>don Luigi<\/strong>, <strong>Padre Enzo<\/strong> passionista, <strong>don Claudio<\/strong> che ha una parrocchia a Brooklyn, <strong>Josephine Maietta<\/strong> con il suo programma \u201cSabato italiano\u201d a <strong>Radio Hofstra<\/strong>, infine il caro e fraterno amico <strong>Piero Picozzi<\/strong> con cui ho passato sei giorni d\u2019amicizia fraterna, nel ricordo, attraverso aneddoti e storie vissute insieme, del nostro indimenticabile amico <strong>Mario Fratti<\/strong>. Ringrazio Piero anche per la sua cucina prelibata e per i suoi eccellenti vini italiani, egli sommelier e rappresentante dell\u2019eccellenza vinicola italiana a New York. C\u2019\u00e8 infine da riferire sulla missione in <strong>Texas<\/strong>, <em>de relato<\/em>, attraverso la cronistoria di viaggio dal 15 al 24 settembre, che <strong>don Federico<\/strong> ha preparato dopo il rientro del gruppo a L\u2019Aquila.<\/p>\n\n\n\n<p>Atterrati nel tardo pomeriggio a <strong>Houston<\/strong> \u2013 come annota <strong>don Federico Palmerini<\/strong> nel diario di viaggio \u2013 si sono diretti verso <strong>College Station<\/strong> dove si trova una tra le pi\u00f9 grandi universit\u00e0 americane: la <strong>Texas A&amp;M<\/strong>, attualmente con circa 80.000 studenti e un Campus che si estende per circa 22 km<sup>2<\/sup>. Accanto al campus sorge la <strong>Parrocchia di St. Mary<\/strong> (che fa parte della diocesi di <strong>Austin<\/strong>), con il relativo Student Center cattolico, all\u2019interno della quale operano con il loro apostolato le <strong>Apostole della Vita Interiore<\/strong>, consacrate che collaborano anche con la Parrocchia Universitaria dell\u2019Aquila. <strong>Don Federico<\/strong> \u00e8 ospite nella canonica della Parrocchia, dove vivono il parroco <strong>father Will Straten<\/strong>, ed il viceparroco <strong>father Fernando Ricaud<\/strong>, presbiteri diocesani. Gli 11 ragazzi del gruppo sono ospiti di tre famiglie della parrocchia.<\/p>\n\n\n\n<p><strong>Marted\u00ec 16 settembre <\/strong>\u2013 Visita al Campus universitario, guidati da studenti locali, e al Centro cattolico per gli studenti, il <strong>St. Mary\u2019s<\/strong>, che quotidianamente accoglie centinaia di giovani universitari con sale studio, spazi di socialit\u00e0 e ricreativi, occasioni di crescita umana e spirituale, luoghi e momenti di preghiera. Alle 17:30 la Messa feriale a <strong>St. Mary\u2019s<\/strong>, nella nuova chiesa costruita due anni fa, che attualmente dispone di circa 1600 posti a sedere (mediamente ogni giorno partecipano alla Messa feriale circa 300-400 ragazzi). Nella chiesa antica di St. Mary\u2019s, vicino alla nuova, si tiene ogni giorno l\u2019adorazione eucaristica da mattina a sera, con giovani che si alternano nella preghiera, con un turno settimanale di un\u2019ora di adorazione. Alle 19:00 il gruppo aquilano partecipa ad uno degli incontri del percorso <strong>OCIA<\/strong>, cio\u00e8 il percorso di catecumenato per giovani non battezzati o non cattolici che chiedono di ricevere i sacramenti dell\u2019iniziazione cristiana (se non cristiani) o di completarla (se di altre confessioni cristiane, soprattutto di matrice protestante). In questi ultimi anni, ogni anno almeno un centinaio di giovani chiede di entrare a far parte della <strong>Chiesa cattolica<\/strong>.<\/p>\n\n\n\n<p><strong>Mercoled\u00ec 17 settembre <\/strong>\u2013 Giornata ad <strong>Austin<\/strong>, capitale del Texas, in visita all\u2019<strong>University of Texas<\/strong>, guidati da studenti locali, e poi visita dell\u2019<strong>University Catholic Center<\/strong>, con Messa e pranzo con gli studenti del Centro. Nel pomeriggio, visita in citt\u00e0, al <strong>Capitol Building<\/strong> e, successivamente, alla stupenda realt\u00e0 del <strong>Community First Village<\/strong>, villaggio in cui, ai senza tetto che lo desiderano, dopo un cammino di accompagnamento, \u00e8 data la possibilit\u00e0 di trovare una casa, un lavoro e vivere in comunit\u00e0.<\/p>\n\n\n\n<p><strong>Gioved\u00ec 18 settembre<\/strong> &#8211; I nostri giovani universitari dell\u2019Aquila vivono un <em>\u201cDay-in- the- life paired up with American students\u201d<\/em>, cio\u00e8 sono abbinati ciascuno con uno studente della <strong>Texas A&amp;M<\/strong>, in base al proprio corso di studi, frequentando le lezioni e visitando laboratori e dipartimenti affini al proprio percorso accademico. Nella serata i nostri giovani, ognuno nelle proprie famiglie ospitanti, ha preparato una cena italiana.<\/p>\n\n\n\n<p><strong>Venerd\u00ec 19 settembre <\/strong>\u2013 Giornata a <strong>Houston<\/strong>: il gruppo dell\u2019Aquila visita il <strong>centro spaziale NASA<\/strong>.<\/p>\n\n\n\n<p><strong>Sabato 20 settembre <\/strong>\u2013 Alle 11:00 la Messa celebrata da <strong>don Federico<\/strong> nella Parrocchia italiana di St. Anthony\u2019s a <strong>Bryan<\/strong>, citt\u00e0 accanto a <strong>College Station<\/strong>. La gran parte dei parrocchiani sono di origine siciliana, ma non parlano pi\u00f9 l\u2019italiano. Dopo la Messa il pranzo preparato dalla Parrocchia e dal diacono permanente <strong>Bill<\/strong>, architetto di origini palermitane, a base di <em>sfincione<\/em> palermitano, corleonese e cannoli siciliani. Nel pomeriggio, benedizione di don Federico al <strong>Festival Italiano<\/strong> che annualmente si tiene a <strong>Bryan<\/strong> (https:\/\/www.destinationbryan.com\/festa-italiana\/). In serata, presso la casa delle <strong>Apostole,<\/strong> evento di <em>\u201cItalian Cooking\u201d<\/em> con studenti da <strong>St. Mary\u2019s<\/strong> che, guidati dai nostri giovani, hanno preparato e consumato insieme cibi italiani, e poi trascorso la serata cantando musica italiana e americana.<\/p>\n\n\n\n<p><strong>Domenica 21 settembre <\/strong>\u2013 Alle 8:45 Messa a St. Mary\u2019s. Alla prima Messa domenicale sono presenti circa 2000 persone, come ogni domenica. Poi la partenza per <strong>San Antonio<\/strong>, dove il gruppo aquilano \u00e8 rimasto fino al 23 mattina, anche l\u00ec ospiti di famiglie della <strong>Parrocchia della Santissima Trinit\u00e0<\/strong>, di cui \u00e8 originaria una delle Apostole. Quindi la visita al downtown di San Antonio, con i resti della <strong>fortezza di Alamo<\/strong> ed il <strong>Riverwalk<\/strong>.<\/p>\n\n\n\n<p><strong>Marted\u00ec 23 settembre <\/strong>\u2013 Partenza da San Antonio per <strong>Caldwell<\/strong>, dove il gruppo degli universitari aquilani trascorre la giornata presso il ranch di una famiglia messicana, <strong>Jorge<\/strong> e <strong>Beatriz Zermeno<\/strong>. Un ranch di circa 1600 ettari, dove annualmente vengono allevati a pascolo circa 1000 vitelli da carne. Il gruppo \u00e8 ospitato, con pranzo messicano, in un salone nuovo di zecca, realizzato per eventi e cerimonie. L\u00e0 nel salone \u00e8 stata celebrata la Messa con la famiglia ospitante. Al rientro, momento di condivisione dei giovani italiani sull\u2019esperienza vissuta. Dalle riflessioni condivise dai giovani universitari del gruppo dell\u2019Aquila ecco un significativo sintetico florilegio.<\/p>\n\n\n\n<p>\u201c<em>In questi giorni abbiamo <\/em><em>alternato le migliori risate alle riflessioni pi\u00f9 serie ed impegnative\u201d.<\/em><\/p>\n\n\n\n<p>\u201c<em>Mi sono sentito a casa a migliaia di chilometri di distanza dalla mia famiglia, in particolare grazie agli italoamericani di origine abruzzese\u201d.<\/em><\/p>\n\n\n\n<p>\u201c<em>Chi ci ha ospitato vedeva in noi non solo persone da accogliere, perch\u00e9 era mosso da un amore trascendente, non ordinario\u201d.<\/em><\/p>\n\n\n\n<p>\u201c<em>Sono stato provocato positivamente nella mia fede, soprattutto dal senso di comunit\u00e0 respirato al St. Mary\u2019s Centre e dalla gratuit\u00e0 dell\u2019amore ricevuto\u201d.<\/em><\/p>\n\n\n\n<p>\u201c<em>Ho visto la realt\u00e0 superare le mie aspettative, perch\u00e9 ho potuto confrontarmi con modi diversi di vivere la fede, la famiglia, l\u2019universit\u00e0\u201d.<\/em><\/p>\n\n\n\n<p>\u201c<em>Le porte e i cuori che in molti ci hanno aperto sono frutto di una fede vissuta \u2018carnalmente\u2019 \u201c.<\/em><\/p>\n\n\n\n<p>\u201c<em>Partendo, sono andato oltre le mie paure, e oggi mi accorgo che ne \u00e8 valsa davvero la pena, perch\u00e9 questa esperienza lascer\u00e0 ricordi indelebili in me\u201d.<\/em><\/p>\n\n\n\n<p>\u201c<em>Il nostro viaggio, anche in mezzo a qualche disavventura, ha avuto una svolta dalla capacit\u00e0 di aiutarsi reciprocamente, ciascuno con ci\u00f2 che poteva e sapeva fare\u201d.<\/em><\/p>\n\n\n\n<p>\u201c<em>Le premesse di questo viaggio erano tutte negative, ma ho ricevuto man mano tutto ci\u00f2 di cui avevo davvero bisogno\u201d.<\/em><\/p>\n\n\n\n<p>\u201c<em>Mi sono sorpreso di come, nonostante le difficolt\u00e0 dovute alla lingua, sono riuscito a comunicare in modo bello con le persone con cui sono stato in contatto in questi giorni\u201d.<\/em><\/p>\n\n\n\n<p>\u201c<em>Rispetto ad una precedente esperienza fatta negli USA, ho potuto cogliere il cammino di crescita che il Signore mi ha fatto fare in questi anni, e anche quanto di bello il Signore ci ha donato attraverso questo popolo che ci ha accolto\u201d.<\/em><\/p>\n\n\n\n<p>\u201c<em>Sono stato provocato fortemente dalla intensa vita di preghiera dei giovani di St. Mary, che scandiscono la loro quotidianit\u00e0 attraverso una profonda cura della relazione con il Signore\u201d.<\/em><\/p>\n\n\n\n<p><strong>Mercoled\u00ec 24 settembre <\/strong>\u2013 Alle 8:30 <strong>don Federico<\/strong> celebra Messa nella cappella della <strong>Casa delle Apostole<\/strong>, con loro, i nostri giovani e le famiglie ospitanti. Ringraziamenti e saluti, non senza forti emozioni e commozione per l\u2019esperienza vissuta in <strong>Texas<\/strong> davvero in fraternit\u00e0. Alle 15:30 la partenza del volo Delta da Houston ad Amsterdam e quindi per Roma Fiumicino. Tutto bene il viaggio, le giornate e il rientro a L\u2019Aquila. <strong>Deo gratias<\/strong>!<\/p>\n\n\n\n<p><\/p>\n","protected":false},"excerpt":{"rendered":"<p>L\u2019AQUILA \u2013 Settembre, andiamo, \u00e8 tempo di migrare! Siamo infatti andati dall\u2019Aquila, da dove iniziava il Tratturo Magno, ma non [&hellip;]<\/p>\n","protected":false},"author":1,"featured_media":0,"comment_status":"open","ping_status":"open","sticky":false,"template":"","format":"standard","meta":{"footnotes":""},"categories":[10,15,42],"tags":[],"class_list":["post-80484","post","type-post","status-publish","format-standard","hentry","category-italiano","category-italiani-allestero","category-religion"],"_links":{"self":[{"href":"https:\/\/www.ecoitaliano.com.ar\/index.php?rest_route=\/wp\/v2\/posts\/80484","targetHints":{"allow":["GET"]}}],"collection":[{"href":"https:\/\/www.ecoitaliano.com.ar\/index.php?rest_route=\/wp\/v2\/posts"}],"about":[{"href":"https:\/\/www.ecoitaliano.com.ar\/index.php?rest_route=\/wp\/v2\/types\/post"}],"author":[{"embeddable":true,"href":"https:\/\/www.ecoitaliano.com.ar\/index.php?rest_route=\/wp\/v2\/users\/1"}],"replies":[{"embeddable":true,"href":"https:\/\/www.ecoitaliano.com.ar\/index.php?rest_route=%2Fwp%2Fv2%2Fcomments&post=80484"}],"version-history":[{"count":1,"href":"https:\/\/www.ecoitaliano.com.ar\/index.php?rest_route=\/wp\/v2\/posts\/80484\/revisions"}],"predecessor-version":[{"id":80506,"href":"https:\/\/www.ecoitaliano.com.ar\/index.php?rest_route=\/wp\/v2\/posts\/80484\/revisions\/80506"}],"wp:attachment":[{"href":"https:\/\/www.ecoitaliano.com.ar\/index.php?rest_route=%2Fwp%2Fv2%2Fmedia&parent=80484"}],"wp:term":[{"taxonomy":"category","embeddable":true,"href":"https:\/\/www.ecoitaliano.com.ar\/index.php?rest_route=%2Fwp%2Fv2%2Fcategories&post=80484"},{"taxonomy":"post_tag","embeddable":true,"href":"https:\/\/www.ecoitaliano.com.ar\/index.php?rest_route=%2Fwp%2Fv2%2Ftags&post=80484"}],"curies":[{"name":"wp","href":"https:\/\/api.w.org\/{rel}","templated":true}]}}