{"id":80536,"date":"2025-10-11T09:08:15","date_gmt":"2025-10-11T09:08:15","guid":{"rendered":"https:\/\/www.ecoitaliano.com.ar\/?p=80536"},"modified":"2025-10-11T09:08:41","modified_gmt":"2025-10-11T09:08:41","slug":"sfruttamento-la-vergogna-del-made-in-italy-quando-il-lusso-si-veste-da-sinistra-e-puzza-di-ipocrisia","status":"publish","type":"post","link":"https:\/\/www.ecoitaliano.com.ar\/?p=80536","title":{"rendered":"Sfruttamento, la vergogna del made in Italy: quando il lusso si veste da sinistra e puzza di ipocrisia"},"content":{"rendered":"\n<p><em>di Carlo Di Stanislao\u00a0<\/em><\/p>\n\n\n<div class=\"wp-block-image\">\n<figure class=\"aligncenter size-full\"><a href=\"http:\/\/www.ecoitaliano.com.ar\/wp-content\/uploads\/2025\/09\/descarga-2.jpeg\"><img decoding=\"async\" width=\"225\" height=\"225\" src=\"http:\/\/www.ecoitaliano.com.ar\/wp-content\/uploads\/2025\/09\/descarga-2.jpeg\" alt=\"\" class=\"wp-image-79976\" srcset=\"https:\/\/www.ecoitaliano.com.ar\/wp-content\/uploads\/2025\/09\/descarga-2.jpeg 225w, https:\/\/www.ecoitaliano.com.ar\/wp-content\/uploads\/2025\/09\/descarga-2-150x150.jpeg 150w\" sizes=\"(max-width: 225px) 100vw, 225px\" \/><\/a><\/figure><\/div>\n\n\n<blockquote class=\"wp-block-quote is-layout-flow wp-block-quote-is-layout-flow\">\n<p><em>\u201cNon esistono mani invisibili che creano ricchezza: esistono mani invisibili che cuciono miseria.\u201d<br>\u2014 Karl Marx (rivisitato)<\/em><\/p>\n<\/blockquote>\n\n\n\n<p><strong>di Carlo Di Stanislao&nbsp;<\/strong><\/p>\n\n\n\n<p>C\u2019\u00e8 qualcosa di marcio nel regno del lusso italiano. E non \u00e8 solo la puzza del cuoio lavorato a nero. \u00c8 la puzza dell\u2019ipocrisia. L\u2019Italia che esporta eleganza e stile in tutto il mondo continua a importare miseria, sfruttamento e silenzio. L\u2019ultimo caso? Tod\u2019s. Ma non \u00e8 solo Tod\u2019s. \u00c8 un intero sistema, un modo di pensare, un vizio nazionale che confonde l\u2019immagine con la morale e la beneficenza con la redenzione.<\/p>\n\n\n\n<p>Dopo Armani, Dior, Alviero Martini e Loro Piana, ora tocca a Della Valle. Il marchio del mocassino di pelle, simbolo di italianit\u00e0 impeccabile, \u00e8 finito nel mirino della magistratura per grave sfruttamento lavorativo. La solita storia: appalti, subappalti, laboratori fantasma, lavoratori trattati come pezzi di ricambio. Il \u201cmade in Italy\u201d continua a essere \u201cmade in sweatshops\u201d, cucito col sudore di chi non compare mai negli spot pubblicitari.<\/p>\n\n\n\n<h3 class=\"wp-block-heading\"><strong>Il lusso che sfrutta e si autoassolve<\/strong><\/h3>\n\n\n\n<p>Ogni volta, la sceneggiatura \u00e8 la stessa. Scoppia l\u2019indagine, le aziende si dicono \u201cesterrefatte\u201d, promettono \u201ccollaborazione con la magistratura\u201d e si trincerano dietro la frase magica:&nbsp;<em>non lo sapevamo<\/em>.<br>Non lo sapevano che i fornitori tagliavano i costi sulla pelle delle persone.<br>Non lo sapevano che la manodopera era sottopagata e invisibile.<br>Non lo sapevano che dietro il mocassino da 700 euro c\u2019era un lavoratore che guadagna 4 euro l\u2019ora.<\/p>\n\n\n\n<p>Eppure i bilanci parlano chiaro, e i margini pure. Se paghi poco la filiera e vendi a peso d\u2019oro, la matematica del profitto \u00e8 semplice: qualcuno viene schiacciato.<br>La verit\u00e0 \u00e8 che non solo lo sanno, ma lo accettano. \u00c8 la regola del lusso globalizzato: si produce miseria per vendere sogni. Si fabbrica ingiustizia per incartarla nel velluto.<\/p>\n\n\n\n<p>Il \u201ccapitalismo della reputazione\u201d vive cos\u00ec: compra un\u2019immagine e rivendila come etica. \u00c8 un sistema perfetto, lucido, legalmente ineccepibile. Ma moralmente indecente.<\/p>\n\n\n\n<h3 class=\"wp-block-heading\"><strong>Il danno d\u2019immagine? Lo pagano sempre i piccoli<\/strong><\/h3>\n\n\n\n<p>Il professor Luca Poma, esperto di&nbsp;<em>Reputation Management<\/em>, ha parlato di \u201cdanno incalcolabile\u201d per Tod\u2019s.<br>Ma chi lo paga, davvero?<br>Non certo la famiglia Della Valle, che rester\u00e0 seduta sul suo impero, protetta da comunicati stampa e avvocati di grido.<br>Lo pagano i piccoli. Gli artigiani veri, quelli che rispettano le regole e che non possono competere con chi lavora in nero.<br>Lo pagano i lavoratori, che perdono diritti e dignit\u00e0.<br>Lo pagano i consumatori onesti, che scoprono di aver speso una fortuna per indossare la vergogna altrui.<\/p>\n\n\n\n<p>E lo paga l\u2019Italia intera, che perde ogni volta un pezzo della propria credibilit\u00e0.<br>Perch\u00e9 non \u00e8 un \u201cdanno reputazionale\u201d. \u00c8 un danno morale. Un fallimento etico che non si cancella con una donazione a un ospedale o una fondazione benefica.<\/p>\n\n\n\n<h3 class=\"wp-block-heading\"><strong>Il progressismo di facciata<\/strong><\/h3>\n\n\n\n<p>Ma il vero capolavoro dell\u2019ipocrisia italiana \u00e8 un altro: quello del&nbsp;<em>capitalismo progressista<\/em>.<br>Quello che si veste da sinistra, ma conta i profitti come un banchiere svizzero.<br>Quello che parla di \u201cvalori umani\u201d, ma taglia il costo del lavoro.<br>Quello che si commuove per gli operai solo quando servono per una campagna di marketing.<\/p>\n\n\n\n<p>E qui entra in scena&nbsp;<strong>Della Valle<\/strong>.<br>S\u00ec, proprio lui, il self-made man di Casette d\u2019Ete, il patriota delle scarpe firmate, l\u2019imprenditore \u201cilluminato\u201d che si atteggia a voce morale del Paese. Uno che ha finanziato restauri, parlato di etica, invocato \u201cun capitalismo pi\u00f9 umano\u201d.<br>Peccato che sotto la superficie del moralismo patinato si nasconda la stessa logica spietata che regola tutto il sistema: massimizzare i profitti e minimizzare le responsabilit\u00e0.<\/p>\n\n\n\n<p>Come se non bastasse, Della Valle \u00e8 anche quello che ama presentarsi come \u201cprogressista\u201d, vicino a certi ambienti della sinistra colta, del pensiero etico, della \u201csolidariet\u00e0\u201d.<br>Il \u201cprogressista col mocassino d\u2019oro\u201d.<br>La sinistra del cachemire.<br>Un paradosso vivente: parlare di giustizia sociale mentre si arricchisce con le disuguaglianze.<\/p>\n\n\n\n<h3 class=\"wp-block-heading\"><strong>I fratelli Benetton: comunisti da passerella<\/strong><\/h3>\n\n\n\n<p>E non \u00e8 il solo. I fratelli&nbsp;<strong>Benetton<\/strong>, anche loro, per decenni si sono raccontati come gli \u201camici dei comunisti\u201d, i progressisti dell\u2019imprenditoria veneta.<br>Campagne pubblicitarie \u201csociali\u201d, messaggi universali, arcobaleni, multiculturalismo e tolleranza.<br>Ma dietro i manifesti colorati, le magliette \u201cUnited Colors\u201d e le lezioni di umanit\u00e0, c\u2019era lo stesso capitalismo predatorio che ha fatto piangere i lavoratori di Autostrade, i dipendenti della ristorazione, i fornitori africani sfruttati nella filiera tessile.<\/p>\n\n\n\n<p>Altro che \u201csinistra del lavoro\u201d. Era la sinistra del profitto.<br>La sinistra che parla di giustizia, ma firma bilanci milionari.<br>La sinistra che cita Marx nei convegni e licenzia in silenzio.<\/p>\n\n\n\n<p>\u00c8 la sinistra del lusso: quella che si commuove solo davanti a un tappeto rosso.<\/p>\n\n\n\n<h3 class=\"wp-block-heading\"><strong>Il Paese del doppio registro morale<\/strong><\/h3>\n\n\n\n<p>L\u2019Italia \u00e8 un Paese di doppi registri.<br>Da un lato celebra il \u201clavoro\u201d come valore fondante, dall\u2019altro lo umilia ogni giorno.<br>Premia chi sfrutta e punisce chi resiste.<br>Incensa chi \u201ccrea valore\u201d ma ignora chi crea il prodotto.<br>\u00c8 un Paese che parla di artigianato e poi lo sostituisce con manodopera clandestina, che predica l\u2019etica ma vive di evasione, che chiama \u201cinnovazione\u201d la delocalizzazione.<\/p>\n\n\n\n<p>Il&nbsp;<em>made in Italy<\/em>&nbsp;\u00e8 diventato un mito tossico.<br>Dietro ogni borsa, ogni giacca, ogni profumo, c\u2019\u00e8 una filiera di bugie e di sudore.<br>Una costruzione narrativa pi\u00f9 che produttiva.<br>Una fiction economica in cui l\u2019unico ingrediente vero \u00e8 la disuguaglianza.<\/p>\n\n\n\n<p>E la politica? Muta.<br>Ogni volta promette \u201ccontrolli severi\u201d, ma taglia i fondi all\u2019ispettorato del lavoro.<br>Ogni volta si indigna per un giorno e poi si siede a cena con gli stessi imprenditori sotto accusa.<\/p>\n\n\n\n<p>L\u2019Italia ha un vizio antico: si scandalizza solo fino all\u2019aperitivo.<\/p>\n\n\n\n<h3 class=\"wp-block-heading\"><strong>Il silenzio dei media e la complicit\u00e0 dei consumatori<\/strong><\/h3>\n\n\n\n<p>Poi ci sono i media, che si indignano a comando.<br>Finch\u00e9 la notizia fa clic, si parla di \u201csfruttamento\u201d.<br>Quando l\u2019attenzione cala, tornano le copertine glamour, le interviste zuccherose, le sfilate e i sorrisi.<\/p>\n\n\n\n<p>E infine ci siamo noi.<br>I consumatori complici.<br>Quelli che vogliono la borsa di Tod\u2019s o la giacca Loro Piana \u201cperch\u00e9 \u00e8 un investimento\u201d.<br>Quelli che sanno ma fanno finta di non sapere.<br>Quelli che si indignano per mezz\u2019ora e poi comprano online.<\/p>\n\n\n\n<p>Ogni volta che acquistiamo senza chiederci da dove viene ci\u00f2 che compriamo, alimentiamo il sistema.<br>Il vero potere non \u00e8 nei tribunali, ma nei portafogli.<br>E noi, invece di boicottare, premiamo.<br>Invece di ribellarci, collezioniamo.<br>Siamo il carburante morale di questo capitalismo ipocrita.<\/p>\n\n\n\n<h3 class=\"wp-block-heading\"><strong>Il lusso come malattia morale<\/strong><\/h3>\n\n\n\n<p>Ci hanno venduto il lusso come simbolo di successo.<br>Ma oggi il lusso \u00e8 una malattia morale.<br>\u00c8 la febbre di un Paese che non sa pi\u00f9 distinguere il valore dal prezzo.<br>Un virus che infetta la coscienza collettiva e paralizza l\u2019empatia.<\/p>\n\n\n\n<p>Dietro ogni passerella, c\u2019\u00e8 un muro di silenzi.<br>Dietro ogni vetrina, c\u2019\u00e8 una catena invisibile.<br>Dietro ogni sorriso di un testimonial, c\u2019\u00e8 una fabbrica che non esiste nelle mappe fiscali.<\/p>\n\n\n\n<p>Il lusso \u00e8 diventato la nuova religione italiana: ci crediamo anche se sappiamo che \u00e8 falsa.<br>E il suo dio non \u00e8 il talento, ma il margine di profitto.<\/p>\n\n\n\n<h3 class=\"wp-block-heading\"><strong>La colpa, non la scusa<\/strong><\/h3>\n\n\n\n<p>Non serve un altro codice etico o un\u2019altra fondazione filantropica.<br>Serve una parola che nessuno osa pi\u00f9 pronunciare:&nbsp;<strong>colpa<\/strong>.<br>Colpa di chi sfrutta.<br>Colpa di chi finge di non sapere.<br>Colpa di chi indossa il silenzio come accessorio.<\/p>\n\n\n\n<p>Finch\u00e9 le aziende continueranno a dire \u201cnon lo sapevamo\u201d, niente cambier\u00e0.<br>Finch\u00e9 i \u201cprogressisti del lusso\u201d continueranno a definirsi morali, il marcio rester\u00e0 sotto il tappeto.<br>Finch\u00e9 i consumatori continueranno a comprare per sentirsi migliori, nessuno smetter\u00e0 di sfruttare.<\/p>\n\n\n\n<p>Non basta cambiare linguaggio: bisogna cambiare coscienza.<br>E forse, per farlo, dovremmo smettere di credere che il&nbsp;<em>made in Italy<\/em>&nbsp;sia sinonimo di virt\u00f9.<\/p>\n\n\n\n<p>Perch\u00e9 la bellezza non pu\u00f2 nascere dal dolore.<br>E la vera eleganza non ha bisogno di schiavi.<\/p>\n\n\n\n<hr class=\"wp-block-separator has-alpha-channel-opacity\"\/>\n\n\n\n<blockquote class=\"wp-block-quote is-layout-flow wp-block-quote-is-layout-flow\">\n<p><strong>\u201cIl lusso \u00e8 diventato il profumo della povert\u00e0 altrui\u00bb<\/strong>-Italo Nostromo&nbsp;<\/p>\n<\/blockquote>\n\n\n\n<p><em><strong>Tutte l\u2019opinioni versati nel sito correspondono solo a chi la manifesta. Non e necessariamente l\u2019opinione della Direzione<\/strong><\/em><\/p>\n\n\n\n<p><\/p>\n","protected":false},"excerpt":{"rendered":"<p>di Carlo Di Stanislao\u00a0 \u201cNon esistono mani invisibili che creano ricchezza: esistono mani invisibili che cuciono miseria.\u201d\u2014 Karl Marx (rivisitato) [&hellip;]<\/p>\n","protected":false},"author":1,"featured_media":0,"comment_status":"open","ping_status":"open","sticky":false,"template":"","format":"standard","meta":{"footnotes":""},"categories":[10,35],"tags":[],"class_list":["post-80536","post","type-post","status-publish","format-standard","hentry","category-italiano","category-opiniones"],"_links":{"self":[{"href":"https:\/\/www.ecoitaliano.com.ar\/index.php?rest_route=\/wp\/v2\/posts\/80536","targetHints":{"allow":["GET"]}}],"collection":[{"href":"https:\/\/www.ecoitaliano.com.ar\/index.php?rest_route=\/wp\/v2\/posts"}],"about":[{"href":"https:\/\/www.ecoitaliano.com.ar\/index.php?rest_route=\/wp\/v2\/types\/post"}],"author":[{"embeddable":true,"href":"https:\/\/www.ecoitaliano.com.ar\/index.php?rest_route=\/wp\/v2\/users\/1"}],"replies":[{"embeddable":true,"href":"https:\/\/www.ecoitaliano.com.ar\/index.php?rest_route=%2Fwp%2Fv2%2Fcomments&post=80536"}],"version-history":[{"count":1,"href":"https:\/\/www.ecoitaliano.com.ar\/index.php?rest_route=\/wp\/v2\/posts\/80536\/revisions"}],"predecessor-version":[{"id":80537,"href":"https:\/\/www.ecoitaliano.com.ar\/index.php?rest_route=\/wp\/v2\/posts\/80536\/revisions\/80537"}],"wp:attachment":[{"href":"https:\/\/www.ecoitaliano.com.ar\/index.php?rest_route=%2Fwp%2Fv2%2Fmedia&parent=80536"}],"wp:term":[{"taxonomy":"category","embeddable":true,"href":"https:\/\/www.ecoitaliano.com.ar\/index.php?rest_route=%2Fwp%2Fv2%2Fcategories&post=80536"},{"taxonomy":"post_tag","embeddable":true,"href":"https:\/\/www.ecoitaliano.com.ar\/index.php?rest_route=%2Fwp%2Fv2%2Ftags&post=80536"}],"curies":[{"name":"wp","href":"https:\/\/api.w.org\/{rel}","templated":true}]}}