{"id":80538,"date":"2025-10-11T09:52:24","date_gmt":"2025-10-11T09:52:24","guid":{"rendered":"https:\/\/www.ecoitaliano.com.ar\/?p=80538"},"modified":"2025-10-11T09:52:48","modified_gmt":"2025-10-11T09:52:48","slug":"al-via-la-nuova-rassegna-teatrale-%f0%9d%90%82%f0%9d%90%88%f0%9d%90%93%f0%9d%90%93a-%f0%9d%90%83%f0%9d%90%88-%f0%9d%90%8d%f0%9d%90%84%f0%9d%90%93%f0%9d%90%93%f0%9d%90%94%f0%9d%90%8d","status":"publish","type":"post","link":"https:\/\/www.ecoitaliano.com.ar\/?p=80538","title":{"rendered":"AL VIA LA NUOVA RASSEGNA TEATRALE \u201c\ud835\udc02\ud835\udc08\ud835\udc13\ud835\udc13\u00c0 \ud835\udc03\ud835\udc08 \ud835\udc0d\ud835\udc04\ud835\udc13\ud835\udc13\ud835\udc14\ud835\udc0d\ud835\udc0e\u201d \u2013 \ud835\udc04\ud835\udc1d\ud835\udc22\ud835\udc33\ud835\udc22\ud835\udc28\ud835\udc27\ud835\udc1e \ud835\udfd0\ud835\udfce\ud835\udfd0\ud835\udfd3\/\ud835\udfd0\ud835\udfd4!\u00a0\u00a0Citt\u00e0 di Nettuno"},"content":{"rendered":"<div class=\"wp-block-image\">\n<figure class=\"aligncenter size-large is-resized\"><a href=\"http:\/\/www.ecoitaliano.com.ar\/wp-content\/uploads\/2025\/10\/Manifesto-Festival-Nettuno.jpg\"><img decoding=\"async\" width=\"791\" height=\"1024\" src=\"http:\/\/www.ecoitaliano.com.ar\/wp-content\/uploads\/2025\/10\/Manifesto-Festival-Nettuno-791x1024.jpg\" alt=\"\" class=\"wp-image-80539\" style=\"width:401px;height:auto\" srcset=\"https:\/\/www.ecoitaliano.com.ar\/wp-content\/uploads\/2025\/10\/Manifesto-Festival-Nettuno-791x1024.jpg 791w, https:\/\/www.ecoitaliano.com.ar\/wp-content\/uploads\/2025\/10\/Manifesto-Festival-Nettuno-232x300.jpg 232w, https:\/\/www.ecoitaliano.com.ar\/wp-content\/uploads\/2025\/10\/Manifesto-Festival-Nettuno-768x994.jpg 768w, https:\/\/www.ecoitaliano.com.ar\/wp-content\/uploads\/2025\/10\/Manifesto-Festival-Nettuno-1187x1536.jpg 1187w, https:\/\/www.ecoitaliano.com.ar\/wp-content\/uploads\/2025\/10\/Manifesto-Festival-Nettuno-116x150.jpg 116w, https:\/\/www.ecoitaliano.com.ar\/wp-content\/uploads\/2025\/10\/Manifesto-Festival-Nettuno.jpg 1236w\" sizes=\"(max-width: 791px) 100vw, 791px\" \/><\/a><\/figure><\/div>\n\n\n<p><strong>COMUNICATO STAMPA<\/strong><\/p>\n\n\n\n<h3 class=\"wp-block-heading\">\u201cCitt\u00e0 di Nettuno\u201d: Al Via il Festival Interregionale UILT 2025\/2026<\/h3>\n\n\n\n<p><strong>NETTUNO, 5 ottobre 2025<\/strong> \u2013 Si \u00e8 tenuta ieri, presso il <strong>Teatro Studio 8 di Nettuno<\/strong>, la conferenza stampa ufficiale di presentazione della <strong>II Edizione del Concorso Teatrale \u201cCitt\u00e0 di Nettuno\u201d<\/strong>, evento di punta del <strong>Festival Interregionale U.I.L.T. Centro Italia<\/strong>, che coinvolge le regioni Lazio, Abruzzo, Marche, Toscana e Umbria. <strong>Con il Patrocinio e il contributo del Comune di Nettuno<\/strong>, a testimonianza dell\u2019importanza che l\u2019amministrazione locale attribuisce alla promozione della cultura e del teatro come strumenti di crescita sociale e identitaria.<\/p>\n\n\n\n<p>L\u2019incontro ha rappresentato un momento di grande significato culturale e sociale, sottolineando l&#8217;importanza del teatro come strumento di crescita collettiva, partecipazione e identit\u00e0 territoriale.<\/p>\n\n\n\n<p>A guidare l\u2019incontro sono stati <strong>Giampiero Bonomo<\/strong>, presidente dell\u2019associazione <strong>Liberi Teatranti &amp; Teatranti A.P.S.<\/strong>, e <strong>Stefania Zuccari<\/strong>, presidente della <strong>U.I.L.T. Lazio<\/strong>, che hanno illustrato le linee guida dell\u2019edizione 2025\/2026: dalle <strong>15 compagnie<\/strong> selezionate su 50 candidature ricevute, al calendario degli spettacoli, fino alle numerose novit\u00e0 in programma.<\/p>\n\n\n\n<p>In sala erano presenti <strong>giornalisti, operatori culturali, appassionati e cittadini<\/strong>, testimoniando un coinvolgimento sempre pi\u00f9 profondo della comunit\u00e0 attorno a un progetto che unisce arte e territorio.<\/p>\n\n\n\n<p><strong>Durante l\u2019evento<\/strong>, oltre agli interventi in presenza, <strong>sono stati trasmessi anche videomessaggi dei Presidenti regionali UILT <\/strong><strong>&#8211;<\/strong><strong> <\/strong><strong>Carmine Ricciardi<\/strong><strong> <\/strong><strong>per l<\/strong><strong>\u2019Abruzzo, <\/strong><strong>Mauro Molinari per<\/strong><strong> <\/strong><strong>le <\/strong><strong>Marche, <\/strong><strong>Stella Paci per la<\/strong><strong> Toscana <\/strong><strong>e Aldo Manuali per l\u2019<\/strong><strong>Umbria<\/strong> &#8211; che hanno voluto far sentire la propria vicinanza e il pieno sostegno al concorso, sottolineando l\u2019importanza della rete interregionale e del lavoro condiviso per la valorizzazione del teatro amatoriale. Tra le 15 compagnie teatrali selezionate, ogni compagnia porter\u00e0 in scena un\u2019opera originale, coinvolgente e di alto livello, frutto di un&#8217;attenta valutazione da parte della commissione UILT.<\/p>\n\n\n\n<p>Molto sentito l\u2019intervento del <strong>regista e attore Gianni Isaia<\/strong>, che far\u00e0 parte della giuria del concorso. Isaia ha espresso entusiasmo per il ritorno, dopo anni, di una rassegna che riporta in scena anche il teatro classico, con una proposta accurata, variegata e di grande valore. \u201cIniziative come questa \u2013 ha dichiarato \u2013 riportano il teatro al centro della vita civile, offrendo al pubblico occasioni di riflessione, emozione e bellezza. Complimenti agli organizzatori e all\u2019amministrazione per aver creduto in questo progetto\u201d.<\/p>\n\n\n\n<p>\ud83d\udcc5 <strong>Il Festival si articoler\u00e0 in due fasi:<\/strong><\/p>\n\n\n\n<p>\u2022 <strong>Ottobre \u2013 Novembre 2025<\/strong><br><strong>\u2022 Gennaio \u2013 Febbraio 2026<\/strong>\ud83c\udf89<\/p>\n\n\n\n<p><strong>Premiazione finale<\/strong>: <strong>1 marzo 2026<\/strong><br>\ud83d\udccd<\/p>\n\n\n\n<p><strong>Teatro Studio 8 \u2013 Nettuno<\/strong> (Via Nettuno-Velletri 8), confermato anche quest\u2019anno come sede centrale della manifestazione.<\/p>\n\n\n\n<p><strong>Le istituzioni in prima linea per la cultura<\/strong><\/p>\n\n\n\n<p>Sul palco sono intervenuti anche i rappresentanti del Comune di Nettuno:<\/p>\n\n\n\n<ul class=\"wp-block-list\">\n<li><strong>Carla Giardiello<\/strong>, Assessore a Sport, Spettacolo, Gemellaggi e Pari Opportunit\u00e0<\/li>\n\n\n\n<li><strong>Roberto Imperato<\/strong>, Assessore a Pubblica Istruzione, Cultura e Politiche Giovanili<\/li>\n<\/ul>\n\n\n\n<p>Entrambi hanno evidenziato il ruolo del teatro come presidio sociale e culturale, capace di <strong>promuovere valori, dialogo e senso di appartenenza<\/strong>. \u201cSostenere la cultura \u2013 ha sottolineato l\u2019Assessore Imperato \u2013 significa investire nel futuro della nostra comunit\u00e0. Il teatro \u00e8 un luogo vivo, in cui le storie diventano strumenti di consapevolezza e di crescita\u201d.<\/p>\n\n\n\n<p>L\u2019Assessore Giardiello ha ribadito l\u2019impegno dell\u2019amministrazione nel rendere Nettuno una citt\u00e0 aperta all\u2019arte, in grado di dialogare con il panorama nazionale e di accogliere con orgoglio manifestazioni di rilievo come questa.<\/p>\n\n\n\n<p>A testimonianza del coinvolgimento della cittadinanza, <strong>un partecipante tra il pubblico ha voluto prendere la parola<\/strong>, rivolgendosi direttamente all\u2019Assessore <strong>Carla Giardiello<\/strong>, per sottolineare l&#8217;importanza di <strong>coinvolgere in modo strutturato le scuole e le nuove generazioni<\/strong> in un percorso di avvicinamento al teatro.<\/p>\n\n\n\n<p>\u00ab<strong>Educare al teatro significa educare alla sensibilit\u00e0, all&#8217;ascolto, alla bellezza<\/strong>. \u00c8 fondamentale \u2013 ha affermato \u2013 che i ragazzi abbiano l&#8217;opportunit\u00e0 di vivere l\u2019esperienza teatrale non solo come spettatori, ma anche come protagonisti. Solo cos\u00ec si forma un pubblico consapevole e una cittadinanza pi\u00f9 viva culturalmente.\u00bb<\/p>\n\n\n\n<p>A seguire, <strong>Giampiero Bonomo<\/strong> \u00e8 intervenuto ricordando che <strong>gi\u00e0 nella I edizione del concorso era stato attivato un progetto dedicato al coinvolgimento delle scuole<\/strong>, prevedendo la presenza di <strong>studenti in qualit\u00e0 di \u201cgiudici popolari\u201d, con un rappresentante per ogni istituto<\/strong> del territorio.<\/p>\n\n\n\n<p>\u00ab<strong>Ci abbiamo creduto fin dall&#8217;inizio<\/strong> \u2013 ha dichiarato \u2013 <strong>perch\u00e9 siamo convinti che il teatro sia uno strumento educativo potente e necessario per i giovani. Alcune scuole hanno aderito con entusiasmo, ma il percorso non \u00e8 stato semplice. I ragazzi coinvolti inizialmente si sono mostrati curiosi, partecipi, ma col tempo si sono allontanati<\/strong>.<br>Molti di loro, lo dico con amarezza, <strong>non avevano mai messo piede in un teatro n\u00e9 sapevano cosa fosse veramente il teatro<\/strong>. Questo ci deve far riflettere: <strong>non basta proporre, bisogna accompagnare, sostenere, crederci davvero, a partire dalle cariche istituzionali e dai dirigenti scolastici.<\/strong>\u00bb<\/p>\n\n\n\n<p>Proprio per dare un segnale concreto in questa direzione, l\u2019edizione 2025\/2026 del concorso ha voluto pensare ai giovani anche attraverso un riconoscimento speciale:<\/p>\n\n\n\n<p>\u00abGrazie alla generosa iniziativa di <strong>Dora D\u2019Agostino<\/strong>, che ha messo in palio due borse di studio complete, e che abbiamo accolto con entusiasmo riconoscendone il valore e la coerenza con lo spirito del progetto, sono stati istituiti due premi dedicati al talento emergente \u201cUnder 25\u201d: uno per la miglior attrice e uno per il miglior attore giovane.<br>Si tratta di <strong>due borse di studio al 100% per un intero anno accademico, offerte dal Centro Artistico Internazionale \u201cIl Girasole\u201d<\/strong>, un gesto importante di fiducia nei confronti delle nuove generazioni, ma anche un\u2019opportunit\u00e0 reale per chi sogna di fare del teatro una parte della propria vita.<\/p>\n\n\n\n<p>Un intervento sincero e coraggioso, che ha aperto una riflessione profonda su quanto sia urgente <strong>riavvicinare le nuove generazioni alla cultura attraverso azioni condivise e continuative<\/strong>, capaci di creare <strong>un cambiamento reale e duraturo, a partire dalle scuole<\/strong>.<\/p>\n\n\n\n<p>Tra i presenti, anche i rappresentanti dell\u2019associazione <em>Citt\u00e0Insieme<\/em>, con Claudio e Mirella del Consiglio Direttivo, che hanno confermato la volont\u00e0 di <strong>rinnovare fino a luglio 2026 la convenzione con il Teatro Studio 8<\/strong>, grazie alla quale i soci potranno continuare a usufruire di agevolazioni sui biglietti d\u2019ingresso.<\/p>\n\n\n\n<p>Un piccolo ma significativo segnale di come l\u2019impegno culturale possa passare anche attraverso <strong>azioni concrete di sostegno e partecipazione<\/strong>.<\/p>\n\n\n\n<p><strong>Obiettivi del Concorso Teatrale \u201cCitt\u00e0 di Nettuno\u201d<\/strong><\/p>\n\n\n\n<ul class=\"wp-block-list\">\n<li><strong>Valorizzare il teatro amatoriale di qualit\u00e0<\/strong><\/li>\n\n\n\n<li><strong>Favorire lo scambio tra compagnie teatrali del Centro Italia<\/strong><\/li>\n\n\n\n<li><strong>Diffondere la cultura teatrale sul territorio<\/strong><\/li>\n\n\n\n<li><strong>Rafforzare la rete e il senso di comunit\u00e0 all\u2019interno della UILT<\/strong><\/li>\n<\/ul>\n\n\n\n<p>La seconda edizione si preannuncia come un appuntamento imperdibile, capace di <strong>coniugare tradizione e innovazione<\/strong>, offrendo al pubblico un\u2019esperienza culturale autentica, condivisa e profondamente radicata nel territorio.<\/p>\n\n\n\n<p><strong>Nettuno si conferma cos\u00ec citt\u00e0 del teatro, della cultura e della partecipazione.<\/strong><\/p>\n\n\n\n<p><a><\/a> \ud83d\udccc<strong>Primo appuntamento in cartellone: sabato 11 ottobre 2025, ore 21.00<\/strong>, con la brillante commedia <strong>\u201cIl Malato Immaginario\u201d <\/strong>di Moli\u00e8re, portata in scena dalla compagnia <strong>Esperienza Teatro Aps <\/strong>di Latina.<\/p>\n\n\n\n<p>\ud83c\udfad Un classico senza tempo, in tre atti, tra risate, ipocondrie e finti rimedi, per inaugurare al meglio questa nuova stagione teatrale.<br>\ud83c\udfac Regia di <strong>Alfredo Severino<\/strong><br>\ud83d\udccd <strong>Teatro Studio 8 \u2013 Via Nettuno-Velletri 8, Nettuno (RM)<\/strong><br>\ud83d\udcde <strong>Prenotazioni<\/strong>: 351 3555384 \u2013 351 3313926<\/p>\n\n\n\n<p>Un invito aperto a tutta la cittadinanza per iniziare insieme un viaggio fatto di <strong>emozioni, riflessioni e bellezza condivisa<\/strong>, nella convinzione che <strong>il teatro, oggi pi\u00f9 che mai, sia uno spazio terapeutico per l\u2019anima, la mente e la comunit\u00e0.<\/strong> <\/p>\n\n\n\n<p><sup><\/sup> UILT LAZIO APS \u2013 TEATRO STUDIO 8<\/p>\n\n\n\n<p><strong>CONCORSO TEATRALE \u201cCITT\u00c0 DI NETTUNO\u201d<\/strong><\/p>\n\n\n\n<p><em>Edizione 2025\/26<\/em><\/p>\n\n\n\n<p><strong>Festival Interregionale U.I.L.T. Centro Italia<\/strong><\/p>\n\n\n\n<p><strong>Unione Italiana Libero Teatro<\/strong><\/p>\n\n\n\n<p><strong>LAZIO <\/strong><strong>\u2022<\/strong><strong> ABRUZZO <\/strong><strong>\u2022<\/strong><strong> MARCHE <\/strong><strong>\u2022<\/strong><strong> TOSCANA <\/strong><strong>\u2022<\/strong><strong> UMBRIA<\/strong><\/p>\n\n\n\n<p><strong>TEATRO STUDIO 8<\/strong><\/p>\n\n\n\n<p><strong>Via Nettuno-Velletri 8 &#8211; Nettuno RM<\/strong><\/p>\n\n\n\n<p>\u2022 <strong>4 ottobre <\/strong><em>PRESENTAZIONE RASSEGNA<\/em><\/p>\n\n\n\n<p>PROGRAMMA<\/p>\n\n\n\n<p><em>ottobre\/novembre<\/em><\/p>\n\n\n\n<p>\u2022 Sabato <strong>11 ottobre <\/strong>ESPERIENZA TEATRO APS | LAZIO <em>Latina<\/em><\/p>\n\n\n\n<p>\u201c<strong>Il malato immaginario\u201d <\/strong>di Moli\u00e8re, regia di Alfredo Severino<\/p>\n\n\n\n<p>\u2022 Sabato <strong>18 ottobre <\/strong>CONTROSPOT APS | ABRUZZO <em>Silvi (Teramo)<\/em><\/p>\n\n\n\n<p><a><\/a> \u201c<strong>A.L.D.I.L.\u00c0.\u201d <\/strong>testo di Francesca Giardiello e regia di Giuseppe Di Simone<\/p>\n\n\n\n<p>\u2022 Sabato <strong>25 ottobre <\/strong>HISPELLUM APS |UMBRIA <em>Spello<\/em> <em>(Perugia)<\/em><\/p>\n\n\n\n<p>\u201c<strong>Miles gloriosus, il soldato fanfarone\u201d <\/strong>di Tito Maccio Plauto<\/p>\n\n\n\n<p>nella trasposizione di Pier Paolo Pasolini (\u201cIl Vantone\u201d) regia di Paolo Gramaccioni<\/p>\n\n\n\n<p>\u2022 Sabato <strong>8 novembre <\/strong>DIVIETO D\u2019AFFISSIONE APS | LAZIO <em>Roma<\/em><\/p>\n\n\n\n<p>\u201c<strong>La strana coppia (al femminile)\u201d <\/strong>di Neil Simon, regia di Erminia Palmieri e Franco Tuba<\/p>\n\n\n\n<p>\u2022 Sabato <strong>15 novembre <\/strong>LE MEZZE FACCE APS | MARCHE <em>Tolentino (Macerata)<\/em><\/p>\n\n\n\n<p>\u201c<strong>D.O.C. &#8211; Avanti il prossimo\u201d<\/strong>, regia di Fabrizio Romagnoli<\/p>\n\n\n\n<p>\u2022 Sabato <strong>22 novembre <\/strong>A.N.D.O.S. Le Rondinelle | LAZIO <em>Nettuno (Roma)<\/em><\/p>\n\n\n\n<p>\u201c<strong>Parcheggio a pagamento\u201d <\/strong>di Italo Conti, regia di Giampiero Bonomo<\/p>\n\n\n\n<p>\u2022 Sabato <strong>29 novembre <\/strong>LUNA NOVA APS | LAZIO <em>Latina<\/em><\/p>\n\n\n\n<p>\u201c<strong>Natale in casa Cupiello\u201d <\/strong>di Eduardo De Filippo, regia di Roberto Becchimanzi<\/p>\n\n\n\n<p><em>gennaio\/febbraio<\/em><\/p>\n\n\n\n<p>\u2022 Sabato <strong>3 gennaio <\/strong>IL TEATRO APS | LAZIO <em>Roma<\/em><\/p>\n\n\n\n<p>\u201c<strong>Sabato, domenica e luned\u00ec\u201d <\/strong>di Eduardo De Filippo, regia di Peppe Cantagallo<\/p>\n\n\n\n<p>\u2022 Sabato <strong>10 gennaio <\/strong>MASQUE PRODUZIONI APS | UMBRIA <em>Foligno<\/em><\/p>\n\n\n\n<p>\u201c<strong>Fino all\u2019alba\u201d<\/strong>, testo e regia di Matteo Angeletti<\/p>\n\n\n\n<p>\u2022 Sabato <strong>17 gennaio <\/strong>I.P.C. INSIEME PER CASO APS | LAZIO <em>Roma<\/em><\/p>\n\n\n\n<p>\u201c<strong>MentalMente (confusi)\u201d<\/strong><\/p>\n\n\n\n<p>testo e regia di Angelo Grieco liberamente tratto dal film \u201cFollemente\u201d<\/p>\n\n\n\n<p>\u2022 Sabato <strong>24 gennaio <\/strong>TEATRO RES 9 | TOSCANA <em>Viareggio (Lucca)<\/em><\/p>\n\n\n\n<p>\u201c<strong>Cyrano de Bergerac. Nella bolla di un nome\u201d <\/strong>adattamento e regia di Luca Orlandi<\/p>\n\n\n\n<p>\u2022 Sabato <strong>31 gennaio <\/strong>CI CREDO ONLUS | MARCHE <em>Macerata<\/em><\/p>\n\n\n\n<p>\u201c<strong>Tre separati e mezzo\u201d <\/strong>testo e regia di Pietro Romagnoli<\/p>\n\n\n\n<p>\u2022 Sabato <strong>7 febbraio <\/strong>COMPAGNIA STABILE DI TRASTEVERE MERRY DEL VAL APS | LAZIO Roma<\/p>\n\n\n\n<p>\u201c<strong>Come si rapina una banca\u201d <\/strong>di Samy Fayad, regia di Pino Lagrasta<\/p>\n\n\n\n<p>\u2022 Domenica <strong>15 febbraio <\/strong>TEATRO IN\u2026STABILE | ABRUZZO <em>Pescara<\/em><\/p>\n\n\n\n<p>\u201c<strong>Il morto sta bene in salute\u201d <\/strong>di Gaetano Di Maio, regia di Carmine Ricciardi<\/p>\n\n\n\n<p>\u2022 Sabato <strong>21 febbraio <\/strong>LIBERI TEATRANTI E TEATRANTI APS | LAZIO <em>Nettuno (Roma)<\/em><\/p>\n\n\n\n<p>\u201c<strong>La fortuna con l&#8217;effe maiuscola\u201d <\/strong>di Eduardo De Filippo e Armando Curcio, regia di Giampiero Bonomo<\/p>\n\n\n\n<p>\u2022 Domenica <strong>1\u00b0 marzo <\/strong><strong>SERATA FINALE | PREMIAZIONE<\/strong><\/p>\n\n\n\n<p><em><u>Spettacoli alle ore 21 (Domenica ore 18)<\/u><\/em><strong> \u2022 <\/strong><strong>Info e prenotazioni: <\/strong><strong>351 3555384 &#8211; 351 3313926<\/strong> <\/p>\n\n\n\n<p><strong>GLI SPETTACOLI IN PROGRAMMA<\/strong><\/p>\n\n\n\n<p>Si parte sabato <strong>11 ottobre<\/strong><strong>: <\/strong>ESPERIENZA TEATRO APS di <em>Latina <\/em>presenta un classico del teatro,<strong> \u201cIl malato immaginario\u201d <\/strong>di Moli\u00e8re, adattamento e regia di Alfredo Severino. Considerato l\u2019incarnazione del teatro in quanto drammaturgo, attore e commediografo, Moli\u00e8re univa la scrittura di opere che criticavano la societ\u00e0 del XVII secolo nei vizi e nell\u2019ipocrisia, alla performance attoriale e alla gestione di una compagnia, influenzando profondamente la tradizione teatrale occidentale, non solo francese. La sua vita \u00e8 stata molto travagliata, fatta di solitudine, malattia e sopraggiunta morte in palcoscenico. Una morte ironica e beffarda lo colse mentre rappresentava per la quarta replica \u201cIl malato immaginario\u201d, l\u2019opera dove si prende gioco dell\u2019ipocondria, della malattia, dei medici con i loro risibili rimedi.<\/p>\n\n\n\n<p><a><\/a> Sabato <strong>18 ottobre<\/strong>viene ospitata la prima compagnia proveniente dall\u2019Abruzzo, CONTROSPOT APS di <em>Silvi (Teramo). <\/em>L\u2019opera <strong>\u201cA.L.D.I.L.\u00c0.\u201d<\/strong> \u2013 testo di Francesca Giardiello con la regia di Giuseppe Di Simone. \u00c8 il racconto della vicenda ultraterrena di Marco, un ragazzo come tanti, di buon cuore ma con un passato tormentato da errori e scelte sbagliate. Risvegliatosi in un luogo non conosciuto e scoperto di essere morto, dovr\u00e0 riuscire ad attraversare un percorso emotivo e avventuroso per accettare la sua condizione e vincere i propri demoni. Ad aiutarlo in questo processo ci sar\u00e0 uno strano soggetto, il Demiurgo, che lo sosterr\u00e0 in un viaggio ultraterreno ricco di forti emozioni, dove ritrover\u00e0 anche Anna, la sua ex ragazza.<\/p>\n\n\n\n<p>Sabato <strong>25 ottobre<\/strong>stavolta dall\u2019Umbria HISPELLUM APS di <em>Spello<\/em> <em>(Perugia) <\/em>presenta una delle pi\u00f9 celebri e divertenti commedie di Tito Maccio Plauto, il<strong>\u201cMiles gloriosus, il soldato fanfarone\u201d<\/strong>, nella trasposizione di Pier Paolo Pasolini (\u201cIl Vantone\u201d), adattamento e regia di Paolo Gramaccioni. Il soldato vanitoso e millantatore Pirgopolinice \u00e8 vittima degli inganni del servo Palestrione. I temi generali sono l\u2019intrigo amoroso e la beffa realizzata tramite l\u2019equivoco dei simillimi. In scena un ricco cast di attori e attrici, in una versione che vuole proporre nuovi spunti d&#8217;indagine e di approfondimento sulla ricezione di opere classiche della letteratura.<\/p>\n\n\n\n<p>Sabato <strong>8 novembre<\/strong>DIVIETO D\u2019AFFISSIONE APS di<em> Roma, <\/em>propone<strong>\u201cLa strana coppia (al femminile)\u201d <\/strong>di Neil Simon, regia di Erminia Palmieri e Franco Tuba. La commedia, che ricordiamo a teatro in interpretazioni celebri, come la coppia Vitti\/Falk e Cardinale\/Fusco, \u00e8 ambientata ai giorni nostri. Quattro amiche si ritrovano regolarmente per giocare a Trivial e condividere le proprie fragilit\u00e0. Le loro nevrosi danno vita a situazioni comiche e conflittuali che riflettono la complessit\u00e0 dell\u2019animo umano. La commedia affronta con ironia temi come amicizia, solitudine, dipendenza affettiva e relazioni disfunzionali. Al centro, la convivenza tra due amiche, due opposti che si attraggono e si respingono. I loro scontri, tanto esilaranti quanto profondi, svelano una verit\u00e0 pi\u00f9 grande: a volte, proprio nelle relazioni pi\u00f9 difficili troviamo lo specchio pi\u00f9 autentico di noi stessi.<\/p>\n\n\n\n<p>Dalle Marchesabato <strong>15 novembre<\/strong>LE MEZZE FACCE APS di <em>Tolentino (Macerata)<\/em>, presentano una divertentissima commedia<strong>\u201cD.O.C. &#8211; Avanti il prossimo\u201d<\/strong>, concepita collettivamente dai membri della compagnia, con la regia di Fabrizio Romagnoli. Un nuovissimo e inedito progetto teatrale, \u00e8 una rielaborazione del testo TOC TOC dell\u2019autore francese Laurent Baffie. Alcuni pazienti affetti da disturbo ossessivo-compulsivo sono invitati, su appuntamento, da un famoso psicologo ma in sala d\u2019aspetto scoprono di avere tutti appuntamento alla medesima ora e che lo psicologo \u00e8 assente. Uno spettacolo tutto da ridere, con una compagnia che si \u00e8 spesso distinta per la messa in scena di spettacoli divertenti e spensierati, alternando dialetto, prosa e musica.<\/p>\n\n\n\n<p>Sabato <strong>22 novembre<\/strong>A.N.D.O.S. Le Rondinelle di <em>Nettuno <\/em>propongono una commedia musicale di Italo Conti,<strong>\u201cParcheggio a pagamento\u201d<\/strong>, con la regia di Giampiero Bonomo. La commedia si svolge all\u2019interno di una casa di cura per anziani, per essere ottimisti, di quart\u2019ordine. Nella rovinosa casa di riposo \u00e8 stato \u201cparcheggiato\u201d il protagonista che trover\u00e0 un modo davvero particolare per avere la meglio sui parenti tornati a visitarlo, ma solo per farsi delegare alla riscossione di un grosso capitale maturato nel corso degli anni in cui \u00e8 rimasto in \u201csosta forzata\u201d. Il finale \u00e8 a sorpresa. La trama, che di fondo ha un tema serio e attuale, \u00e8 trattata con leggerezza e ironia, per far riflettere e sorridere al tempo stesso.<\/p>\n\n\n\n<p>Sabato <strong>29 novembre<\/strong>, Roberto Becchimanzi dirige la compagnia LUNA NOVA APS di <em>Latina<\/em> nel capolavorodi Eduardo De Filippo<strong> \u201cNatale in casa Cupiello\u201d. <\/strong>Lo stesso autore defin\u00ec la commedia \u201cparto trigemino con gravidanza di quattro anni\u201d. Per la prima volta in scena come atto unico nel giorno di Natale del 1931, il testo sub\u00ec numerose modifiche tra il 1931 e il 1934, fino ad arrivare alla forma definitiva che tutti noi conosciamo. Luna Nova la mette in scena rispettosa della tradizione, secondo i canoni del Teatro Eduardiano, seppure accelerandone i ritmi di recitazione, che non possono essere pi\u00f9, un secolo dopo, i medesimi della consuetudine Eduardiana.<\/p>\n\n\n\n<p>Inizia il programma del nuovo anno sabato <strong>3 gennaio<\/strong>IL TEATRO APS di <em>Roma<\/em> con un\u2019altra commedia del grande Eduardo De Filippo, <strong>\u201cSabato, domenica e luned\u00ec\u201d<\/strong> con la regia di Peppe Cantagallo. Nella giornata del sabato Rosa \u00e8 tutta affaccendata nella preparazione del suo famoso rag\u00f9, ma i rancori e le reciproche gelosie di Peppino Priore e della moglie esplodono e quello che sembra un normale fine settimana borghese napoletano, tra cucina e ritrovi di famiglia si trasforma in una tragicommedia. La famiglia \u00e8 la vera protagonista di questa commedia, una grande famiglia napoletana dove non mancano la solidariet\u00e0 e l&#8217;affetto parentale. Come dice lo stesso autore, per risolvere le crisi familiari spesso basta parlarsi, chiarirsi per far rinascere il collante dell&#8217;amore.<\/p>\n\n\n\n<p>Sabato <strong>10 gennaio<\/strong>dall\u2019Umbria MASQUE PRODUZIONI APS di <em>Foligno (Perugia)<\/em> porta in scena<strong>\u201cFino all\u2019alba\u201d<\/strong>, testo e regia di Matteo Angeletti: la storia di un amore sospeso e di un ritorno impossibile, scritta e pensata come un copione teatrale. Due personaggi \u2014 Lui e Lei \u2014 si ritrovano dopo anni in una stanza che diventa rifugio e prigione, specchio e abisso. Tra dialoghi intensi, silenzi carichi di significato e confessioni che bruciano pi\u00f9 della carne, si consuma una notte che ha il sapore di un addio e la forza di un eterno ritorno. Non \u00e8 solo la storia di due amanti: \u00e8 la rappresentazione scenica di un amore che lotta contro il tempo, la paura e la memoria. Un\u2019opera che unisce narrativa e teatro, capace di toccare chiunque abbia vissuto l\u2019urgenza di amare \u201cfino all\u2019ultimo battito\u201d e il dover decidere se \u00e8 pi\u00f9 doloroso rimanere insieme o lasciarsi.<\/p>\n\n\n\n<p>Ispirato dal cinema anche lo spettacolo proposto sabato <strong>17 gennaio<\/strong>dalla Compagnia I.P.C. INSIEME PER CASO APS di <em>Roma<\/em>,<strong>\u201cMentalMente (confusi)\u201d,<\/strong> testo e regia di Angelo Grieco. Liberamente ispirata al film \u201cFollemente\u201d, la commedia racconta l\u2019incontro tra Paolo, insegnante cinquantenne disilluso dall\u2019amore, e Mara, restauratrice trentacinquenne incline a relazioni complicate. Si conoscono in un bar e decidono di vedersi a casa di lei. Il loro primo appuntamento \u00e8 accompagnato dalle rispettive voci interiori: Dotto, Tristano, Eros e Sanax per Paolo; Eva, Afrodite, Striscia e Isotta per Mara. Questi alter ego litigano e commentano ogni gesto, generando esitazioni comiche e momenti di tenerezza. Lo sviluppo della storia si snoda tra incontri ed equivoci.<\/p>\n\n\n\n<p>Sabato <strong>24 gennaio<\/strong>TEATRO RES 9 di <em>Viareggio (Lucca)<\/em> rappresenta la proposta dalla Toscana:<strong>\u201cCyrano de Bergerac. Nella bolla di un nome\u201d <\/strong>adattamento e regia di Luca Orlandi. La poesia \u00e8 il filo sottile che lega bellezza interiore e bellezza esteriore: perlomeno, questo \u00e8 quello che sostiene Rossana. Ma Cristiano, il bel soldato che lei ama, \u00e8 semianalfabeta; sar\u00e0 Cyrano, poeta spadaccino dal lungo naso e innamorato inconfesso di Rossana, a tentare una soluzione, trasformando la poesia nell\u2019architrave di uno dei pi\u00f9 celebri inganni della cultura teatrale occidentale. La regia porta in scena l\u2019adattamento di questa storia con l\u2019obiettivo di non sfociare in un sentimentalismo vaporoso e autocelebrativo, ma di fare affiorare l\u2019ironia delicata e profonda che si spande in tutta l\u2019opera.<\/p>\n\n\n\n<p>Dalle Marchesabato <strong>31 gennaio<\/strong>CI CREDO ONLUS di <em>Macerata<\/em> propone due ore all\u2019insegna del buonumore e dell\u2019allegria con <strong>\u201cTre separati e mezzo\u201d<\/strong>,testo e regia di Pietro Romagnoli. \u201cPrendi moglie che ti sistemi\u201d diceva un vecchio proverbio popolare, \u201cSeparati da tua moglie che ti sistema lei\u201d rispondiamo oggi noi. Queste poche parole riassumono in maniera efficace la trama della commedia. Sar\u00e0 vero, come il cinema e la televisione ci vogliono far credere, che gli uomini una volta separati passano le loro giornate senza pi\u00f9 pensieri, tra palestre, aperitivi, cene e belle donne? Oppure la realt\u00e0 \u00e8 completamente differente e vede i \u201cpoveri maschietti\u201d dover combattere ogni giorno con una quotidianit\u00e0 alla quale non erano abituati? E come reagiranno i nostri \u201cseparati-eroi\u201d quando entreranno nuovamente in contatto con una donna? Immaginate che il tutto accada a marzo del 2020\u2026<\/p>\n\n\n\n<p>Sabato <strong>7 febbraio<\/strong>la COMPAGNIA STABILE DI TRASTEVERE MERRY DEL VAL APS di <em>Roma<\/em>, si cimenta nella nota commedia di Samy Fayad <strong>\u201cCome si rapina una banca\u201d<\/strong>, con la regia di Pino Lagrasta. Brillante e a tratti surrealista, il testo narra le vicende di una povera famiglia, il cui capofamiglia per riscattare il proprio destino decide di rapinare una banca. D\u2019altra parte tutti i personaggi della commedia non hanno fatto centro nella vita perch\u00e9 \u201cnon possiedono un metro fatto di cento centimetri, ma ne hanno uno di novanta\u201d. Sono proprio quei dieci centimetri in meno a sbilanciare la loro condotta e a trattenerli ai margini di una societ\u00e0 che li rigetta per la loro insistenza a voler essere. Caso, imbroglio e intreccio sono alla base della vicenda.<\/p>\n\n\n\n<p>Dall\u2019Abruzzo in uno spettacolo pomeridiano domenica <strong>15 febbraio<\/strong>il TEATRO IN\u2026STABILE di <em>Pescara<\/em> rappresenta la commedia esilarante di Gaetano Di Maio <strong>\u201cIl morto sta bene in salute\u201d<\/strong>, regia di Carmine Ricciardi. La storia racconta le vicissitudini della coppia di gestori di una piccola pensione, che per far fronte a debiti e rinnovare il locale, prendono in \u201cprestito\u201d una bella somma \u201clasciata\u201d in una valigia. Essi sono all&#8217;oscuro che la somma era stata versata ad un killer per eliminare una persona. Il variopinto cocktail della trama, fatta di mafiosi incalliti, milioni spariti, tresche amorose e di vari equivoci, bugie e raggiri si svolge a ritmo serrato in un susseguirsi di situazioni comiche, gag esilaranti e colpi di scena.<\/p>\n\n\n\n<p>Chiudono il programmasabato <strong>21 febbraio<\/strong>i LIBERI TEATRANTI E TEATRANTI APS di <em>Nettuno <\/em>con\u201c<strong>La fortuna con l&#8217;effe maiuscola\u201d <\/strong>di Eduardo De Filippo e Armando Curcio, con la regia di Giampiero Bonomo. La trama della commedia \u00e8 nota: racconta la miseria e l\u2019arte di arrangiarsi attraverso uno spaccato di vita familiare intriso di sberleffi, risate ed equivoci. Nel testo vengono condensati tutti gli elementi tradizionali della commedia, utili ad esaltare la condizione di bisogno, materiale e morale, e di ingiustizia familiare, sociale o addirittura esistenziale, dell\u2019uomo. Finalmente, un giorno, inattesa, arriva la fortuna (con la F maiuscola) con la notizia di una grossa eredit\u00e0 dall\u2019America, ma\u2026 ovviamente il finale vi aspetta a Teatro!<\/p>\n\n\n\n<p>Domenica <strong>1\u00b0 marzo<\/strong><strong>SERATA FINALE | PREMIAZIONE<\/strong><\/p>\n\n\n\n<p><em><u>Spettacoli alle ore 21 (Domenica ore 18)<\/u><\/em><strong> \u2022 <\/strong><strong>Info e prenotazioni: <\/strong><strong>351 3555384 &#8211; 351 3313926<\/strong><\/p>\n\n\n\n<p><\/p>\n","protected":false},"excerpt":{"rendered":"<p>COMUNICATO STAMPA \u201cCitt\u00e0 di Nettuno\u201d: Al Via il Festival Interregionale UILT 2025\/2026 NETTUNO, 5 ottobre 2025 \u2013 Si \u00e8 tenuta [&hellip;]<\/p>\n","protected":false},"author":1,"featured_media":0,"comment_status":"open","ping_status":"open","sticky":false,"template":"","format":"standard","meta":{"footnotes":""},"categories":[33,10],"tags":[],"class_list":["post-80538","post","type-post","status-publish","format-standard","hentry","category-espectaculo","category-italiano"],"_links":{"self":[{"href":"https:\/\/www.ecoitaliano.com.ar\/index.php?rest_route=\/wp\/v2\/posts\/80538","targetHints":{"allow":["GET"]}}],"collection":[{"href":"https:\/\/www.ecoitaliano.com.ar\/index.php?rest_route=\/wp\/v2\/posts"}],"about":[{"href":"https:\/\/www.ecoitaliano.com.ar\/index.php?rest_route=\/wp\/v2\/types\/post"}],"author":[{"embeddable":true,"href":"https:\/\/www.ecoitaliano.com.ar\/index.php?rest_route=\/wp\/v2\/users\/1"}],"replies":[{"embeddable":true,"href":"https:\/\/www.ecoitaliano.com.ar\/index.php?rest_route=%2Fwp%2Fv2%2Fcomments&post=80538"}],"version-history":[{"count":1,"href":"https:\/\/www.ecoitaliano.com.ar\/index.php?rest_route=\/wp\/v2\/posts\/80538\/revisions"}],"predecessor-version":[{"id":80540,"href":"https:\/\/www.ecoitaliano.com.ar\/index.php?rest_route=\/wp\/v2\/posts\/80538\/revisions\/80540"}],"wp:attachment":[{"href":"https:\/\/www.ecoitaliano.com.ar\/index.php?rest_route=%2Fwp%2Fv2%2Fmedia&parent=80538"}],"wp:term":[{"taxonomy":"category","embeddable":true,"href":"https:\/\/www.ecoitaliano.com.ar\/index.php?rest_route=%2Fwp%2Fv2%2Fcategories&post=80538"},{"taxonomy":"post_tag","embeddable":true,"href":"https:\/\/www.ecoitaliano.com.ar\/index.php?rest_route=%2Fwp%2Fv2%2Ftags&post=80538"}],"curies":[{"name":"wp","href":"https:\/\/api.w.org\/{rel}","templated":true}]}}