{"id":80577,"date":"2025-10-12T15:21:50","date_gmt":"2025-10-12T15:21:50","guid":{"rendered":"https:\/\/www.ecoitaliano.com.ar\/?p=80577"},"modified":"2025-10-12T15:21:50","modified_gmt":"2025-10-12T15:21:50","slug":"serena-conduce-operaclassica-eco-italiano-4684","status":"publish","type":"post","link":"https:\/\/www.ecoitaliano.com.ar\/?p=80577","title":{"rendered":"Serena conduce operaclassica eco italiano"},"content":{"rendered":"<div class=\"wp-block-image\">\n<figure class=\"aligncenter size-large is-resized\"><a href=\"http:\/\/www.ecoitaliano.com.ar\/wp-content\/uploads\/2025\/10\/TRP-24-Marchio-Teatro-Regio-Parma_Blu.png\"><img decoding=\"async\" width=\"1024\" height=\"724\" src=\"http:\/\/www.ecoitaliano.com.ar\/wp-content\/uploads\/2025\/10\/TRP-24-Marchio-Teatro-Regio-Parma_Blu-1024x724.png\" alt=\"\" class=\"wp-image-80290\" style=\"width:151px;height:auto\" srcset=\"https:\/\/www.ecoitaliano.com.ar\/wp-content\/uploads\/2025\/10\/TRP-24-Marchio-Teatro-Regio-Parma_Blu-1024x724.png 1024w, https:\/\/www.ecoitaliano.com.ar\/wp-content\/uploads\/2025\/10\/TRP-24-Marchio-Teatro-Regio-Parma_Blu-300x212.png 300w, https:\/\/www.ecoitaliano.com.ar\/wp-content\/uploads\/2025\/10\/TRP-24-Marchio-Teatro-Regio-Parma_Blu-768x543.png 768w, https:\/\/www.ecoitaliano.com.ar\/wp-content\/uploads\/2025\/10\/TRP-24-Marchio-Teatro-Regio-Parma_Blu-1536x1086.png 1536w, https:\/\/www.ecoitaliano.com.ar\/wp-content\/uploads\/2025\/10\/TRP-24-Marchio-Teatro-Regio-Parma_Blu-2048x1448.png 2048w, https:\/\/www.ecoitaliano.com.ar\/wp-content\/uploads\/2025\/10\/TRP-24-Marchio-Teatro-Regio-Parma_Blu-150x106.png 150w\" sizes=\"(max-width: 1024px) 100vw, 1024px\" \/><\/a><\/figure><\/div>\n\n\n<p><a><strong><em>89 SECONDS TO MIDNIGHT<\/em><\/strong><\/a><strong><\/strong><\/p>\n\n\n\n<p><strong>IN PRIMA ASSOLUTA AL FESTIVAL VERDI, <\/strong><strong>MUSICA STRUMENTALE ED ELETTRONICA, CANTO LIRICO, TEATRO E DANZA PER IL<\/strong><strong><\/strong><\/p>\n\n\n\n<p><strong>PROGETTO <em>GRADUS IN SCENA<\/em><\/strong><\/p>\n\n\n\n<p><strong>DI REGGIO PARMA FESTIVAL<a><\/a><\/strong><\/p>\n\n\n\n<p>Musica di Maria Vincenza Cabizza, libretto e regia di Lisa Capaccioli, coreografia di Daisy Ransom Phillips, scene, costumi e contributi video di Francesca Sgariboldi, RIM e sound design di Davide Bardi, luci di Andrea Borelli.<\/p>\n\n\n\n<p>In scena il soprano Maria Eleonora Caminada, il controtenore Danilo Pastore, Daisy Ransom Phillips, Marina Boselli, Fanny Meteier.<\/p>\n\n\n\n<p>Con questo spettacolo il Teatro Regio di Parma<\/p>\n\n\n\n<p>celebra la Giornata Internazionale del Patrimonio Culturale Immateriale dell\u2019UNESCO, promossa dal Comitato per la Salvaguardia dell\u2019Arte del Canto Lirico Italiano.<\/p>\n\n\n\n<p>Il programma di sala con il libretto dell\u2019opera \u00e8 disponibile gratuitamente su teatroregioparma.it<\/p>\n\n\n\n<p><strong>Parma, Teatro Farnese<\/strong><\/p>\n\n\n\n<p><strong>venerd\u00ec 17 ottobre 2025, ore 21.00<\/strong><\/p>\n\n\n\n<p><a>In <strong>prima assoluta al Festival Verdi, <em>89 Seconds to Midnight <\/em><\/strong>debutta al <strong>Teatro Farnese di Parma<\/strong>, <strong>venerd\u00ec 17 ottobre alle ore 21.00<\/strong>, ultimo appuntamento di <em>Ramificazioni<\/em>, la sezione del <strong>Festival Verdi <\/strong>che quest\u2019anno con uno sforzo importante si \u00e8 aperta alla contemporaneit\u00e0 proponendo ben quattro debutti di nuove opere e che ha l\u2019obiettivo di stabilire relazioni e sollecitare confronti stimolanti con la produzione verdiana.<\/a><\/p>\n\n\n\n<p><em>89 Seconds to Midnight <\/em>\u00e8 un\u2019opera contemporanea in cui musica strumentale ed elettronica, canto lirico, teatro e danza si intrecciano per interrogare e illuminare due questioni urgenti e altamente controverse nel mondo di oggi: la mancanza di cura e l\u2019elusione della responsabilit\u00e0. \u00c8 una produzione del Festival Verdi -Teatro Regio di Parma, parte del progetto <strong><em>Gradus in scena<\/em><\/strong> di <strong>Reggio Parma Festival<\/strong>, volto a promuovere la nuova autorialit\u00e0 under 35.La musica \u00e8 di <strong>Maria Vincenza Cabizza<\/strong>,libretto e regia sono di <strong>Lisa Capaccioli<\/strong>, la coreografia \u00e8 di <strong>Daisy Ransom Phillips<\/strong>, scene, costumi e contributi video di <strong>Francesca Sgariboldi<\/strong>, RIM e sound design di <strong>Davide Bardi, <\/strong>luci di <strong>Andrea Borelli<\/strong>. Protagonisti il soprano <strong>Maria Eleonora Caminada<\/strong> (Madre), il controtenore <strong>Danilo Pastore <\/strong>(<em>Figlio<\/em>),<strong>Daisy Ransom Phillips<\/strong><a>(danzatrice e Strega 1)<\/a><strong>Marina Boselli <\/strong>(Euphonium e Strega 2) e <strong>Fanny Meteier <\/strong>(Tuba e Strega 3).<\/p>\n\n\n\n<p>Con questo spettacolo il Teatro Regio di Parma celebra la <strong>Giornata Internazionale del Patrimonio Culturale Immateriale<\/strong>, rinnovando il proprio impegno a tutelare e tramandare \u201cLa pratica del canto lirico in Italia\u201d, patrimonio dell\u2019UNESCO. L\u2019iniziativa \u00e8 promossa dal Comitato per la Salvaguardia dell\u2019Arte del Canto Lirico Italiano.<\/p>\n\n\n\n<p>Il titolo rimanda al <em>Doomsday Clock<\/em>, l\u2019orologio simbolico che misura la vicinanza dell\u2019umanit\u00e0 all\u2019apocalisse. Nell\u2019opera questa immagine si traduce in un conto alla rovescia che diventa metafora di tensione e urgenza. Quest\u2019opera racconta infatti un mondo in crisi: un paesaggio arido, senza acqua e senza speranza, consumato e svuotato dalla noncuranza degli uomini. In questo scenario una madre e suo figlio sono quasi giunti alla fine di un lungo viaggio. Il giovane porta sulle spalle l\u2019anziana donna e, a prima vista, i loro corpi sembrano quello di un animale bizzarro a due teste con quattro gambe. Stanno portando a termine un rituale, una tradizione della loro societ\u00e0: la madre, ormai troppo vecchia per essere un membro produttivo della comunit\u00e0, verr\u00e0 abbandonata sulla montagna pi\u00f9 alta affinch\u00e9 muoia da sola. Madre e figlio conoscono il vero scopo del loro viaggio, ma non ne parlano. L\u2019ultima notte, poco prima di raggiungere la vetta, i due si fermano a riposare accanto ad un albero secco. Mentre il figlio dorme, la madre viene sorpresa da tre figure femminili dalle sembianze animalesche che conoscono esattamente ci\u00f2 che la attende. Il loro linguaggio \u00e8 enigmatico ed evoca, al tempo stesso, una profezia e una scelta. Allo scoccare della mezzanotte, madre e figlio affronteranno il loro destino.<\/p>\n\n\n\n<p>L\u2019opera raffigura un rituale, un viaggio verso la morte intrapreso da una madre e un figlio incapaci di percepire la bellezza e la fragilit\u00e0 del mondo che li circonda, metafora di una civilt\u00e0 autoreferenziale e slegata dalle emozioni. Le loro voci, simili a gocce d&#8217;acqua, si intrecciano in un dialogo intimo e ossessivo. Accanto a loro, due ombre sono onnipresenti: l\u2019euphonium e la tuba, che amplificano questa furia crescente dal basso, fino a dominare quasi completamente il paesaggio sonoro. In questo ritmo si muovono tre presenze magiche &#8211; la danzatrice e i due interpreti strumentali &#8211; che offrono i propri corpi alla musica, incarnando il mondo in cui si muovono i protagonisti.<\/p>\n\n\n\n<p>L\u2019elettronica incarna l\u2019ambiente sempre pi\u00f9 oppressivo che i personaggi stessi hanno creato, all&#8217;interno del quale si svolge la scena. Per esaltare l\u2019esperienza immersiva dell&#8217;opera, gli spettatori vengono accolti nello spazio della scena, da un sistema di ottofonia che li avvolge. La scenografia vuole raccontare scenicamente lo spazio della desolazione in cui i personaggi si muovono. \u00c8 uno spazio senza tempo, sospeso, che si riflette in una superficie che galleggia nel vuoto infinito. L\u2019unico elemento concreto della scena \u00e8 un albero, simbolo della vita, e della tradizione che resta attaccata al suolo, attraverso radici forti e solide ma quell\u2019albero \u00e8 secco, piegato dal vento e dal passare del tempo.<\/p>\n\n\n\n<p>Il progetto <em>89 Seconds to Midnight<\/em>, si inserisce perfettamente nel fil rouge tematico del Festival Verdi, che quest&#8217;anno indaga il legame tra Verdi e Shakespeare: due maestri capaci di portare in scena passioni, conflitti e fragilit\u00e0 di un\u2019umanit\u00e0 autentica, che continua a parlare con forza al presente.<\/p>\n\n\n\n<p>Con la sua potente narrazione di un mondo devastato dall\u2019indifferenza verso la natura e verso gli esseri umani \u2013 in particolare i pi\u00f9 fragili e indifesi \u2013 <em>89 Seconds <\/em>ci ricorda quanto sia vitale, oggi pi\u00f9 che mai, confrontarci su ci\u00f2 che davvero ci divide per riscoprire insieme ci\u00f2 che ci unisce. Superare le differenze, abbattere i muri, scegliere la condivisione invece dell\u2019isolamento sono la chiave per la rigenerazione del pianeta e dell\u2019umanit\u00e0.<\/p>\n\n\n\n<p><strong>SCOPRI RAMIFICAZIONI: IL PROGRAMMA DI SALA GRATUITO ONLINE<\/strong><\/p>\n\n\n\n<p>Il programma di sala di <em>Ramificazioni<\/em> con il libretto di <em>89 Seconds to Midnight <\/em>e delle altre tre opere \u00e8 disponibile gratuitamente su teatroregioparma.it.<\/p>\n\n\n\n<p><strong>BIGLIETTI<\/strong><\/p>\n\n\n\n<p>Biglietti da \u20ac15 a \u20ac30. Per i giovani <strong>under30 riduzione del 50% sui prezzi di tutti gli appuntamenti in programma<\/strong>.<\/p>\n\n\n\n<p><strong>BIGLIETTERIA DEL TEATRO REGIO DI PARMA<\/strong><\/p>\n\n\n\n<p>Strada Giuseppe Garibaldi, 16\/A &#8211; 43121 Parma Tel. +39 0521 203999<\/p>\n\n\n\n<p>biglietteria@teatroregioparma.it<\/p>\n\n\n\n<p>orari di apertura: marted\u00ec, gioved\u00ec e sabato 10:00 &#8211; 13:00; mercoled\u00ec e venerd\u00ec 10:00 &#8211; 13:00, 16:00 &#8211; 18:00e un\u2019ora e mezza prima dello spettacolo.<\/p>\n\n\n\n<p><strong>PARTNER E SPONSOR<\/strong><\/p>\n\n\n\n<p><em>Il Festival Verdi \u00e8 realizzato grazie al contributo di<a> <\/a><\/em>Ministero della Cultura, Regione Emilia-Romagna, Reggio Parma Festival, Comune di Parma. <em>Major partner<\/em> Fondazione Cariparma. <em>Mainpartner <\/em>Chiesi. <em>Cultural partner <\/em>Cr\u00e9dit Agricole.<em> Media partner<\/em> Mediaset Publitalia \u201980. <em>Mainsponsor<\/em> Iren, Barilla. <em>Sponsor<\/em> Unione Parmense degli Industriali, Opem, Dallara, Agugiaro e Figna, Mutti, Amoretti. <em>Educational partner<\/em> Parmalat. <em>Sostenitori<\/em><a>La Giovane, Glove ICT, Grasselli, Cavalca, CePIM, Bstr\u00f2, Parmacotto, Sicim, Colser, Delicius.<em> Mobility partner <\/em>Tep. <em>Tour Operator Partner<\/em> Parma Incoming. <em>Radio Ufficiale<\/em> Radio Monte Carlo.<em> Fairplay Partner <\/em>Zebre Parma.<em> Wine partner <\/em>Oinoe.<em> Digital counselling<\/em> Unsocials.<em> Con il supporto di <\/em>\u201cParma, io ci sto!\u201d.<em> Legal counselling <\/em>Villa&amp;Partners.<em> Partner scientifico <\/em>Istituto Nazionale di Studi Verdiani.<em> Special thanks to <\/em>International Friends of Festival Verdi.<em> Con il contributo di <\/em>Comune di Busseto, Ascom e Ascom Confcommercio Parma Fondazione, Camera di Commercio dell\u2019Emilia, Fondazione Monte Parma.<\/a><em>Sostenitori tecnici<\/em><a>DS Solutions, Milosped, Teamwork, Graphital. <\/a><a><em>Partner artistici e istituzionali<\/em><\/a>Coro del Teatro Regio di Parma, Conservatorio \u201cArrigo Boito\u201d di Parma, Societ\u00e0 dei Concerti di Parma, La Toscanini, Apt Servizi Emilia-Romagna. <em>Il Teatro Regio aderisce a <\/em>Parma Citt\u00e0 Climate Neutral 2023<em>, <\/em>ATIT, AGIS<em>, <\/em>Comitato per la Salvaguardia dell\u2019Arte del Canto Lirico Italiano, Fedora, Opera Europa, Opera Vision, Emilia taste, nature &amp; culture.<\/p>\n\n\n\n<p>Parma, 11 ottobre 2025<\/p>\n\n\n\n<p>Paolo Maier<\/p>\n\n\n\n<p><em>Responsabile Comunicazione istituzionale, Ufficio stampa, Archivio<\/em><\/p>\n\n\n\n<p>Teatro Regio di Parma<\/p>\n\n\n\n<p>strada Garibaldi 16\/A, 43121 Parma \u2013 Italia<\/p>\n\n\n\n<p>Tel. +39 0521 203969&nbsp;<\/p>\n\n\n\n<p>p.maier@teatroregioparma.it&nbsp;<\/p>\n\n\n\n<p>stampa@teatroregioparma.it<\/p>\n\n\n\n<p>www.teatroregioparma.it<\/p>\n\n\n\n\n\n\n\n\n\n\n\n<p><a href=\"http:\/\/www.facebook.com\/teatroregioparma\"><\/a><br><\/p>\n\n\n\n<p><a><\/a><a>Teatro Farnese di Parma<\/a><\/p>\n\n\n\n<p>venerd\u00ec 17 ottobre, ore 21.00<\/p>\n\n\n\n<p>RAMIFICAZIONI<\/p>\n\n\n\n<p><strong>89 SECONDS TO MIDNIGHT<\/strong><\/p>\n\n\n\n<p>composizione musicale <strong>Maria Vincenza Cabizza<\/strong><\/p>\n\n\n\n<p>libretto e regia <strong>Lisa Capaccioli<\/strong><\/p>\n\n\n\n<p>scene, costumi e contributi video <strong>Francesca Sgariboldi<\/strong><\/p>\n\n\n\n<p>coreografia <strong>Daisy Ransom Phillips<\/strong><\/p>\n\n\n\n<p>luci <strong>Andrea Borelli<\/strong><\/p>\n\n\n\n<p>RIM e sound design <strong>Davide Bardi<\/strong><\/p>\n\n\n\n<p>Madre (soprano) <strong>Maria Eleonora Caminada<\/strong><\/p>\n\n\n\n<p>Figlio (controtenore)<strong>Danilo Pastore<\/strong><\/p>\n\n\n\n<p>Strega 1 (danzatrice) <strong>Daisy Ransom Phillips<\/strong><\/p>\n\n\n\n<p>Strega 2 (euphonium) <strong>Marina Boselli<\/strong><\/p>\n\n\n\n<p>Strega 3 (tuba) <strong>Fanny Meteier<\/strong><\/p>\n\n\n\n<p>produzione<\/p>\n\n\n\n<p><strong>Festival Verdi \u2013 Teatro Regio di Parma<\/strong><\/p>\n\n\n\n<p><strong>Progetto <em>Gradus in scena<\/em><\/strong><\/p>\n\n\n\n<p><strong>di Reggio Parma Festival. Prima assoluta<\/strong><\/p>\n\n\n\n<p>Con questo spettacolo il Teatro celebra la<\/p>\n\n\n\n<p>Giornata Internazionale del Patrimonio Culturale Immateriale,<\/p>\n\n\n\n<p>rinnovando il proprio impegno a tutelare e tramandare<\/p>\n\n\n\n<p>\u201cLa pratica del canto lirico in Italia\u201d, patrimonio dell\u2019UNESCO.<\/p>\n\n\n\n<p>L\u2019iniziativa \u00e8 promossa dal<\/p>\n\n\n\n<p>Comitato per la Salvaguardia dell\u2019Arte del Canto Lirico Italiano.<strong><br><\/strong><\/p>\n\n\n\n<p><strong>XXV FESTIVAL VERDI<\/strong><\/p>\n\n\n\n<p><strong>Parma e Busseto,<\/strong><\/p>\n\n\n\n<p><strong>20 settembre &#8211; 19 ottobre 2025<\/strong><\/p>\n\n\n\n<p><em>Verdi e Shakespeare<\/em><\/p>\n\n\n\n<p><strong>Opere e Concerti<\/strong><strong><br><\/strong><\/p>\n\n\n\n<p>Parma, Centro storico<\/p>\n\n\n\n<p>20 settembre 2025<\/p>\n\n\n\n<p><strong>VERDI STREET PARADE<\/strong><\/p>\n\n\n\n<p><em>Tutto nel mondo \u00e8 burla<\/em><\/p>\n\n\n\n<p>Teatro Regio di Parma<\/p>\n\n\n\n<p>26 settembre, 5, 11, 19 ottobre 2025<\/p>\n\n\n\n<p><strong>OTELLO<\/strong><\/p>\n\n\n\n<p><strong>Nuovo allestimento<\/strong><\/p>\n\n\n\n<p>Teatro Giuseppe Verdi<\/p>\n\n\n\n<p>di Busseto<\/p>\n\n\n\n<p>27 settembre, 4, 9, 17 ottobre 2025<\/p>\n\n\n\n<p><strong>MACBETH<\/strong><\/p>\n\n\n\n<p>versione 1847<\/p>\n\n\n\n<p><strong>Nuovo allestimento<\/strong><\/p>\n\n\n\n<p>Teatro Regio di Parma<\/p>\n\n\n\n<p>3, 12,16 ottobre 2025<\/p>\n\n\n\n<p><strong>FALSTAFF<\/strong><\/p>\n\n\n\n<p>Teatro Regio di Parma<\/p>\n\n\n\n<p>8 ottobre 2025<\/p>\n\n\n\n<p><strong>CONCERTO DI GALA DELL\u2019ACCADEMIA VERDIANA<\/strong><\/p>\n\n\n\n<p>Teatro Regio di Parma<\/p>\n\n\n\n<p>10 ottobre 2025<\/p>\n\n\n\n<p><strong>GALA<\/strong><\/p>\n\n\n\n<p><strong>VERDIANO<\/strong><\/p>\n\n\n\n<p>Teatro Regio di Parma<\/p>\n\n\n\n<p>14 ottobre 2025<\/p>\n\n\n\n<p><strong>FUOCO<\/strong><\/p>\n\n\n\n<p><strong>DI GIOIA<\/strong><\/p>\n\n\n\n<p>Teatro Regio di Parma<\/p>\n\n\n\n<p>18 ottobre 2025<\/p>\n\n\n\n<p><strong>MESSA<\/strong><\/p>\n\n\n\n<p><strong>DA REQUIEM<\/strong><strong><br><\/strong><\/p>\n\n\n\n<p><strong>Il programma completo su teatroregioparma.it<\/strong><br><\/p>\n\n\n\n<p><strong>XXV FESTIVAL VERDI<\/strong><\/p>\n\n\n\n<p><strong>Parma e Busseto,<\/strong><\/p>\n\n\n\n<p><strong>20 settembre &#8211; 19 ottobre 2025<\/strong><\/p>\n\n\n\n<p><em>Verdi e Shakespeare<\/em><\/p>\n\n\n\n<p><strong>Ramificazioni<\/strong><\/p>\n\n\n\n<p>Auditorium Niccol\u00f2 Paganini<\/p>\n\n\n\n<p>28 settembre 2025<\/p>\n\n\n\n<p><strong>TIMON \u00c9TUDES<\/strong><\/p>\n\n\n\n<p><strong>Prima esecuzione assoluta<\/strong><\/p>\n\n\n\n<p><strong>Commissione del Festival Verdi<\/strong><\/p>\n\n\n\n<p><strong>Progetto <em>Arcipelaghi 2025<\/em>di Reggio Parma Festival<\/strong><\/p>\n\n\n\n<p>Teatro Farnese<\/p>\n\n\n\n<p>5 ottobre 2025<\/p>\n\n\n\n<p><strong>OUVERTURE<\/strong><\/p>\n\n\n\n<p><strong>Progetto <em>Gradus in scena<\/em>di Reggio Parma Festival<\/strong><\/p>\n\n\n\n<p><strong>Prima assoluta<\/strong><\/p>\n\n\n\n<p>Teatro Farnese<\/p>\n\n\n\n<p>17 ottobre 2025<\/p>\n\n\n\n<p><strong>89 SECONDS TO MIDNIGHT<\/strong><\/p>\n\n\n\n<p><strong>Progetto <em>Gradus in scena<\/em>di Reggio Parma Festival<\/strong><\/p>\n\n\n\n<p><strong>Prima assoluta<\/strong><\/p>\n\n\n\n<p>Parma, Lenz Teatro<\/p>\n\n\n\n<p>7, 8, 9, 10 ottobre 2025<\/p>\n\n\n\n<p><strong>DISDEMONA_\u0394\u03c5\u03c3\u03b4\u03b1\u03b9\u03bc\u03bf\u03bd\u03af\u03b1<\/strong><\/p>\n\n\n\n<p><strong>Cattiva stella<\/strong><\/p>\n\n\n\n<p><strong>Commissione del Festival Verdi<\/strong><\/p>\n\n\n\n<p><strong>Prima assoluta<\/strong><strong><br><\/strong><\/p>\n\n\n\n<p><a><strong>CALENDARIO DEGLI APPUNTAMENTI<\/strong><\/a><\/p>\n\n\n\n<p><strong>Parma, Galleria San Ludovico <\/strong>(b.go del Parmigianino 2)<\/p>\n\n\n\n<p>domenica 21 settembre 2025, ore 18.30 inaugurazione<\/p>\n\n\n\n<p>dal 23 settembre al 19 ottobre 2025 mar-gio 19-21 | ven 19-22 | sab e dom 10-13e 16-22<\/p>\n\n\n\n<p><strong>IL SONNO UCCIDESTI<\/strong><\/p>\n\n\n\n<p><strong>Parma, Fornici del Teatro Regio di Parma<\/strong><\/p>\n\n\n\n<p>Dal 20 settembre al 19 ottobre 2025, ore 13.00<\/p>\n\n\n\n<p><strong>CUC\u00d9 VERDIANO<\/strong><\/p>\n\n\n\n<p><strong>Parma, B.go Guazzo 20\/A<\/strong><\/p>\n\n\n\n<p>sabato 20 Settembre 2025, dalle 17.00 alle 20.00 inaugurazione:<\/p>\n\n\n\n<p>dal 21settembre al 19 ottobre 2025lun-venerd\u00ec, dalle 15 alle 19;<\/p>\n\n\n\n<p>al mattino visite su appuntamento<\/p>\n\n\n\n<p><strong>VIVA VERDI!<\/strong><\/p>\n\n\n\n<p><strong>SETTEMBRE<\/strong><\/p>\n\n\n\n<p>sab 6&nbsp;&nbsp;&nbsp;&nbsp;&nbsp; ore 17.00&nbsp;&nbsp; Ridotto del Teatro Regio <strong>OTELLO<\/strong> Prima che si alzi il sipario<\/p>\n\n\n\n<p>sab 13&nbsp;&nbsp;&nbsp; ore 17.00&nbsp;&nbsp; Ridotto del Teatro Regio <strong>FALSTAFF<\/strong> Prima che si alzi il sipario<\/p>\n\n\n\n<p>dom14&nbsp;&nbsp;&nbsp; ore 21.00&nbsp;&nbsp; Busseto Casa Barezzi<strong>MACBETH<\/strong> Prima che si alzi il sipario<\/p>\n\n\n\n<p>ven19&nbsp;&nbsp;&nbsp;&nbsp; ore 21.00&nbsp;&nbsp; Associazione Parma Lirica<strong>IL CORO PROVA OTELLO<\/strong><\/p>\n\n\n\n<p><a>sab 20<\/a><a>&nbsp;&nbsp;&nbsp; ore 15.00&nbsp;&nbsp; Teatro Regio <strong>OTELLO<\/strong> prova Under30<\/a><\/p>\n\n\n\n<p>&nbsp;&nbsp;&nbsp;&nbsp;&nbsp;&nbsp;&nbsp;&nbsp;&nbsp;&nbsp;&nbsp;&nbsp;&nbsp; ore 18.00&nbsp;&nbsp; Centro storico <strong>VERDI STREET PARADE<\/strong><\/p>\n\n\n\n<p>&nbsp;&nbsp;&nbsp;&nbsp;&nbsp;&nbsp;&nbsp;&nbsp;&nbsp;&nbsp;&nbsp;&nbsp;&nbsp; ore 20.00&nbsp;&nbsp; Complesso Pilotta <strong>22.2.22<\/strong> (replica ogni 30\u2019 fino alle 0.30)<\/p>\n\n\n\n<p>dom 21<a>&nbsp;&nbsp; ore 10.00, 16.00Piazzale Picelli <\/a><strong>STORIE APPESE A UN FILO<\/strong><\/p>\n\n\n\n<p>&nbsp;&nbsp;&nbsp;&nbsp;&nbsp;&nbsp;&nbsp;&nbsp;&nbsp;&nbsp;&nbsp;&nbsp;&nbsp; ore 11.00&nbsp;&nbsp; Quartiere Cittadella<strong>VERDI SOTTO CASA<\/strong><\/p>\n\n\n\n<p>&nbsp;&nbsp;&nbsp;&nbsp;&nbsp;&nbsp;&nbsp;&nbsp;&nbsp;&nbsp;&nbsp;&nbsp;&nbsp; ore 12.00&nbsp;&nbsp; Busseto Balcone Municipio <a><strong>CUC\u00d9 VERDIANO<\/strong><\/a><\/p>\n\n\n\n<p>lun 22&nbsp;&nbsp;&nbsp;&nbsp; ore 10.00&nbsp;&nbsp; Piazzale Picelli <strong>VERDI GIUSEPPE, LA PICCOLA STORIA\u2026<\/strong><\/p>\n\n\n\n<p><a>&nbsp;&nbsp;&nbsp;&nbsp;&nbsp;&nbsp;&nbsp;&nbsp;&nbsp;&nbsp;&nbsp;&nbsp;&nbsp; ore 15.30&nbsp;&nbsp; Teatro Regio <strong>OTELLO<\/strong> prova aperta<\/a><\/p>\n\n\n\n<p>&nbsp;&nbsp;&nbsp;&nbsp;&nbsp;&nbsp;&nbsp;&nbsp;&nbsp;&nbsp;&nbsp;&nbsp;&nbsp; ore 18.00<a>&nbsp;&nbsp; <\/a>Quartiere Santa Margherita<strong>VERDI SOTTO CASA<\/strong><\/p>\n\n\n\n<p>mar 23<a>&nbsp;&nbsp;&nbsp; ore 10.00&nbsp;&nbsp; Piazzale Picelli <\/a><strong>GIACOMO PUCCINI DAL SUO LAGO\u2026<\/strong><\/p>\n\n\n\n<p>mer 24<a>&nbsp;&nbsp;&nbsp; ore 10.00&nbsp;&nbsp; Piazzale Picelli <\/a><strong>ROSSINI PER BAMBINI UNA RICETTA\u2026<\/strong><strong><\/strong><\/p>\n\n\n\n<p>&nbsp;&nbsp;&nbsp;&nbsp;&nbsp;&nbsp;&nbsp;&nbsp;&nbsp;&nbsp;&nbsp;&nbsp;&nbsp; ore 18.30&nbsp;&nbsp; Palazzo Soragna <strong>JAZZ\u2019ON PARMA<\/strong><\/p>\n\n\n\n<p>gio 25&nbsp;&nbsp;&nbsp;&nbsp; ore 10.00&nbsp;&nbsp; Piazzale Picelli <strong>INVENTOPERA<\/strong><\/p>\n\n\n\n<p>&nbsp;&nbsp;&nbsp;&nbsp;&nbsp;&nbsp;&nbsp;&nbsp;&nbsp;&nbsp;&nbsp;&nbsp;&nbsp; ore 20.00&nbsp;&nbsp; Busseto Teatro Verdi<strong> MACBETH<\/strong> prova aperta<\/p>\n\n\n\n<p>ven 26<a>&nbsp;&nbsp;&nbsp; ore 12.00&nbsp;&nbsp; Gran Caff\u00e8 del teatro <strong>CAF\u00c9 CONCERTO<\/strong><\/a><\/p>\n\n\n\n<p>&nbsp;&nbsp;&nbsp;&nbsp;&nbsp;&nbsp;&nbsp;&nbsp;&nbsp;&nbsp;&nbsp;&nbsp;&nbsp; ore 18.30&nbsp;&nbsp; La Bottega Barilla <strong>VERDINJAZZ<\/strong><\/p>\n\n\n\n<p>&nbsp;&nbsp;&nbsp;&nbsp;&nbsp;&nbsp;&nbsp;&nbsp;&nbsp;&nbsp;&nbsp;&nbsp;&nbsp; ore 19.00&nbsp;&nbsp; Piazzale del Teatro Regio<strong>VERDI A PASSO DI DANZA<\/strong><\/p>\n\n\n\n<p>&nbsp;&nbsp;&nbsp;&nbsp;&nbsp;&nbsp;&nbsp;&nbsp;&nbsp;&nbsp;&nbsp;&nbsp;&nbsp; ore 20.00&nbsp;&nbsp; Teatro Regio <strong>OTELLO<\/strong><\/p>\n\n\n\n<p>sab 27&nbsp;&nbsp;&nbsp; ore 10.30, 11.45 Piazzale Picelli <strong>CORPO IN MUSICA PICCOLI FALSTAFF\u2026<a><\/a><\/strong><\/p>\n\n\n\n<p>&nbsp;&nbsp;&nbsp;&nbsp;&nbsp;&nbsp;&nbsp;&nbsp;&nbsp;&nbsp;&nbsp;&nbsp;&nbsp; ore 12.00&nbsp;&nbsp; Fidenza Agrinascente Silvano Romani <strong>CUC\u00d9 VERDIANO<\/strong><\/p>\n\n\n\n<p>&nbsp;&nbsp;&nbsp;&nbsp;&nbsp;&nbsp;&nbsp;&nbsp;&nbsp;&nbsp;&nbsp;&nbsp;&nbsp; ore 13.00&nbsp;&nbsp; Fidenza, KM90 RistoBottega Emiliana <strong>CUC\u00d9 VERDIANO<\/strong><\/p>\n\n\n\n<p>&nbsp;&nbsp;&nbsp;&nbsp;&nbsp;&nbsp;&nbsp;&nbsp;&nbsp;&nbsp;&nbsp;&nbsp;&nbsp; ore 15.00<strong>&nbsp;&nbsp; <\/strong>Quartiere SPIP<strong>VERDI SPIP PARADE<\/strong><\/p>\n\n\n\n<p>&nbsp;&nbsp;&nbsp;&nbsp;&nbsp;&nbsp;&nbsp;&nbsp;&nbsp;&nbsp;&nbsp;&nbsp;&nbsp; ore 17.00&nbsp;&nbsp; Ridotto del Teatro Regio <strong>CORI AL RIDOTTO<\/strong>Voci bianche Ars Canto<\/p>\n\n\n\n<p>&nbsp;&nbsp;&nbsp;&nbsp;&nbsp;&nbsp;&nbsp;&nbsp;&nbsp;&nbsp;&nbsp;&nbsp;&nbsp; ore 17.00&nbsp;&nbsp; Colonne 28<strong>GALA IN NERO<\/strong><\/p>\n\n\n\n<p>&nbsp;&nbsp;&nbsp;&nbsp;&nbsp;&nbsp;&nbsp;&nbsp;&nbsp;&nbsp;&nbsp;&nbsp;&nbsp; ore 20.00&nbsp;&nbsp; Busseto Teatro Verdi<strong> MACBETH<\/strong><\/p>\n\n\n\n<p>&nbsp;&nbsp;&nbsp;&nbsp;&nbsp;&nbsp;&nbsp;&nbsp;&nbsp;&nbsp;&nbsp;&nbsp;&nbsp; ore 21.30&nbsp;&nbsp; Borgo Santa Brigida<strong>OFFICINA DEL BATTAGLIERO<\/strong><\/p>\n\n\n\n<p>dom 28<a><\/a><a>&nbsp;&nbsp; ore 12.00&nbsp;&nbsp; Palazzo Ducale<strong>MEZZOGIORNO IN MUSICA<\/strong><\/a><\/p>\n\n\n\n<p>&nbsp;&nbsp;&nbsp;&nbsp;&nbsp;&nbsp;&nbsp;&nbsp;&nbsp;&nbsp;&nbsp;&nbsp;&nbsp; ore 12.00&nbsp;&nbsp; Busseto Balcone Municipio <strong>CUC\u00d9 VERDIANO<\/strong><\/p>\n\n\n\n<p>&nbsp;&nbsp;&nbsp;&nbsp;&nbsp;&nbsp;&nbsp;&nbsp;&nbsp;&nbsp;&nbsp;&nbsp;&nbsp; ore 15.30&nbsp;&nbsp; Quartiere San Leonardo <strong>CON VERDI A SPASSO DI BANDA<\/strong><\/p>\n\n\n\n<p>&nbsp;&nbsp;&nbsp;&nbsp;&nbsp;&nbsp;&nbsp;&nbsp;&nbsp;&nbsp;&nbsp;&nbsp;&nbsp; ore 16.00, 17.15Piazzale Picelli <strong>CORPO IN MUSICA PICCOLI FALSTAFF\u2026<\/strong><\/p>\n\n\n\n<p>&nbsp;&nbsp;&nbsp;&nbsp;&nbsp;&nbsp;&nbsp;&nbsp;&nbsp;&nbsp;&nbsp;&nbsp;&nbsp; ore 17.00&nbsp;&nbsp; Lostello <strong>OPERA GUITTA<\/strong><\/p>\n\n\n\n<p>&nbsp;&nbsp;&nbsp;&nbsp;&nbsp;&nbsp;&nbsp;&nbsp;&nbsp;&nbsp;&nbsp;&nbsp;&nbsp; ore 17.00<a>&nbsp;&nbsp; <\/a>Ridotto del Teatro Regio <strong>CORI AL RIDOTTO<\/strong>Voci bianche corale Verdi<\/p>\n\n\n\n<p>&nbsp;&nbsp;&nbsp;&nbsp;&nbsp;&nbsp;&nbsp;&nbsp;&nbsp;&nbsp;&nbsp;&nbsp;&nbsp; ore 18.00&nbsp;&nbsp; OniricArt <strong>VERDIdreamART<\/strong><\/p>\n\n\n\n<p><a>&nbsp;&nbsp;&nbsp;&nbsp;&nbsp;&nbsp;&nbsp;&nbsp;&nbsp;&nbsp;&nbsp;&nbsp;&nbsp; ore 20.30<strong>&nbsp;&nbsp; <\/strong>Auditorium Paganini<strong> TIMON \u00c9TUDES<\/strong><\/a><\/p>\n\n\n\n<p>lun 29&nbsp;&nbsp;&nbsp;&nbsp; ore 10.00&nbsp;&nbsp; Piazzale Picelli <strong>VERDI GIUSEPPE, LA PICCOLA STORIA\u2026<\/strong><strong><\/strong><\/p>\n\n\n\n<p>&nbsp;&nbsp;&nbsp;&nbsp;&nbsp;&nbsp;&nbsp;&nbsp;&nbsp;&nbsp;&nbsp;&nbsp;&nbsp; ore 18.00&nbsp;&nbsp; Corale Verdi <strong>CASAVERDI<\/strong><\/p>\n\n\n\n<p>mar 30&nbsp;&nbsp;&nbsp; ore 10.00&nbsp;&nbsp; Piazzale Picelli <strong>GIACOMO PUCCINI DAL SUO LAGO\u2026<\/strong><\/p>\n\n\n\n<p>&nbsp;&nbsp;&nbsp;&nbsp;&nbsp;&nbsp;&nbsp;&nbsp;&nbsp;&nbsp;&nbsp;&nbsp;&nbsp; ore 20.30&nbsp;&nbsp; Ridotto del Teatro Regio<strong>ASPETTANDO FALSTAFF<\/strong><\/p>\n\n\n\n<p><strong>OTTOBRE<\/strong><\/p>\n\n\n\n<p>mer 1&nbsp;&nbsp;&nbsp;&nbsp;&nbsp; ore 10.00&nbsp;&nbsp; Piazzale Picelli <strong>ROSSINI PER BAMBINI UNA RICETTA\u2026<\/strong><\/p>\n\n\n\n<p>&nbsp;&nbsp;&nbsp;&nbsp;&nbsp;&nbsp;&nbsp;&nbsp;&nbsp;&nbsp;&nbsp;&nbsp;&nbsp; ore 20.00&nbsp;&nbsp; Teatro Regio <strong>FALSTAFF<\/strong> prova Under30<\/p>\n\n\n\n<p>gio2&nbsp;&nbsp;&nbsp;&nbsp;&nbsp;&nbsp;&nbsp; ore 10.00&nbsp;&nbsp; Piazzale Picelli <strong>INVENTOPERA<\/strong><\/p>\n\n\n\n<p>&nbsp;&nbsp;&nbsp;&nbsp;&nbsp;&nbsp;&nbsp;&nbsp;&nbsp;&nbsp;&nbsp;&nbsp;&nbsp; ore 10.00&nbsp;&nbsp; Felino, San Michele Tiorre <strong>VERDI GIUSEPPE, LA PICCOLA STORIA\u2026<\/strong><\/p>\n\n\n\n<p>&nbsp;&nbsp;&nbsp;&nbsp;&nbsp;&nbsp;&nbsp;&nbsp;&nbsp;&nbsp;&nbsp;&nbsp;&nbsp; ore 20.30&nbsp;&nbsp; Ridotto del Teatro Regio<strong>VERDI, SCHUMANN, FACCIO E SHAKESPEARE<\/strong><\/p>\n\n\n\n<p>ven 3&nbsp;&nbsp;&nbsp;&nbsp;&nbsp; ore 10.00&nbsp;&nbsp; Collecchio <strong>VERDI GIUSEPPE, LA PICCOLA STORIA\u2026<\/strong><\/p>\n\n\n\n<p>&nbsp;&nbsp;&nbsp;&nbsp;&nbsp;&nbsp;&nbsp;&nbsp;&nbsp;&nbsp;&nbsp;&nbsp;&nbsp; ore 12.00&nbsp;&nbsp; Gran Caff\u00e8 del teatro <strong>CAF\u00c9 CONCERTO<\/strong><\/p>\n\n\n\n<p>&nbsp;&nbsp;&nbsp;&nbsp;&nbsp;&nbsp;&nbsp;&nbsp;&nbsp;&nbsp;&nbsp;&nbsp;&nbsp; ore 18.00&nbsp;&nbsp; Chiesa di San Giovanni Evangelista <strong>VERDI SACRO<\/strong><\/p>\n\n\n\n<p>&nbsp;&nbsp;&nbsp;&nbsp;&nbsp;&nbsp;&nbsp;&nbsp;&nbsp;&nbsp;&nbsp;&nbsp;&nbsp; ore 18.00&nbsp;&nbsp; Traversetolo Porticato Corte Agresti <strong>MAS-TRIO<\/strong><\/p>\n\n\n\n<p>&nbsp;&nbsp;&nbsp;&nbsp;&nbsp;&nbsp;&nbsp;&nbsp;&nbsp;&nbsp;&nbsp;&nbsp;&nbsp; ore 19.00&nbsp;&nbsp; Piazzale del Teatro Regio<strong>VERDI A PASSO DI DANZA<\/strong><\/p>\n\n\n\n<p>&nbsp;&nbsp;&nbsp;&nbsp;&nbsp;&nbsp;&nbsp;&nbsp;&nbsp;&nbsp;&nbsp;&nbsp;&nbsp; ore 20.00&nbsp;&nbsp; Teatro Regio<strong> FALSTAFF<\/strong><\/p>\n\n\n\n<p>&nbsp;&nbsp;&nbsp;&nbsp;&nbsp;&nbsp;&nbsp;&nbsp;&nbsp;&nbsp;&nbsp;&nbsp;&nbsp; ore 21.30&nbsp;&nbsp; Borgo Santa Brigida <strong>BELLA WAKAME<\/strong><\/p>\n\n\n\n<p>&nbsp;&nbsp;&nbsp;&nbsp;&nbsp;&nbsp;&nbsp;&nbsp;&nbsp;&nbsp;&nbsp;&nbsp;&nbsp; ore 21.30-24.00 Ex Casa del Biscotto <strong>A LETTO CON VERDI<\/strong><\/p>\n\n\n\n<p>sab 4&nbsp;&nbsp;&nbsp;&nbsp;&nbsp; ore 10.00-13.00, 16.00-18.00 Palazzo dei Ministeri <strong>INCONFESSABILE VERDI<\/strong><\/p>\n\n\n\n<p>&nbsp;&nbsp;&nbsp;&nbsp;&nbsp;&nbsp;&nbsp;&nbsp;&nbsp;&nbsp;&nbsp;&nbsp;&nbsp; ore 10.00&nbsp;&nbsp; Varano de\u2019 Melegari <strong>VERDI GIUSEPPE, LA PICCOLA STORIA\u2026<\/strong><\/p>\n\n\n\n<p>&nbsp;&nbsp;&nbsp;&nbsp;&nbsp;&nbsp;&nbsp;&nbsp;&nbsp;&nbsp;&nbsp;&nbsp;&nbsp; ore 11.00&nbsp;&nbsp; OniricArt <strong>CONCERTO ACCADEMIA VERDIANA<\/strong><\/p>\n\n\n\n<p>&nbsp;&nbsp;&nbsp;&nbsp;&nbsp;&nbsp;&nbsp;&nbsp;&nbsp;&nbsp;&nbsp;&nbsp;&nbsp; ore 12.00&nbsp;&nbsp; Fidenza Agrinascente Silvano Romani <strong>CUC\u00d9 VERDIANO<\/strong><\/p>\n\n\n\n<p>&nbsp;&nbsp;&nbsp;&nbsp;&nbsp;&nbsp;&nbsp;&nbsp;&nbsp;&nbsp;&nbsp;&nbsp;&nbsp; ore 13.00&nbsp;&nbsp; Fidenza, KM90 RistoBottega Emiliana <strong>CUC\u00d9 VERDIANO<\/strong><\/p>\n\n\n\n<p>&nbsp;&nbsp;&nbsp;&nbsp;&nbsp;&nbsp;&nbsp;&nbsp;&nbsp;&nbsp;&nbsp;&nbsp;&nbsp; ore 16.00&nbsp;&nbsp; Piazzale Picelli <strong>GERONIMO STILTON Il mio amico Verdi<\/strong><\/p>\n\n\n\n<p>&nbsp;&nbsp;&nbsp;&nbsp;&nbsp;&nbsp;&nbsp;&nbsp;&nbsp;&nbsp;&nbsp;&nbsp;&nbsp; ore 18.30&nbsp;&nbsp; Varano de\u2019 Melegari Fondazione Caterina Dallara <strong>UN TRIO PER VERDI<\/strong><\/p>\n\n\n\n<p>&nbsp;&nbsp;&nbsp;&nbsp;&nbsp;&nbsp;&nbsp;&nbsp;&nbsp;&nbsp;&nbsp;&nbsp;&nbsp; ore 19.00&nbsp;&nbsp; Piazzale del Teatro Regio<strong>VERDI A PASSO DI DANZA<\/strong><\/p>\n\n\n\n<p>&nbsp;&nbsp;&nbsp;&nbsp;&nbsp;&nbsp;&nbsp;&nbsp;&nbsp;&nbsp;&nbsp;&nbsp;&nbsp; ore 20.00&nbsp;&nbsp; Busseto Teatro Verdi<strong> MACBETH<\/strong><\/p>\n\n\n\n<p>&nbsp;&nbsp;&nbsp;&nbsp;&nbsp;&nbsp;&nbsp;&nbsp;&nbsp;&nbsp;&nbsp;&nbsp;&nbsp; ore 21.30-24.00 Ex Casa del Biscotto <strong>A LETTO CON VERDI<\/strong><\/p>\n\n\n\n<p>dom 5&nbsp;&nbsp;&nbsp;&nbsp; ore 10.00-13.00, 16.00-18.00 Palazzo dei Ministeri <strong>INCONFESSABILE VERDI<\/strong><\/p>\n\n\n\n<p>&nbsp;&nbsp;&nbsp;&nbsp;&nbsp;&nbsp;&nbsp;&nbsp;&nbsp;&nbsp;&nbsp;&nbsp;&nbsp; ore 12.00&nbsp;&nbsp; Palazzo Ducale <strong>MEZZOGIORNO IN MUSICA<\/strong><\/p>\n\n\n\n<p>&nbsp;&nbsp;&nbsp;&nbsp;&nbsp;&nbsp;&nbsp;&nbsp;&nbsp;&nbsp;&nbsp;&nbsp;&nbsp; ore 12.00 &nbsp; Busseto Balcone Municipio <strong>CUC\u00d9 VERDIANO<\/strong><\/p>\n\n\n\n<p>&nbsp;&nbsp;&nbsp;&nbsp;&nbsp;&nbsp;&nbsp;&nbsp;&nbsp;&nbsp;&nbsp;&nbsp;&nbsp; ore 15.30<strong>&nbsp;&nbsp; <\/strong>Teatro Regio <strong>OTELLO<\/strong><\/p>\n\n\n\n<p>&nbsp;&nbsp;&nbsp;&nbsp;&nbsp;&nbsp;&nbsp;&nbsp;&nbsp;&nbsp;&nbsp;&nbsp;&nbsp; ore 16.00 &nbsp; Piazzale Picelli <strong>IL FLAUTO MAGICO<\/strong><\/p>\n\n\n\n<p>&nbsp;&nbsp;&nbsp;&nbsp;&nbsp;&nbsp;&nbsp;&nbsp;&nbsp;&nbsp;&nbsp;&nbsp;&nbsp; ore 16.00&nbsp;&nbsp; Museo Glauco Lombardi <strong>NEL SEGNO DEI MAGNIFICI CINQUE<\/strong><\/p>\n\n\n\n<p>&nbsp;&nbsp;&nbsp;&nbsp;&nbsp;&nbsp;&nbsp;&nbsp;&nbsp;&nbsp;&nbsp;&nbsp;&nbsp; ore 17.30&nbsp;&nbsp; Montechiarugolo Villa la Vignazza <strong>TRIO SPEZIE<\/strong><\/p>\n\n\n\n<p>&nbsp;&nbsp;&nbsp;&nbsp;&nbsp;&nbsp;&nbsp;&nbsp;&nbsp;&nbsp;&nbsp;&nbsp;&nbsp; ore 21.00<strong>&nbsp;&nbsp; <\/strong>Teatro Farnese<strong>OUVERTURE<\/strong><\/p>\n\n\n\n<p>&nbsp;&nbsp;&nbsp;&nbsp;&nbsp;&nbsp;&nbsp;&nbsp;&nbsp;&nbsp;&nbsp;&nbsp;&nbsp; ore 21.30-24.00 Ex Casa del Biscotto <strong>A LETTO CON VERDI<\/strong><\/p>\n\n\n\n<p><a>lun 6 &nbsp;&nbsp;&nbsp;&nbsp;&nbsp; ore 10.00&nbsp;&nbsp; Piazzale Picelli <\/a><strong>VERDI GIUSEPPE, LA PICCOLA STORIA\u2026<\/strong><strong><\/strong><\/p>\n\n\n\n<p>mar 7&nbsp;&nbsp;&nbsp;&nbsp;&nbsp; ore 10.00&nbsp;&nbsp; Piazzale Picelli <strong>GIACOMO PUCCINI DAL SUO LAGO\u2026<\/strong><\/p>\n\n\n\n<p>&nbsp;&nbsp;&nbsp;&nbsp;&nbsp;&nbsp;&nbsp;&nbsp;&nbsp;&nbsp;&nbsp;&nbsp;&nbsp; ore 14.30&nbsp;&nbsp; Ridotto Teatro Regio<strong>COME SI CANTAVA VERDI?<\/strong><\/p>\n\n\n\n<p>&nbsp;&nbsp;&nbsp;&nbsp;&nbsp;&nbsp;&nbsp;&nbsp;&nbsp;&nbsp;&nbsp;&nbsp;&nbsp; ore 20:00&nbsp;&nbsp; Lenz Teatro<strong>DISDEMONA<\/strong><\/p>\n\n\n\n<p>mer 8&nbsp;&nbsp;&nbsp;&nbsp;&nbsp; ore 10.00&nbsp;&nbsp; Piazzale Picelli <strong>ROSSINI PER BAMBINI UNA RICETTA\u2026<\/strong><\/p>\n\n\n\n<p>&nbsp;&nbsp;&nbsp;&nbsp;&nbsp;&nbsp;&nbsp;&nbsp;&nbsp;&nbsp;&nbsp;&nbsp;&nbsp; ore 10.00&nbsp;&nbsp; Busseto <strong>IMPARAREA SCRIVERE CON VERDI E GUARESCHI<\/strong><\/p>\n\n\n\n<p>&nbsp;&nbsp;&nbsp;&nbsp;&nbsp;&nbsp;&nbsp;&nbsp;&nbsp;&nbsp;&nbsp;&nbsp;&nbsp; ore 19:00&nbsp;&nbsp; Lenz Teatro<strong> DISDEMONA<\/strong><\/p>\n\n\n\n<p>&nbsp;&nbsp;&nbsp;&nbsp;&nbsp;&nbsp;&nbsp;&nbsp;&nbsp;&nbsp;&nbsp;&nbsp;&nbsp; ore 20.30<strong>&nbsp;&nbsp; <\/strong>Teatro Regio <strong>CONCERTO ACCADEMIA VERDIANA<\/strong><\/p>\n\n\n\n<p>gio 9&nbsp;&nbsp;&nbsp;&nbsp;&nbsp;&nbsp; ore 10.00&nbsp;&nbsp; Piazzale Picelli <strong>INVENTOPERA<\/strong><\/p>\n\n\n\n<p>&nbsp;&nbsp;&nbsp;&nbsp;&nbsp;&nbsp;&nbsp;&nbsp;&nbsp;&nbsp;&nbsp;&nbsp;&nbsp; ore 10.00&nbsp;&nbsp; Traversetolo<strong>VERDI GIUSEPPE, LA PICCOLA STORIA\u2026<\/strong><\/p>\n\n\n\n<p>&nbsp;&nbsp;&nbsp;&nbsp;&nbsp;&nbsp;&nbsp;&nbsp;&nbsp;&nbsp;&nbsp;&nbsp;&nbsp; ore 20.00&nbsp;&nbsp; Lenz Teatro<strong> DISDEMONA<\/strong><\/p>\n\n\n\n<p>&nbsp;&nbsp;&nbsp;&nbsp;&nbsp;&nbsp;&nbsp;&nbsp;&nbsp;&nbsp;&nbsp;&nbsp;&nbsp; ore 20.00&nbsp;&nbsp; Busseto Teatro Verdi<strong> MACBETH<\/strong><\/p>\n\n\n\n<p>&nbsp;&nbsp;&nbsp;&nbsp;&nbsp;&nbsp;&nbsp;&nbsp;&nbsp;&nbsp;&nbsp;&nbsp;&nbsp; ore 21.00&nbsp;&nbsp; OniricArt <strong>CORPO D\u2019OPERA<\/strong><\/p>\n\n\n\n<p>ven 10<a>&nbsp;&nbsp;&nbsp; ore 10.00&nbsp;&nbsp; Basilicagoiano <\/a><strong>VERDI GIUSEPPE, LA PICCOLA STORIA\u2026<\/strong><\/p>\n\n\n\n<p>&nbsp;&nbsp;&nbsp;&nbsp;&nbsp;&nbsp;&nbsp;&nbsp;&nbsp;&nbsp;&nbsp;&nbsp;&nbsp; ore 11.30&nbsp;&nbsp; Parma Monumento a Verdi<strong>CERIMONIA<\/strong><\/p>\n\n\n\n<p>&nbsp;&nbsp;&nbsp;&nbsp;&nbsp;&nbsp;&nbsp;&nbsp;&nbsp;&nbsp;&nbsp;&nbsp;&nbsp; ore 12.00&nbsp;&nbsp; Gran Caff\u00e8 del teatro <strong>CAF\u00c9CONCERTO<\/strong><\/p>\n\n\n\n<p>&nbsp;&nbsp;&nbsp;&nbsp;&nbsp;&nbsp;&nbsp;&nbsp;&nbsp;&nbsp;&nbsp;&nbsp;&nbsp; ore 18.00&nbsp;&nbsp; OltreLab <strong>SORCIVERDIsTRAPpo ALLE REGOLE<\/strong><\/p>\n\n\n\n<p>&nbsp;&nbsp;&nbsp;&nbsp;&nbsp;&nbsp;&nbsp;&nbsp;&nbsp;&nbsp;&nbsp;&nbsp;&nbsp; ore 18.30&nbsp;&nbsp; La Prosciutteria Silvio Romani<strong>VERDI A PASSO DI DANZA<\/strong><\/p>\n\n\n\n<p>&nbsp;&nbsp;&nbsp;&nbsp;&nbsp;&nbsp;&nbsp;&nbsp;&nbsp;&nbsp;&nbsp;&nbsp;&nbsp; ore 19:00&nbsp;&nbsp; Lenz Teatro<strong> DISDEMONA<\/strong><\/p>\n\n\n\n<p>&nbsp;&nbsp;&nbsp;&nbsp;&nbsp;&nbsp;&nbsp;&nbsp;&nbsp;&nbsp;&nbsp;&nbsp;&nbsp; ore 19.30&nbsp;&nbsp; Piazzale del Teatro Regio<strong>VERDI A PASSO DI DANZA<\/strong><\/p>\n\n\n\n<p>&nbsp;&nbsp;&nbsp;&nbsp;&nbsp;&nbsp;&nbsp;&nbsp;&nbsp;&nbsp;&nbsp;&nbsp;&nbsp; ore 20.30&nbsp;&nbsp; Teatro Regio<strong> GALA VERDIANO<\/strong><\/p>\n\n\n\n<p>&nbsp;&nbsp;&nbsp;&nbsp;&nbsp;&nbsp;&nbsp;&nbsp;&nbsp;&nbsp;&nbsp;&nbsp;&nbsp; ore 21.30&nbsp;&nbsp; Borgo Santa Brigida <strong>MORENO IL BIONDO<\/strong><\/p>\n\n\n\n<p>&nbsp;&nbsp;&nbsp;&nbsp;&nbsp;&nbsp;&nbsp;&nbsp;&nbsp;&nbsp;&nbsp;&nbsp;&nbsp; ore 22.00-00.30 Palazzo Pallavicino <strong>A LETTO CON VERDI<\/strong><\/p>\n\n\n\n<p>sab 11&nbsp;&nbsp;&nbsp; ore 10.00-13.00, 16.00-18.00 Palazzo dei Ministeri <strong>INCONFESSABILE VERDI<\/strong><\/p>\n\n\n\n<p>&nbsp;&nbsp;&nbsp;&nbsp;&nbsp;&nbsp;&nbsp;&nbsp;&nbsp;&nbsp;&nbsp;&nbsp;&nbsp; ore 11.00&nbsp;&nbsp; Museo Glauco Lombardi <strong>QUARTETTI IN SALA TOSCHI<\/strong><\/p>\n\n\n\n<p>&nbsp;&nbsp;&nbsp;&nbsp;&nbsp;&nbsp;&nbsp;&nbsp;&nbsp;&nbsp;&nbsp;&nbsp;&nbsp; ore 12.00, 13.00 Fidenza <strong>CUC\u00d9 VERDIANO<\/strong><\/p>\n\n\n\n<p>&nbsp;&nbsp;&nbsp;&nbsp;&nbsp;&nbsp;&nbsp;&nbsp;&nbsp;&nbsp;&nbsp;&nbsp;&nbsp; ore 16.00&nbsp;&nbsp; Piazzale Picelli <strong>ODE ALLA VITA<\/strong><\/p>\n\n\n\n<p>&nbsp;&nbsp;&nbsp;&nbsp;&nbsp;&nbsp;&nbsp;&nbsp;&nbsp;&nbsp;&nbsp;&nbsp;&nbsp; ore 16.00&nbsp;&nbsp; Chiesa di San Giovanni Evangelista <strong>VERDI SACRO<\/strong><\/p>\n\n\n\n<p>&nbsp;&nbsp;&nbsp;&nbsp;&nbsp;&nbsp;&nbsp;&nbsp;&nbsp;&nbsp;&nbsp;&nbsp;&nbsp; ore 17.00&nbsp;&nbsp; Teatro Regio <strong>CORI AL RIDOTTO<\/strong> Voci bianche Parma Musicale<\/p>\n\n\n\n<p>&nbsp;&nbsp;&nbsp;&nbsp;&nbsp;&nbsp;&nbsp;&nbsp;&nbsp;&nbsp;&nbsp;&nbsp;&nbsp; ore 17.00&nbsp;&nbsp; Castellina di Soragna Servizi Italia <strong>QUEL CHE \u00c8 SPORCO \u00c8PULITO<\/strong><\/p>\n\n\n\n<p>&nbsp;&nbsp;&nbsp;&nbsp;&nbsp;&nbsp;&nbsp;&nbsp;&nbsp;&nbsp;&nbsp;&nbsp;&nbsp; ore 18.00&nbsp;&nbsp; Sala Baganza Oratorio Rocca Sanvitale <strong>RECITAL VERDIANO<\/strong><\/p>\n\n\n\n<p>&nbsp;&nbsp;&nbsp;&nbsp;&nbsp;&nbsp;&nbsp;&nbsp;&nbsp;&nbsp;&nbsp;&nbsp;&nbsp; ore 19.00&nbsp;&nbsp; OniricArt <strong>QUICKLY! La storia pi\u00f9 buffa di Windsor<\/strong><\/p>\n\n\n\n<p>&nbsp;&nbsp;&nbsp;&nbsp;&nbsp;&nbsp;&nbsp;&nbsp;&nbsp;&nbsp;&nbsp;&nbsp;&nbsp; ore 19.00&nbsp;&nbsp; Piazzale del Teatro Regio<strong>VERDI A PASSO DI DANZA<\/strong><\/p>\n\n\n\n<p>&nbsp;&nbsp;&nbsp;&nbsp;&nbsp;&nbsp;&nbsp;&nbsp;&nbsp;&nbsp;&nbsp;&nbsp;&nbsp; ore 20.00<strong>&nbsp;&nbsp; <\/strong>Teatro Regio <strong>OTELLO<\/strong><\/p>\n\n\n\n<p>&nbsp;&nbsp;&nbsp;&nbsp;&nbsp;&nbsp;&nbsp;&nbsp;&nbsp;&nbsp;&nbsp;&nbsp;&nbsp; ore 20.00&nbsp;&nbsp; Reggia di Colorno<strong>L\u2019ULTIMA NOTAIl segreto di Villa Verdi<\/strong><\/p>\n\n\n\n<p>&nbsp;&nbsp;&nbsp;&nbsp;&nbsp;&nbsp;&nbsp;&nbsp;&nbsp;&nbsp;&nbsp;&nbsp;&nbsp; ore 21.00&nbsp;&nbsp; Felino Chiesa della Purificazione della Beata Vergine <strong>VERDI SACRO<\/strong><\/p>\n\n\n\n<p>&nbsp;&nbsp;&nbsp;&nbsp;&nbsp;&nbsp;&nbsp;&nbsp;&nbsp;&nbsp;&nbsp;&nbsp;&nbsp; ore 22.00-00.30 Palazzo Pallavicino <strong>A LETTO CON VERDI<\/strong><\/p>\n\n\n\n<p>dom 12<a>&nbsp;&nbsp; ore 10.00-13.00, 16.00-18.00 Palazzo dei Ministeri <\/a><strong>INCONFESSABILE VERDI<\/strong><\/p>\n\n\n\n<p>&nbsp;&nbsp;&nbsp;&nbsp;&nbsp;&nbsp;&nbsp;&nbsp;&nbsp;&nbsp;&nbsp;&nbsp;&nbsp; ore 10.00&nbsp;&nbsp; Busseto Biblioteca Fondazione Cariparma <strong>EMANUELE MUZIO<\/strong><\/p>\n\n\n\n<p>&nbsp;&nbsp;&nbsp;&nbsp;&nbsp;&nbsp;&nbsp;&nbsp;&nbsp;&nbsp;&nbsp;&nbsp;&nbsp; ore 12.00&nbsp;&nbsp; Palazzo Ducale<strong>MEZZOGIORNO IN MUSICA<\/strong><\/p>\n\n\n\n<p>&nbsp;&nbsp;&nbsp;&nbsp;&nbsp;&nbsp;&nbsp;&nbsp;&nbsp;&nbsp;&nbsp;&nbsp;&nbsp; ore 12.00 &nbsp; Busseto Balcone Municipio <strong>CUC\u00d9 VERDIANO<\/strong><\/p>\n\n\n\n<p>&nbsp;&nbsp;&nbsp;&nbsp;&nbsp;&nbsp;&nbsp;&nbsp;&nbsp;&nbsp;&nbsp;&nbsp;&nbsp; ore 16.00&nbsp;&nbsp; Piazzale Picelli <strong>ODE ALLA VITA<\/strong><\/p>\n\n\n\n<p>&nbsp;&nbsp;&nbsp;&nbsp;&nbsp;&nbsp;&nbsp;&nbsp;&nbsp;&nbsp;&nbsp;&nbsp;&nbsp; ore 17.00&nbsp;&nbsp; Ridotto del Teatro Regio <strong>CORI AL RIDOTTO<\/strong> Corale Verdi<\/p>\n\n\n\n<p>&nbsp;&nbsp;&nbsp;&nbsp;&nbsp;&nbsp;&nbsp;&nbsp;&nbsp;&nbsp;&nbsp;&nbsp;&nbsp; ore 17.30&nbsp;&nbsp; Collecchio Parco Nevicati <strong>TRIO SPEZIE<\/strong><\/p>\n\n\n\n<p>&nbsp;&nbsp;&nbsp;&nbsp;&nbsp;&nbsp;&nbsp;&nbsp;&nbsp;&nbsp;&nbsp;&nbsp;&nbsp; ore 18.00&nbsp;&nbsp; Busseto Salone di Casa Barezzi <strong>BAREZZI YOUNG<\/strong><\/p>\n\n\n\n<p>&nbsp;&nbsp;&nbsp;&nbsp;&nbsp;&nbsp;&nbsp;&nbsp;&nbsp;&nbsp;&nbsp;&nbsp;&nbsp; ore 19.00&nbsp;&nbsp; Piazzale del Teatro Regio<strong>VERDI A PASSO DI DANZA<\/strong><\/p>\n\n\n\n<p>&nbsp;&nbsp;&nbsp;&nbsp;&nbsp;&nbsp;&nbsp;&nbsp;&nbsp;&nbsp;&nbsp;&nbsp;&nbsp; ore 20.00&nbsp;&nbsp; Teatro Regio<strong> FALSTAFF<\/strong><\/p>\n\n\n\n<p>&nbsp;&nbsp;&nbsp;&nbsp;&nbsp;&nbsp;&nbsp;&nbsp;&nbsp;&nbsp;&nbsp;&nbsp;&nbsp; ore 21.00&nbsp;&nbsp; Auditorium Paganini <strong>CONCERTO BANDA GIOVANILE ANBIMA<\/strong><\/p>\n\n\n\n<p>&nbsp;&nbsp;&nbsp;&nbsp;&nbsp;&nbsp;&nbsp;&nbsp;&nbsp;&nbsp;&nbsp;&nbsp;&nbsp; ore 22.00-00.30 Palazzo Pallavicino <strong>A LETTO CON VERDI<\/strong><\/p>\n\n\n\n<p>lun 13&nbsp;&nbsp;&nbsp;&nbsp; ore 10.00&nbsp;&nbsp; Piazzale Picelli <strong>VERDI GIUSEPPE, LA PICCOLA STORIA\u2026<\/strong><\/p>\n\n\n\n<p>mar 14&nbsp;&nbsp;&nbsp; ore 10.00&nbsp;&nbsp; Piazzale Picelli <strong>GIACOMO PUCCINI DAL SUO LAGO\u2026<\/strong><strong><\/strong><\/p>\n\n\n\n<p>&nbsp;&nbsp;&nbsp;&nbsp;&nbsp;&nbsp;&nbsp;&nbsp;&nbsp;&nbsp;&nbsp;&nbsp;&nbsp; ore 10.00&nbsp;&nbsp; Polesine di Zibello Teatro Pallavicino <strong>FALSTAFF<\/strong>\u2026<\/p>\n\n\n\n<p>&nbsp;&nbsp;&nbsp;&nbsp;&nbsp;&nbsp;&nbsp;&nbsp;&nbsp;&nbsp;&nbsp;&nbsp;&nbsp; ore 20.30<strong>&nbsp;&nbsp; <\/strong>Teatro Regio <strong>FUOCO DI GIOIA<\/strong><\/p>\n\n\n\n<p>mer 15&nbsp;&nbsp;&nbsp; ore 10.00&nbsp;&nbsp; Piazzale Picelli <strong>ROSSINI PER BAMBINI UNA RICETTA\u2026<\/strong><\/p>\n\n\n\n<p>gio 16&nbsp;&nbsp;&nbsp;&nbsp; ore 10.00&nbsp;&nbsp; Piazzale Picelli <strong>INVENTOPERA<\/strong><\/p>\n\n\n\n<p>&nbsp;&nbsp;&nbsp;&nbsp;&nbsp;&nbsp;&nbsp;&nbsp;&nbsp;&nbsp;&nbsp;&nbsp;&nbsp; ore 10.00&nbsp;&nbsp; Sala Baganza <strong>VERDI GIUSEPPE, LA PICCOLA STORIA\u2026<\/strong><\/p>\n\n\n\n<p>&nbsp;&nbsp;&nbsp;&nbsp;&nbsp;&nbsp;&nbsp;&nbsp;&nbsp;&nbsp;&nbsp;&nbsp;&nbsp; ore 17.00&nbsp;&nbsp; Palazzo Bossi Bocchi <strong>CONCERTO LIRICO VERDIANO<\/strong><\/p>\n\n\n\n<p>&nbsp;&nbsp;&nbsp;&nbsp;&nbsp;&nbsp;&nbsp;&nbsp;&nbsp;&nbsp;&nbsp;&nbsp;&nbsp; ore 18.00&nbsp;&nbsp; Casa della Musica <strong>I GIOVANI PER VERDI<\/strong><\/p>\n\n\n\n<p>&nbsp;&nbsp;&nbsp;&nbsp;&nbsp;&nbsp;&nbsp;&nbsp;&nbsp;&nbsp;&nbsp;&nbsp;&nbsp; ore 20.00&nbsp;&nbsp; Teatro Regio<strong> FALSTAFF<\/strong><\/p>\n\n\n\n<p>ven 17&nbsp;&nbsp;&nbsp; ore 12.00&nbsp;&nbsp; Gran Caff\u00e8 del teatro <strong>CAF\u00c9 CONCERTO<\/strong><\/p>\n\n\n\n<p>&nbsp;&nbsp;&nbsp;&nbsp;&nbsp;&nbsp;&nbsp;&nbsp;&nbsp;&nbsp;&nbsp;&nbsp;&nbsp; ore 15.00&nbsp;&nbsp; Ridotto del Teatro Regio <strong>CORI AL RIDOTTO<\/strong> Voci bianche Teatro Regio<\/p>\n\n\n\n<p>&nbsp;&nbsp;&nbsp;&nbsp;&nbsp;&nbsp;&nbsp;&nbsp;&nbsp;&nbsp;&nbsp;&nbsp;&nbsp; ore 17.00&nbsp;&nbsp; Busseto Teatro Verdi<strong> MACBETH<\/strong><\/p>\n\n\n\n<p>&nbsp;&nbsp;&nbsp;&nbsp;&nbsp;&nbsp;&nbsp;&nbsp;&nbsp;&nbsp;&nbsp;&nbsp;&nbsp; ore 20.30&nbsp;&nbsp; Palazzo Pallavicino <strong>IO CORAGGIOSO<\/strong><\/p>\n\n\n\n<p>&nbsp;&nbsp;&nbsp;&nbsp;&nbsp;&nbsp;&nbsp;&nbsp;&nbsp;&nbsp;&nbsp;&nbsp;&nbsp; ore 21.00&nbsp;&nbsp; Teatro Farnese<strong>89 SECONDS TO MIDNIGHT<\/strong><\/p>\n\n\n\n<p>&nbsp;&nbsp;&nbsp;&nbsp;&nbsp;&nbsp;&nbsp;&nbsp;&nbsp;&nbsp;&nbsp;&nbsp;&nbsp; ore 21.30&nbsp;&nbsp; Borgo Santa Brigida <strong>ATTACCHI DI SWING<\/strong><\/p>\n\n\n\n<p>sab 18&nbsp;&nbsp;&nbsp; ore 11.30, 16.30 Langhirano Salumificio La Torre <strong>MEMORIAEFUTURAE<\/strong><\/p>\n\n\n\n<p>&nbsp;&nbsp;&nbsp;&nbsp;&nbsp;&nbsp;&nbsp;&nbsp;&nbsp;&nbsp;&nbsp;&nbsp;&nbsp; ore 12.00&nbsp;&nbsp; Fidenza Agrinascente Silvano Romani <strong>CUC\u00d9 VERDIANO<\/strong><\/p>\n\n\n\n<p>&nbsp;&nbsp;&nbsp;&nbsp;&nbsp;&nbsp;&nbsp;&nbsp;&nbsp;&nbsp;&nbsp;&nbsp;&nbsp; ore 13.00&nbsp;&nbsp; Fidenza, KM90 RistoBottega Emiliana <strong>CUC\u00d9 VERDIANO<\/strong><\/p>\n\n\n\n<p>&nbsp;&nbsp;&nbsp;&nbsp;&nbsp;&nbsp;&nbsp;&nbsp;&nbsp;&nbsp;&nbsp;&nbsp;&nbsp; ore 15.30, 16.10, 16.50, 17.50, 18.30&nbsp; OniricArt <strong>SCORIE<\/strong><\/p>\n\n\n\n<p>&nbsp;&nbsp;&nbsp;&nbsp;&nbsp;&nbsp;&nbsp;&nbsp;&nbsp;&nbsp;&nbsp;&nbsp;&nbsp; ore 16.00&nbsp;&nbsp; Piazzale Picelli <strong>NELL\u2019ANTRO DELLA STREGA<\/strong><\/p>\n\n\n\n<p>&nbsp;&nbsp;&nbsp;&nbsp;&nbsp;&nbsp;&nbsp;&nbsp;&nbsp;&nbsp;&nbsp;&nbsp;&nbsp; ore 16.00&nbsp;&nbsp; Piazzale del Teatro Regio<strong>VERDI A PASSO DI DANZA<\/strong><\/p>\n\n\n\n<p>&nbsp;&nbsp;&nbsp;&nbsp;&nbsp;&nbsp;&nbsp;&nbsp;&nbsp;&nbsp;&nbsp;&nbsp;&nbsp; ore 16.30&nbsp;&nbsp; Sorbolo Mezzani Meverin <strong>CLOWN IN LIBERT\u00c0<\/strong><\/p>\n\n\n\n<p>&nbsp;&nbsp;&nbsp;&nbsp;&nbsp;&nbsp;&nbsp;&nbsp;&nbsp;&nbsp;&nbsp;&nbsp;&nbsp; ore 17.00&nbsp;&nbsp; Teatro Regio<strong> MESSA DA REQUIEM<\/strong><\/p>\n\n\n\n<p><a>&nbsp;&nbsp;&nbsp;&nbsp;&nbsp;&nbsp;&nbsp;&nbsp;&nbsp;&nbsp;&nbsp;&nbsp;&nbsp; ore 21.30&nbsp;&nbsp; Borgo Santa Brigida <\/a><strong>DJSET VERDIANO<\/strong><strong><\/strong><\/p>\n\n\n\n<p>dom 19&nbsp;&nbsp; ore 12.00&nbsp;&nbsp; Palazzo Ducale <strong>MEZZOGIORNO IN MUSICA<\/strong><\/p>\n\n\n\n<p>&nbsp;&nbsp;&nbsp;&nbsp;&nbsp;&nbsp;&nbsp;&nbsp;&nbsp;&nbsp;&nbsp;&nbsp;&nbsp; ore 12.00 &nbsp; Busseto Balcone Municipio <strong>CUC\u00d9 VERDIANO<\/strong><\/p>\n\n\n\n<p>&nbsp;&nbsp;&nbsp;&nbsp;&nbsp;&nbsp;&nbsp;&nbsp;&nbsp;&nbsp;&nbsp;&nbsp;&nbsp; ore 15.30, 16.10, 16.50,17.50, 18.30OniricArt <strong>SCORIE<\/strong><\/p>\n\n\n\n<p>&nbsp;&nbsp;&nbsp;&nbsp;&nbsp;&nbsp;&nbsp;&nbsp;&nbsp;&nbsp;&nbsp;&nbsp;&nbsp; ore 16.00&nbsp;&nbsp; Piazzale Picelli <strong>NELL\u2019ANTRO DELLA STREGA<\/strong><\/p>\n\n\n\n<p>&nbsp;&nbsp;&nbsp;&nbsp;&nbsp;&nbsp;&nbsp;&nbsp;&nbsp;&nbsp;&nbsp;&nbsp;&nbsp; ore 16.00&nbsp;&nbsp; Casa della Musica Parma <strong>VERDI PLURILINGUE<\/strong><strong><\/strong><\/p>\n\n\n\n<p>&nbsp;&nbsp;&nbsp;&nbsp;&nbsp;&nbsp;&nbsp;&nbsp;&nbsp;&nbsp;&nbsp;&nbsp;&nbsp; ore 16.30&nbsp;&nbsp; Mezzani Porto Turistico <strong>V.V.V. 2.0<\/strong><strong><\/strong><\/p>\n\n\n\n<p>&nbsp;&nbsp;&nbsp;&nbsp;&nbsp;&nbsp;&nbsp;&nbsp;&nbsp;&nbsp;&nbsp;&nbsp;&nbsp; ore 20.00<strong>&nbsp;&nbsp; <\/strong>Teatro Regio <strong>OTELLO<\/strong><\/p>\n\n\n\n<p>foto<\/p>\n\n\n\n<figure class=\"wp-block-gallery has-nested-images columns-default is-cropped wp-block-gallery-1 is-layout-flex wp-block-gallery-is-layout-flex\">\n<figure class=\"wp-block-image size-large\"><a href=\"https:\/\/www.ecoitaliano.com.ar\/wp-content\/uploads\/2025\/10\/01_89Seconds-to-midnight_photo\u00a9Andrea-Mazzoni.jpg\"><img decoding=\"async\" width=\"1024\" height=\"745\" data-id=\"80578\" src=\"https:\/\/www.ecoitaliano.com.ar\/wp-content\/uploads\/2025\/10\/01_89Seconds-to-midnight_photo\u00a9Andrea-Mazzoni-1024x745.jpg\" alt=\"\" class=\"wp-image-80578\" srcset=\"https:\/\/www.ecoitaliano.com.ar\/wp-content\/uploads\/2025\/10\/01_89Seconds-to-midnight_photo\u00a9Andrea-Mazzoni-1024x745.jpg 1024w, https:\/\/www.ecoitaliano.com.ar\/wp-content\/uploads\/2025\/10\/01_89Seconds-to-midnight_photo\u00a9Andrea-Mazzoni-300x218.jpg 300w, https:\/\/www.ecoitaliano.com.ar\/wp-content\/uploads\/2025\/10\/01_89Seconds-to-midnight_photo\u00a9Andrea-Mazzoni-768x559.jpg 768w, https:\/\/www.ecoitaliano.com.ar\/wp-content\/uploads\/2025\/10\/01_89Seconds-to-midnight_photo\u00a9Andrea-Mazzoni-1536x1118.jpg 1536w, https:\/\/www.ecoitaliano.com.ar\/wp-content\/uploads\/2025\/10\/01_89Seconds-to-midnight_photo\u00a9Andrea-Mazzoni-2048x1490.jpg 2048w, https:\/\/www.ecoitaliano.com.ar\/wp-content\/uploads\/2025\/10\/01_89Seconds-to-midnight_photo\u00a9Andrea-Mazzoni-150x109.jpg 150w\" sizes=\"(max-width: 1024px) 100vw, 1024px\" \/><\/a><\/figure>\n\n\n\n<figure class=\"wp-block-image size-large\"><a href=\"https:\/\/www.ecoitaliano.com.ar\/wp-content\/uploads\/2025\/10\/02_89Seconds-to-midnight_photo\u00a9Andrea-Mazzoni.jpg\"><img decoding=\"async\" width=\"1024\" height=\"683\" data-id=\"80579\" src=\"https:\/\/www.ecoitaliano.com.ar\/wp-content\/uploads\/2025\/10\/02_89Seconds-to-midnight_photo\u00a9Andrea-Mazzoni-1024x683.jpg\" alt=\"\" class=\"wp-image-80579\" srcset=\"https:\/\/www.ecoitaliano.com.ar\/wp-content\/uploads\/2025\/10\/02_89Seconds-to-midnight_photo\u00a9Andrea-Mazzoni-1024x683.jpg 1024w, https:\/\/www.ecoitaliano.com.ar\/wp-content\/uploads\/2025\/10\/02_89Seconds-to-midnight_photo\u00a9Andrea-Mazzoni-300x200.jpg 300w, https:\/\/www.ecoitaliano.com.ar\/wp-content\/uploads\/2025\/10\/02_89Seconds-to-midnight_photo\u00a9Andrea-Mazzoni-768x512.jpg 768w, https:\/\/www.ecoitaliano.com.ar\/wp-content\/uploads\/2025\/10\/02_89Seconds-to-midnight_photo\u00a9Andrea-Mazzoni-1536x1024.jpg 1536w, https:\/\/www.ecoitaliano.com.ar\/wp-content\/uploads\/2025\/10\/02_89Seconds-to-midnight_photo\u00a9Andrea-Mazzoni-2048x1366.jpg 2048w, https:\/\/www.ecoitaliano.com.ar\/wp-content\/uploads\/2025\/10\/02_89Seconds-to-midnight_photo\u00a9Andrea-Mazzoni-150x100.jpg 150w\" sizes=\"(max-width: 1024px) 100vw, 1024px\" \/><\/a><\/figure>\n\n\n\n<figure class=\"wp-block-image size-large\"><a href=\"https:\/\/www.ecoitaliano.com.ar\/wp-content\/uploads\/2025\/10\/03_89Seconds-to-midnight_photo\u00a9Andrea-Mazzoni.jpg\"><img decoding=\"async\" width=\"683\" height=\"1024\" data-id=\"80580\" src=\"https:\/\/www.ecoitaliano.com.ar\/wp-content\/uploads\/2025\/10\/03_89Seconds-to-midnight_photo\u00a9Andrea-Mazzoni-683x1024.jpg\" alt=\"\" class=\"wp-image-80580\" srcset=\"https:\/\/www.ecoitaliano.com.ar\/wp-content\/uploads\/2025\/10\/03_89Seconds-to-midnight_photo\u00a9Andrea-Mazzoni-683x1024.jpg 683w, https:\/\/www.ecoitaliano.com.ar\/wp-content\/uploads\/2025\/10\/03_89Seconds-to-midnight_photo\u00a9Andrea-Mazzoni-200x300.jpg 200w, https:\/\/www.ecoitaliano.com.ar\/wp-content\/uploads\/2025\/10\/03_89Seconds-to-midnight_photo\u00a9Andrea-Mazzoni-768x1152.jpg 768w, https:\/\/www.ecoitaliano.com.ar\/wp-content\/uploads\/2025\/10\/03_89Seconds-to-midnight_photo\u00a9Andrea-Mazzoni-1024x1536.jpg 1024w, https:\/\/www.ecoitaliano.com.ar\/wp-content\/uploads\/2025\/10\/03_89Seconds-to-midnight_photo\u00a9Andrea-Mazzoni-1366x2048.jpg 1366w, https:\/\/www.ecoitaliano.com.ar\/wp-content\/uploads\/2025\/10\/03_89Seconds-to-midnight_photo\u00a9Andrea-Mazzoni-100x150.jpg 100w, https:\/\/www.ecoitaliano.com.ar\/wp-content\/uploads\/2025\/10\/03_89Seconds-to-midnight_photo\u00a9Andrea-Mazzoni.jpg 1707w\" sizes=\"(max-width: 683px) 100vw, 683px\" \/><\/a><\/figure>\n\n\n\n<figure class=\"wp-block-image size-large\"><a href=\"https:\/\/www.ecoitaliano.com.ar\/wp-content\/uploads\/2025\/10\/04_89Seconds-to-midnight_photo\u00a9Andrea-Mazzoni.jpg\"><img decoding=\"async\" width=\"683\" height=\"1024\" data-id=\"80581\" src=\"https:\/\/www.ecoitaliano.com.ar\/wp-content\/uploads\/2025\/10\/04_89Seconds-to-midnight_photo\u00a9Andrea-Mazzoni-683x1024.jpg\" alt=\"\" class=\"wp-image-80581\" srcset=\"https:\/\/www.ecoitaliano.com.ar\/wp-content\/uploads\/2025\/10\/04_89Seconds-to-midnight_photo\u00a9Andrea-Mazzoni-683x1024.jpg 683w, https:\/\/www.ecoitaliano.com.ar\/wp-content\/uploads\/2025\/10\/04_89Seconds-to-midnight_photo\u00a9Andrea-Mazzoni-200x300.jpg 200w, https:\/\/www.ecoitaliano.com.ar\/wp-content\/uploads\/2025\/10\/04_89Seconds-to-midnight_photo\u00a9Andrea-Mazzoni-768x1152.jpg 768w, https:\/\/www.ecoitaliano.com.ar\/wp-content\/uploads\/2025\/10\/04_89Seconds-to-midnight_photo\u00a9Andrea-Mazzoni-1024x1536.jpg 1024w, https:\/\/www.ecoitaliano.com.ar\/wp-content\/uploads\/2025\/10\/04_89Seconds-to-midnight_photo\u00a9Andrea-Mazzoni-1366x2048.jpg 1366w, https:\/\/www.ecoitaliano.com.ar\/wp-content\/uploads\/2025\/10\/04_89Seconds-to-midnight_photo\u00a9Andrea-Mazzoni-100x150.jpg 100w, https:\/\/www.ecoitaliano.com.ar\/wp-content\/uploads\/2025\/10\/04_89Seconds-to-midnight_photo\u00a9Andrea-Mazzoni.jpg 1707w\" sizes=\"(max-width: 683px) 100vw, 683px\" \/><\/a><\/figure>\n\n\n\n<figure class=\"wp-block-image size-large\"><a href=\"https:\/\/www.ecoitaliano.com.ar\/wp-content\/uploads\/2025\/10\/05_89Seconds-to-midnight_photo\u00a9Andrea-Mazzoni.jpg\"><img decoding=\"async\" width=\"1024\" height=\"683\" data-id=\"80582\" src=\"https:\/\/www.ecoitaliano.com.ar\/wp-content\/uploads\/2025\/10\/05_89Seconds-to-midnight_photo\u00a9Andrea-Mazzoni-1024x683.jpg\" alt=\"\" class=\"wp-image-80582\" srcset=\"https:\/\/www.ecoitaliano.com.ar\/wp-content\/uploads\/2025\/10\/05_89Seconds-to-midnight_photo\u00a9Andrea-Mazzoni-1024x683.jpg 1024w, https:\/\/www.ecoitaliano.com.ar\/wp-content\/uploads\/2025\/10\/05_89Seconds-to-midnight_photo\u00a9Andrea-Mazzoni-300x200.jpg 300w, https:\/\/www.ecoitaliano.com.ar\/wp-content\/uploads\/2025\/10\/05_89Seconds-to-midnight_photo\u00a9Andrea-Mazzoni-768x512.jpg 768w, https:\/\/www.ecoitaliano.com.ar\/wp-content\/uploads\/2025\/10\/05_89Seconds-to-midnight_photo\u00a9Andrea-Mazzoni-1536x1024.jpg 1536w, https:\/\/www.ecoitaliano.com.ar\/wp-content\/uploads\/2025\/10\/05_89Seconds-to-midnight_photo\u00a9Andrea-Mazzoni-2048x1366.jpg 2048w, https:\/\/www.ecoitaliano.com.ar\/wp-content\/uploads\/2025\/10\/05_89Seconds-to-midnight_photo\u00a9Andrea-Mazzoni-150x100.jpg 150w\" sizes=\"(max-width: 1024px) 100vw, 1024px\" \/><\/a><\/figure>\n\n\n\n<figure class=\"wp-block-image size-large\"><a href=\"https:\/\/www.ecoitaliano.com.ar\/wp-content\/uploads\/2025\/10\/06_89Seconds-to-midnight_photo\u00a9Andrea-Mazzoni.jpg\"><img decoding=\"async\" width=\"683\" height=\"1024\" data-id=\"80583\" src=\"https:\/\/www.ecoitaliano.com.ar\/wp-content\/uploads\/2025\/10\/06_89Seconds-to-midnight_photo\u00a9Andrea-Mazzoni-683x1024.jpg\" alt=\"\" class=\"wp-image-80583\" srcset=\"https:\/\/www.ecoitaliano.com.ar\/wp-content\/uploads\/2025\/10\/06_89Seconds-to-midnight_photo\u00a9Andrea-Mazzoni-683x1024.jpg 683w, https:\/\/www.ecoitaliano.com.ar\/wp-content\/uploads\/2025\/10\/06_89Seconds-to-midnight_photo\u00a9Andrea-Mazzoni-200x300.jpg 200w, https:\/\/www.ecoitaliano.com.ar\/wp-content\/uploads\/2025\/10\/06_89Seconds-to-midnight_photo\u00a9Andrea-Mazzoni-768x1152.jpg 768w, https:\/\/www.ecoitaliano.com.ar\/wp-content\/uploads\/2025\/10\/06_89Seconds-to-midnight_photo\u00a9Andrea-Mazzoni-1024x1536.jpg 1024w, https:\/\/www.ecoitaliano.com.ar\/wp-content\/uploads\/2025\/10\/06_89Seconds-to-midnight_photo\u00a9Andrea-Mazzoni-1366x2048.jpg 1366w, https:\/\/www.ecoitaliano.com.ar\/wp-content\/uploads\/2025\/10\/06_89Seconds-to-midnight_photo\u00a9Andrea-Mazzoni-100x150.jpg 100w, https:\/\/www.ecoitaliano.com.ar\/wp-content\/uploads\/2025\/10\/06_89Seconds-to-midnight_photo\u00a9Andrea-Mazzoni.jpg 1707w\" sizes=\"(max-width: 683px) 100vw, 683px\" \/><\/a><\/figure>\n\n\n\n<figure class=\"wp-block-image size-large\"><a href=\"https:\/\/www.ecoitaliano.com.ar\/wp-content\/uploads\/2025\/10\/07_89Seconds-to-midnight_photo\u00a9Andrea-Mazzoni.jpg\"><img decoding=\"async\" width=\"1024\" height=\"683\" data-id=\"80584\" src=\"https:\/\/www.ecoitaliano.com.ar\/wp-content\/uploads\/2025\/10\/07_89Seconds-to-midnight_photo\u00a9Andrea-Mazzoni-1024x683.jpg\" alt=\"\" class=\"wp-image-80584\" srcset=\"https:\/\/www.ecoitaliano.com.ar\/wp-content\/uploads\/2025\/10\/07_89Seconds-to-midnight_photo\u00a9Andrea-Mazzoni-1024x683.jpg 1024w, https:\/\/www.ecoitaliano.com.ar\/wp-content\/uploads\/2025\/10\/07_89Seconds-to-midnight_photo\u00a9Andrea-Mazzoni-300x200.jpg 300w, https:\/\/www.ecoitaliano.com.ar\/wp-content\/uploads\/2025\/10\/07_89Seconds-to-midnight_photo\u00a9Andrea-Mazzoni-768x512.jpg 768w, https:\/\/www.ecoitaliano.com.ar\/wp-content\/uploads\/2025\/10\/07_89Seconds-to-midnight_photo\u00a9Andrea-Mazzoni-1536x1024.jpg 1536w, https:\/\/www.ecoitaliano.com.ar\/wp-content\/uploads\/2025\/10\/07_89Seconds-to-midnight_photo\u00a9Andrea-Mazzoni-2048x1366.jpg 2048w, https:\/\/www.ecoitaliano.com.ar\/wp-content\/uploads\/2025\/10\/07_89Seconds-to-midnight_photo\u00a9Andrea-Mazzoni-150x100.jpg 150w\" sizes=\"(max-width: 1024px) 100vw, 1024px\" \/><\/a><\/figure>\n\n\n\n<figure class=\"wp-block-image size-large\"><a href=\"https:\/\/www.ecoitaliano.com.ar\/wp-content\/uploads\/2025\/10\/08_89Seconds-to-midnight_photo\u00a9Andrea-Mazzoni.jpg\"><img decoding=\"async\" width=\"1024\" height=\"683\" data-id=\"80585\" src=\"https:\/\/www.ecoitaliano.com.ar\/wp-content\/uploads\/2025\/10\/08_89Seconds-to-midnight_photo\u00a9Andrea-Mazzoni-1024x683.jpg\" alt=\"\" class=\"wp-image-80585\" srcset=\"https:\/\/www.ecoitaliano.com.ar\/wp-content\/uploads\/2025\/10\/08_89Seconds-to-midnight_photo\u00a9Andrea-Mazzoni-1024x683.jpg 1024w, https:\/\/www.ecoitaliano.com.ar\/wp-content\/uploads\/2025\/10\/08_89Seconds-to-midnight_photo\u00a9Andrea-Mazzoni-300x200.jpg 300w, https:\/\/www.ecoitaliano.com.ar\/wp-content\/uploads\/2025\/10\/08_89Seconds-to-midnight_photo\u00a9Andrea-Mazzoni-768x512.jpg 768w, https:\/\/www.ecoitaliano.com.ar\/wp-content\/uploads\/2025\/10\/08_89Seconds-to-midnight_photo\u00a9Andrea-Mazzoni-1536x1024.jpg 1536w, https:\/\/www.ecoitaliano.com.ar\/wp-content\/uploads\/2025\/10\/08_89Seconds-to-midnight_photo\u00a9Andrea-Mazzoni-2048x1366.jpg 2048w, https:\/\/www.ecoitaliano.com.ar\/wp-content\/uploads\/2025\/10\/08_89Seconds-to-midnight_photo\u00a9Andrea-Mazzoni-150x100.jpg 150w\" sizes=\"(max-width: 1024px) 100vw, 1024px\" \/><\/a><\/figure>\n\n\n\n<figure class=\"wp-block-image size-large\"><a href=\"https:\/\/www.ecoitaliano.com.ar\/wp-content\/uploads\/2025\/10\/Francesca-Sgariboldi-.-89-Seconds-to-midnight-1.jpg\"><img decoding=\"async\" width=\"1024\" height=\"613\" data-id=\"80586\" src=\"https:\/\/www.ecoitaliano.com.ar\/wp-content\/uploads\/2025\/10\/Francesca-Sgariboldi-.-89-Seconds-to-midnight-1-1024x613.jpg\" alt=\"\" class=\"wp-image-80586\" srcset=\"https:\/\/www.ecoitaliano.com.ar\/wp-content\/uploads\/2025\/10\/Francesca-Sgariboldi-.-89-Seconds-to-midnight-1-1024x613.jpg 1024w, https:\/\/www.ecoitaliano.com.ar\/wp-content\/uploads\/2025\/10\/Francesca-Sgariboldi-.-89-Seconds-to-midnight-1-300x180.jpg 300w, https:\/\/www.ecoitaliano.com.ar\/wp-content\/uploads\/2025\/10\/Francesca-Sgariboldi-.-89-Seconds-to-midnight-1-768x460.jpg 768w, https:\/\/www.ecoitaliano.com.ar\/wp-content\/uploads\/2025\/10\/Francesca-Sgariboldi-.-89-Seconds-to-midnight-1-1536x920.jpg 1536w, https:\/\/www.ecoitaliano.com.ar\/wp-content\/uploads\/2025\/10\/Francesca-Sgariboldi-.-89-Seconds-to-midnight-1-2048x1226.jpg 2048w, https:\/\/www.ecoitaliano.com.ar\/wp-content\/uploads\/2025\/10\/Francesca-Sgariboldi-.-89-Seconds-to-midnight-1-150x90.jpg 150w, https:\/\/www.ecoitaliano.com.ar\/wp-content\/uploads\/2025\/10\/Francesca-Sgariboldi-.-89-Seconds-to-midnight-1-250x150.jpg 250w\" sizes=\"(max-width: 1024px) 100vw, 1024px\" \/><\/a><\/figure>\n\n\n\n<figure class=\"wp-block-image size-large\"><a href=\"https:\/\/www.ecoitaliano.com.ar\/wp-content\/uploads\/2025\/10\/Francesca-Sgariboldi-.-89-Seconds-to-midnight-2.jpg\"><img decoding=\"async\" width=\"1024\" height=\"604\" data-id=\"80587\" src=\"https:\/\/www.ecoitaliano.com.ar\/wp-content\/uploads\/2025\/10\/Francesca-Sgariboldi-.-89-Seconds-to-midnight-2-1024x604.jpg\" alt=\"\" class=\"wp-image-80587\" srcset=\"https:\/\/www.ecoitaliano.com.ar\/wp-content\/uploads\/2025\/10\/Francesca-Sgariboldi-.-89-Seconds-to-midnight-2-1024x604.jpg 1024w, https:\/\/www.ecoitaliano.com.ar\/wp-content\/uploads\/2025\/10\/Francesca-Sgariboldi-.-89-Seconds-to-midnight-2-300x177.jpg 300w, https:\/\/www.ecoitaliano.com.ar\/wp-content\/uploads\/2025\/10\/Francesca-Sgariboldi-.-89-Seconds-to-midnight-2-768x453.jpg 768w, https:\/\/www.ecoitaliano.com.ar\/wp-content\/uploads\/2025\/10\/Francesca-Sgariboldi-.-89-Seconds-to-midnight-2-1536x907.jpg 1536w, https:\/\/www.ecoitaliano.com.ar\/wp-content\/uploads\/2025\/10\/Francesca-Sgariboldi-.-89-Seconds-to-midnight-2-2048x1209.jpg 2048w, https:\/\/www.ecoitaliano.com.ar\/wp-content\/uploads\/2025\/10\/Francesca-Sgariboldi-.-89-Seconds-to-midnight-2-150x89.jpg 150w\" sizes=\"(max-width: 1024px) 100vw, 1024px\" \/><\/a><\/figure>\n\n\n\n<figure class=\"wp-block-image size-large\"><a href=\"https:\/\/www.ecoitaliano.com.ar\/wp-content\/uploads\/2025\/10\/Francesca-Sgariboldi-.-89-Seconds-to-midnight-3.jpg\"><img decoding=\"async\" width=\"1024\" height=\"604\" data-id=\"80588\" src=\"https:\/\/www.ecoitaliano.com.ar\/wp-content\/uploads\/2025\/10\/Francesca-Sgariboldi-.-89-Seconds-to-midnight-3-1024x604.jpg\" alt=\"\" class=\"wp-image-80588\" srcset=\"https:\/\/www.ecoitaliano.com.ar\/wp-content\/uploads\/2025\/10\/Francesca-Sgariboldi-.-89-Seconds-to-midnight-3-1024x604.jpg 1024w, https:\/\/www.ecoitaliano.com.ar\/wp-content\/uploads\/2025\/10\/Francesca-Sgariboldi-.-89-Seconds-to-midnight-3-300x177.jpg 300w, https:\/\/www.ecoitaliano.com.ar\/wp-content\/uploads\/2025\/10\/Francesca-Sgariboldi-.-89-Seconds-to-midnight-3-768x453.jpg 768w, https:\/\/www.ecoitaliano.com.ar\/wp-content\/uploads\/2025\/10\/Francesca-Sgariboldi-.-89-Seconds-to-midnight-3-1536x907.jpg 1536w, https:\/\/www.ecoitaliano.com.ar\/wp-content\/uploads\/2025\/10\/Francesca-Sgariboldi-.-89-Seconds-to-midnight-3-2048x1209.jpg 2048w, https:\/\/www.ecoitaliano.com.ar\/wp-content\/uploads\/2025\/10\/Francesca-Sgariboldi-.-89-Seconds-to-midnight-3-150x89.jpg 150w\" sizes=\"(max-width: 1024px) 100vw, 1024px\" \/><\/a><\/figure>\n\n\n\n<figure class=\"wp-block-image size-large\"><a href=\"https:\/\/www.ecoitaliano.com.ar\/wp-content\/uploads\/2025\/10\/Francesca-Sgariboldi-.-89-Seconds-to-midnight-4.jpg\"><img decoding=\"async\" width=\"1024\" height=\"603\" data-id=\"80589\" src=\"https:\/\/www.ecoitaliano.com.ar\/wp-content\/uploads\/2025\/10\/Francesca-Sgariboldi-.-89-Seconds-to-midnight-4-1024x603.jpg\" alt=\"\" class=\"wp-image-80589\" srcset=\"https:\/\/www.ecoitaliano.com.ar\/wp-content\/uploads\/2025\/10\/Francesca-Sgariboldi-.-89-Seconds-to-midnight-4-1024x603.jpg 1024w, https:\/\/www.ecoitaliano.com.ar\/wp-content\/uploads\/2025\/10\/Francesca-Sgariboldi-.-89-Seconds-to-midnight-4-300x177.jpg 300w, https:\/\/www.ecoitaliano.com.ar\/wp-content\/uploads\/2025\/10\/Francesca-Sgariboldi-.-89-Seconds-to-midnight-4-768x452.jpg 768w, https:\/\/www.ecoitaliano.com.ar\/wp-content\/uploads\/2025\/10\/Francesca-Sgariboldi-.-89-Seconds-to-midnight-4-1536x904.jpg 1536w, https:\/\/www.ecoitaliano.com.ar\/wp-content\/uploads\/2025\/10\/Francesca-Sgariboldi-.-89-Seconds-to-midnight-4-2048x1206.jpg 2048w, https:\/\/www.ecoitaliano.com.ar\/wp-content\/uploads\/2025\/10\/Francesca-Sgariboldi-.-89-Seconds-to-midnight-4-150x88.jpg 150w\" sizes=\"(max-width: 1024px) 100vw, 1024px\" \/><\/a><\/figure>\n\n\n\n<figure class=\"wp-block-image size-large\"><a href=\"https:\/\/www.ecoitaliano.com.ar\/wp-content\/uploads\/2025\/10\/Francesca-Sgariboldi-.-89-Seconds-to-midnight-5.jpg\"><img decoding=\"async\" width=\"1024\" height=\"604\" data-id=\"80590\" src=\"https:\/\/www.ecoitaliano.com.ar\/wp-content\/uploads\/2025\/10\/Francesca-Sgariboldi-.-89-Seconds-to-midnight-5-1024x604.jpg\" alt=\"\" class=\"wp-image-80590\" srcset=\"https:\/\/www.ecoitaliano.com.ar\/wp-content\/uploads\/2025\/10\/Francesca-Sgariboldi-.-89-Seconds-to-midnight-5-1024x604.jpg 1024w, https:\/\/www.ecoitaliano.com.ar\/wp-content\/uploads\/2025\/10\/Francesca-Sgariboldi-.-89-Seconds-to-midnight-5-300x177.jpg 300w, https:\/\/www.ecoitaliano.com.ar\/wp-content\/uploads\/2025\/10\/Francesca-Sgariboldi-.-89-Seconds-to-midnight-5-768x453.jpg 768w, https:\/\/www.ecoitaliano.com.ar\/wp-content\/uploads\/2025\/10\/Francesca-Sgariboldi-.-89-Seconds-to-midnight-5-1536x905.jpg 1536w, https:\/\/www.ecoitaliano.com.ar\/wp-content\/uploads\/2025\/10\/Francesca-Sgariboldi-.-89-Seconds-to-midnight-5-2048x1207.jpg 2048w, https:\/\/www.ecoitaliano.com.ar\/wp-content\/uploads\/2025\/10\/Francesca-Sgariboldi-.-89-Seconds-to-midnight-5-150x88.jpg 150w\" sizes=\"(max-width: 1024px) 100vw, 1024px\" \/><\/a><\/figure>\n\n\n\n<figure class=\"wp-block-image size-large\"><a href=\"https:\/\/www.ecoitaliano.com.ar\/wp-content\/uploads\/2025\/10\/Francesca-Sgariboldi-.-89-Seconds-to-midnight-6.jpg\"><img decoding=\"async\" width=\"1024\" height=\"602\" data-id=\"80591\" src=\"https:\/\/www.ecoitaliano.com.ar\/wp-content\/uploads\/2025\/10\/Francesca-Sgariboldi-.-89-Seconds-to-midnight-6-1024x602.jpg\" alt=\"\" class=\"wp-image-80591\" srcset=\"https:\/\/www.ecoitaliano.com.ar\/wp-content\/uploads\/2025\/10\/Francesca-Sgariboldi-.-89-Seconds-to-midnight-6-1024x602.jpg 1024w, https:\/\/www.ecoitaliano.com.ar\/wp-content\/uploads\/2025\/10\/Francesca-Sgariboldi-.-89-Seconds-to-midnight-6-300x176.jpg 300w, https:\/\/www.ecoitaliano.com.ar\/wp-content\/uploads\/2025\/10\/Francesca-Sgariboldi-.-89-Seconds-to-midnight-6-768x452.jpg 768w, https:\/\/www.ecoitaliano.com.ar\/wp-content\/uploads\/2025\/10\/Francesca-Sgariboldi-.-89-Seconds-to-midnight-6-1536x903.jpg 1536w, https:\/\/www.ecoitaliano.com.ar\/wp-content\/uploads\/2025\/10\/Francesca-Sgariboldi-.-89-Seconds-to-midnight-6-2048x1204.jpg 2048w, https:\/\/www.ecoitaliano.com.ar\/wp-content\/uploads\/2025\/10\/Francesca-Sgariboldi-.-89-Seconds-to-midnight-6-150x88.jpg 150w\" sizes=\"(max-width: 1024px) 100vw, 1024px\" \/><\/a><\/figure>\n<\/figure>\n","protected":false},"excerpt":{"rendered":"<p>89 SECONDS TO MIDNIGHT IN PRIMA ASSOLUTA AL FESTIVAL VERDI, MUSICA STRUMENTALE ED ELETTRONICA, CANTO LIRICO, TEATRO E DANZA PER [&hellip;]<\/p>\n","protected":false},"author":1,"featured_media":0,"comment_status":"open","ping_status":"open","sticky":false,"template":"","format":"standard","meta":{"footnotes":""},"categories":[1],"tags":[],"class_list":["post-80577","post","type-post","status-publish","format-standard","hentry","category-sin-categoria"],"_links":{"self":[{"href":"https:\/\/www.ecoitaliano.com.ar\/index.php?rest_route=\/wp\/v2\/posts\/80577","targetHints":{"allow":["GET"]}}],"collection":[{"href":"https:\/\/www.ecoitaliano.com.ar\/index.php?rest_route=\/wp\/v2\/posts"}],"about":[{"href":"https:\/\/www.ecoitaliano.com.ar\/index.php?rest_route=\/wp\/v2\/types\/post"}],"author":[{"embeddable":true,"href":"https:\/\/www.ecoitaliano.com.ar\/index.php?rest_route=\/wp\/v2\/users\/1"}],"replies":[{"embeddable":true,"href":"https:\/\/www.ecoitaliano.com.ar\/index.php?rest_route=%2Fwp%2Fv2%2Fcomments&post=80577"}],"version-history":[{"count":1,"href":"https:\/\/www.ecoitaliano.com.ar\/index.php?rest_route=\/wp\/v2\/posts\/80577\/revisions"}],"predecessor-version":[{"id":80592,"href":"https:\/\/www.ecoitaliano.com.ar\/index.php?rest_route=\/wp\/v2\/posts\/80577\/revisions\/80592"}],"wp:attachment":[{"href":"https:\/\/www.ecoitaliano.com.ar\/index.php?rest_route=%2Fwp%2Fv2%2Fmedia&parent=80577"}],"wp:term":[{"taxonomy":"category","embeddable":true,"href":"https:\/\/www.ecoitaliano.com.ar\/index.php?rest_route=%2Fwp%2Fv2%2Fcategories&post=80577"},{"taxonomy":"post_tag","embeddable":true,"href":"https:\/\/www.ecoitaliano.com.ar\/index.php?rest_route=%2Fwp%2Fv2%2Ftags&post=80577"}],"curies":[{"name":"wp","href":"https:\/\/api.w.org\/{rel}","templated":true}]}}