{"id":80622,"date":"2025-10-13T17:57:46","date_gmt":"2025-10-13T17:57:46","guid":{"rendered":"https:\/\/www.ecoitaliano.com.ar\/?p=80622"},"modified":"2025-10-13T17:57:46","modified_gmt":"2025-10-13T17:57:46","slug":"serena-conduce-operaclassica-eco-italiano-4687","status":"publish","type":"post","link":"https:\/\/www.ecoitaliano.com.ar\/?p=80622","title":{"rendered":"Serena conduce operaclassica eco italiano"},"content":{"rendered":"<div class=\"wp-block-image\">\n<figure class=\"aligncenter size-large is-resized\"><a href=\"http:\/\/www.ecoitaliano.com.ar\/wp-content\/uploads\/2025\/10\/TRP-24-Marchio-Teatro-Regio-Parma_Blu.png\"><img decoding=\"async\" width=\"1024\" height=\"724\" src=\"http:\/\/www.ecoitaliano.com.ar\/wp-content\/uploads\/2025\/10\/TRP-24-Marchio-Teatro-Regio-Parma_Blu-1024x724.png\" alt=\"\" class=\"wp-image-80290\" style=\"width:178px;height:auto\" srcset=\"https:\/\/www.ecoitaliano.com.ar\/wp-content\/uploads\/2025\/10\/TRP-24-Marchio-Teatro-Regio-Parma_Blu-1024x724.png 1024w, https:\/\/www.ecoitaliano.com.ar\/wp-content\/uploads\/2025\/10\/TRP-24-Marchio-Teatro-Regio-Parma_Blu-300x212.png 300w, https:\/\/www.ecoitaliano.com.ar\/wp-content\/uploads\/2025\/10\/TRP-24-Marchio-Teatro-Regio-Parma_Blu-768x543.png 768w, https:\/\/www.ecoitaliano.com.ar\/wp-content\/uploads\/2025\/10\/TRP-24-Marchio-Teatro-Regio-Parma_Blu-1536x1086.png 1536w, https:\/\/www.ecoitaliano.com.ar\/wp-content\/uploads\/2025\/10\/TRP-24-Marchio-Teatro-Regio-Parma_Blu-2048x1448.png 2048w, https:\/\/www.ecoitaliano.com.ar\/wp-content\/uploads\/2025\/10\/TRP-24-Marchio-Teatro-Regio-Parma_Blu-150x106.png 150w\" sizes=\"(max-width: 1024px) 100vw, 1024px\" \/><\/a><\/figure><\/div>\n\n\n<p><a><strong>ROBERT TREVI\u00d1O<\/strong><\/a><\/p>\n\n\n\n<p><strong>DIRIGE LA<\/strong><\/p>\n\n\n\n<p><strong><em>MESSA DA REQUIEM<\/em><\/strong><\/p>\n\n\n\n<p><strong>AL FESTIVAL VERDI<\/strong><\/p>\n\n\n\n<p><strong>Il direttore d\u2019orchestra texano sar\u00e0 alla guida della Filarmonica Arturo Toscani e del Coro del Teatro Regio di Parma preparato da Martino Faggiani.<\/strong><\/p>\n\n\n\n<p><strong>Solisti Marta Torbidoni, Valentina Pern\u00f2zzoli,<\/strong><\/p>\n\n\n\n<p><strong>Galeano Salas e Michele Pertusi.<\/strong><\/p>\n\n\n\n<p><strong>Teatro Regio di Parma<\/strong><\/p>\n\n\n\n<p><strong>sabato 18 ottobre 2025, ore 17.00<\/strong><\/p>\n\n\n\n<p>Sar\u00e0<strong> Robert Trevi\u00f1o<\/strong> a dirigere la <strong><em>Messa da Requiem<\/em><\/strong> al Festival Verdi <strong>sabato 18 ottobre 2025, ore 17.00 <\/strong>al <strong>Teatro Regio di Parma<\/strong>. Il direttore texano di Fort Worth, una delle bacchette americane pi\u00f9 apprezzate e richieste dell\u2019ultima generazione, interpreter\u00e0 il capolavoro sacro di Verdi nell\u2019edizione critica a cura di David Rosen (The University of Chicago Press, Chicago e Casa Ricordi, Milano) alla guida della <strong>Filarmonica Arturo Toscanini<\/strong> e del <strong>Coro del Teatro Regio di Parma<\/strong> preparato da <strong>Martino Faggiani<\/strong>. Solisti il soprano <strong>Marta Torbidoni<\/strong>, il mezzosoprano<strong> Valentina Pern\u00f2zzoli, <\/strong>il tenore <strong>Galeano Salas<\/strong>,il basso<strong> Michele Pertusi<\/strong>.<\/p>\n\n\n\n<p>\u00abComposizione sontuosa, monumentale \u2013 scrive <strong>Giuseppe Martini<\/strong> \u2013 la <em>Messa da Requiem <\/em>vide durante il crescente successo di <em>Aida<\/em>, quando a Verdi, ormai sempre pi\u00f9 figura dominante della musica dell\u2019Italia unita, non mancava ormai che l\u2019investitura di una grande opera sacra. L\u2019occasione arriv\u00f2 con la scomparsa di Alessandro Manzoni, figura da sempre adorata da Verdi, un evento che lo tocc\u00f2 cos\u00ec profondamente da spingerlo a scrivere subito all\u2019editore Ricordi: \u00abIo pure vorrei dimostrare quanto affetto e venerazione ho portato e porto a quel grande che non \u00e8 pi\u00f9 e che Milano ha tanto degnamente onorato. Vorrei mettere in musica una Messa da morto da eseguirsi l\u2019anno venturo per l\u2019anniversario della sua morte. La Messa avrebbe proporzioni piuttosto vaste, ed oltre ad una grande orchestra ed un grande coro, ci vorrebbero anche (ora non potrei precisarli) quattro o cinque cantanti principali\u00bb. E proprio a un anno esatto dalla morte di Manzoni, il 22 maggio 1874, la <em>Messa da Requiem <\/em>fu eseguita presso la Chiesa di San Marco a Milano, offerta alla cittadinanza in suffragio del grande poeta e scrittore. Da allora Verdi pass\u00f2 definitivamente dallo status di grande musicista a monumento della cultura italiana. Ma la <em>Messa<\/em> \u00e8 manzoniana nell\u2019omaggio, non nello spirito: nella sua musica, terribile e dolorosa, non c\u2019\u00e8 l\u2019ottimismo della Provvidenza ma il dubbio dell\u2019essere umano fragile, la consapevolezza della solitudine della vita, l\u2019incertezza e lo sgomento del morente. Solo nei momenti di tenerezza struggente la musica sembra far passare qualche spiraglio di luce, ed \u00e8 forse proprio nella forza del sentimento che per Verdi si possono ritrovare gli sparuti segnali di un conforto che la vita sembra continuamente negare\u00bb.<\/p>\n\n\n\n<p>A met\u00e0 tra melodramma sacro e musica sacra propriamente detta, la <em>Messa da Requiem<\/em> riflette la spiritualit\u00e0 di un compositore che, nonostante le posizioni convintamente anticlericali e il suo spirito razionale, estraneo al misticismo, non si \u00e8 mai tirato indietro di fronte alla necessit\u00e0 di misurarsi con la dimensione trascendente della natura umana: in tutta la produzione operistica emerge quella dialettica tra sacro e profano di un uomo che si pone i grandi interrogativi dell\u2019esistenza umana, ma le cui convinzioni pi\u00f9 profonde restano un mistero.<\/p>\n\n\n\n<p><strong>BIGLIETTI<\/strong><\/p>\n\n\n\n<p>Biglietti da \u20ac15 a \u20ac180. Per i giovani <strong>under30 riduzione del 50% sui prezzi di tutti gli appuntamenti in programma<\/strong>.<\/p>\n\n\n\n<p><strong>BIGLIETTERIA DEL TEATRO REGIO DI PARMA<\/strong><\/p>\n\n\n\n<p>Strada Giuseppe Garibaldi, 16\/A &#8211; 43121 Parma Tel. +39 0521 203999<\/p>\n\n\n\n<p>biglietteria@teatroregioparma.it<\/p>\n\n\n\n<p>orari di apertura: marted\u00ec, gioved\u00ec e sabato 10:00 &#8211; 13:00; mercoled\u00ec e venerd\u00ec 10:00 &#8211; 13:00, 16:00 &#8211; 18:00 e un\u2019ora e mezza prima dello spettacolo.<\/p>\n\n\n\n<p><strong>PARTNER E SPONSOR<\/strong><\/p>\n\n\n\n<p><em>Il Festival Verdi \u00e8 realizzato grazie al contributo di<\/em> <a>Ministero della Cultura, Regione Emilia-Romagna, Reggio Parma Festival, Comune di Parma<\/a>. <em>Major partner<\/em> Fondazione Cariparma. <em>Main<\/em> <em>partner <\/em>Chiesi. <em>Cultural partner <\/em>Cr\u00e9dit Agricole.<em> Media partner<\/em> Mediaset Publitalia \u201980. <em>Main<\/em> <em>sponsor<\/em> Iren, Barilla. <em>Sponsor<\/em> Unione Parmense degli Industriali, Opem, Dallara, Agugiaro e Figna, Mutti, Amoretti. <em>Educational partner<\/em> Parmalat. <em>Sostenitori<\/em> <a>La Giovane, Glove ICT, Grasselli, Cavalca, CePIM, Bstr\u00f2, Parmacotto, Sicim, Colser, Delicius.<em> Mobility partner <\/em>Tep. <em>Tour Operator Partner<\/em> Parma Incoming. <em>Radio Ufficiale<\/em> Radio Monte Carlo.<em> Fairplay Partner <\/em>Zebre Parma.<em> Wine partner <\/em>Oinoe.<em> Digital counselling<\/em> Unsocials.<em> Con il supporto di <\/em>\u201cParma, io ci sto!\u201d.<em> Legal counselling <\/em>Villa&amp;Partners.<em> Partner scientifico <\/em>Istituto Nazionale di Studi Verdiani.<em> Special thanks to <\/em>International Friends of Festival Verdi.<em> Con il contributo di <\/em>Comune di Busseto, Ascom e Ascom Confcommercio Parma Fondazione, Camera di Commercio dell\u2019Emilia, Fondazione Monte Parma.<\/a> <em>Sostenitori tecnici<\/em> <a>DS Solutions, Milosped, Teamwork, Graphital. <\/a><a><em>Partner artistici e istituzionali<\/em> <\/a>Coro del Teatro Regio di Parma, Conservatorio \u201cArrigo Boito\u201d di Parma, Societ\u00e0 dei Concerti di Parma, La Toscanini, Apt Servizi Emilia-Romagna. <em>Il Teatro Regio aderisce a <\/em>Parma Citt\u00e0 Climate Neutral 2023<em>, <\/em>ATIT, AGIS<em>, <\/em>Comitato per la Salvaguardia dell\u2019Arte del Canto Lirico Italiano, Fedora, Opera Europa, Opera Vision, Emilia taste, nature &amp; culture.<\/p>\n\n\n\n<p>Parma, 13 ottobre 2025<\/p>\n\n\n\n<p>Paolo Maier<\/p>\n\n\n\n<p><em>Responsabile Comunicazione istituzionale, Ufficio stampa, Archivio<\/em><\/p>\n\n\n\n<p>Teatro Regio di Parma<\/p>\n\n\n\n<p>strada Garibaldi 16\/A, 43121 Parma \u2013 Italia<\/p>\n\n\n\n<p>Tel. +39 0521 203969&nbsp;<\/p>\n\n\n\n<p>p.maier@teatroregioparma.it&nbsp;<\/p>\n\n\n\n<p>stampa@teatroregioparma.it<\/p>\n\n\n\n<p>www.teatroregioparma.it<\/p>\n\n\n\n\n\n\n\n\n\n\n\n<p><a href=\"http:\/\/www.facebook.com\/teatroregioparma\"><\/a>&nbsp;&nbsp;&nbsp;<br><\/p>\n\n\n\n<p><a><strong>Teatro Regio di Parma<\/strong><\/a><\/p>\n\n\n\n<p>sabato 18 ottobre 2025, ore 17.00<\/p>\n\n\n\n<p><strong>MESSA DA REQUIEM<\/strong><\/p>\n\n\n\n<p>Musica di <strong>Giuseppe Verdi<\/strong><\/p>\n\n\n\n<p>Per coro, voci soliste e orchestra<\/p>\n\n\n\n<p>Edizione critica a cura di David Rosen.<br>The University of Chicago Press, Chicago e Casa Ricordi, Milano<\/p>\n\n\n\n<p><em>Soprano <\/em><strong>Marta Torbidoni<\/strong><em><\/em><\/p>\n\n\n\n<p><em>Mezzosoprano <\/em><strong>Valentina Pern\u00f2zzoli<\/strong><em><\/em><\/p>\n\n\n\n<p><em>Tenore <\/em><strong>Galeano Salas<\/strong><\/p>\n\n\n\n<p><em>Basso<\/em> <strong>Michele Pertusi<\/strong><\/p>\n\n\n\n<p><em>Direttore <\/em><strong>Robert Trevi\u00f1o<\/strong><em><\/em><\/p>\n\n\n\n<p><strong>Filarmonica Arturo Toscanini<\/strong><\/p>\n\n\n\n<p><strong>Coro del Teatro Regio di Parma<\/strong><\/p>\n\n\n\n<p><em>Maestro del coro <\/em><strong>Martino Faggiani<\/strong><strong><br><\/strong><\/p>\n\n\n\n<p><strong>XXV FESTIVAL VERDI<\/strong><\/p>\n\n\n\n<p><strong>Parma e Busseto,<\/strong><\/p>\n\n\n\n<p><strong>20 settembre &#8211; 19 ottobre 2025<\/strong><\/p>\n\n\n\n<p><em>Verdi e Shakespeare<\/em><\/p>\n\n\n\n<p><strong>Opere e Concerti<\/strong><strong><br><\/strong><\/p>\n\n\n\n<p>Parma, Centro storico<\/p>\n\n\n\n<p>20 settembre 2025<\/p>\n\n\n\n<p><strong>VERDI STREET PARADE<\/strong><\/p>\n\n\n\n<p><em>Tutto nel mondo \u00e8 burla<\/em><\/p>\n\n\n\n<p>Teatro Regio di Parma<\/p>\n\n\n\n<p>26 settembre, 5, 11, 19 ottobre 2025<\/p>\n\n\n\n<p><strong>OTELLO<\/strong><\/p>\n\n\n\n<p><strong>Nuovo allestimento<\/strong><\/p>\n\n\n\n<p>Teatro Giuseppe Verdi<\/p>\n\n\n\n<p>di Busseto<\/p>\n\n\n\n<p>27 settembre, 4, 9, 17 ottobre 2025<\/p>\n\n\n\n<p><strong>MACBETH<\/strong><\/p>\n\n\n\n<p>versione 1847<\/p>\n\n\n\n<p><strong>Nuovo allestimento<\/strong><\/p>\n\n\n\n<p>Teatro Regio di Parma<\/p>\n\n\n\n<p>3, 12, 16 ottobre 2025<\/p>\n\n\n\n<p><strong>FALSTAFF<\/strong><\/p>\n\n\n\n<p>Teatro Regio di Parma<\/p>\n\n\n\n<p>8 ottobre 2025<\/p>\n\n\n\n<p><strong>CONCERTO DI GALA DELL\u2019ACCADEMIA VERDIANA<\/strong><\/p>\n\n\n\n<p>Teatro Regio di Parma<\/p>\n\n\n\n<p>10 ottobre 2025<\/p>\n\n\n\n<p><strong>GALA<\/strong><\/p>\n\n\n\n<p><strong>VERDIANO<\/strong><\/p>\n\n\n\n<p>Teatro Regio di Parma<\/p>\n\n\n\n<p>14 ottobre 2025<\/p>\n\n\n\n<p><strong>FUOCO<\/strong><\/p>\n\n\n\n<p><strong>DI GIOIA<\/strong><\/p>\n\n\n\n<p>Teatro Regio di Parma<\/p>\n\n\n\n<p>18 ottobre 2025<\/p>\n\n\n\n<p><strong>MESSA<\/strong><\/p>\n\n\n\n<p><strong>DA REQUIEM<\/strong><strong><br><\/strong><\/p>\n\n\n\n<p><strong>Il programma completo su teatroregioparma.it<\/strong><br><\/p>\n\n\n\n<p><strong>XXV FESTIVAL VERDI<\/strong><\/p>\n\n\n\n<p><strong>Parma e Busseto,<\/strong><\/p>\n\n\n\n<p><strong>20 settembre &#8211; 19 ottobre 2025<\/strong><\/p>\n\n\n\n<p><em>Verdi e Shakespeare<\/em><\/p>\n\n\n\n<p><strong>Ramificazioni<\/strong><\/p>\n\n\n\n<p>Auditorium Niccol\u00f2 Paganini<\/p>\n\n\n\n<p>28 settembre 2025<\/p>\n\n\n\n<p><strong>TIMON \u00c9TUDES<\/strong><\/p>\n\n\n\n<p><strong>Prima esecuzione assoluta<\/strong><\/p>\n\n\n\n<p><strong>Commissione del Festival Verdi<\/strong><\/p>\n\n\n\n<p><strong>Progetto <em>Arcipelaghi 2025<\/em> di Reggio Parma Festival<\/strong><\/p>\n\n\n\n<p>Teatro Farnese<\/p>\n\n\n\n<p>5 ottobre 2025<\/p>\n\n\n\n<p><strong>OUVERTURE<\/strong><\/p>\n\n\n\n<p><strong>Progetto <em>Gradus in scena<\/em> di Reggio Parma Festival<\/strong><\/p>\n\n\n\n<p><strong>Prima assoluta<\/strong><\/p>\n\n\n\n<p>Teatro Farnese<\/p>\n\n\n\n<p>17 ottobre 2025<\/p>\n\n\n\n<p><strong>89 SECONDS TO MIDNIGHT<\/strong><\/p>\n\n\n\n<p><strong>Progetto <em>Gradus in scena<\/em> di Reggio Parma Festival<\/strong><\/p>\n\n\n\n<p><strong>Prima assoluta<\/strong><\/p>\n\n\n\n<p>Parma, Lenz Teatro<\/p>\n\n\n\n<p>7, 8, 9, 10 ottobre 2025<\/p>\n\n\n\n<p><strong>DISDEMONA_\u0394\u03c5\u03c3\u03b4\u03b1\u03b9\u03bc\u03bf\u03bd\u03af\u03b1<\/strong><\/p>\n\n\n\n<p><strong>Cattiva stella<\/strong><\/p>\n\n\n\n<p><strong>Commissione del Festival Verdi<\/strong><\/p>\n\n\n\n<p><strong>Prima assoluta<\/strong><strong><br><\/strong><\/p>\n\n\n\n<p><a><strong>CALENDARIO DEGLI APPUNTAMENTI<\/strong><\/a><\/p>\n\n\n\n<p><strong>Parma, Galleria San Ludovico <\/strong>(b.go del Parmigianino 2)<\/p>\n\n\n\n<p>domenica 21 settembre 2025, ore 18.30 inaugurazione<\/p>\n\n\n\n<p>dal 23 settembre al 19 ottobre 2025 mar-gio 19-21 | ven 19-22 | sab e dom 10-13 e 16-22<\/p>\n\n\n\n<p><strong>IL SONNO UCCIDESTI<\/strong><\/p>\n\n\n\n<p><strong>Parma, Fornici del Teatro Regio di Parma<\/strong><\/p>\n\n\n\n<p>Dal 20 settembre al 19 ottobre 2025, ore 13.00<\/p>\n\n\n\n<p><strong>CUC\u00d9 VERDIANO<\/strong><\/p>\n\n\n\n<p><strong>Parma, B.go Guazzo 20\/A<\/strong><\/p>\n\n\n\n<p>sabato 20 Settembre 2025, dalle 17.00 alle 20.00 inaugurazione:<\/p>\n\n\n\n<p>dal 21 settembre al 19 ottobre 2025 lun-venerd\u00ec, dalle 15 alle 19;<\/p>\n\n\n\n<p>al mattino visite su appuntamento<\/p>\n\n\n\n<p><strong>VIVA VERDI!<\/strong><\/p>\n\n\n\n<p><strong>SETTEMBRE<\/strong><\/p>\n\n\n\n<p>sab 6&nbsp;&nbsp;&nbsp;&nbsp;&nbsp; ore 17.00&nbsp;&nbsp; Ridotto del Teatro Regio <strong>OTELLO<\/strong> Prima che si alzi il sipario<\/p>\n\n\n\n<p>sab 13&nbsp;&nbsp;&nbsp; ore 17.00&nbsp;&nbsp; Ridotto del Teatro Regio <strong>FALSTAFF<\/strong> Prima che si alzi il sipario<\/p>\n\n\n\n<p>dom 14&nbsp;&nbsp; ore 21.00&nbsp;&nbsp; Busseto Casa Barezzi <strong>MACBETH<\/strong> Prima che si alzi il sipario<\/p>\n\n\n\n<p>ven 19&nbsp;&nbsp;&nbsp; ore 21.00&nbsp;&nbsp; Associazione Parma Lirica <strong>IL CORO PROVA OTELLO<\/strong><\/p>\n\n\n\n<p><a>sab 20<\/a><a>&nbsp;&nbsp;&nbsp; ore 15.00&nbsp;&nbsp; Teatro Regio <strong>OTELLO<\/strong> prova Under30<\/a><\/p>\n\n\n\n<p>&nbsp;&nbsp;&nbsp;&nbsp;&nbsp;&nbsp;&nbsp;&nbsp;&nbsp;&nbsp;&nbsp;&nbsp;&nbsp; ore 18.00&nbsp;&nbsp; Centro storico <strong>VERDI STREET PARADE<\/strong><\/p>\n\n\n\n<p>&nbsp;&nbsp;&nbsp;&nbsp;&nbsp;&nbsp;&nbsp;&nbsp;&nbsp;&nbsp;&nbsp;&nbsp;&nbsp; ore 20.00&nbsp;&nbsp; Complesso Pilotta <strong>22.2.22<\/strong> (replica ogni 30\u2019 fino alle 0.30)<\/p>\n\n\n\n<p>dom 21<a>&nbsp;&nbsp; ore 10.00, 16.00 Piazzale Picelli <\/a><strong>STORIE APPESE A UN FILO<\/strong><\/p>\n\n\n\n<p>&nbsp;&nbsp;&nbsp;&nbsp;&nbsp;&nbsp;&nbsp;&nbsp;&nbsp;&nbsp;&nbsp;&nbsp;&nbsp; ore 11.00&nbsp;&nbsp; Quartiere Cittadella <strong>VERDI SOTTO CASA<\/strong><\/p>\n\n\n\n<p>&nbsp;&nbsp;&nbsp;&nbsp;&nbsp;&nbsp;&nbsp;&nbsp;&nbsp;&nbsp;&nbsp;&nbsp;&nbsp; ore 12.00&nbsp;&nbsp; Busseto Balcone Municipio <a><strong>CUC\u00d9 VERDIANO<\/strong><\/a><\/p>\n\n\n\n<p>lun 22&nbsp;&nbsp;&nbsp;&nbsp; ore 10.00&nbsp;&nbsp; Piazzale Picelli <strong>VERDI GIUSEPPE, LA PICCOLA STORIA\u2026<\/strong><\/p>\n\n\n\n<p><a>&nbsp;&nbsp;&nbsp;&nbsp;&nbsp;&nbsp;&nbsp;&nbsp;&nbsp;&nbsp;&nbsp;&nbsp;&nbsp; ore 15.30&nbsp;&nbsp; Teatro Regio <strong>OTELLO<\/strong> prova aperta<\/a><\/p>\n\n\n\n<p>&nbsp;&nbsp;&nbsp;&nbsp;&nbsp;&nbsp;&nbsp;&nbsp;&nbsp;&nbsp;&nbsp;&nbsp;&nbsp; ore 18.00<a>&nbsp;&nbsp; <\/a>Quartiere Santa Margherita <strong>VERDI SOTTO CASA<\/strong><\/p>\n\n\n\n<p>mar 23<a>&nbsp;&nbsp;&nbsp; ore 10.00&nbsp;&nbsp; Piazzale Picelli <\/a><strong>GIACOMO PUCCINI DAL SUO LAGO\u2026<\/strong><\/p>\n\n\n\n<p>mer 24<a>&nbsp;&nbsp;&nbsp; ore 10.00&nbsp;&nbsp; Piazzale Picelli <\/a><strong>ROSSINI PER BAMBINI UNA RICETTA\u2026<\/strong><strong><\/strong><\/p>\n\n\n\n<p>&nbsp;&nbsp;&nbsp;&nbsp;&nbsp;&nbsp;&nbsp;&nbsp;&nbsp;&nbsp;&nbsp;&nbsp;&nbsp; ore 18.30&nbsp;&nbsp; Palazzo Soragna <strong>JAZZ\u2019ON PARMA<\/strong><\/p>\n\n\n\n<p>gio 25&nbsp;&nbsp;&nbsp;&nbsp; ore 10.00&nbsp;&nbsp; Piazzale Picelli <strong>INVENTOPERA<\/strong><\/p>\n\n\n\n<p>&nbsp;&nbsp;&nbsp;&nbsp;&nbsp;&nbsp;&nbsp;&nbsp;&nbsp;&nbsp;&nbsp;&nbsp;&nbsp; ore 20.00&nbsp;&nbsp; Busseto Teatro Verdi<strong> MACBETH<\/strong> prova aperta<\/p>\n\n\n\n<p>ven 26<a>&nbsp;&nbsp;&nbsp; ore 12.00&nbsp;&nbsp; Gran Caff\u00e8 del teatro <strong>CAF\u00c9 CONCERTO<\/strong><\/a><\/p>\n\n\n\n<p>&nbsp;&nbsp;&nbsp;&nbsp;&nbsp;&nbsp;&nbsp;&nbsp;&nbsp;&nbsp;&nbsp;&nbsp;&nbsp; ore 18.30&nbsp;&nbsp; La Bottega Barilla <strong>VERDINJAZZ<\/strong><\/p>\n\n\n\n<p>&nbsp;&nbsp;&nbsp;&nbsp;&nbsp;&nbsp;&nbsp;&nbsp;&nbsp;&nbsp;&nbsp;&nbsp;&nbsp; ore 19.00&nbsp;&nbsp; Piazzale del Teatro Regio <strong>VERDI A PASSO DI DANZA<\/strong><\/p>\n\n\n\n<p>&nbsp;&nbsp;&nbsp;&nbsp;&nbsp;&nbsp;&nbsp;&nbsp;&nbsp;&nbsp;&nbsp;&nbsp;&nbsp; ore 20.00&nbsp;&nbsp; Teatro Regio <strong>OTELLO<\/strong><\/p>\n\n\n\n<p>sab 27&nbsp;&nbsp;&nbsp; ore 10.30, 11.45 Piazzale Picelli <strong>CORPO IN MUSICA PICCOLI FALSTAFF\u2026<a><\/a><\/strong><\/p>\n\n\n\n<p>&nbsp;&nbsp;&nbsp;&nbsp;&nbsp;&nbsp;&nbsp;&nbsp;&nbsp;&nbsp;&nbsp;&nbsp;&nbsp; ore 12.00&nbsp;&nbsp; Fidenza Agrinascente Silvano Romani <strong>CUC\u00d9 VERDIANO<\/strong><\/p>\n\n\n\n<p>&nbsp;&nbsp;&nbsp;&nbsp;&nbsp;&nbsp;&nbsp;&nbsp;&nbsp;&nbsp;&nbsp;&nbsp;&nbsp; ore 13.00&nbsp;&nbsp; Fidenza, KM90 RistoBottega Emiliana <strong>CUC\u00d9 VERDIANO<\/strong><\/p>\n\n\n\n<p>&nbsp;&nbsp;&nbsp;&nbsp;&nbsp;&nbsp;&nbsp;&nbsp;&nbsp;&nbsp;&nbsp;&nbsp;&nbsp; ore 15.00<strong>&nbsp;&nbsp; <\/strong>Quartiere SPIP<strong>VERDI SPIP PARADE<\/strong><\/p>\n\n\n\n<p>&nbsp;&nbsp;&nbsp;&nbsp;&nbsp;&nbsp;&nbsp;&nbsp;&nbsp;&nbsp;&nbsp;&nbsp;&nbsp; ore 17.00&nbsp;&nbsp; Ridotto del Teatro Regio <strong>CORI AL RIDOTTO<\/strong> Voci bianche Ars Canto<\/p>\n\n\n\n<p>&nbsp;&nbsp;&nbsp;&nbsp;&nbsp;&nbsp;&nbsp;&nbsp;&nbsp;&nbsp;&nbsp;&nbsp;&nbsp; ore 17.00&nbsp;&nbsp; Colonne 28 <strong>GALA IN NERO<\/strong><\/p>\n\n\n\n<p>&nbsp;&nbsp;&nbsp;&nbsp;&nbsp;&nbsp;&nbsp;&nbsp;&nbsp;&nbsp;&nbsp;&nbsp;&nbsp; ore 20.00&nbsp;&nbsp; Busseto Teatro Verdi<strong> MACBETH<\/strong><\/p>\n\n\n\n<p>&nbsp;&nbsp;&nbsp;&nbsp;&nbsp;&nbsp;&nbsp;&nbsp;&nbsp;&nbsp;&nbsp;&nbsp;&nbsp; ore 21.30&nbsp;&nbsp; Borgo Santa Brigida <strong>OFFICINA DEL BATTAGLIERO<\/strong><\/p>\n\n\n\n<p>dom 28<a><\/a><a>&nbsp;&nbsp; ore 12.00&nbsp;&nbsp; Palazzo Ducale <strong>MEZZOGIORNO IN MUSICA<\/strong><\/a><\/p>\n\n\n\n<p>&nbsp;&nbsp;&nbsp;&nbsp;&nbsp;&nbsp;&nbsp;&nbsp;&nbsp;&nbsp;&nbsp;&nbsp;&nbsp; ore 12.00&nbsp;&nbsp; Busseto Balcone Municipio <strong>CUC\u00d9 VERDIANO<\/strong><\/p>\n\n\n\n<p>&nbsp;&nbsp;&nbsp;&nbsp;&nbsp;&nbsp;&nbsp;&nbsp;&nbsp;&nbsp;&nbsp;&nbsp;&nbsp; ore 15.30&nbsp;&nbsp; Quartiere San Leonardo <strong>CON VERDI A SPASSO DI BANDA<\/strong><\/p>\n\n\n\n<p>&nbsp;&nbsp;&nbsp;&nbsp;&nbsp;&nbsp;&nbsp;&nbsp;&nbsp;&nbsp;&nbsp;&nbsp;&nbsp; ore 16.00, 17.15&nbsp;&nbsp; Piazzale Picelli <strong>CORPO IN MUSICA PICCOLI FALSTAFF\u2026<\/strong><\/p>\n\n\n\n<p>&nbsp;&nbsp;&nbsp;&nbsp;&nbsp;&nbsp;&nbsp;&nbsp;&nbsp;&nbsp;&nbsp;&nbsp;&nbsp; ore 17.00&nbsp;&nbsp; Lostello <strong>OPERA GUITTA<\/strong><\/p>\n\n\n\n<p>&nbsp;&nbsp;&nbsp;&nbsp;&nbsp;&nbsp;&nbsp;&nbsp;&nbsp;&nbsp;&nbsp;&nbsp;&nbsp; ore 17.00<a>&nbsp;&nbsp; <\/a>Ridotto del Teatro Regio <strong>CORI AL RIDOTTO<\/strong> Voci bianche corale Verdi<\/p>\n\n\n\n<p>&nbsp;&nbsp;&nbsp;&nbsp;&nbsp;&nbsp;&nbsp;&nbsp;&nbsp;&nbsp;&nbsp;&nbsp;&nbsp; ore 18.00&nbsp;&nbsp; OniricArt <strong>VERDI<\/strong> <strong>dreamART<\/strong><\/p>\n\n\n\n<p><a>&nbsp;&nbsp;&nbsp;&nbsp;&nbsp;&nbsp;&nbsp;&nbsp;&nbsp;&nbsp;&nbsp;&nbsp;&nbsp; ore 20.30<strong>&nbsp;&nbsp; <\/strong>Auditorium Paganini<strong> TIMON \u00c9TUDES<\/strong><\/a><\/p>\n\n\n\n<p>lun 29&nbsp;&nbsp;&nbsp;&nbsp; ore 10.00&nbsp;&nbsp; Piazzale Picelli <strong>VERDI GIUSEPPE, LA PICCOLA STORIA\u2026<\/strong><strong><\/strong><\/p>\n\n\n\n<p>&nbsp;&nbsp;&nbsp;&nbsp;&nbsp;&nbsp;&nbsp;&nbsp;&nbsp;&nbsp;&nbsp;&nbsp;&nbsp; ore 18.00&nbsp;&nbsp; Corale Verdi <strong>CASA<\/strong> <strong>VERDI<\/strong><\/p>\n\n\n\n<p>mar 30&nbsp;&nbsp;&nbsp; ore 10.00&nbsp;&nbsp; Piazzale Picelli <strong>GIACOMO PUCCINI DAL SUO LAGO\u2026<\/strong><\/p>\n\n\n\n<p>&nbsp;&nbsp;&nbsp;&nbsp;&nbsp;&nbsp;&nbsp;&nbsp;&nbsp;&nbsp;&nbsp;&nbsp;&nbsp; ore 20.30&nbsp;&nbsp; Ridotto del Teatro Regio <strong>ASPETTANDO FALSTAFF<\/strong><\/p>\n\n\n\n<p><strong>OTTOBRE<\/strong><\/p>\n\n\n\n<p>mer 1&nbsp;&nbsp;&nbsp;&nbsp;&nbsp; ore 10.00&nbsp;&nbsp; Piazzale Picelli <strong>ROSSINI PER BAMBINI UNA RICETTA\u2026<\/strong><\/p>\n\n\n\n<p>&nbsp;&nbsp;&nbsp;&nbsp;&nbsp;&nbsp;&nbsp;&nbsp;&nbsp;&nbsp;&nbsp;&nbsp;&nbsp; ore 20.00&nbsp;&nbsp; Teatro Regio <strong>FALSTAFF<\/strong> prova Under30<\/p>\n\n\n\n<p>gio 2&nbsp;&nbsp;&nbsp;&nbsp;&nbsp;&nbsp; ore 10.00&nbsp;&nbsp; Piazzale Picelli <strong>INVENTOPERA<\/strong><\/p>\n\n\n\n<p>&nbsp;&nbsp;&nbsp;&nbsp;&nbsp;&nbsp;&nbsp;&nbsp;&nbsp;&nbsp;&nbsp;&nbsp;&nbsp; ore 10.00&nbsp;&nbsp; Felino, San Michele Tiorre <strong>VERDI GIUSEPPE, LA PICCOLA STORIA\u2026<\/strong><\/p>\n\n\n\n<p>&nbsp;&nbsp;&nbsp;&nbsp;&nbsp;&nbsp;&nbsp;&nbsp;&nbsp;&nbsp;&nbsp;&nbsp;&nbsp; ore 20.30&nbsp;&nbsp; Ridotto del Teatro Regio <strong>VERDI, SCHUMANN, FACCIO E SHAKESPEARE<\/strong><\/p>\n\n\n\n<p>ven 3&nbsp;&nbsp;&nbsp;&nbsp;&nbsp; ore 10.00&nbsp;&nbsp; Collecchio <strong>VERDI GIUSEPPE, LA PICCOLA STORIA\u2026<\/strong><\/p>\n\n\n\n<p>&nbsp;&nbsp;&nbsp;&nbsp;&nbsp;&nbsp;&nbsp;&nbsp;&nbsp;&nbsp;&nbsp;&nbsp;&nbsp; ore 12.00&nbsp;&nbsp; Gran Caff\u00e8 del teatro <strong>CAF\u00c9 CONCERTO<\/strong><\/p>\n\n\n\n<p>&nbsp;&nbsp;&nbsp;&nbsp;&nbsp;&nbsp;&nbsp;&nbsp;&nbsp;&nbsp;&nbsp;&nbsp;&nbsp; ore 18.00&nbsp;&nbsp; Chiesa di San Giovanni Evangelista <strong>VERDI SACRO<\/strong><\/p>\n\n\n\n<p>&nbsp;&nbsp;&nbsp;&nbsp;&nbsp;&nbsp;&nbsp;&nbsp;&nbsp;&nbsp;&nbsp;&nbsp;&nbsp; ore 18.00&nbsp;&nbsp; Traversetolo Porticato Corte Agresti <strong>MAS-TRIO<\/strong><\/p>\n\n\n\n<p>&nbsp;&nbsp;&nbsp;&nbsp;&nbsp;&nbsp;&nbsp;&nbsp;&nbsp;&nbsp;&nbsp;&nbsp;&nbsp; ore 19.00&nbsp;&nbsp; Piazzale del Teatro Regio <strong>VERDI A PASSO DI DANZA<\/strong><\/p>\n\n\n\n<p>&nbsp;&nbsp;&nbsp;&nbsp;&nbsp;&nbsp;&nbsp;&nbsp;&nbsp;&nbsp;&nbsp;&nbsp;&nbsp; ore 20.00&nbsp;&nbsp; Teatro Regio<strong> FALSTAFF<\/strong><\/p>\n\n\n\n<p>&nbsp;&nbsp;&nbsp;&nbsp;&nbsp;&nbsp;&nbsp;&nbsp;&nbsp;&nbsp;&nbsp;&nbsp;&nbsp; ore 21.30&nbsp;&nbsp; Borgo Santa Brigida <strong>BELLA WAKAME<\/strong><\/p>\n\n\n\n<p>&nbsp;&nbsp;&nbsp;&nbsp;&nbsp;&nbsp;&nbsp;&nbsp;&nbsp;&nbsp;&nbsp;&nbsp;&nbsp; ore 21.30-24.00 Ex Casa del Biscotto <strong>A LETTO CON VERDI<\/strong><\/p>\n\n\n\n<p>sab 4&nbsp;&nbsp;&nbsp;&nbsp;&nbsp; ore 10.00-13.00, 16.00-18.00 Palazzo dei Ministeri <strong>INCONFESSABILE VERDI<\/strong><\/p>\n\n\n\n<p>&nbsp;&nbsp;&nbsp;&nbsp;&nbsp;&nbsp;&nbsp;&nbsp;&nbsp;&nbsp;&nbsp;&nbsp;&nbsp; ore 10.00&nbsp;&nbsp; Varano de\u2019 Melegari <strong>VERDI GIUSEPPE, LA PICCOLA STORIA\u2026<\/strong><\/p>\n\n\n\n<p>&nbsp;&nbsp;&nbsp;&nbsp;&nbsp;&nbsp;&nbsp;&nbsp;&nbsp;&nbsp;&nbsp;&nbsp;&nbsp; ore 11.00&nbsp;&nbsp; OniricArt <strong>CONCERTO ACCADEMIA VERDIANA<\/strong><\/p>\n\n\n\n<p>&nbsp;&nbsp;&nbsp;&nbsp;&nbsp;&nbsp;&nbsp;&nbsp;&nbsp;&nbsp;&nbsp;&nbsp;&nbsp; ore 12.00&nbsp;&nbsp; Fidenza Agrinascente Silvano Romani <strong>CUC\u00d9 VERDIANO<\/strong><\/p>\n\n\n\n<p>&nbsp;&nbsp;&nbsp;&nbsp;&nbsp;&nbsp;&nbsp;&nbsp;&nbsp;&nbsp;&nbsp;&nbsp;&nbsp; ore 13.00&nbsp;&nbsp; Fidenza, KM90 RistoBottega Emiliana <strong>CUC\u00d9 VERDIANO<\/strong><\/p>\n\n\n\n<p>&nbsp;&nbsp;&nbsp;&nbsp;&nbsp;&nbsp;&nbsp;&nbsp;&nbsp;&nbsp;&nbsp;&nbsp;&nbsp; ore 16.00&nbsp;&nbsp; Piazzale Picelli <strong>GERONIMO STILTON Il mio amico Verdi<\/strong><\/p>\n\n\n\n<p>&nbsp;&nbsp;&nbsp;&nbsp;&nbsp;&nbsp;&nbsp;&nbsp;&nbsp;&nbsp;&nbsp;&nbsp;&nbsp; ore 18.30&nbsp;&nbsp; Varano de\u2019 Melegari Fondazione Caterina Dallara <strong>UN TRIO PER VERDI<\/strong><\/p>\n\n\n\n<p>&nbsp;&nbsp;&nbsp;&nbsp;&nbsp;&nbsp;&nbsp;&nbsp;&nbsp;&nbsp;&nbsp;&nbsp;&nbsp; ore 19.00&nbsp;&nbsp; Piazzale del Teatro Regio <strong>VERDI A PASSO DI DANZA<\/strong><\/p>\n\n\n\n<p>&nbsp;&nbsp;&nbsp;&nbsp;&nbsp;&nbsp;&nbsp;&nbsp;&nbsp;&nbsp;&nbsp;&nbsp;&nbsp; ore 20.00&nbsp;&nbsp; Busseto Teatro Verdi<strong> MACBETH<\/strong><\/p>\n\n\n\n<p>&nbsp;&nbsp;&nbsp;&nbsp;&nbsp;&nbsp;&nbsp;&nbsp;&nbsp;&nbsp;&nbsp;&nbsp;&nbsp; ore 21.30-24.00 Ex Casa del Biscotto <strong>A LETTO CON VERDI<\/strong><\/p>\n\n\n\n<p>dom 5&nbsp;&nbsp;&nbsp;&nbsp; ore 10.00-13.00, 16.00-18.00 Palazzo dei Ministeri <strong>INCONFESSABILE VERDI<\/strong><\/p>\n\n\n\n<p>&nbsp;&nbsp;&nbsp;&nbsp;&nbsp;&nbsp;&nbsp;&nbsp;&nbsp;&nbsp;&nbsp;&nbsp;&nbsp; ore 12.00&nbsp;&nbsp; Palazzo Ducale <strong>MEZZOGIORNO IN MUSICA<\/strong><\/p>\n\n\n\n<p>&nbsp;&nbsp;&nbsp;&nbsp;&nbsp;&nbsp;&nbsp;&nbsp;&nbsp;&nbsp;&nbsp;&nbsp;&nbsp; ore 12.00 &nbsp; Busseto Balcone Municipio <strong>CUC\u00d9 VERDIANO<\/strong><\/p>\n\n\n\n<p>&nbsp;&nbsp;&nbsp;&nbsp;&nbsp;&nbsp;&nbsp;&nbsp;&nbsp;&nbsp;&nbsp;&nbsp;&nbsp; ore 15.30<strong>&nbsp;&nbsp; <\/strong>Teatro Regio <strong>OTELLO<\/strong><\/p>\n\n\n\n<p>&nbsp;&nbsp;&nbsp;&nbsp;&nbsp;&nbsp;&nbsp;&nbsp;&nbsp;&nbsp;&nbsp;&nbsp;&nbsp; ore 16.00 &nbsp; Piazzale Picelli <strong>IL FLAUTO MAGICO<\/strong><\/p>\n\n\n\n<p>&nbsp;&nbsp;&nbsp;&nbsp;&nbsp;&nbsp;&nbsp;&nbsp;&nbsp;&nbsp;&nbsp;&nbsp;&nbsp; ore 16.00&nbsp;&nbsp; Museo Glauco Lombardi <strong>NEL SEGNO DEI MAGNIFICI CINQUE<\/strong><\/p>\n\n\n\n<p>&nbsp;&nbsp;&nbsp;&nbsp;&nbsp;&nbsp;&nbsp;&nbsp;&nbsp;&nbsp;&nbsp;&nbsp;&nbsp; ore 17.30&nbsp;&nbsp; Montechiarugolo Villa la Vignazza <strong>TRIO SPEZIE<\/strong><\/p>\n\n\n\n<p>&nbsp;&nbsp;&nbsp;&nbsp;&nbsp;&nbsp;&nbsp;&nbsp;&nbsp;&nbsp;&nbsp;&nbsp;&nbsp; ore 21.00<strong>&nbsp;&nbsp; <\/strong>Teatro Farnese<strong> OUVERTURE<\/strong><\/p>\n\n\n\n<p>&nbsp;&nbsp;&nbsp;&nbsp;&nbsp;&nbsp;&nbsp;&nbsp;&nbsp;&nbsp;&nbsp;&nbsp;&nbsp; ore 21.30-24.00 Ex Casa del Biscotto <strong>A LETTO CON VERDI<\/strong><\/p>\n\n\n\n<p><a>lun 6 &nbsp;&nbsp;&nbsp;&nbsp;&nbsp; ore 10.00&nbsp;&nbsp; Piazzale Picelli <\/a><strong>VERDI GIUSEPPE, LA PICCOLA STORIA\u2026<\/strong><strong><\/strong><\/p>\n\n\n\n<p>mar 7&nbsp;&nbsp;&nbsp;&nbsp;&nbsp; ore 10.00&nbsp;&nbsp; Piazzale Picelli <strong>GIACOMO PUCCINI DAL SUO LAGO\u2026<\/strong><\/p>\n\n\n\n<p>&nbsp;&nbsp;&nbsp;&nbsp;&nbsp;&nbsp;&nbsp;&nbsp;&nbsp;&nbsp;&nbsp;&nbsp;&nbsp; ore 14.30&nbsp;&nbsp; Ridotto Teatro Regio <strong>COME SI CANTAVA VERDI?<\/strong><\/p>\n\n\n\n<p>&nbsp;&nbsp;&nbsp;&nbsp;&nbsp;&nbsp;&nbsp;&nbsp;&nbsp;&nbsp;&nbsp;&nbsp;&nbsp; ore 20:00&nbsp;&nbsp; Lenz Teatro <strong>DISDEMONA<\/strong><\/p>\n\n\n\n<p>mer 8 &nbsp;&nbsp;&nbsp;&nbsp; ore 10.00&nbsp;&nbsp; Piazzale Picelli <strong>ROSSINI PER BAMBINI UNA RICETTA\u2026<\/strong><\/p>\n\n\n\n<p>&nbsp;&nbsp;&nbsp;&nbsp;&nbsp;&nbsp;&nbsp;&nbsp;&nbsp;&nbsp;&nbsp;&nbsp;&nbsp; ore 10.00&nbsp;&nbsp; Busseto <strong>IMPARARE<\/strong> <strong>A SCRIVERE CON VERDI E GUARESCHI<\/strong><\/p>\n\n\n\n<p>&nbsp;&nbsp;&nbsp;&nbsp;&nbsp;&nbsp;&nbsp;&nbsp;&nbsp;&nbsp;&nbsp;&nbsp;&nbsp; ore 19:00&nbsp;&nbsp; Lenz Teatro<strong> DISDEMONA<\/strong><\/p>\n\n\n\n<p>&nbsp;&nbsp;&nbsp;&nbsp;&nbsp;&nbsp;&nbsp;&nbsp;&nbsp;&nbsp;&nbsp;&nbsp;&nbsp; ore 20.30<strong>&nbsp;&nbsp; <\/strong>Teatro Regio <strong>CONCERTO ACCADEMIA VERDIANA<\/strong><\/p>\n\n\n\n<p>gio 9 &nbsp;&nbsp;&nbsp;&nbsp;&nbsp; ore 10.00&nbsp;&nbsp; Piazzale Picelli <strong>INVENTOPERA<\/strong><\/p>\n\n\n\n<p>&nbsp;&nbsp;&nbsp;&nbsp;&nbsp;&nbsp;&nbsp;&nbsp;&nbsp;&nbsp;&nbsp;&nbsp;&nbsp; ore 10.00&nbsp;&nbsp; Traversetolo <strong>VERDI GIUSEPPE, LA PICCOLA STORIA\u2026<\/strong><\/p>\n\n\n\n<p>&nbsp;&nbsp;&nbsp;&nbsp;&nbsp;&nbsp;&nbsp;&nbsp;&nbsp;&nbsp;&nbsp;&nbsp;&nbsp; ore 20.00&nbsp;&nbsp; Lenz Teatro<strong> DISDEMONA<\/strong><\/p>\n\n\n\n<p>&nbsp;&nbsp;&nbsp;&nbsp;&nbsp;&nbsp;&nbsp;&nbsp;&nbsp;&nbsp;&nbsp;&nbsp;&nbsp; ore 20.00&nbsp;&nbsp; Busseto Teatro Verdi<strong> MACBETH<\/strong><\/p>\n\n\n\n<p>&nbsp;&nbsp;&nbsp;&nbsp;&nbsp;&nbsp;&nbsp;&nbsp;&nbsp;&nbsp;&nbsp;&nbsp;&nbsp; ore 21.00&nbsp;&nbsp; OniricArt <strong>CORPO D\u2019OPERA<\/strong><\/p>\n\n\n\n<p>ven 10<a>&nbsp;&nbsp;&nbsp; ore 10.00&nbsp;&nbsp; Basilicagoiano <\/a><strong>VERDI GIUSEPPE, LA PICCOLA STORIA\u2026<\/strong><\/p>\n\n\n\n<p>&nbsp;&nbsp;&nbsp;&nbsp;&nbsp;&nbsp;&nbsp;&nbsp;&nbsp;&nbsp;&nbsp;&nbsp;&nbsp; ore 11.30&nbsp;&nbsp; Parma Monumento a Verdi <strong>CERIMONIA<\/strong><\/p>\n\n\n\n<p>&nbsp;&nbsp;&nbsp;&nbsp;&nbsp;&nbsp;&nbsp;&nbsp;&nbsp;&nbsp;&nbsp;&nbsp;&nbsp; ore 12.00&nbsp;&nbsp; Gran Caff\u00e8 del teatro <strong>CAF\u00c9<\/strong> <strong>CONCERTO<\/strong><\/p>\n\n\n\n<p>&nbsp;&nbsp;&nbsp;&nbsp;&nbsp;&nbsp;&nbsp;&nbsp;&nbsp;&nbsp;&nbsp;&nbsp;&nbsp; ore 18.00&nbsp;&nbsp; OltreLab <strong>SORCIVERDI<\/strong> <strong>sTRAPpo ALLE REGOLE<\/strong><\/p>\n\n\n\n<p>&nbsp;&nbsp;&nbsp;&nbsp;&nbsp;&nbsp;&nbsp;&nbsp;&nbsp;&nbsp;&nbsp;&nbsp;&nbsp; ore 18.30&nbsp;&nbsp; La Prosciutteria Silvio Romani <strong>VERDI A PASSO DI DANZA<\/strong><\/p>\n\n\n\n<p>&nbsp;&nbsp;&nbsp;&nbsp;&nbsp;&nbsp;&nbsp;&nbsp;&nbsp;&nbsp;&nbsp;&nbsp;&nbsp; ore 19:00&nbsp;&nbsp; Lenz Teatro<strong> DISDEMONA<\/strong><\/p>\n\n\n\n<p>&nbsp;&nbsp;&nbsp;&nbsp;&nbsp;&nbsp;&nbsp;&nbsp;&nbsp;&nbsp;&nbsp;&nbsp;&nbsp; ore 19.30&nbsp;&nbsp; Piazzale del Teatro Regio <strong>VERDI A PASSO DI DANZA<\/strong><\/p>\n\n\n\n<p>&nbsp;&nbsp;&nbsp;&nbsp;&nbsp;&nbsp;&nbsp;&nbsp;&nbsp;&nbsp;&nbsp;&nbsp;&nbsp; ore 20.30&nbsp;&nbsp; Teatro Regio<strong> GALA VERDIANO<\/strong><\/p>\n\n\n\n<p>&nbsp;&nbsp;&nbsp;&nbsp;&nbsp;&nbsp;&nbsp;&nbsp;&nbsp;&nbsp;&nbsp;&nbsp;&nbsp; ore 21.30&nbsp;&nbsp; Borgo Santa Brigida <strong>MORENO IL BIONDO<\/strong><\/p>\n\n\n\n<p>&nbsp;&nbsp;&nbsp;&nbsp;&nbsp;&nbsp;&nbsp;&nbsp;&nbsp;&nbsp;&nbsp;&nbsp;&nbsp; ore 22.00-00.30 Palazzo Pallavicino <strong>A LETTO CON VERDI<\/strong><\/p>\n\n\n\n<p>sab 11&nbsp;&nbsp;&nbsp; ore 10.00-13.00, 16.00-18.00 Palazzo dei Ministeri <strong>INCONFESSABILE VERDI<\/strong><\/p>\n\n\n\n<p>&nbsp;&nbsp;&nbsp;&nbsp;&nbsp;&nbsp;&nbsp;&nbsp;&nbsp;&nbsp;&nbsp;&nbsp;&nbsp; ore 11.00&nbsp;&nbsp; Museo Glauco Lombardi <strong>QUARTETTI IN SALA TOSCHI<\/strong><\/p>\n\n\n\n<p>&nbsp;&nbsp;&nbsp;&nbsp;&nbsp;&nbsp;&nbsp;&nbsp;&nbsp;&nbsp;&nbsp;&nbsp;&nbsp; ore 12.00, 13.00 Fidenza <strong>CUC\u00d9 VERDIANO<\/strong><\/p>\n\n\n\n<p>&nbsp;&nbsp;&nbsp;&nbsp;&nbsp;&nbsp;&nbsp;&nbsp;&nbsp;&nbsp;&nbsp;&nbsp;&nbsp; ore 16.00&nbsp;&nbsp; Piazzale Picelli <strong>ODE ALLA VITA<\/strong><\/p>\n\n\n\n<p>&nbsp;&nbsp;&nbsp;&nbsp;&nbsp;&nbsp;&nbsp;&nbsp;&nbsp;&nbsp;&nbsp;&nbsp;&nbsp; ore 16.00&nbsp;&nbsp; Chiesa di San Giovanni Evangelista <strong>VERDI SACRO<\/strong><\/p>\n\n\n\n<p>&nbsp;&nbsp;&nbsp;&nbsp;&nbsp;&nbsp;&nbsp;&nbsp;&nbsp;&nbsp;&nbsp;&nbsp;&nbsp; ore 17.00&nbsp;&nbsp; Teatro Regio <strong>CORI AL RIDOTTO<\/strong> Voci bianche Parma Musicale<\/p>\n\n\n\n<p>&nbsp;&nbsp;&nbsp;&nbsp;&nbsp;&nbsp;&nbsp;&nbsp;&nbsp;&nbsp;&nbsp;&nbsp;&nbsp; ore 17.00&nbsp;&nbsp; Castellina di Soragna Servizi Italia <strong>QUEL CHE \u00c8 SPORCO \u00c8 PULITO<\/strong><\/p>\n\n\n\n<p>&nbsp;&nbsp;&nbsp;&nbsp;&nbsp;&nbsp;&nbsp;&nbsp;&nbsp;&nbsp;&nbsp;&nbsp;&nbsp; ore 18.00&nbsp;&nbsp; Sala Baganza Oratorio Rocca Sanvitale <strong>RECITAL VERDIANO<\/strong><\/p>\n\n\n\n<p>&nbsp;&nbsp;&nbsp;&nbsp;&nbsp;&nbsp;&nbsp;&nbsp;&nbsp;&nbsp;&nbsp;&nbsp;&nbsp; ore 19.00&nbsp;&nbsp; OniricArt <strong>QUICKLY! La storia pi\u00f9 buffa di Windsor<\/strong><\/p>\n\n\n\n<p>&nbsp;&nbsp;&nbsp;&nbsp;&nbsp;&nbsp;&nbsp;&nbsp;&nbsp;&nbsp;&nbsp;&nbsp;&nbsp; ore 19.00&nbsp;&nbsp; Piazzale del Teatro Regio <strong>VERDI A PASSO DI DANZA<\/strong><\/p>\n\n\n\n<p>&nbsp;&nbsp;&nbsp;&nbsp;&nbsp;&nbsp;&nbsp;&nbsp;&nbsp;&nbsp;&nbsp;&nbsp;&nbsp; ore 20.00<strong>&nbsp;&nbsp; <\/strong>Teatro Regio <strong>OTELLO<\/strong><\/p>\n\n\n\n<p>&nbsp;&nbsp;&nbsp;&nbsp;&nbsp;&nbsp;&nbsp;&nbsp;&nbsp;&nbsp;&nbsp;&nbsp;&nbsp; ore 20.00&nbsp;&nbsp; Reggia di Colorno <strong>L\u2019ULTIMA NOTA<\/strong> <strong>Il segreto di Villa Verdi<\/strong><\/p>\n\n\n\n<p>&nbsp;&nbsp;&nbsp;&nbsp;&nbsp;&nbsp;&nbsp;&nbsp;&nbsp;&nbsp;&nbsp;&nbsp;&nbsp; ore 21.00&nbsp;&nbsp; Felino Chiesa della Purificazione della Beata Vergine <strong>VERDI SACRO<\/strong><\/p>\n\n\n\n<p>&nbsp;&nbsp;&nbsp;&nbsp;&nbsp;&nbsp;&nbsp;&nbsp;&nbsp;&nbsp;&nbsp;&nbsp;&nbsp; ore 22.00-00.30 Palazzo Pallavicino <strong>A LETTO CON VERDI<\/strong><\/p>\n\n\n\n<p>dom 12<a>&nbsp;&nbsp; ore 10.00-13.00, 16.00-18.00 Palazzo dei Ministeri <\/a><strong>INCONFESSABILE VERDI<\/strong><\/p>\n\n\n\n<p>&nbsp;&nbsp;&nbsp;&nbsp;&nbsp;&nbsp;&nbsp;&nbsp;&nbsp;&nbsp;&nbsp;&nbsp;&nbsp; ore 10.00&nbsp;&nbsp; Busseto Biblioteca Fondazione Cariparma <strong>EMANUELE MUZIO<\/strong><\/p>\n\n\n\n<p>&nbsp;&nbsp;&nbsp;&nbsp;&nbsp;&nbsp;&nbsp;&nbsp;&nbsp;&nbsp;&nbsp;&nbsp;&nbsp; ore 12.00&nbsp;&nbsp; Palazzo Ducale <strong>MEZZOGIORNO IN MUSICA<\/strong><\/p>\n\n\n\n<p>&nbsp;&nbsp;&nbsp;&nbsp;&nbsp;&nbsp;&nbsp;&nbsp;&nbsp;&nbsp;&nbsp;&nbsp;&nbsp; ore 12.00 &nbsp; Busseto Balcone Municipio <strong>CUC\u00d9 VERDIANO<\/strong><\/p>\n\n\n\n<p>&nbsp;&nbsp;&nbsp;&nbsp;&nbsp;&nbsp;&nbsp;&nbsp;&nbsp;&nbsp;&nbsp;&nbsp;&nbsp; ore 16.00&nbsp;&nbsp; Piazzale Picelli <strong>ODE ALLA VITA<\/strong><\/p>\n\n\n\n<p>&nbsp;&nbsp;&nbsp;&nbsp;&nbsp;&nbsp;&nbsp;&nbsp;&nbsp;&nbsp;&nbsp;&nbsp;&nbsp; ore 17.00&nbsp;&nbsp; Ridotto del Teatro Regio <strong>CORI AL RIDOTTO<\/strong> Corale Verdi<\/p>\n\n\n\n<p>&nbsp;&nbsp;&nbsp;&nbsp;&nbsp;&nbsp;&nbsp;&nbsp;&nbsp;&nbsp;&nbsp;&nbsp;&nbsp; ore 17.30&nbsp;&nbsp; Collecchio Parco Nevicati <strong>TRIO SPEZIE<\/strong><\/p>\n\n\n\n<p>&nbsp;&nbsp;&nbsp;&nbsp;&nbsp;&nbsp;&nbsp;&nbsp;&nbsp;&nbsp;&nbsp;&nbsp;&nbsp; ore 18.00&nbsp;&nbsp; Busseto Salone di Casa Barezzi <strong>BAREZZI YOUNG<\/strong><\/p>\n\n\n\n<p>&nbsp;&nbsp;&nbsp;&nbsp;&nbsp;&nbsp;&nbsp;&nbsp;&nbsp;&nbsp;&nbsp;&nbsp;&nbsp; ore 19.00&nbsp;&nbsp; Piazzale del Teatro Regio <strong>VERDI A PASSO DI DANZA<\/strong><\/p>\n\n\n\n<p>&nbsp;&nbsp;&nbsp;&nbsp;&nbsp;&nbsp;&nbsp;&nbsp;&nbsp;&nbsp;&nbsp;&nbsp;&nbsp; ore 20.00&nbsp;&nbsp; Teatro Regio<strong> FALSTAFF<\/strong><\/p>\n\n\n\n<p>&nbsp;&nbsp;&nbsp;&nbsp;&nbsp;&nbsp;&nbsp;&nbsp;&nbsp;&nbsp;&nbsp;&nbsp;&nbsp; ore 21.00&nbsp;&nbsp; Auditorium Paganini <strong>CONCERTO BANDA GIOVANILE ANBIMA<\/strong><\/p>\n\n\n\n<p>&nbsp;&nbsp;&nbsp;&nbsp;&nbsp;&nbsp;&nbsp;&nbsp;&nbsp;&nbsp;&nbsp;&nbsp;&nbsp; ore 22.00-00.30 Palazzo Pallavicino <strong>A LETTO CON VERDI<\/strong><\/p>\n\n\n\n<p>lun 13&nbsp;&nbsp;&nbsp;&nbsp; ore 10.00&nbsp;&nbsp; Piazzale Picelli <strong>VERDI GIUSEPPE, LA PICCOLA STORIA\u2026<\/strong><\/p>\n\n\n\n<p>mar 14&nbsp;&nbsp;&nbsp; ore 10.00&nbsp;&nbsp; Piazzale Picelli <strong>GIACOMO PUCCINI DAL SUO LAGO\u2026<\/strong><strong><\/strong><\/p>\n\n\n\n<p>&nbsp;&nbsp;&nbsp;&nbsp;&nbsp;&nbsp;&nbsp;&nbsp;&nbsp;&nbsp;&nbsp;&nbsp;&nbsp; ore 10.00&nbsp;&nbsp; Polesine di Zibello Teatro Pallavicino <strong>FALSTAFF<\/strong> \u2026<\/p>\n\n\n\n<p>&nbsp;&nbsp;&nbsp;&nbsp;&nbsp;&nbsp;&nbsp;&nbsp;&nbsp;&nbsp;&nbsp;&nbsp;&nbsp; ore 20.30<strong>&nbsp;&nbsp; <\/strong>Teatro Regio <strong>FUOCO DI GIOIA<\/strong><\/p>\n\n\n\n<p>mer 15&nbsp;&nbsp;&nbsp; ore 10.00&nbsp;&nbsp; Piazzale Picelli <strong>ROSSINI PER BAMBINI UNA RICETTA\u2026<\/strong><\/p>\n\n\n\n<p>gio 16&nbsp;&nbsp;&nbsp;&nbsp; ore 10.00&nbsp;&nbsp; Piazzale Picelli <strong>INVENTOPERA<\/strong><\/p>\n\n\n\n<p>&nbsp;&nbsp;&nbsp;&nbsp;&nbsp;&nbsp;&nbsp;&nbsp;&nbsp;&nbsp;&nbsp;&nbsp;&nbsp; ore 10.00&nbsp;&nbsp; Sala Baganza <strong>VERDI GIUSEPPE, LA PICCOLA STORIA\u2026<\/strong><\/p>\n\n\n\n<p>&nbsp;&nbsp;&nbsp;&nbsp;&nbsp;&nbsp;&nbsp;&nbsp;&nbsp;&nbsp;&nbsp;&nbsp;&nbsp; ore 17.00&nbsp;&nbsp; Palazzo Bossi Bocchi <strong>CONCERTO LIRICO VERDIANO<\/strong><\/p>\n\n\n\n<p>&nbsp;&nbsp;&nbsp;&nbsp;&nbsp;&nbsp;&nbsp;&nbsp;&nbsp;&nbsp;&nbsp;&nbsp;&nbsp; ore 18.00&nbsp;&nbsp; Casa della Musica <strong>I GIOVANI PER VERDI<\/strong><\/p>\n\n\n\n<p>&nbsp;&nbsp;&nbsp;&nbsp;&nbsp;&nbsp;&nbsp;&nbsp;&nbsp;&nbsp;&nbsp;&nbsp;&nbsp; ore 20.00&nbsp;&nbsp; Teatro Regio<strong> FALSTAFF<\/strong><\/p>\n\n\n\n<p>ven 17&nbsp;&nbsp;&nbsp; ore 12.00&nbsp;&nbsp; Gran Caff\u00e8 del teatro <strong>CAF\u00c9 CONCERTO<\/strong><\/p>\n\n\n\n<p>&nbsp;&nbsp;&nbsp;&nbsp;&nbsp;&nbsp;&nbsp;&nbsp;&nbsp;&nbsp;&nbsp;&nbsp;&nbsp; ore 15.00&nbsp;&nbsp; Ridotto del Teatro Regio <strong>CORI AL RIDOTTO<\/strong> Voci bianche Teatro Regio<\/p>\n\n\n\n<p>&nbsp;&nbsp;&nbsp;&nbsp;&nbsp;&nbsp;&nbsp;&nbsp;&nbsp;&nbsp;&nbsp;&nbsp;&nbsp; ore 17.00&nbsp;&nbsp; Busseto Teatro Verdi<strong> MACBETH<\/strong><\/p>\n\n\n\n<p>&nbsp;&nbsp;&nbsp;&nbsp;&nbsp;&nbsp;&nbsp;&nbsp;&nbsp;&nbsp;&nbsp;&nbsp;&nbsp; ore 20.30&nbsp;&nbsp; Palazzo Pallavicino <strong>IO CORAGGIOSO<\/strong><\/p>\n\n\n\n<p>&nbsp;&nbsp;&nbsp;&nbsp;&nbsp;&nbsp;&nbsp;&nbsp;&nbsp;&nbsp;&nbsp;&nbsp;&nbsp; ore 21.00&nbsp;&nbsp; Teatro Farnese <strong>89 SECONDS TO MIDNIGHT<\/strong><\/p>\n\n\n\n<p>&nbsp;&nbsp;&nbsp;&nbsp;&nbsp;&nbsp;&nbsp;&nbsp;&nbsp;&nbsp;&nbsp;&nbsp;&nbsp; ore 21.30&nbsp;&nbsp; Borgo Santa Brigida <strong>ATTACCHI DI SWING<\/strong><\/p>\n\n\n\n<p>sab 18&nbsp;&nbsp;&nbsp; ore 11.30, 16.30 Langhirano Salumificio La Torre <strong>MEMORIAEFUTURAE<\/strong><\/p>\n\n\n\n<p>&nbsp;&nbsp;&nbsp;&nbsp;&nbsp;&nbsp;&nbsp;&nbsp;&nbsp;&nbsp;&nbsp;&nbsp;&nbsp; ore 12.00&nbsp;&nbsp; Fidenza Agrinascente Silvano Romani <strong>CUC\u00d9 VERDIANO<\/strong><\/p>\n\n\n\n<p>&nbsp;&nbsp;&nbsp;&nbsp;&nbsp;&nbsp;&nbsp;&nbsp;&nbsp;&nbsp;&nbsp;&nbsp;&nbsp; ore 13.00&nbsp;&nbsp; Fidenza, KM90 RistoBottega Emiliana <strong>CUC\u00d9 VERDIANO<\/strong><\/p>\n\n\n\n<p>&nbsp;&nbsp;&nbsp;&nbsp;&nbsp;&nbsp;&nbsp;&nbsp;&nbsp;&nbsp;&nbsp;&nbsp;&nbsp; ore 15.30, 16.10, 16.50, 17.50, 18.30&nbsp; OniricArt <strong>SCORIE<\/strong><\/p>\n\n\n\n<p>&nbsp;&nbsp;&nbsp;&nbsp;&nbsp;&nbsp;&nbsp;&nbsp;&nbsp;&nbsp;&nbsp;&nbsp;&nbsp; ore 16.00&nbsp;&nbsp; Piazzale Picelli <strong>NELL\u2019ANTRO DELLA STREGA<\/strong><\/p>\n\n\n\n<p>&nbsp;&nbsp;&nbsp;&nbsp;&nbsp;&nbsp;&nbsp;&nbsp;&nbsp;&nbsp;&nbsp;&nbsp;&nbsp; ore 16.00&nbsp;&nbsp; Piazzale del Teatro Regio <strong>VERDI A PASSO DI DANZA<\/strong><\/p>\n\n\n\n<p>&nbsp;&nbsp;&nbsp;&nbsp;&nbsp;&nbsp;&nbsp;&nbsp;&nbsp;&nbsp;&nbsp;&nbsp;&nbsp; ore 16.30&nbsp;&nbsp; Sorbolo Mezzani Meverin <strong>CLOWN IN LIBERT\u00c0<\/strong><\/p>\n\n\n\n<p>&nbsp;&nbsp;&nbsp;&nbsp;&nbsp;&nbsp;&nbsp;&nbsp;&nbsp;&nbsp;&nbsp;&nbsp;&nbsp; ore 17.00&nbsp;&nbsp; Teatro Regio<strong> MESSA DA REQUIEM<\/strong><\/p>\n\n\n\n<p><a>&nbsp;&nbsp;&nbsp;&nbsp;&nbsp;&nbsp;&nbsp;&nbsp;&nbsp;&nbsp;&nbsp;&nbsp;&nbsp; ore 21.30&nbsp;&nbsp; Borgo Santa Brigida <\/a><strong>DJSET VERDIANO<\/strong><strong><\/strong><\/p>\n\n\n\n<p>dom 19&nbsp;&nbsp; ore 12.00&nbsp;&nbsp; Palazzo Ducale <strong>MEZZOGIORNO IN MUSICA<\/strong><\/p>\n\n\n\n<p>&nbsp;&nbsp;&nbsp;&nbsp;&nbsp;&nbsp;&nbsp;&nbsp;&nbsp;&nbsp;&nbsp;&nbsp;&nbsp; ore 12.00 &nbsp; Busseto Balcone Municipio <strong>CUC\u00d9 VERDIANO<\/strong><\/p>\n\n\n\n<p>&nbsp;&nbsp;&nbsp;&nbsp;&nbsp;&nbsp;&nbsp;&nbsp;&nbsp;&nbsp;&nbsp;&nbsp;&nbsp; ore 15.30, 16.10, 16.50, 17.50, 18.30 OniricArt <strong>SCORIE<\/strong><\/p>\n\n\n\n<p>&nbsp;&nbsp;&nbsp;&nbsp;&nbsp;&nbsp;&nbsp;&nbsp;&nbsp;&nbsp;&nbsp;&nbsp;&nbsp; ore 16.00&nbsp;&nbsp; Piazzale Picelli <strong>NELL\u2019ANTRO DELLA STREGA<\/strong><\/p>\n\n\n\n<p>&nbsp;&nbsp;&nbsp;&nbsp;&nbsp;&nbsp;&nbsp;&nbsp;&nbsp;&nbsp;&nbsp;&nbsp;&nbsp; ore 16.00&nbsp;&nbsp; Casa della Musica Parma <strong>VERDI PLURILINGUE<\/strong><strong><\/strong><\/p>\n\n\n\n<p>&nbsp;&nbsp;&nbsp;&nbsp;&nbsp;&nbsp;&nbsp;&nbsp;&nbsp;&nbsp;&nbsp;&nbsp;&nbsp; ore 16.30&nbsp;&nbsp; Mezzani Porto Turistico <strong>V.V.V. 2.0<\/strong><strong><\/strong><\/p>\n\n\n\n<p>&nbsp;&nbsp;&nbsp;&nbsp;&nbsp;&nbsp;&nbsp;&nbsp;&nbsp;&nbsp;&nbsp;&nbsp;&nbsp; ore 20.00<strong>&nbsp;&nbsp; <\/strong>Teatro Regio <strong>OTELLO<\/strong><\/p>\n\n\n\n<p>foto<\/p>\n\n\n\n<figure class=\"wp-block-gallery has-nested-images columns-default is-cropped wp-block-gallery-1 is-layout-flex wp-block-gallery-is-layout-flex\">\n<figure class=\"wp-block-image size-large\"><a href=\"https:\/\/www.ecoitaliano.com.ar\/wp-content\/uploads\/2025\/10\/CoroTRP-1.jpg\"><img decoding=\"async\" width=\"1024\" height=\"684\" data-id=\"80623\" src=\"https:\/\/www.ecoitaliano.com.ar\/wp-content\/uploads\/2025\/10\/CoroTRP-1-1024x684.jpg\" alt=\"\" class=\"wp-image-80623\" srcset=\"https:\/\/www.ecoitaliano.com.ar\/wp-content\/uploads\/2025\/10\/CoroTRP-1-1024x684.jpg 1024w, https:\/\/www.ecoitaliano.com.ar\/wp-content\/uploads\/2025\/10\/CoroTRP-1-300x200.jpg 300w, https:\/\/www.ecoitaliano.com.ar\/wp-content\/uploads\/2025\/10\/CoroTRP-1-768x513.jpg 768w, https:\/\/www.ecoitaliano.com.ar\/wp-content\/uploads\/2025\/10\/CoroTRP-1-1536x1025.jpg 1536w, https:\/\/www.ecoitaliano.com.ar\/wp-content\/uploads\/2025\/10\/CoroTRP-1-2048x1367.jpg 2048w, https:\/\/www.ecoitaliano.com.ar\/wp-content\/uploads\/2025\/10\/CoroTRP-1-150x100.jpg 150w\" sizes=\"(max-width: 1024px) 100vw, 1024px\" \/><\/a><\/figure>\n\n\n\n<figure class=\"wp-block-image size-large\"><a href=\"https:\/\/www.ecoitaliano.com.ar\/wp-content\/uploads\/2025\/10\/Faggiani_IMG_2673-1_ph-Paola-Cirani-1.jpg\"><img decoding=\"async\" width=\"768\" height=\"1024\" data-id=\"80624\" src=\"https:\/\/www.ecoitaliano.com.ar\/wp-content\/uploads\/2025\/10\/Faggiani_IMG_2673-1_ph-Paola-Cirani-1-768x1024.jpg\" alt=\"\" class=\"wp-image-80624\" srcset=\"https:\/\/www.ecoitaliano.com.ar\/wp-content\/uploads\/2025\/10\/Faggiani_IMG_2673-1_ph-Paola-Cirani-1-768x1024.jpg 768w, https:\/\/www.ecoitaliano.com.ar\/wp-content\/uploads\/2025\/10\/Faggiani_IMG_2673-1_ph-Paola-Cirani-1-225x300.jpg 225w, https:\/\/www.ecoitaliano.com.ar\/wp-content\/uploads\/2025\/10\/Faggiani_IMG_2673-1_ph-Paola-Cirani-1-1152x1536.jpg 1152w, https:\/\/www.ecoitaliano.com.ar\/wp-content\/uploads\/2025\/10\/Faggiani_IMG_2673-1_ph-Paola-Cirani-1-1536x2048.jpg 1536w, https:\/\/www.ecoitaliano.com.ar\/wp-content\/uploads\/2025\/10\/Faggiani_IMG_2673-1_ph-Paola-Cirani-1-113x150.jpg 113w, https:\/\/www.ecoitaliano.com.ar\/wp-content\/uploads\/2025\/10\/Faggiani_IMG_2673-1_ph-Paola-Cirani-1.jpg 1920w\" sizes=\"(max-width: 768px) 100vw, 768px\" \/><\/a><\/figure>\n\n\n\n<figure class=\"wp-block-image size-large\"><a href=\"https:\/\/www.ecoitaliano.com.ar\/wp-content\/uploads\/2025\/10\/Filarmonica-ph-Pezzani-1.jpg\"><img decoding=\"async\" width=\"1024\" height=\"681\" data-id=\"80625\" src=\"https:\/\/www.ecoitaliano.com.ar\/wp-content\/uploads\/2025\/10\/Filarmonica-ph-Pezzani-1-1024x681.jpg\" alt=\"\" class=\"wp-image-80625\" srcset=\"https:\/\/www.ecoitaliano.com.ar\/wp-content\/uploads\/2025\/10\/Filarmonica-ph-Pezzani-1-1024x681.jpg 1024w, https:\/\/www.ecoitaliano.com.ar\/wp-content\/uploads\/2025\/10\/Filarmonica-ph-Pezzani-1-300x200.jpg 300w, https:\/\/www.ecoitaliano.com.ar\/wp-content\/uploads\/2025\/10\/Filarmonica-ph-Pezzani-1-768x511.jpg 768w, https:\/\/www.ecoitaliano.com.ar\/wp-content\/uploads\/2025\/10\/Filarmonica-ph-Pezzani-1-1536x1022.jpg 1536w, https:\/\/www.ecoitaliano.com.ar\/wp-content\/uploads\/2025\/10\/Filarmonica-ph-Pezzani-1-2048x1362.jpg 2048w, https:\/\/www.ecoitaliano.com.ar\/wp-content\/uploads\/2025\/10\/Filarmonica-ph-Pezzani-1-150x100.jpg 150w\" sizes=\"(max-width: 1024px) 100vw, 1024px\" \/><\/a><\/figure>\n\n\n\n<figure class=\"wp-block-image size-large\"><a href=\"https:\/\/www.ecoitaliano.com.ar\/wp-content\/uploads\/2025\/10\/Michele-Pertusi-HD-\u00a9-RobertoRicci.jpg\"><img decoding=\"async\" width=\"683\" height=\"1024\" data-id=\"80626\" src=\"https:\/\/www.ecoitaliano.com.ar\/wp-content\/uploads\/2025\/10\/Michele-Pertusi-HD-\u00a9-RobertoRicci-683x1024.jpg\" alt=\"\" class=\"wp-image-80626\" srcset=\"https:\/\/www.ecoitaliano.com.ar\/wp-content\/uploads\/2025\/10\/Michele-Pertusi-HD-\u00a9-RobertoRicci-683x1024.jpg 683w, https:\/\/www.ecoitaliano.com.ar\/wp-content\/uploads\/2025\/10\/Michele-Pertusi-HD-\u00a9-RobertoRicci-200x300.jpg 200w, https:\/\/www.ecoitaliano.com.ar\/wp-content\/uploads\/2025\/10\/Michele-Pertusi-HD-\u00a9-RobertoRicci-768x1152.jpg 768w, https:\/\/www.ecoitaliano.com.ar\/wp-content\/uploads\/2025\/10\/Michele-Pertusi-HD-\u00a9-RobertoRicci-1024x1536.jpg 1024w, https:\/\/www.ecoitaliano.com.ar\/wp-content\/uploads\/2025\/10\/Michele-Pertusi-HD-\u00a9-RobertoRicci-1366x2048.jpg 1366w, https:\/\/www.ecoitaliano.com.ar\/wp-content\/uploads\/2025\/10\/Michele-Pertusi-HD-\u00a9-RobertoRicci-100x150.jpg 100w, https:\/\/www.ecoitaliano.com.ar\/wp-content\/uploads\/2025\/10\/Michele-Pertusi-HD-\u00a9-RobertoRicci.jpg 1707w\" sizes=\"(max-width: 683px) 100vw, 683px\" \/><\/a><\/figure>\n\n\n\n<figure class=\"wp-block-image size-large\"><a href=\"https:\/\/www.ecoitaliano.com.ar\/wp-content\/uploads\/2025\/10\/77e00c52_Robert-Trevino-02-Photo_Christiaan-Dirksen-2019-2_V2.jpg\"><img decoding=\"async\" width=\"770\" height=\"1024\" data-id=\"80627\" src=\"https:\/\/www.ecoitaliano.com.ar\/wp-content\/uploads\/2025\/10\/77e00c52_Robert-Trevino-02-Photo_Christiaan-Dirksen-2019-2_V2-770x1024.jpg\" alt=\"\" class=\"wp-image-80627\" srcset=\"https:\/\/www.ecoitaliano.com.ar\/wp-content\/uploads\/2025\/10\/77e00c52_Robert-Trevino-02-Photo_Christiaan-Dirksen-2019-2_V2-770x1024.jpg 770w, https:\/\/www.ecoitaliano.com.ar\/wp-content\/uploads\/2025\/10\/77e00c52_Robert-Trevino-02-Photo_Christiaan-Dirksen-2019-2_V2-226x300.jpg 226w, https:\/\/www.ecoitaliano.com.ar\/wp-content\/uploads\/2025\/10\/77e00c52_Robert-Trevino-02-Photo_Christiaan-Dirksen-2019-2_V2-768x1021.jpg 768w, https:\/\/www.ecoitaliano.com.ar\/wp-content\/uploads\/2025\/10\/77e00c52_Robert-Trevino-02-Photo_Christiaan-Dirksen-2019-2_V2-1155x1536.jpg 1155w, https:\/\/www.ecoitaliano.com.ar\/wp-content\/uploads\/2025\/10\/77e00c52_Robert-Trevino-02-Photo_Christiaan-Dirksen-2019-2_V2-1540x2048.jpg 1540w, https:\/\/www.ecoitaliano.com.ar\/wp-content\/uploads\/2025\/10\/77e00c52_Robert-Trevino-02-Photo_Christiaan-Dirksen-2019-2_V2-113x150.jpg 113w, https:\/\/www.ecoitaliano.com.ar\/wp-content\/uploads\/2025\/10\/77e00c52_Robert-Trevino-02-Photo_Christiaan-Dirksen-2019-2_V2.jpg 1548w\" sizes=\"(max-width: 770px) 100vw, 770px\" \/><\/a><\/figure>\n\n\n\n<figure class=\"wp-block-image size-large\"><a href=\"https:\/\/www.ecoitaliano.com.ar\/wp-content\/uploads\/2025\/10\/Salas-c-Jonathan-Manchon-14-1.jpeg\"><img decoding=\"async\" width=\"1024\" height=\"683\" data-id=\"80628\" src=\"https:\/\/www.ecoitaliano.com.ar\/wp-content\/uploads\/2025\/10\/Salas-c-Jonathan-Manchon-14-1-1024x683.jpeg\" alt=\"\" class=\"wp-image-80628\" srcset=\"https:\/\/www.ecoitaliano.com.ar\/wp-content\/uploads\/2025\/10\/Salas-c-Jonathan-Manchon-14-1-1024x683.jpeg 1024w, https:\/\/www.ecoitaliano.com.ar\/wp-content\/uploads\/2025\/10\/Salas-c-Jonathan-Manchon-14-1-300x200.jpeg 300w, https:\/\/www.ecoitaliano.com.ar\/wp-content\/uploads\/2025\/10\/Salas-c-Jonathan-Manchon-14-1-768x512.jpeg 768w, https:\/\/www.ecoitaliano.com.ar\/wp-content\/uploads\/2025\/10\/Salas-c-Jonathan-Manchon-14-1-1536x1024.jpeg 1536w, https:\/\/www.ecoitaliano.com.ar\/wp-content\/uploads\/2025\/10\/Salas-c-Jonathan-Manchon-14-1-2048x1366.jpeg 2048w, https:\/\/www.ecoitaliano.com.ar\/wp-content\/uploads\/2025\/10\/Salas-c-Jonathan-Manchon-14-1-150x100.jpeg 150w\" sizes=\"(max-width: 1024px) 100vw, 1024px\" \/><\/a><\/figure>\n\n\n\n<figure class=\"wp-block-image size-large\"><a href=\"https:\/\/www.ecoitaliano.com.ar\/wp-content\/uploads\/2025\/10\/Torbidoni_054_MICHELE-MONASTA_A1_1747_pp.jpg\"><img decoding=\"async\" width=\"683\" height=\"1024\" data-id=\"80629\" src=\"https:\/\/www.ecoitaliano.com.ar\/wp-content\/uploads\/2025\/10\/Torbidoni_054_MICHELE-MONASTA_A1_1747_pp-683x1024.jpg\" alt=\"\" class=\"wp-image-80629\" srcset=\"https:\/\/www.ecoitaliano.com.ar\/wp-content\/uploads\/2025\/10\/Torbidoni_054_MICHELE-MONASTA_A1_1747_pp-683x1024.jpg 683w, https:\/\/www.ecoitaliano.com.ar\/wp-content\/uploads\/2025\/10\/Torbidoni_054_MICHELE-MONASTA_A1_1747_pp-200x300.jpg 200w, https:\/\/www.ecoitaliano.com.ar\/wp-content\/uploads\/2025\/10\/Torbidoni_054_MICHELE-MONASTA_A1_1747_pp-768x1152.jpg 768w, https:\/\/www.ecoitaliano.com.ar\/wp-content\/uploads\/2025\/10\/Torbidoni_054_MICHELE-MONASTA_A1_1747_pp-1024x1536.jpg 1024w, https:\/\/www.ecoitaliano.com.ar\/wp-content\/uploads\/2025\/10\/Torbidoni_054_MICHELE-MONASTA_A1_1747_pp-1366x2048.jpg 1366w, https:\/\/www.ecoitaliano.com.ar\/wp-content\/uploads\/2025\/10\/Torbidoni_054_MICHELE-MONASTA_A1_1747_pp-100x150.jpg 100w, https:\/\/www.ecoitaliano.com.ar\/wp-content\/uploads\/2025\/10\/Torbidoni_054_MICHELE-MONASTA_A1_1747_pp.jpg 1707w\" sizes=\"(max-width: 683px) 100vw, 683px\" \/><\/a><\/figure>\n<\/figure>\n","protected":false},"excerpt":{"rendered":"<p>ROBERT TREVI\u00d1O DIRIGE LA MESSA DA REQUIEM AL FESTIVAL VERDI Il direttore d\u2019orchestra texano sar\u00e0 alla guida della Filarmonica Arturo [&hellip;]<\/p>\n","protected":false},"author":1,"featured_media":0,"comment_status":"open","ping_status":"open","sticky":false,"template":"","format":"standard","meta":{"footnotes":""},"categories":[1],"tags":[],"class_list":["post-80622","post","type-post","status-publish","format-standard","hentry","category-sin-categoria"],"_links":{"self":[{"href":"https:\/\/www.ecoitaliano.com.ar\/index.php?rest_route=\/wp\/v2\/posts\/80622","targetHints":{"allow":["GET"]}}],"collection":[{"href":"https:\/\/www.ecoitaliano.com.ar\/index.php?rest_route=\/wp\/v2\/posts"}],"about":[{"href":"https:\/\/www.ecoitaliano.com.ar\/index.php?rest_route=\/wp\/v2\/types\/post"}],"author":[{"embeddable":true,"href":"https:\/\/www.ecoitaliano.com.ar\/index.php?rest_route=\/wp\/v2\/users\/1"}],"replies":[{"embeddable":true,"href":"https:\/\/www.ecoitaliano.com.ar\/index.php?rest_route=%2Fwp%2Fv2%2Fcomments&post=80622"}],"version-history":[{"count":1,"href":"https:\/\/www.ecoitaliano.com.ar\/index.php?rest_route=\/wp\/v2\/posts\/80622\/revisions"}],"predecessor-version":[{"id":80630,"href":"https:\/\/www.ecoitaliano.com.ar\/index.php?rest_route=\/wp\/v2\/posts\/80622\/revisions\/80630"}],"wp:attachment":[{"href":"https:\/\/www.ecoitaliano.com.ar\/index.php?rest_route=%2Fwp%2Fv2%2Fmedia&parent=80622"}],"wp:term":[{"taxonomy":"category","embeddable":true,"href":"https:\/\/www.ecoitaliano.com.ar\/index.php?rest_route=%2Fwp%2Fv2%2Fcategories&post=80622"},{"taxonomy":"post_tag","embeddable":true,"href":"https:\/\/www.ecoitaliano.com.ar\/index.php?rest_route=%2Fwp%2Fv2%2Ftags&post=80622"}],"curies":[{"name":"wp","href":"https:\/\/api.w.org\/{rel}","templated":true}]}}