{"id":80663,"date":"2025-10-14T09:19:48","date_gmt":"2025-10-14T09:19:48","guid":{"rendered":"https:\/\/www.ecoitaliano.com.ar\/?p=80663"},"modified":"2025-10-14T09:50:45","modified_gmt":"2025-10-14T09:50:45","slug":"serena-conduce-operaclassica-eco-italiano-4688","status":"publish","type":"post","link":"https:\/\/www.ecoitaliano.com.ar\/?p=80663","title":{"rendered":"Serena conduce operaclassica eco italiano"},"content":{"rendered":"<div class=\"wp-block-image\">\n<figure class=\"aligncenter size-large is-resized\"><a href=\"http:\/\/www.ecoitaliano.com.ar\/wp-content\/uploads\/2025\/10\/TRP-24-Marchio-Teatro-Regio-Parma_Blu.png\"><img decoding=\"async\" width=\"1024\" height=\"724\" src=\"http:\/\/www.ecoitaliano.com.ar\/wp-content\/uploads\/2025\/10\/TRP-24-Marchio-Teatro-Regio-Parma_Blu-1024x724.png\" alt=\"\" class=\"wp-image-80290\" style=\"width:154px;height:auto\" srcset=\"https:\/\/www.ecoitaliano.com.ar\/wp-content\/uploads\/2025\/10\/TRP-24-Marchio-Teatro-Regio-Parma_Blu-1024x724.png 1024w, https:\/\/www.ecoitaliano.com.ar\/wp-content\/uploads\/2025\/10\/TRP-24-Marchio-Teatro-Regio-Parma_Blu-300x212.png 300w, https:\/\/www.ecoitaliano.com.ar\/wp-content\/uploads\/2025\/10\/TRP-24-Marchio-Teatro-Regio-Parma_Blu-768x543.png 768w, https:\/\/www.ecoitaliano.com.ar\/wp-content\/uploads\/2025\/10\/TRP-24-Marchio-Teatro-Regio-Parma_Blu-1536x1086.png 1536w, https:\/\/www.ecoitaliano.com.ar\/wp-content\/uploads\/2025\/10\/TRP-24-Marchio-Teatro-Regio-Parma_Blu-2048x1448.png 2048w, https:\/\/www.ecoitaliano.com.ar\/wp-content\/uploads\/2025\/10\/TRP-24-Marchio-Teatro-Regio-Parma_Blu-150x106.png 150w\" sizes=\"(max-width: 1024px) 100vw, 1024px\" \/><\/a><\/figure><\/div>\n\n\n<p><a><\/a><a>IL CORAGGIO DENTRO NOI E VERSO L\u2019ALTRO: AL VERDI OFF DUE SPETTACOLI FRA DANZA E TEATRO<\/a><\/p>\n\n\n\n<p>A Palazzo Pallavicino in scena <em>Io Coraggioso <\/em>di Profssione Danza Parma con la coreografia di Nnamdi Nwagwu e i danzatori di Balletto Parma.<\/p>\n\n\n\n<p>Da OniricArt l\u2019appuntamento con <em>Scorie<\/em> a cura di Festina Lente Teatro e Vagamonde con la regia Andreina Garella.<\/p>\n\n\n\n<p><a><\/a><a><\/a><a><em>Io Coraggioso. Come in un Nabucco interiore<\/em><\/a><\/p>\n\n\n\n<p>Parma, Palazzo Pallavicino<\/p>\n\n\n\n<p>Venerd\u00ec 17 ottobre, ore 20.30<\/p>\n\n\n\n<p>Ingresso libero<\/p>\n\n\n\n<p><em>Scorie<\/em><\/p>\n\n\n\n<p>Parma, OniricArt<\/p>\n\n\n\n<p>sabato 18 e domenica 19 ottobre<\/p>\n\n\n\n<p>ore 15.30, 16.10, 16.50, 17.50 e 18:30<\/p>\n\n\n\n<p>ingresso libero con prenotazione obbligatoria<\/p>\n\n\n\n<p>su eventbrite.it<\/p>\n\n\n\n<p>Saranno due gli appuntamenti dell\u2019<strong>ultimo weekend di Verdi Off <\/strong>che celebrano la X edizione e che vedono il ritorno in scena di produzioni realizzate con alcuni fra i partner artistici pi\u00f9 fedeli della manifestazione: <strong><em>Io Coraggioso. Come in un Nabucco interiore <\/em><\/strong>a cura di<strong> Professione Danza Parma <\/strong>e <strong><em>Scorie <\/em><\/strong>di <strong>Festina Lente Teatro<\/strong> e <strong>Vagamonde.<\/strong><\/p>\n\n\n\n<p><strong>Io coraggioso<\/strong><\/p>\n\n\n\n<p><strong><em>Io Coraggioso. Come in un Nabucco interiore <\/em><\/strong>\u00e8 una creazione che nasce dall\u2019energia emotiva della musica di Verdi e che andr\u00e0 in scena <strong>venerd\u00ec<\/strong> <strong>17 ottobre alle ore 20.30 <\/strong>a <strong>Parma al Palazzo Pallavicino <\/strong>(v.lo Santafiora 7).<\/p>\n\n\n\n<p>Lo spettacolo, con la coreografia di <strong>Nnamdi Nwagwu<\/strong>, esplora l\u2019essere fedeli a se stessi, rimanendo sempre gli stessi ma in modo ogni volta unico e irripetibile. Protagonisti <strong>saranno Zarah Frola, Ester Papini, Lisa Malaguti, Sofia Giannini, Nicole Cenderelli, Antonio Bresolin, Giulio Commerso e Andrea Villabruna<\/strong>, danzatori del <strong>Balletto di Parma<\/strong>, compagnia nata da <strong>Professione Danza Parma<\/strong>, luogo progettato per ispirare e accogliere che ha creato nel tempo un percorso che accompagna gli allievi attraverso colori, materiali e dettagli di design che evocano l\u2019arte e il movimento per creare un ambiente stimolante e accogliente, pensato per far crescere giovani artisti in un contesto di eccellenza. L\u2019<strong>ingresso \u00e8 libero<\/strong> fino ad esaurimento dei posti disponibili; lo spettacolo non \u00e8 accessibile agli spettatori con mobilit\u00e0 ridotta.<\/p>\n\n\n\n<p><strong>Scorie<\/strong><\/p>\n\n\n\n<p>\u201cOgnuno dovrebbe provare rispetto davanti all\u2019umanit\u00e0 che soffre\u201d. Una frase di Verdi il cui messaggio \u00e8 ancora attuale ci aiuta a rivalutare e recuperare il concetto di rispetto. Rispetto per ritrovare il senso dell\u2019ascolto e dell\u2019accoglienza e occuparci dei valori fondanti dell\u2019essere umano. Attraverso il rispetto si pu\u00f2 ritrovare il senso dell\u2019incontro e uscire dalla logica della paura. L\u2019ostilit\u00e0 verso lo straniero impoverisce tutti. Questo il nucleo di <strong><em>Scorie<\/em><\/strong>in scena a <strong>OniricArt<\/strong> (via Pasubio 1c) <strong>sabato 18 e domenica 19 ottobre alle ore 15.30, 16.10, 16.50, 17.50 e 18:30<\/strong>,con la regia <strong>Andreina Garella<\/strong>, ambientazione <strong>Mario Fontanini<\/strong>, collaborazione ai testi <strong>Enrica Mattavelli<\/strong>, musiche di scena <strong>Ailem Carvajal<\/strong>, a cura di <strong>Festina Lente Teatro<\/strong> e <strong>Vagamonde<\/strong>. L\u2019<strong>ingresso \u00e8 libero con prenotazione obbligatoria su eventbrite.it<\/strong>.<\/p>\n\n\n\n<p>In scena donne di tutto il mondo: migranti, richiedenti asilo e native, e un gruppo di giovani del <strong>Liceo Artistico Toschi<\/strong>, con un\u2019azione pittorica. La drammaturgia pone al centro i testi e le parole di donne coinvolte in alcuni laboratori di scrittura poetica.<\/p>\n\n\n\n<p><strong>Festina Lente Teatro<\/strong> negli anni \u00e8 stato e si consolida come un interlocutore fondamentale e prezioso per Verdi Off. \u00c8 un teatro che sceglie di essere responsabile, attento alla societ\u00e0, ai suoi cambiamenti e alle sue problematiche. Un teatro che d\u00e0 voce ai disagi, in contrapposizione a razzismi e discriminazioni, che d\u00e0 spazio ad altri modi di essere, ad altri sguardi e ad altre sensibilit\u00e0, liberandosi da stereotipi e luoghi comuni che ancora accompagnano chi soffre di una qualsiasi fragilit\u00e0 o chi \u00e8 migrante.<\/p>\n\n\n\n<p><strong>PARTNER E SPONSOR<\/strong><\/p>\n\n\n\n<p><a><em>Il Festival Verdi \u00e8 realizzato grazie al contributo di<\/em><\/a> <a>Ministero della Cultura, Regione Emilia-Romagna, Reggio Parma Festival, Comune di Parma<\/a>. <em>Major partner<\/em> Fondazione Cariparma. <em>Main<\/em> <em>partner <\/em>Chiesi. <em>Cultural partner <\/em>Cr\u00e9dit Agricole.<em> Media partner<\/em> Mediaset Publitalia \u201980. <em>Main<\/em> <em>sponsor<\/em> Iren, Barilla. <em>Sponsor<\/em> Unione Parmense degli Industriali, Opem, Dallara, Agugiaro e Figna, Mutti, Amoretti. <em>Educational partner<\/em> Parmalat. <em>Sostenitori<\/em> <a>La Giovane, Glove ICT, Grasselli, Cavalca, CePIM, Bstr\u00f2, Parmacotto, Sicim, Colser, Delicius.<em> Mobility partner <\/em>Tep. <em>Tour Operator Partner<\/em> Parma Incoming. <em>Radio Ufficiale<\/em> Radio Monte Carlo.<em> Fairplay Partner <\/em>Zebre Parma.<em> Wine partner <\/em>Oinoe.<em> Digital counselling<\/em> Unsocials.<em> Con il supporto di <\/em>\u201cParma, io ci sto!\u201d.<em> Legal counselling <\/em>Villa&amp;Partners.<em> Partner scientifico <\/em>Istituto Nazionale di Studi Verdiani.<em> Special thanks to <\/em>International Friends of Festival Verdi.<em> Con il contributo di <\/em>Comune di Busseto, Ascom e Ascom Confcommercio Parma Fondazione, Camera di Commercio dell\u2019Emilia, Fondazione Monte Parma.<\/a> <em>Sostenitori tecnici<\/em> <a>DS Solutions, Milosped, Teamwork, Graphital. <\/a><a><em>Partner artistici e istituzionali<\/em> <\/a>Coro del Teatro Regio di Parma, Conservatorio \u201cArrigo Boito\u201d di Parma, Societ\u00e0 dei Concerti di Parma, La Toscanini, Apt Servizi Emilia-Romagna. <em>Il Teatro Regio aderisce a <\/em>Parma Citt\u00e0 Climate Neutral 2023<em>, <\/em>ATIT, AGIS<em>, <\/em>Comitato per la Salvaguardia dell\u2019Arte del Canto Lirico Italiano, Fedora, Opera Europa, Opera Vision, Emilia taste, nature &amp; culture.<\/p>\n\n\n\n<p>Parma, 14 ottobre 2025<\/p>\n\n\n\n<p>Paolo Maier<\/p>\n\n\n\n<p><em>Responsabile Comunicazione istituzionale, Ufficio stampa, Archivio<\/em><\/p>\n\n\n\n<p>Teatro Regio di Parma<\/p>\n\n\n\n<p>strada Garibaldi 16\/A, 43121 Parma \u2013 Italia<\/p>\n\n\n\n<p>Tel. +39 0521 203969&nbsp;<\/p>\n\n\n\n<p>p.maier@teatroregioparma.it&nbsp;<\/p>\n\n\n\n<p>stampa@teatroregioparma.it<\/p>\n\n\n\n<p>www.teatroregioparma.it<\/p>\n\n\n\n\n\n\n\n\n\n\n\n<p><a href=\"http:\/\/www.facebook.com\/teatroregioparma\"><\/a>&nbsp;&nbsp;&nbsp;<br><\/p>\n\n\n\n<p><a><strong>CALENDARIO DEGLI APPUNTAMENTI<\/strong><\/a><\/p>\n\n\n\n<p><strong>Parma, Galleria San Ludovico <\/strong>(b.go del Parmigianino 2)<\/p>\n\n\n\n<p>domenica 21 settembre 2025, ore 18.30 inaugurazione<\/p>\n\n\n\n<p>dal 23 settembre al 19 ottobre 2025 mar-gio 19-21 | ven 19-22 | sab e dom 10-13 e 16-22<\/p>\n\n\n\n<p><strong>IL SONNO UCCIDESTI<\/strong><\/p>\n\n\n\n<p><strong>Parma, Fornici del Teatro Regio di Parma<\/strong><\/p>\n\n\n\n<p>Dal 20 settembre al 19 ottobre 2025, ore 13.00<\/p>\n\n\n\n<p><strong>CUC\u00d9 VERDIANO<\/strong><\/p>\n\n\n\n<p><strong>Parma, B.go Guazzo 20\/A<\/strong><\/p>\n\n\n\n<p>sabato 20 Settembre 2025, dalle 17.00 alle 20.00 inaugurazione:<\/p>\n\n\n\n<p>dal 21 settembre al 19 ottobre 2025 lun-venerd\u00ec, dalle 15 alle 19;<\/p>\n\n\n\n<p>al mattino visite su appuntamento<\/p>\n\n\n\n<p><strong>VIVA VERDI!<\/strong><\/p>\n\n\n\n<p><strong>SETTEMBRE<\/strong><\/p>\n\n\n\n<p>sab 6&nbsp;&nbsp;&nbsp;&nbsp;&nbsp; ore 17.00&nbsp;&nbsp; Ridotto del Teatro Regio <strong>OTELLO<\/strong> Prima che si alzi il sipario<\/p>\n\n\n\n<p>sab 13&nbsp;&nbsp;&nbsp; ore 17.00&nbsp;&nbsp; Ridotto del Teatro Regio <strong>FALSTAFF<\/strong> Prima che si alzi il sipario<\/p>\n\n\n\n<p>dom 14&nbsp;&nbsp; ore 21.00&nbsp;&nbsp; Busseto Casa Barezzi <strong>MACBETH<\/strong> Prima che si alzi il sipario<\/p>\n\n\n\n<p>ven 19&nbsp;&nbsp;&nbsp; ore 21.00&nbsp;&nbsp; Associazione Parma Lirica <strong>IL CORO PROVA OTELLO<\/strong><\/p>\n\n\n\n<p><a>sab 20<\/a><a>&nbsp;&nbsp;&nbsp; ore 15.00&nbsp;&nbsp; Teatro Regio <strong>OTELLO<\/strong> prova Under30<\/a><\/p>\n\n\n\n<p>&nbsp;&nbsp;&nbsp;&nbsp;&nbsp;&nbsp;&nbsp;&nbsp;&nbsp;&nbsp;&nbsp;&nbsp;&nbsp; ore 18.00&nbsp;&nbsp; Centro storico <strong>VERDI STREET PARADE<\/strong><\/p>\n\n\n\n<p>&nbsp;&nbsp;&nbsp;&nbsp;&nbsp;&nbsp;&nbsp;&nbsp;&nbsp;&nbsp;&nbsp;&nbsp;&nbsp; ore 20.00&nbsp;&nbsp; Complesso Pilotta <strong>22.2.22<\/strong> (replica ogni 30\u2019 fino alle 0.30)<\/p>\n\n\n\n<p>dom 21<a>&nbsp;&nbsp; ore 10.00, 16.00&nbsp; Piazzale Picelli <\/a><strong>STORIE APPESE A UN FILO<\/strong><\/p>\n\n\n\n<p>&nbsp;&nbsp;&nbsp;&nbsp;&nbsp;&nbsp;&nbsp;&nbsp;&nbsp;&nbsp;&nbsp;&nbsp;&nbsp; ore 11.00&nbsp;&nbsp; Quartiere Cittadella <strong>VERDI SOTTO CASA<\/strong><\/p>\n\n\n\n<p>&nbsp;&nbsp;&nbsp;&nbsp;&nbsp;&nbsp;&nbsp;&nbsp;&nbsp;&nbsp;&nbsp;&nbsp;&nbsp; ore 12.00&nbsp;&nbsp; Busseto Balcone Municipio <a><strong>CUC\u00d9 VERDIANO<\/strong><\/a><\/p>\n\n\n\n<p>lun 22&nbsp;&nbsp;&nbsp;&nbsp; ore 10.00&nbsp;&nbsp; Piazzale Picelli <strong>VERDI GIUSEPPE, LA PICCOLA STORIA\u2026<\/strong><\/p>\n\n\n\n<p><a>&nbsp;&nbsp;&nbsp;&nbsp;&nbsp;&nbsp;&nbsp;&nbsp;&nbsp;&nbsp;&nbsp;&nbsp;&nbsp; ore 15.30&nbsp;&nbsp; Teatro Regio <strong>OTELLO<\/strong> prova aperta<\/a><\/p>\n\n\n\n<p>&nbsp;&nbsp;&nbsp;&nbsp;&nbsp;&nbsp;&nbsp;&nbsp;&nbsp;&nbsp;&nbsp;&nbsp;&nbsp; ore 18.00<a>&nbsp;&nbsp; <\/a>Quartiere Santa Margherita <strong>VERDI SOTTO CASA<\/strong><\/p>\n\n\n\n<p>mar 23<a>&nbsp;&nbsp;&nbsp; ore 10.00&nbsp;&nbsp; Piazzale Picelli <\/a><strong>GIACOMO PUCCINI DAL SUO LAGO\u2026<\/strong><\/p>\n\n\n\n<p>mer 24<a>&nbsp;&nbsp;&nbsp; ore 10.00&nbsp;&nbsp; Piazzale Picelli <\/a><strong>ROSSINI PER BAMBINI UNA RICETTA\u2026<\/strong><strong><\/strong><\/p>\n\n\n\n<p>&nbsp;&nbsp;&nbsp;&nbsp;&nbsp;&nbsp;&nbsp;&nbsp;&nbsp;&nbsp;&nbsp;&nbsp;&nbsp; ore 18.30&nbsp;&nbsp; Palazzo Soragna <strong>JAZZ\u2019ON PARMA<\/strong><\/p>\n\n\n\n<p>gio 25&nbsp;&nbsp;&nbsp;&nbsp; ore 10.00&nbsp;&nbsp; Piazzale Picelli <strong>INVENTOPERA<\/strong><\/p>\n\n\n\n<p>&nbsp;&nbsp;&nbsp;&nbsp;&nbsp;&nbsp;&nbsp;&nbsp;&nbsp;&nbsp;&nbsp;&nbsp;&nbsp; ore 20.00&nbsp;&nbsp; Busseto Teatro Verdi<strong> MACBETH<\/strong> prova aperta<\/p>\n\n\n\n<p>ven 26<a>&nbsp;&nbsp;&nbsp; ore 12.00&nbsp;&nbsp; Gran Caff\u00e8 del teatro <strong>CAF\u00c9 CONCERTO<\/strong><\/a><\/p>\n\n\n\n<p>&nbsp;&nbsp;&nbsp;&nbsp;&nbsp;&nbsp;&nbsp;&nbsp;&nbsp;&nbsp;&nbsp;&nbsp;&nbsp; ore 18.30&nbsp;&nbsp; La Bottega Barilla <strong>VERDINJAZZ<\/strong><\/p>\n\n\n\n<p>&nbsp;&nbsp;&nbsp;&nbsp;&nbsp;&nbsp;&nbsp;&nbsp;&nbsp;&nbsp;&nbsp;&nbsp;&nbsp; ore 19.00&nbsp;&nbsp; Piazzale del Teatro Regio <strong>VERDI A PASSO DI DANZA<\/strong><\/p>\n\n\n\n<p>&nbsp;&nbsp;&nbsp;&nbsp;&nbsp;&nbsp;&nbsp;&nbsp;&nbsp;&nbsp;&nbsp;&nbsp;&nbsp; ore 20.00&nbsp;&nbsp; Teatro Regio <strong>OTELLO<\/strong><\/p>\n\n\n\n<p>sab 27&nbsp;&nbsp;&nbsp; ore 10.30, 11.45 Piazzale Picelli <strong>CORPO IN MUSICA PICCOLI FALSTAFF\u2026<a><\/a><\/strong><\/p>\n\n\n\n<p>&nbsp;&nbsp;&nbsp;&nbsp;&nbsp;&nbsp;&nbsp;&nbsp;&nbsp;&nbsp;&nbsp;&nbsp;&nbsp; ore 12.00&nbsp;&nbsp; Fidenza Agrinascente Silvano Romani <strong>CUC\u00d9 VERDIANO<\/strong><\/p>\n\n\n\n<p>&nbsp;&nbsp;&nbsp;&nbsp;&nbsp;&nbsp;&nbsp;&nbsp;&nbsp;&nbsp;&nbsp;&nbsp;&nbsp; ore 13.00&nbsp;&nbsp; Fidenza, KM90 RistoBottega Emiliana <strong>CUC\u00d9 VERDIANO<\/strong><\/p>\n\n\n\n<p>&nbsp;&nbsp;&nbsp;&nbsp;&nbsp;&nbsp;&nbsp;&nbsp;&nbsp;&nbsp;&nbsp;&nbsp;&nbsp; ore 15.00<strong>&nbsp;&nbsp; <\/strong>Quartiere SPIP<strong>VERDI SPIP PARADE<\/strong><\/p>\n\n\n\n<p>&nbsp;&nbsp;&nbsp;&nbsp;&nbsp;&nbsp;&nbsp;&nbsp;&nbsp;&nbsp;&nbsp;&nbsp;&nbsp; ore 17.00&nbsp;&nbsp; Ridotto del Teatro Regio <strong>CORI AL RIDOTTO<\/strong> Voci bianche Ars Canto<\/p>\n\n\n\n<p>&nbsp;&nbsp;&nbsp;&nbsp;&nbsp;&nbsp;&nbsp;&nbsp;&nbsp;&nbsp;&nbsp;&nbsp;&nbsp; ore 17.00&nbsp;&nbsp; Colonne 28 <strong>GALA IN NERO<\/strong><\/p>\n\n\n\n<p>&nbsp;&nbsp;&nbsp;&nbsp;&nbsp;&nbsp;&nbsp;&nbsp;&nbsp;&nbsp;&nbsp;&nbsp;&nbsp; ore 20.00&nbsp;&nbsp; Busseto Teatro Verdi<strong> MACBETH<\/strong><\/p>\n\n\n\n<p>&nbsp;&nbsp;&nbsp;&nbsp;&nbsp;&nbsp;&nbsp;&nbsp;&nbsp;&nbsp;&nbsp;&nbsp;&nbsp; ore 21.30&nbsp;&nbsp; Borgo Santa Brigida <strong>OFFICINA DEL BATTAGLIERO<\/strong><\/p>\n\n\n\n<p>dom 28<a><\/a><a>&nbsp;&nbsp; ore 12.00&nbsp;&nbsp; Palazzo Ducale <strong>MEZZOGIORNO IN MUSICA<\/strong><\/a><\/p>\n\n\n\n<p>&nbsp;&nbsp;&nbsp;&nbsp;&nbsp;&nbsp;&nbsp;&nbsp;&nbsp;&nbsp;&nbsp;&nbsp;&nbsp; ore 12.00&nbsp;&nbsp; Busseto Balcone Municipio <strong>CUC\u00d9 VERDIANO<\/strong><\/p>\n\n\n\n<p>&nbsp;&nbsp;&nbsp;&nbsp;&nbsp;&nbsp;&nbsp;&nbsp;&nbsp;&nbsp;&nbsp;&nbsp;&nbsp; ore 15.30&nbsp;&nbsp; Quartiere San Leonardo <strong>CON VERDI A SPASSO DI BANDA<\/strong><\/p>\n\n\n\n<p>&nbsp;&nbsp;&nbsp;&nbsp;&nbsp;&nbsp;&nbsp;&nbsp;&nbsp;&nbsp;&nbsp;&nbsp;&nbsp; ore 16.00, 17.15&nbsp;&nbsp; Piazzale Picelli <strong>CORPO IN MUSICA PICCOLI FALSTAFF\u2026<\/strong><\/p>\n\n\n\n<p>&nbsp;&nbsp;&nbsp;&nbsp;&nbsp;&nbsp;&nbsp;&nbsp;&nbsp;&nbsp;&nbsp;&nbsp;&nbsp; ore 17.00&nbsp;&nbsp; Lostello <strong>OPERA GUITTA<\/strong><\/p>\n\n\n\n<p>&nbsp;&nbsp;&nbsp;&nbsp;&nbsp;&nbsp;&nbsp;&nbsp;&nbsp;&nbsp;&nbsp;&nbsp;&nbsp; ore 17.00<a>&nbsp;&nbsp; <\/a>Ridotto del Teatro Regio <strong>CORI AL RIDOTTO<\/strong> Voci bianche corale Verdi<\/p>\n\n\n\n<p>&nbsp;&nbsp;&nbsp;&nbsp;&nbsp;&nbsp;&nbsp;&nbsp;&nbsp;&nbsp;&nbsp;&nbsp;&nbsp; ore 18.00&nbsp;&nbsp; OniricArt <strong>VERDI<\/strong> <strong>dreamART<\/strong><\/p>\n\n\n\n<p><a>&nbsp;&nbsp;&nbsp;&nbsp;&nbsp;&nbsp;&nbsp;&nbsp;&nbsp;&nbsp;&nbsp;&nbsp;&nbsp; ore 20.30<strong>&nbsp;&nbsp; <\/strong>Auditorium Paganini<strong> TIMON \u00c9TUDES<\/strong><\/a><\/p>\n\n\n\n<p>lun 29&nbsp;&nbsp;&nbsp;&nbsp; ore 10.00&nbsp;&nbsp; Piazzale Picelli <strong>VERDI GIUSEPPE, LA PICCOLA STORIA\u2026<\/strong><strong><\/strong><\/p>\n\n\n\n<p>&nbsp;&nbsp;&nbsp;&nbsp;&nbsp;&nbsp;&nbsp;&nbsp;&nbsp;&nbsp;&nbsp;&nbsp;&nbsp; ore 18.00&nbsp;&nbsp; Corale Verdi <strong>CASA<\/strong> <strong>VERDI<\/strong><\/p>\n\n\n\n<p>mar 30&nbsp;&nbsp;&nbsp; ore 10.00&nbsp;&nbsp; Piazzale Picelli <strong>GIACOMO PUCCINI DAL SUO LAGO\u2026<\/strong><\/p>\n\n\n\n<p>&nbsp;&nbsp;&nbsp;&nbsp;&nbsp;&nbsp;&nbsp;&nbsp;&nbsp;&nbsp;&nbsp;&nbsp;&nbsp; ore 20.30&nbsp;&nbsp; Ridotto del Teatro Regio <strong>ASPETTANDO FALSTAFF<\/strong><\/p>\n\n\n\n<p><strong>OTTOBRE<\/strong><\/p>\n\n\n\n<p>mer 1&nbsp;&nbsp;&nbsp;&nbsp;&nbsp; ore 10.00&nbsp;&nbsp; Piazzale Picelli <strong>ROSSINI PER BAMBINI UNA RICETTA\u2026<\/strong><\/p>\n\n\n\n<p>&nbsp;&nbsp;&nbsp;&nbsp;&nbsp;&nbsp;&nbsp;&nbsp;&nbsp;&nbsp;&nbsp;&nbsp;&nbsp; ore 20.00&nbsp;&nbsp; Teatro Regio <strong>FALSTAFF<\/strong> prova Under30<\/p>\n\n\n\n<p>gio 2&nbsp;&nbsp;&nbsp;&nbsp;&nbsp;&nbsp; ore 10.00&nbsp;&nbsp; Piazzale Picelli <strong>INVENTOPERA<\/strong><\/p>\n\n\n\n<p>&nbsp;&nbsp;&nbsp;&nbsp;&nbsp;&nbsp;&nbsp;&nbsp;&nbsp;&nbsp;&nbsp;&nbsp;&nbsp; ore 10.00&nbsp;&nbsp; Felino, San Michele Tiorre <strong>VERDI GIUSEPPE, LA PICCOLA STORIA\u2026<\/strong><\/p>\n\n\n\n<p>&nbsp;&nbsp;&nbsp;&nbsp;&nbsp;&nbsp;&nbsp;&nbsp;&nbsp;&nbsp;&nbsp;&nbsp;&nbsp; ore 20.30&nbsp;&nbsp; Ridotto del Teatro Regio <strong>VERDI, SCHUMANN, FACCIO E SHAKESPEARE<\/strong><\/p>\n\n\n\n<p>ven 3&nbsp;&nbsp;&nbsp;&nbsp;&nbsp; ore 10.00&nbsp;&nbsp; Collecchio <strong>VERDI GIUSEPPE, LA PICCOLA STORIA\u2026<\/strong><\/p>\n\n\n\n<p>&nbsp;&nbsp;&nbsp;&nbsp;&nbsp;&nbsp;&nbsp;&nbsp;&nbsp;&nbsp;&nbsp;&nbsp;&nbsp; ore 12.00&nbsp;&nbsp; Gran Caff\u00e8 del teatro <strong>CAF\u00c9 CONCERTO<\/strong><\/p>\n\n\n\n<p>&nbsp;&nbsp;&nbsp;&nbsp;&nbsp;&nbsp;&nbsp;&nbsp;&nbsp;&nbsp;&nbsp;&nbsp;&nbsp; ore 18.00&nbsp;&nbsp; Chiesa di San Giovanni Evangelista <strong>VERDI SACRO<\/strong><\/p>\n\n\n\n<p>&nbsp;&nbsp;&nbsp;&nbsp;&nbsp;&nbsp;&nbsp;&nbsp;&nbsp;&nbsp;&nbsp;&nbsp;&nbsp; ore 18.00&nbsp;&nbsp; Traversetolo Porticato Corte Agresti <strong>MAS-TRIO<\/strong><\/p>\n\n\n\n<p>&nbsp;&nbsp;&nbsp;&nbsp;&nbsp;&nbsp;&nbsp;&nbsp;&nbsp;&nbsp;&nbsp;&nbsp;&nbsp; ore 19.00&nbsp;&nbsp; Piazzale del Teatro Regio <strong>VERDI A PASSO DI DANZA<\/strong><\/p>\n\n\n\n<p>&nbsp;&nbsp;&nbsp;&nbsp;&nbsp;&nbsp;&nbsp;&nbsp;&nbsp;&nbsp;&nbsp;&nbsp;&nbsp; ore 20.00&nbsp;&nbsp; Teatro Regio<strong> FALSTAFF<\/strong><\/p>\n\n\n\n<p>&nbsp;&nbsp;&nbsp;&nbsp;&nbsp;&nbsp;&nbsp;&nbsp;&nbsp;&nbsp;&nbsp;&nbsp;&nbsp; ore 21.30&nbsp;&nbsp; Borgo Santa Brigida <strong>BELLA WAKAME<\/strong><\/p>\n\n\n\n<p>&nbsp;&nbsp;&nbsp;&nbsp;&nbsp;&nbsp;&nbsp;&nbsp;&nbsp;&nbsp;&nbsp;&nbsp;&nbsp; ore 21.30-24.00 Ex Casa del Biscotto <strong>A LETTO CON VERDI<\/strong><\/p>\n\n\n\n<p>sab 4&nbsp;&nbsp;&nbsp;&nbsp;&nbsp; ore 10.00-13.00, 16.00-18.00 Palazzo dei Ministeri <strong>INCONFESSABILE VERDI<\/strong><\/p>\n\n\n\n<p>&nbsp;&nbsp;&nbsp;&nbsp;&nbsp;&nbsp;&nbsp;&nbsp;&nbsp;&nbsp;&nbsp;&nbsp;&nbsp; ore 10.00&nbsp;&nbsp; Varano de\u2019 Melegari <strong>VERDI GIUSEPPE, LA PICCOLA STORIA\u2026<\/strong><\/p>\n\n\n\n<p>&nbsp;&nbsp;&nbsp;&nbsp;&nbsp;&nbsp;&nbsp;&nbsp;&nbsp;&nbsp;&nbsp;&nbsp;&nbsp; ore 11.00&nbsp;&nbsp; OniricArt <strong>CONCERTO ACCADEMIA VERDIANA<\/strong><\/p>\n\n\n\n<p>&nbsp;&nbsp;&nbsp;&nbsp;&nbsp;&nbsp;&nbsp;&nbsp;&nbsp;&nbsp;&nbsp;&nbsp;&nbsp; ore 12.00&nbsp;&nbsp; Fidenza Agrinascente Silvano Romani <strong>CUC\u00d9 VERDIANO<\/strong><\/p>\n\n\n\n<p>&nbsp;&nbsp;&nbsp;&nbsp;&nbsp;&nbsp;&nbsp;&nbsp;&nbsp;&nbsp;&nbsp;&nbsp;&nbsp; ore 13.00&nbsp;&nbsp; Fidenza, KM90 RistoBottega Emiliana <strong>CUC\u00d9 VERDIANO<\/strong><\/p>\n\n\n\n<p>&nbsp;&nbsp;&nbsp;&nbsp;&nbsp;&nbsp;&nbsp;&nbsp;&nbsp;&nbsp;&nbsp;&nbsp;&nbsp; ore 16.00&nbsp;&nbsp; Piazzale Picelli <strong>GERONIMO STILTON Il mio amico Verdi<\/strong><\/p>\n\n\n\n<p>&nbsp;&nbsp;&nbsp;&nbsp;&nbsp;&nbsp;&nbsp;&nbsp;&nbsp;&nbsp;&nbsp;&nbsp;&nbsp; ore 18.30&nbsp;&nbsp; Varano de\u2019 Melegari Fondazione Caterina Dallara <strong>UN TRIO PER VERDI<\/strong><\/p>\n\n\n\n<p>&nbsp;&nbsp;&nbsp;&nbsp;&nbsp;&nbsp;&nbsp;&nbsp;&nbsp;&nbsp;&nbsp;&nbsp;&nbsp; ore 19.00&nbsp;&nbsp; Piazzale del Teatro Regio <strong>VERDI A PASSO DI DANZA<\/strong><\/p>\n\n\n\n<p>&nbsp;&nbsp;&nbsp;&nbsp;&nbsp;&nbsp;&nbsp;&nbsp;&nbsp;&nbsp;&nbsp;&nbsp;&nbsp; ore 20.00&nbsp;&nbsp; Busseto Teatro Verdi<strong> MACBETH<\/strong><\/p>\n\n\n\n<p>&nbsp;&nbsp;&nbsp;&nbsp;&nbsp;&nbsp;&nbsp;&nbsp;&nbsp;&nbsp;&nbsp;&nbsp;&nbsp; ore 21.30-24.00 Ex Casa del Biscotto <strong>A LETTO CON VERDI<\/strong><\/p>\n\n\n\n<p>dom 5&nbsp;&nbsp;&nbsp;&nbsp; ore 10.00-13.00, 16.00-18.00 Palazzo dei Ministeri <strong>INCONFESSABILE VERDI<\/strong><\/p>\n\n\n\n<p>&nbsp;&nbsp;&nbsp;&nbsp;&nbsp;&nbsp;&nbsp;&nbsp;&nbsp;&nbsp;&nbsp;&nbsp;&nbsp; ore 12.00&nbsp;&nbsp; Palazzo Ducale <strong>MEZZOGIORNO IN MUSICA<\/strong><\/p>\n\n\n\n<p>&nbsp;&nbsp;&nbsp;&nbsp;&nbsp;&nbsp;&nbsp;&nbsp;&nbsp;&nbsp;&nbsp;&nbsp;&nbsp; ore 12.00 &nbsp; Busseto Balcone Municipio <strong>CUC\u00d9 VERDIANO<\/strong><\/p>\n\n\n\n<p>&nbsp;&nbsp;&nbsp;&nbsp;&nbsp;&nbsp;&nbsp;&nbsp;&nbsp;&nbsp;&nbsp;&nbsp;&nbsp; ore 15.30<strong>&nbsp;&nbsp; <\/strong>Teatro Regio <strong>OTELLO<\/strong><\/p>\n\n\n\n<p>&nbsp;&nbsp;&nbsp;&nbsp;&nbsp;&nbsp;&nbsp;&nbsp;&nbsp;&nbsp;&nbsp;&nbsp;&nbsp; ore 16.00 &nbsp; Piazzale Picelli <strong>IL FLAUTO MAGICO<\/strong><\/p>\n\n\n\n<p>&nbsp;&nbsp;&nbsp;&nbsp;&nbsp;&nbsp;&nbsp;&nbsp;&nbsp;&nbsp;&nbsp;&nbsp;&nbsp; ore 16.00&nbsp;&nbsp; Museo Glauco Lombardi <strong>NEL SEGNO DEI MAGNIFICI CINQUE<\/strong><\/p>\n\n\n\n<p>&nbsp;&nbsp;&nbsp;&nbsp;&nbsp;&nbsp;&nbsp;&nbsp;&nbsp;&nbsp;&nbsp;&nbsp;&nbsp; ore 17.30&nbsp;&nbsp; Montechiarugolo Villa la Vignazza <strong>TRIO SPEZIE<\/strong><\/p>\n\n\n\n<p>&nbsp;&nbsp;&nbsp;&nbsp;&nbsp;&nbsp;&nbsp;&nbsp;&nbsp;&nbsp;&nbsp;&nbsp;&nbsp; ore 21.00<strong>&nbsp;&nbsp; <\/strong>Teatro Farnese<strong> OUVERTURE<\/strong><\/p>\n\n\n\n<p>&nbsp;&nbsp;&nbsp;&nbsp;&nbsp;&nbsp;&nbsp;&nbsp;&nbsp;&nbsp;&nbsp;&nbsp;&nbsp; ore 21.30-24.00 Ex Casa del Biscotto <strong>A LETTO CON VERDI<\/strong><\/p>\n\n\n\n<p><a>lun 6 &nbsp;&nbsp;&nbsp;&nbsp;&nbsp; ore 10.00&nbsp;&nbsp; Piazzale Picelli <\/a><strong>VERDI GIUSEPPE, LA PICCOLA STORIA\u2026<\/strong><strong><\/strong><\/p>\n\n\n\n<p>mar 7&nbsp;&nbsp;&nbsp;&nbsp;&nbsp; ore 10.00&nbsp;&nbsp; Piazzale Picelli <strong>GIACOMO PUCCINI DAL SUO LAGO\u2026<\/strong><\/p>\n\n\n\n<p>&nbsp;&nbsp;&nbsp;&nbsp;&nbsp;&nbsp;&nbsp;&nbsp;&nbsp;&nbsp;&nbsp;&nbsp;&nbsp; ore 14.30&nbsp;&nbsp; Ridotto Teatro Regio <strong>COME SI CANTAVA VERDI?<\/strong><\/p>\n\n\n\n<p>&nbsp;&nbsp;&nbsp;&nbsp;&nbsp;&nbsp;&nbsp;&nbsp;&nbsp;&nbsp;&nbsp;&nbsp;&nbsp; ore 20:00&nbsp;&nbsp; Lenz Teatro <strong>DISDEMONA<\/strong><\/p>\n\n\n\n<p>mer 8 &nbsp;&nbsp;&nbsp;&nbsp; ore 10.00&nbsp;&nbsp; Piazzale Picelli <strong>ROSSINI PER BAMBINI UNA RICETTA\u2026<\/strong><\/p>\n\n\n\n<p>&nbsp;&nbsp;&nbsp;&nbsp;&nbsp;&nbsp;&nbsp;&nbsp;&nbsp;&nbsp;&nbsp;&nbsp;&nbsp; ore 10.00&nbsp;&nbsp; Busseto <strong>IMPARARE<\/strong> <strong>A SCRIVERE CON VERDI E GUARESCHI<\/strong><\/p>\n\n\n\n<p>&nbsp;&nbsp;&nbsp;&nbsp;&nbsp;&nbsp;&nbsp;&nbsp;&nbsp;&nbsp;&nbsp;&nbsp;&nbsp; ore 19:00&nbsp;&nbsp; Lenz Teatro<strong> DISDEMONA<\/strong><\/p>\n\n\n\n<p>&nbsp;&nbsp;&nbsp;&nbsp;&nbsp;&nbsp;&nbsp;&nbsp;&nbsp;&nbsp;&nbsp;&nbsp;&nbsp; ore 20.30<strong>&nbsp;&nbsp; <\/strong>Teatro Regio <strong>CONCERTO ACCADEMIA VERDIANA<\/strong><\/p>\n\n\n\n<p>gio 9 &nbsp;&nbsp;&nbsp;&nbsp;&nbsp; ore 10.00&nbsp;&nbsp; Piazzale Picelli <strong>INVENTOPERA<\/strong><\/p>\n\n\n\n<p>&nbsp;&nbsp;&nbsp;&nbsp;&nbsp;&nbsp;&nbsp;&nbsp;&nbsp;&nbsp;&nbsp;&nbsp;&nbsp; ore 10.00&nbsp;&nbsp; Traversetolo <strong>VERDI GIUSEPPE, LA PICCOLA STORIA\u2026<\/strong><\/p>\n\n\n\n<p>&nbsp;&nbsp;&nbsp;&nbsp;&nbsp;&nbsp;&nbsp;&nbsp;&nbsp;&nbsp;&nbsp;&nbsp;&nbsp; ore 20.00&nbsp;&nbsp; Lenz Teatro<strong> DISDEMONA<\/strong><\/p>\n\n\n\n<p>&nbsp;&nbsp;&nbsp;&nbsp;&nbsp;&nbsp;&nbsp;&nbsp;&nbsp;&nbsp;&nbsp;&nbsp;&nbsp; ore 20.00&nbsp;&nbsp; Busseto Teatro Verdi<strong> MACBETH<\/strong><\/p>\n\n\n\n<p>&nbsp;&nbsp;&nbsp;&nbsp;&nbsp;&nbsp;&nbsp;&nbsp;&nbsp;&nbsp;&nbsp;&nbsp;&nbsp; ore 21.00&nbsp;&nbsp; OniricArt <strong>CORPO D\u2019OPERA<\/strong><\/p>\n\n\n\n<p>ven 10<a>&nbsp;&nbsp;&nbsp; ore 10.00&nbsp;&nbsp; Basilicagoiano <\/a><strong>VERDI GIUSEPPE, LA PICCOLA STORIA\u2026<\/strong><\/p>\n\n\n\n<p>&nbsp;&nbsp;&nbsp;&nbsp;&nbsp;&nbsp;&nbsp;&nbsp;&nbsp;&nbsp;&nbsp;&nbsp;&nbsp; ore 11.30&nbsp;&nbsp; Parma Monumento a Verdi <strong>CERIMONIA<\/strong><\/p>\n\n\n\n<p>&nbsp;&nbsp;&nbsp;&nbsp;&nbsp;&nbsp;&nbsp;&nbsp;&nbsp;&nbsp;&nbsp;&nbsp;&nbsp; ore 12.00&nbsp;&nbsp; Gran Caff\u00e8 del teatro <strong>CAF\u00c9<\/strong> <strong>CONCERTO<\/strong><\/p>\n\n\n\n<p>&nbsp;&nbsp;&nbsp;&nbsp;&nbsp;&nbsp;&nbsp;&nbsp;&nbsp;&nbsp;&nbsp;&nbsp;&nbsp; ore 18.00&nbsp;&nbsp; OltreLab <strong>SORCIVERDI<\/strong> <strong>sTRAPpo ALLE REGOLE<\/strong><\/p>\n\n\n\n<p>&nbsp;&nbsp;&nbsp;&nbsp;&nbsp;&nbsp;&nbsp;&nbsp;&nbsp;&nbsp;&nbsp;&nbsp;&nbsp; ore 18.30&nbsp;&nbsp; La Prosciutteria Silvio Romani <strong>VERDI A PASSO DI DANZA<\/strong><\/p>\n\n\n\n<p>&nbsp;&nbsp;&nbsp;&nbsp;&nbsp;&nbsp;&nbsp;&nbsp;&nbsp;&nbsp;&nbsp;&nbsp;&nbsp; ore 19:00&nbsp;&nbsp; Lenz Teatro<strong> DISDEMONA<\/strong><\/p>\n\n\n\n<p>&nbsp;&nbsp;&nbsp;&nbsp;&nbsp;&nbsp;&nbsp;&nbsp;&nbsp;&nbsp;&nbsp;&nbsp;&nbsp; ore 19.30&nbsp;&nbsp; Piazzale del Teatro Regio <strong>VERDI A PASSO DI DANZA<\/strong><\/p>\n\n\n\n<p>&nbsp;&nbsp;&nbsp;&nbsp;&nbsp;&nbsp;&nbsp;&nbsp;&nbsp;&nbsp;&nbsp;&nbsp;&nbsp; ore 20.30&nbsp;&nbsp; Teatro Regio<strong> GALA VERDIANO<\/strong><\/p>\n\n\n\n<p>&nbsp;&nbsp;&nbsp;&nbsp;&nbsp;&nbsp;&nbsp;&nbsp;&nbsp;&nbsp;&nbsp;&nbsp;&nbsp; ore 21.30&nbsp;&nbsp; Borgo Santa Brigida <strong>MORENO IL BIONDO<\/strong><\/p>\n\n\n\n<p>&nbsp;&nbsp;&nbsp;&nbsp;&nbsp;&nbsp;&nbsp;&nbsp;&nbsp;&nbsp;&nbsp;&nbsp;&nbsp; ore 22.00-00.30 Palazzo Pallavicino <strong>A LETTO CON VERDI<\/strong><\/p>\n\n\n\n<p>sab 11&nbsp;&nbsp;&nbsp; ore 10.00-13.00, 16.00-18.00 Palazzo dei Ministeri <strong>INCONFESSABILE VERDI<\/strong><\/p>\n\n\n\n<p>&nbsp;&nbsp;&nbsp;&nbsp;&nbsp;&nbsp;&nbsp;&nbsp;&nbsp;&nbsp;&nbsp;&nbsp;&nbsp; ore 11.00&nbsp;&nbsp; Museo Glauco Lombardi <strong>QUARTETTI IN SALA TOSCHI<\/strong><\/p>\n\n\n\n<p>&nbsp;&nbsp;&nbsp;&nbsp;&nbsp;&nbsp;&nbsp;&nbsp;&nbsp;&nbsp;&nbsp;&nbsp;&nbsp; ore 12.00, 13.00 Fidenza <strong>CUC\u00d9 VERDIANO<\/strong><\/p>\n\n\n\n<p>&nbsp;&nbsp;&nbsp;&nbsp;&nbsp;&nbsp;&nbsp;&nbsp;&nbsp;&nbsp;&nbsp;&nbsp;&nbsp; ore 16.00&nbsp;&nbsp; Piazzale Picelli <strong>ODE ALLA VITA<\/strong><\/p>\n\n\n\n<p>&nbsp;&nbsp;&nbsp;&nbsp;&nbsp;&nbsp;&nbsp;&nbsp;&nbsp;&nbsp;&nbsp;&nbsp;&nbsp; ore 16.00&nbsp;&nbsp; Chiesa di San Giovanni Evangelista <strong>VERDI SACRO<\/strong><\/p>\n\n\n\n<p>&nbsp;&nbsp;&nbsp;&nbsp;&nbsp;&nbsp;&nbsp;&nbsp;&nbsp;&nbsp;&nbsp;&nbsp;&nbsp; ore 17.00&nbsp;&nbsp; Teatro Regio <strong>CORI AL RIDOTTO<\/strong> Voci bianche Parma Musicale<\/p>\n\n\n\n<p>&nbsp;&nbsp;&nbsp;&nbsp;&nbsp;&nbsp;&nbsp;&nbsp;&nbsp;&nbsp;&nbsp;&nbsp;&nbsp; ore 17.00&nbsp;&nbsp; Castellina di Soragna Servizi Italia <strong>QUEL CHE \u00c8 SPORCO \u00c8 PULITO<\/strong><\/p>\n\n\n\n<p>&nbsp;&nbsp;&nbsp;&nbsp;&nbsp;&nbsp;&nbsp;&nbsp;&nbsp;&nbsp;&nbsp;&nbsp;&nbsp; ore 18.00&nbsp;&nbsp; Sala Baganza Oratorio Rocca Sanvitale <strong>RECITAL VERDIANO<\/strong><\/p>\n\n\n\n<p>&nbsp;&nbsp;&nbsp;&nbsp;&nbsp;&nbsp;&nbsp;&nbsp;&nbsp;&nbsp;&nbsp;&nbsp;&nbsp; ore 19.00&nbsp;&nbsp; OniricArt <strong>QUICKLY! La storia pi\u00f9 buffa di Windsor<\/strong><\/p>\n\n\n\n<p>&nbsp;&nbsp;&nbsp;&nbsp;&nbsp;&nbsp;&nbsp;&nbsp;&nbsp;&nbsp;&nbsp;&nbsp;&nbsp; ore 19.00&nbsp;&nbsp; Piazzale del Teatro Regio <strong>VERDI A PASSO DI DANZA<\/strong><\/p>\n\n\n\n<p>&nbsp;&nbsp;&nbsp;&nbsp;&nbsp;&nbsp;&nbsp;&nbsp;&nbsp;&nbsp;&nbsp;&nbsp;&nbsp; ore 20.00<strong>&nbsp;&nbsp; <\/strong>Teatro Regio <strong>OTELLO<\/strong><\/p>\n\n\n\n<p>&nbsp;&nbsp;&nbsp;&nbsp;&nbsp;&nbsp;&nbsp;&nbsp;&nbsp;&nbsp;&nbsp;&nbsp;&nbsp; ore 20.00&nbsp;&nbsp; Reggia di Colorno <strong>L\u2019ULTIMA NOTA<\/strong> <strong>Il segreto di Villa Verdi<\/strong><\/p>\n\n\n\n<p>&nbsp;&nbsp;&nbsp;&nbsp;&nbsp;&nbsp;&nbsp;&nbsp;&nbsp;&nbsp;&nbsp;&nbsp;&nbsp; ore 21.00&nbsp;&nbsp; Felino Chiesa della Purificazione della Beata Vergine <strong>VERDI SACRO<\/strong><\/p>\n\n\n\n<p>&nbsp;&nbsp;&nbsp;&nbsp;&nbsp;&nbsp;&nbsp;&nbsp;&nbsp;&nbsp;&nbsp;&nbsp;&nbsp; ore 22.00-00.30 Palazzo Pallavicino <strong>A LETTO CON VERDI<\/strong><\/p>\n\n\n\n<p>dom 12<a>&nbsp;&nbsp; ore 10.00-13.00, 16.00-18.00 Palazzo dei Ministeri <\/a><strong>INCONFESSABILE VERDI<\/strong><\/p>\n\n\n\n<p>&nbsp;&nbsp;&nbsp;&nbsp;&nbsp;&nbsp;&nbsp;&nbsp;&nbsp;&nbsp;&nbsp;&nbsp;&nbsp; ore 10.00&nbsp;&nbsp; Busseto Biblioteca Fondazione Cariparma <strong>EMANUELE MUZIO<\/strong><\/p>\n\n\n\n<p>&nbsp;&nbsp;&nbsp;&nbsp;&nbsp;&nbsp;&nbsp;&nbsp;&nbsp;&nbsp;&nbsp;&nbsp;&nbsp; ore 12.00&nbsp;&nbsp; Palazzo Ducale <strong>MEZZOGIORNO IN MUSICA<\/strong><\/p>\n\n\n\n<p>&nbsp;&nbsp;&nbsp;&nbsp;&nbsp;&nbsp;&nbsp;&nbsp;&nbsp;&nbsp;&nbsp;&nbsp;&nbsp; ore 12.00 &nbsp; Busseto Balcone Municipio <strong>CUC\u00d9 VERDIANO<\/strong><\/p>\n\n\n\n<p>&nbsp;&nbsp;&nbsp;&nbsp;&nbsp;&nbsp;&nbsp;&nbsp;&nbsp;&nbsp;&nbsp;&nbsp;&nbsp; ore 16.00&nbsp;&nbsp; Piazzale Picelli <strong>ODE ALLA VITA<\/strong><\/p>\n\n\n\n<p>&nbsp;&nbsp;&nbsp;&nbsp;&nbsp;&nbsp;&nbsp;&nbsp;&nbsp;&nbsp;&nbsp;&nbsp;&nbsp; ore 17.00&nbsp;&nbsp; Ridotto del Teatro Regio <strong>CORI AL RIDOTTO<\/strong> Corale Verdi<\/p>\n\n\n\n<p>&nbsp;&nbsp;&nbsp;&nbsp;&nbsp;&nbsp;&nbsp;&nbsp;&nbsp;&nbsp;&nbsp;&nbsp;&nbsp; ore 17.30&nbsp;&nbsp; Collecchio Parco Nevicati <strong>TRIO SPEZIE<\/strong><\/p>\n\n\n\n<p>&nbsp;&nbsp;&nbsp;&nbsp;&nbsp;&nbsp;&nbsp;&nbsp;&nbsp;&nbsp;&nbsp;&nbsp;&nbsp; ore 18.00&nbsp;&nbsp; Busseto Salone di Casa Barezzi <strong>BAREZZI YOUNG<\/strong><\/p>\n\n\n\n<p>&nbsp;&nbsp;&nbsp;&nbsp;&nbsp;&nbsp;&nbsp;&nbsp;&nbsp;&nbsp;&nbsp;&nbsp;&nbsp; ore 19.00&nbsp;&nbsp; Piazzale del Teatro Regio <strong>VERDI A PASSO DI DANZA<\/strong><\/p>\n\n\n\n<p>&nbsp;&nbsp;&nbsp;&nbsp;&nbsp;&nbsp;&nbsp;&nbsp;&nbsp;&nbsp;&nbsp;&nbsp;&nbsp; ore 20.00&nbsp;&nbsp; Teatro Regio<strong> FALSTAFF<\/strong><\/p>\n\n\n\n<p>&nbsp;&nbsp;&nbsp;&nbsp;&nbsp;&nbsp;&nbsp;&nbsp;&nbsp;&nbsp;&nbsp;&nbsp;&nbsp; ore 21.00&nbsp;&nbsp; Auditorium Paganini <strong>CONCERTO BANDA GIOVANILE ANBIMA<\/strong><\/p>\n\n\n\n<p>&nbsp;&nbsp;&nbsp;&nbsp;&nbsp;&nbsp;&nbsp;&nbsp;&nbsp;&nbsp;&nbsp;&nbsp;&nbsp; ore 22.00-00.30 Palazzo Pallavicino <strong>A LETTO CON VERDI<\/strong><\/p>\n\n\n\n<p>lun 13&nbsp;&nbsp;&nbsp;&nbsp; ore 10.00&nbsp;&nbsp; Piazzale Picelli <strong>VERDI GIUSEPPE, LA PICCOLA STORIA\u2026<\/strong><\/p>\n\n\n\n<p>mar 14&nbsp;&nbsp;&nbsp; ore 10.00&nbsp;&nbsp; Piazzale Picelli <strong>GIACOMO PUCCINI DAL SUO LAGO\u2026<\/strong><strong><\/strong><\/p>\n\n\n\n<p>&nbsp;&nbsp;&nbsp;&nbsp;&nbsp;&nbsp;&nbsp;&nbsp;&nbsp;&nbsp;&nbsp;&nbsp;&nbsp; ore 10.00&nbsp;&nbsp; Polesine di Zibello Teatro Pallavicino <strong>FALSTAFF<\/strong> \u2026<\/p>\n\n\n\n<p>&nbsp;&nbsp;&nbsp;&nbsp;&nbsp;&nbsp;&nbsp;&nbsp;&nbsp;&nbsp;&nbsp;&nbsp;&nbsp; ore 20.30<strong>&nbsp;&nbsp; <\/strong>Teatro Regio <strong>FUOCO DI GIOIA<\/strong><\/p>\n\n\n\n<p>mer 15&nbsp;&nbsp;&nbsp; ore 10.00&nbsp;&nbsp; Piazzale Picelli <strong>ROSSINI PER BAMBINI UNA RICETTA\u2026<\/strong><\/p>\n\n\n\n<p>gio 16&nbsp;&nbsp;&nbsp;&nbsp; ore 10.00&nbsp;&nbsp; Piazzale Picelli <strong>INVENTOPERA<\/strong><\/p>\n\n\n\n<p>&nbsp;&nbsp;&nbsp;&nbsp;&nbsp;&nbsp;&nbsp;&nbsp;&nbsp;&nbsp;&nbsp;&nbsp;&nbsp; ore 10.00&nbsp;&nbsp; Sala Baganza <strong>VERDI GIUSEPPE, LA PICCOLA STORIA\u2026<\/strong><\/p>\n\n\n\n<p>&nbsp;&nbsp;&nbsp;&nbsp;&nbsp;&nbsp;&nbsp;&nbsp;&nbsp;&nbsp;&nbsp;&nbsp;&nbsp; ore 17.00&nbsp;&nbsp; Palazzo Bossi Bocchi <strong>CONCERTO LIRICO VERDIANO<\/strong><\/p>\n\n\n\n<p>&nbsp;&nbsp;&nbsp;&nbsp;&nbsp;&nbsp;&nbsp;&nbsp;&nbsp;&nbsp;&nbsp;&nbsp;&nbsp; ore 18.00&nbsp;&nbsp; Casa della Musica <strong>I GIOVANI PER VERDI<\/strong><\/p>\n\n\n\n<p>&nbsp;&nbsp;&nbsp;&nbsp;&nbsp;&nbsp;&nbsp;&nbsp;&nbsp;&nbsp;&nbsp;&nbsp;&nbsp; ore 20.00&nbsp;&nbsp; Teatro Regio<strong> FALSTAFF<\/strong><\/p>\n\n\n\n<p>ven 17&nbsp;&nbsp;&nbsp; ore 12.00&nbsp;&nbsp; Gran Caff\u00e8 del teatro <strong>CAF\u00c9 CONCERTO<\/strong><\/p>\n\n\n\n<p>&nbsp;&nbsp;&nbsp;&nbsp;&nbsp;&nbsp;&nbsp;&nbsp;&nbsp;&nbsp;&nbsp;&nbsp;&nbsp; ore 15.00&nbsp;&nbsp; Ridotto del Teatro Regio <strong>CORI AL RIDOTTO<\/strong> Voci bianche Teatro Regio<\/p>\n\n\n\n<p>&nbsp;&nbsp;&nbsp;&nbsp;&nbsp;&nbsp;&nbsp;&nbsp;&nbsp;&nbsp;&nbsp;&nbsp;&nbsp; ore 17.00&nbsp;&nbsp; Busseto Teatro Verdi<strong> MACBETH<\/strong><\/p>\n\n\n\n<p>&nbsp;&nbsp;&nbsp;&nbsp;&nbsp;&nbsp;&nbsp;&nbsp;&nbsp;&nbsp;&nbsp;&nbsp;&nbsp; ore 20.30&nbsp;&nbsp; Palazzo Pallavicino <strong>IO CORAGGIOSO<\/strong><\/p>\n\n\n\n<p>&nbsp;&nbsp;&nbsp;&nbsp;&nbsp;&nbsp;&nbsp;&nbsp;&nbsp;&nbsp;&nbsp;&nbsp;&nbsp; ore 21.00&nbsp;&nbsp; Teatro Farnese <strong>89 SECONDS TO MIDNIGHT<\/strong><\/p>\n\n\n\n<p>&nbsp;&nbsp;&nbsp;&nbsp;&nbsp;&nbsp;&nbsp;&nbsp;&nbsp;&nbsp;&nbsp;&nbsp;&nbsp; ore 21.30&nbsp;&nbsp; Borgo Santa Brigida <strong>ATTACCHI DI SWING<\/strong><\/p>\n\n\n\n<p>sab 18&nbsp;&nbsp;&nbsp; ore 11.30, 16.30 Langhirano Salumificio La Torre <strong>MEMORIAEFUTURAE<\/strong><\/p>\n\n\n\n<p>&nbsp;&nbsp;&nbsp;&nbsp;&nbsp;&nbsp;&nbsp;&nbsp;&nbsp;&nbsp;&nbsp;&nbsp;&nbsp; ore 12.00&nbsp;&nbsp; Fidenza Agrinascente Silvano Romani <strong>CUC\u00d9 VERDIANO<\/strong><\/p>\n\n\n\n<p>&nbsp;&nbsp;&nbsp;&nbsp;&nbsp;&nbsp;&nbsp;&nbsp;&nbsp;&nbsp;&nbsp;&nbsp;&nbsp; ore 13.00&nbsp;&nbsp; Fidenza, KM90 RistoBottega Emiliana <strong>CUC\u00d9 VERDIANO<\/strong><\/p>\n\n\n\n<p>&nbsp;&nbsp;&nbsp;&nbsp;&nbsp;&nbsp;&nbsp;&nbsp;&nbsp;&nbsp;&nbsp;&nbsp;&nbsp; ore 15.30, 16.10, 16.50, 17.50, 18.30&nbsp; OniricArt <strong>SCORIE<\/strong><\/p>\n\n\n\n<p>&nbsp;&nbsp;&nbsp;&nbsp;&nbsp;&nbsp;&nbsp;&nbsp;&nbsp;&nbsp;&nbsp;&nbsp;&nbsp; ore 16.00&nbsp;&nbsp; Piazzale Picelli <strong>NELL\u2019ANTRO DELLA STREGA<\/strong><\/p>\n\n\n\n<p>&nbsp;&nbsp;&nbsp;&nbsp;&nbsp;&nbsp;&nbsp;&nbsp;&nbsp;&nbsp;&nbsp;&nbsp;&nbsp; ore 16.00&nbsp;&nbsp; Piazzale del Teatro Regio <strong>VERDI A PASSO DI DANZA<\/strong><\/p>\n\n\n\n<p>&nbsp;&nbsp;&nbsp;&nbsp;&nbsp;&nbsp;&nbsp;&nbsp;&nbsp;&nbsp;&nbsp;&nbsp;&nbsp; ore 16.30&nbsp;&nbsp; Sorbolo Mezzani Meverin <strong>CLOWN IN LIBERT\u00c0<\/strong><\/p>\n\n\n\n<p>&nbsp;&nbsp;&nbsp;&nbsp;&nbsp;&nbsp;&nbsp;&nbsp;&nbsp;&nbsp;&nbsp;&nbsp;&nbsp; ore 17.00&nbsp;&nbsp; Teatro Regio<strong> MESSA DA REQUIEM<\/strong><\/p>\n\n\n\n<p><a>&nbsp;&nbsp;&nbsp;&nbsp;&nbsp;&nbsp;&nbsp;&nbsp;&nbsp;&nbsp;&nbsp;&nbsp;&nbsp; ore 21.30&nbsp;&nbsp; Borgo Santa Brigida <\/a><strong>DJSET VERDIANO<\/strong><strong><\/strong><\/p>\n\n\n\n<p>dom 19&nbsp;&nbsp; ore 12.00&nbsp;&nbsp; Palazzo Ducale <strong>MEZZOGIORNO IN MUSICA<\/strong><\/p>\n\n\n\n<p>&nbsp;&nbsp;&nbsp;&nbsp;&nbsp;&nbsp;&nbsp;&nbsp;&nbsp;&nbsp;&nbsp;&nbsp;&nbsp; ore 12.00 &nbsp; Busseto Balcone Municipio <strong>CUC\u00d9 VERDIANO<\/strong><\/p>\n\n\n\n<p>&nbsp;&nbsp;&nbsp;&nbsp;&nbsp;&nbsp;&nbsp;&nbsp;&nbsp;&nbsp;&nbsp;&nbsp;&nbsp; ore 15.30, 16.10, 16.50, 17.50, 18.30 OniricArt <strong>SCORIE<\/strong><\/p>\n\n\n\n<p>&nbsp;&nbsp;&nbsp;&nbsp;&nbsp;&nbsp;&nbsp;&nbsp;&nbsp;&nbsp;&nbsp;&nbsp;&nbsp; ore 16.00&nbsp;&nbsp; Piazzale Picelli <strong>NELL\u2019ANTRO DELLA STREGA<\/strong><\/p>\n\n\n\n<p>&nbsp;&nbsp;&nbsp;&nbsp;&nbsp;&nbsp;&nbsp;&nbsp;&nbsp;&nbsp;&nbsp;&nbsp;&nbsp; ore 16.00&nbsp;&nbsp; Casa della Musica Parma <strong>VERDI PLURILINGUE<\/strong><strong><\/strong><\/p>\n\n\n\n<p>&nbsp;&nbsp;&nbsp;&nbsp;&nbsp;&nbsp;&nbsp;&nbsp;&nbsp;&nbsp;&nbsp;&nbsp;&nbsp; ore 16.30&nbsp;&nbsp; Mezzani Porto Turistico <strong>V.V.V. 2.0<\/strong><strong><\/strong><\/p>\n\n\n\n<p>&nbsp;&nbsp;&nbsp;&nbsp;&nbsp;&nbsp;&nbsp;&nbsp;&nbsp;&nbsp;&nbsp;&nbsp;&nbsp; ore 20.00<strong>&nbsp;&nbsp; <\/strong>Teatro Regio <strong>OTELLO<\/strong><\/p>\n\n\n\n<p>foto<\/p>\n\n\n\n<figure class=\"wp-block-gallery has-nested-images columns-default is-cropped wp-block-gallery-1 is-layout-flex wp-block-gallery-is-layout-flex\">\n<figure class=\"wp-block-image size-large\"><a href=\"https:\/\/www.ecoitaliano.com.ar\/wp-content\/uploads\/2025\/10\/Festina-Lente_Vagamonde_-foto-di-Stefano-Vaja.jpg\"><img decoding=\"async\" width=\"1024\" height=\"683\" data-id=\"80664\" src=\"https:\/\/www.ecoitaliano.com.ar\/wp-content\/uploads\/2025\/10\/Festina-Lente_Vagamonde_-foto-di-Stefano-Vaja-1024x683.jpg\" alt=\"\" class=\"wp-image-80664\" srcset=\"https:\/\/www.ecoitaliano.com.ar\/wp-content\/uploads\/2025\/10\/Festina-Lente_Vagamonde_-foto-di-Stefano-Vaja-1024x683.jpg 1024w, https:\/\/www.ecoitaliano.com.ar\/wp-content\/uploads\/2025\/10\/Festina-Lente_Vagamonde_-foto-di-Stefano-Vaja-300x200.jpg 300w, https:\/\/www.ecoitaliano.com.ar\/wp-content\/uploads\/2025\/10\/Festina-Lente_Vagamonde_-foto-di-Stefano-Vaja-768x512.jpg 768w, https:\/\/www.ecoitaliano.com.ar\/wp-content\/uploads\/2025\/10\/Festina-Lente_Vagamonde_-foto-di-Stefano-Vaja-1536x1024.jpg 1536w, https:\/\/www.ecoitaliano.com.ar\/wp-content\/uploads\/2025\/10\/Festina-Lente_Vagamonde_-foto-di-Stefano-Vaja-150x100.jpg 150w, https:\/\/www.ecoitaliano.com.ar\/wp-content\/uploads\/2025\/10\/Festina-Lente_Vagamonde_-foto-di-Stefano-Vaja.jpg 1800w\" sizes=\"(max-width: 1024px) 100vw, 1024px\" \/><\/a><\/figure>\n\n\n\n<figure class=\"wp-block-image size-large\"><a href=\"https:\/\/www.ecoitaliano.com.ar\/wp-content\/uploads\/2025\/10\/Festina-Lente-Teatro_Vagamonde_foto-Stefano-Vaja_Alta-ris-1.jpg\"><img decoding=\"async\" width=\"1024\" height=\"576\" data-id=\"80665\" src=\"https:\/\/www.ecoitaliano.com.ar\/wp-content\/uploads\/2025\/10\/Festina-Lente-Teatro_Vagamonde_foto-Stefano-Vaja_Alta-ris-1-1024x576.jpg\" alt=\"\" class=\"wp-image-80665\" srcset=\"https:\/\/www.ecoitaliano.com.ar\/wp-content\/uploads\/2025\/10\/Festina-Lente-Teatro_Vagamonde_foto-Stefano-Vaja_Alta-ris-1-1024x576.jpg 1024w, https:\/\/www.ecoitaliano.com.ar\/wp-content\/uploads\/2025\/10\/Festina-Lente-Teatro_Vagamonde_foto-Stefano-Vaja_Alta-ris-1-300x169.jpg 300w, https:\/\/www.ecoitaliano.com.ar\/wp-content\/uploads\/2025\/10\/Festina-Lente-Teatro_Vagamonde_foto-Stefano-Vaja_Alta-ris-1-768x432.jpg 768w, https:\/\/www.ecoitaliano.com.ar\/wp-content\/uploads\/2025\/10\/Festina-Lente-Teatro_Vagamonde_foto-Stefano-Vaja_Alta-ris-1-1536x864.jpg 1536w, https:\/\/www.ecoitaliano.com.ar\/wp-content\/uploads\/2025\/10\/Festina-Lente-Teatro_Vagamonde_foto-Stefano-Vaja_Alta-ris-1-2048x1152.jpg 2048w, https:\/\/www.ecoitaliano.com.ar\/wp-content\/uploads\/2025\/10\/Festina-Lente-Teatro_Vagamonde_foto-Stefano-Vaja_Alta-ris-1-150x84.jpg 150w\" sizes=\"(max-width: 1024px) 100vw, 1024px\" \/><\/a><\/figure>\n<\/figure>\n\n\n\n<p><strong>Paolo Maier<\/strong><br>Responsabile Comunicazione istituzionale,<\/p>\n\n\n\n<p>Ufficio Stampa, Archivio<br><br>Tel. +39 (0)521 203969 &#8211; 203982<br><a href=\"mailto:p.maier@teatroregioparma.it\" target=\"_blank\" rel=\"noreferrer noopener\">p.maier@teatroregioparma.it<\/a><br><a href=\"mailto:stampa@teatroregioparma.it\" target=\"_blank\" rel=\"noreferrer noopener\">stampa@teatroregioparma.it<\/a><br><br>Teatro Regio di Parma<br>strada Giuseppe Garibaldi, 16\/A<br>43121 Parma \u2013 Italia<br>Tel. +39 (0)521 203911<\/p>\n\n\n\n<p>teatroregioparma.it<\/p>\n\n\n\n<p><\/p>\n","protected":false},"excerpt":{"rendered":"<p>IL CORAGGIO DENTRO NOI E VERSO L\u2019ALTRO: AL VERDI OFF DUE SPETTACOLI FRA DANZA E TEATRO A Palazzo Pallavicino in [&hellip;]<\/p>\n","protected":false},"author":1,"featured_media":0,"comment_status":"open","ping_status":"open","sticky":false,"template":"","format":"standard","meta":{"footnotes":""},"categories":[1],"tags":[],"class_list":["post-80663","post","type-post","status-publish","format-standard","hentry","category-sin-categoria"],"_links":{"self":[{"href":"https:\/\/www.ecoitaliano.com.ar\/index.php?rest_route=\/wp\/v2\/posts\/80663","targetHints":{"allow":["GET"]}}],"collection":[{"href":"https:\/\/www.ecoitaliano.com.ar\/index.php?rest_route=\/wp\/v2\/posts"}],"about":[{"href":"https:\/\/www.ecoitaliano.com.ar\/index.php?rest_route=\/wp\/v2\/types\/post"}],"author":[{"embeddable":true,"href":"https:\/\/www.ecoitaliano.com.ar\/index.php?rest_route=\/wp\/v2\/users\/1"}],"replies":[{"embeddable":true,"href":"https:\/\/www.ecoitaliano.com.ar\/index.php?rest_route=%2Fwp%2Fv2%2Fcomments&post=80663"}],"version-history":[{"count":2,"href":"https:\/\/www.ecoitaliano.com.ar\/index.php?rest_route=\/wp\/v2\/posts\/80663\/revisions"}],"predecessor-version":[{"id":80667,"href":"https:\/\/www.ecoitaliano.com.ar\/index.php?rest_route=\/wp\/v2\/posts\/80663\/revisions\/80667"}],"wp:attachment":[{"href":"https:\/\/www.ecoitaliano.com.ar\/index.php?rest_route=%2Fwp%2Fv2%2Fmedia&parent=80663"}],"wp:term":[{"taxonomy":"category","embeddable":true,"href":"https:\/\/www.ecoitaliano.com.ar\/index.php?rest_route=%2Fwp%2Fv2%2Fcategories&post=80663"},{"taxonomy":"post_tag","embeddable":true,"href":"https:\/\/www.ecoitaliano.com.ar\/index.php?rest_route=%2Fwp%2Fv2%2Ftags&post=80663"}],"curies":[{"name":"wp","href":"https:\/\/api.w.org\/{rel}","templated":true}]}}