{"id":80679,"date":"2025-10-14T19:58:04","date_gmt":"2025-10-14T19:58:04","guid":{"rendered":"https:\/\/www.ecoitaliano.com.ar\/?p=80679"},"modified":"2025-10-14T19:58:04","modified_gmt":"2025-10-14T19:58:04","slug":"serena-conduce-operaclassica-eco-italiano-4689","status":"publish","type":"post","link":"https:\/\/www.ecoitaliano.com.ar\/?p=80679","title":{"rendered":"Serena conduce operaclassica eco italiano"},"content":{"rendered":"<div class=\"wp-block-image\">\n<figure class=\"aligncenter size-full is-resized\"><a href=\"https:\/\/www.ecoitaliano.com.ar\/wp-content\/uploads\/2025\/10\/image-8.png\"><img decoding=\"async\" width=\"131\" height=\"78\" src=\"https:\/\/www.ecoitaliano.com.ar\/wp-content\/uploads\/2025\/10\/image-8.png\" alt=\"\" class=\"wp-image-80680\" style=\"width:168px;height:auto\"\/><\/a><\/figure><\/div>\n\n\n<p>Comunicato stampa<\/p>\n\n\n\n<p><strong>TCBO: IN SCENA&nbsp;<em>IL LAGO DEI CIGNI<\/em>&nbsp;NELLA RILETTURA AUDACE DI ANGELIN PRELJOCAJ<\/strong><\/p>\n\n\n\n<p><strong>Sabato 18 ottobre alle 20.30 e domenica 19 ottobre alle 16.30 al Comunale Nouveau<\/strong><\/p>\n\n\n\n<p>Con la firma di un grande coreografo di fama internazionale come&nbsp;<strong>Angelin Preljocaj<\/strong>, approda per la prima volta a Bologna&nbsp;<strong>\u201cIl lago dei cigni\u201d&nbsp;<\/strong>nato nel 2020 dalla rilettura del celeberrimo balletto classico composto da P\u00ebtr Il\u2019i\u010d \u010cajkovskij e coreografato da Marius Petipa e Lev Ivanov. Rivisitando in chiave contemporanea il mito della donna-cigno, Preljocaj pone l\u2019attenzione su questioni di grande attualit\u00e0 come la crisi climatica e ambientale e riflette sul futuro del pianeta in cui viviamo. Protagonisti dello spettacolo, in programma al&nbsp;<strong>Comunale Nouveau sabato 18 ottobre alle 20.30 e domenica 19 ottobre alle 16.30<\/strong>, sono i ballerini del&nbsp;<strong>Ballet Preljocaj<\/strong>, che danzano sulla musica originale di \u010cajkovskij \u2013 con l\u2019aggiunta di estratti da altre pagine del compositore \u2013 affiancata da arrangiamenti contemporanei del&nbsp;<strong>collettivo 79D<\/strong>, con i video di&nbsp;<strong>Boris Labb\u00e9<\/strong>, le luci di&nbsp;<strong>\u00c9ric Soyer<\/strong>&nbsp;e i costumi di&nbsp;<strong>Igor Chapurin<\/strong>.<\/p>\n\n\n\n<p>Nel programma di sala dello spettacolo, Preljocaj racconta di aver mantenuto del balletto originale \u00abla storia d\u2019amore e il racconto ammaliante di una giovane donna che viene trasformata in cigno. Il cambiamento pi\u00f9 significativo che ho apportato \u2013 dice il coreografo \u2013 riguarda il ruolo dei genitori. [&#8230;] Nella mia versione diventano molto importanti. Danzano spesso perch\u00e9 influenzano le relazioni dei protagonisti. Il padre di Siegfried \u00e8 un tiranno che abusa del suo potere. La madre \u00e8 piuttosto protettiva, ricorda un po\u2019 una figura proustiana. [&#8230;] Ho anche mantenuto il personaggio di Rothbart, rendendolo molto ambiguo. \u00c8 uno stregone che usa la magia quando ne ha bisogno, ma ha anche altre funzioni sociali: rappresenta gli uomini d\u2019affari e gli industriali le cui attivit\u00e0 possono essere molto dannose per le nostre societ\u00e0\u00bb.<\/p>\n\n\n\n<p>Racconta infatti una storia di amore e sortilegio il balletto in due atti e quattro scene che venne rappresentato per la prima volta al Teatro Bol\u2019\u0161oj di Mosca il 20 febbraio 1877: durante i festeggiamenti del suo ventunesimo compleanno, al principe Siegfried viene imposto di scegliere la sua futura moglie fra sei fanciulle presentategli dai genitori. Il giovane si innamora per\u00f2 durante una battuta di caccia di Odette, regina che durante il giorno si trasforma un cigno a causa dell\u2019incantesimo del perfido mago Rothbart. Il maleficio pu\u00f2 essere spezzato solo con il matrimonio e Siegfried la sceglie come sua sposa. Ma lo stregone li ostacola dando alla propria figlia, Odile, le sembianze di Odette e ingannando cos\u00ec il principe che, fuggito alla ricerca di Odette, finisce insieme a lei inghiottito dalle acque dello stagno, ricongiungendosi all\u2019amata e spezzando l\u2019incantesimo.<\/p>\n\n\n\n<p>Protagonisti dell\u2019appuntamento bolognese sono Mirea Delogu come Odette \/ Odile, Leonardo Cremaschi come il principe Siegfried, Elliot Bussinet come Rothbart, Agathe Peluso come la madre di Siegfried e Erwan Jean-Pouvreau come il padre di Siegfried. Completano la compagnia di ballo Teresa Abreu, Lucile Boulay, Araceli Caro Regalon, Alice Comelli, Lucia Deville, Chlo\u00e9 Fagot, Eva Gregoire, Afonso Gouveia, Florette Jager, Arturo Lamolda, Laurent Le Gall, Th\u00e9a Martin, Zo\u00eb McNeil, Ygraine Miller-Zahnke, Max Pelillo, Ayla Pidoux, Romain Renaud, Mireia Reyes Valenciano, Redi Shtylla, Owen Steutelings, Micol Taiana.<\/p>\n\n\n\n<p>Il Ballet Preljocaj basato a Aix-en-Provence \u2013 che si esibisce in circa 120 date all&#8217;anno in tourn\u00e9e in Francia e all\u2019estero \u2013 celebra nel 2025 il suo primo quarantennio. Fondata dall\u2019artista francese di origine albanese, con questa compagnia Preljocaj ha realizzato 61 lavori coreografici, dagli assoli a formazioni pi\u00f9 ampie.<\/p>\n\n\n\n<p><em>Il lago dei cigni&nbsp;<\/em>\u00e8 una produzione Ballet Preljocaj in&nbsp;Coproduzione con Chaillot \u2013 Th\u00e9\u00e2tre national de la Danse, Biennale de la danse de Lyon 2021 \/ Maison de la Danse, La Com\u00e9die de Clermont- Ferrand, Festspielhaus St P\u00f6lten (Autriche), Les Th\u00e9\u00e2tres \u2013 Grand Th\u00e9\u00e2tre de Provence, Th\u00e9\u00e2tres de Compi\u00e8gne R\u00e9sidence de cr\u00e9ation Grand Th\u00e9\u00e2tre de Provence.<\/p>\n\n\n\n<p><strong>Pelliconi&nbsp;<\/strong>\u00e8 main partner della Stagione Danza 2025 del Teatro Comunale di Bologna.<\/p>\n\n\n\n<p>I biglietti del balletto \u2013 da 25 a 60 euro \u2013 sono in vendita online tramite&nbsp;<a target=\"_blank\" href=\"https:\/\/tcbo.vivaticket.it\/it\/event\/il-lago-dei-cigni\/257564?_gl=1*1pdf2r4*_ga*MjYyMDc5NzIyLjE3NjAwMTk1MDQ.*_ga_31YPVLC8YJ*czE3NjAxMDAxMzAkbzQkZzEkdDE3NjAxMDAxMzgkajUyJGwwJGgw\" rel=\"noreferrer noopener\">Vivaticket<\/a><a target=\"_blank\" href=\"https:\/\/tcbo.vivaticket.it\/it\/event\/s-e-r-sergio-bernal\/257567?_gl=1%2A10zj3hj%2A_ga%2AMTYxNzU2MDMyMy4xNzMyNjE1NDMw%2A_ga_31YPVLC8YJ%2AMTc0MTg3MDEwMC41Ny4xLjE3NDE4NzAxMDUuNTUuMC4w&amp;qubsq=f10daf08-fce4-4a93-8d0c-798dee0f3bda&amp;qubsp=bd199419-979e-44cc-b9ae-2592bd9bc92c&amp;qubsts=1741870108&amp;qubsc=bestunion&amp;qubse=vivaticketserver&amp;qubsrt=Safetynet&amp;qubsh=5324c68072a1a4843cafd2e77e1d1230\" rel=\"noreferrer noopener\">&nbsp;<\/a>e presso la biglietteria del Teatro Comunale (Largo Respighi, 1), aperta dal marted\u00ec al venerd\u00ec dalle 12 alle 18 e il sabato dalle 11 alle 15; nei giorni di spettacolo al Comunale Nouveau (Piazza della Costituzione, 4\/a) da un\u2019ora prima e fino a 15 minuti dopo l\u2019inizio.<\/p>\n\n\n\n<p>Info:&nbsp;<a target=\"_blank\" href=\"https:\/\/www.tcbo.it\/eventi\/stagione-danza-2025-il-lago-dei-cigni\/\" rel=\"noreferrer noopener\">https:\/\/www.tcbo.it\/eventi\/stagione-danza-2025-il-lago-dei-cigni\/<\/a><\/p>\n\n\n\n<p>14.10.2025<\/p>\n\n\n\n<p><\/p>\n\n\n\n<p><\/p>\n\n\n\n<p><strong>Skill&amp;Music<\/strong><\/p>\n\n\n\n<p>Irene Sala \u2013 referente ufficio stampa<\/p>\n\n\n\n<p>Alice Castelnuovo \u2013 assistente ufficio stampa<\/p>\n\n\n\n<p>Fondazione Teatro Comunale di Bologna&nbsp;<\/p>\n\n\n\n<p>Largo Respighi, 1 &#8211; 40126 Bologna&nbsp;<\/p>\n\n\n\n<p>T. +39 051 529947&nbsp;<\/p>\n\n\n\n<p>e-mail:&nbsp;<strong><a href=\"mailto:ufficiostampa@comunalebologna.it\" target=\"_blank\" rel=\"noreferrer noopener\">ufficiostampa@comunalebologna.it<\/a><\/strong>&nbsp;<\/p>\n\n\n\n<p><strong><a target=\"_blank\" href=\"http:\/\/www.tcbo.it\/\" rel=\"noreferrer noopener\">www.tcbo.it<\/a><\/strong><\/p>\n\n\n\n<p><strong>STAGIONE DANZA 2025 DEL TEATRO COMUNALE DI BOLOGNA<\/strong><\/p>\n\n\n\n<p><strong>Il lago dei cigni<\/strong><\/p>\n\n\n\n<p>Balletto in due atti e quattro scene<\/p>\n\n\n\n<p>Musica di P\u00ebtr Il\u2019i\u010d \u010cajkovskij<\/p>\n\n\n\n<p><em>Coreografia&nbsp;<\/em><strong>Angelin Preljocaj<\/strong><\/p>\n\n\n\n<p><em>Musica&nbsp;<\/em><strong>P\u00ebtr Il\u2019i\u010d \u010cajkovskij<\/strong><\/p>\n\n\n\n<p><em>Musica aggiuntiva&nbsp;<\/em><strong>79D<\/strong><\/p>\n\n\n\n<p><em>Danzatori<\/em><\/p>\n\n\n\n<p><em>Odette \/ Odile&nbsp;<\/em><strong>Mirea Delogu<\/strong><\/p>\n\n\n\n<p><em>principe Siegfried&nbsp;<\/em><strong>Leonardo Cremaschi<\/strong><\/p>\n\n\n\n<p><em>madre di Siegfried&nbsp;<\/em><strong>Agathe Peluso<\/strong><\/p>\n\n\n\n<p><em>padre di Siegfried&nbsp;<\/em><strong>Erwan Jean-Pouvreau<\/strong><\/p>\n\n\n\n<p><em>Rothbart&nbsp;<\/em><strong>Elliot Bussinet<\/strong><\/p>\n\n\n\n<p><strong>Teresa Abreu, Lucile Boulay, Araceli Caro Regalon, Alice Comelli, Lucia Deville, Chlo\u00e9 Fagot, Eva Gregoire, Afonso Gouveia, Florette Jager, Arturo Lamolda, Laurent Le Gall, Th\u00e9a Martin, Zo\u00eb McNeil, Ygraine Miller-Zahnke, Max Pelillo, Ayla Pidoux, Romain Renaud, Mireia Reyes Valenciano, Redi Shtylla, Owen Steutelings, Micol Taiana<\/strong><\/p>\n\n\n\n<p><em>Video&nbsp;<\/em><strong>Boris Labb\u00e9<\/strong><\/p>\n\n\n\n<p><em>Luci&nbsp;<\/em><strong>\u00c9ric Soyer<\/strong><\/p>\n\n\n\n<p><em>Costumi&nbsp;<\/em><strong>Igor Chapurin<\/strong><\/p>\n\n\n\n<p><em>Assistente, Vice direttore artistico&nbsp;<\/em><strong>Youri Aharon Van den Bosch<\/strong><\/p>\n\n\n\n<p><em>Assistente alle prove&nbsp;<\/em><strong>Paolo Franco<\/strong><\/p>\n\n\n\n<p><em>Coreologo&nbsp;<\/em><strong>Dany L\u00e9v\u00eaque<\/strong><\/p>\n\n\n\n<p><em>Direttore tecnico&nbsp;<\/em><strong>Luca Corazza<\/strong><\/p>\n\n\n\n<p><em>Direttore generale della produzione e del suono&nbsp;<\/em><strong>Mathieu Viallon<\/strong><\/p>\n\n\n\n<p><em>Responsabile delle luci&nbsp;<\/em><strong>Ana\u00efs Silmar<\/strong><\/p>\n\n\n\n<p><em>Direttori di scena&nbsp;<\/em><strong>Juliette Corazza<\/strong><em>,&nbsp;<\/em><strong>J\u00e9r\u00e9mie Blanchard<\/strong><\/p>\n\n\n\n<p><em>Responsabile video&nbsp;<\/em><strong>Ambroise-Marc Poudevigne<\/strong><\/p>\n\n\n\n<p><em>Guardaroba&nbsp;<\/em><strong>Marie Pasteau<\/strong><\/p>\n\n\n\n<p>Produzione&nbsp;<strong>Ballet Preljocaj<\/strong><\/p>\n\n\n\n<p>Coproduzione Chaillot \u2013 Th\u00e9\u00e2tre national de la Danse, Biennale de la danse de Lyon 2021 \/ Maison de la Danse, La Com\u00e9die de Clermont- Ferrand, Festspielhaus St P\u00f6lten (Autriche), Les Th\u00e9\u00e2tres &#8211; Grand Th\u00e9\u00e2tre de Provence, Th\u00e9\u00e2tres de Compi\u00e8gne R\u00e9sidence de cr\u00e9ation Grand Th\u00e9\u00e2tre de Provence<\/p>\n\n\n\n<p><strong>Comunale Nouveau<\/strong><\/p>\n\n\n\n<p>Sabato 18 ottobre, ore 20.30 | Turno E<br>Domenica 19 ottobre, ore 16.30 | Turno F<\/p>\n\n\n\n<p><strong>Pelliconi<\/strong>&nbsp;\u00e8 main partner della Stagione Danza 2025 del Teatro Comunale di Bologna<\/p>\n\n\n\n<figure class=\"wp-block-table\"><table class=\"has-fixed-layout\"><tbody><tr><td colspan=\"3\"><strong>Ufficio Stampa Teatro Comunale di Bologna<\/strong><\/td><\/tr><tr><td rowspan=\"2\"><\/td><td rowspan=\"2\">.<\/td><td><strong>Fondazione Teatro Comunale di Bologna<\/strong><br>Largo Respighi,1 &#8211; 40126 Bologna<br>Telefono:&nbsp;<a href=\"tel:051529947\" rel=\"noreferrer noopener\" target=\"_blank\">051529947<\/a><br>Fax: 051529995<br><a target=\"_blank\" href=\"http:\/\/www.tcbo.it\/\" rel=\"noreferrer noopener\">www.tcbo.it<\/a>&nbsp;<\/td><\/tr><\/tbody><\/table><\/figure>\n\n\n\n<p>foto<\/p>\n\n\n\n<figure class=\"wp-block-gallery has-nested-images columns-default is-cropped wp-block-gallery-1 is-layout-flex wp-block-gallery-is-layout-flex\">\n<figure class=\"wp-block-image size-large\"><a href=\"https:\/\/www.ecoitaliano.com.ar\/wp-content\/uploads\/2025\/10\/CAR00097-PC_JC_Carbonne.jpg\"><img decoding=\"async\" width=\"1024\" height=\"683\" data-id=\"80681\" src=\"https:\/\/www.ecoitaliano.com.ar\/wp-content\/uploads\/2025\/10\/CAR00097-PC_JC_Carbonne-1024x683.jpg\" alt=\"\" class=\"wp-image-80681\" srcset=\"https:\/\/www.ecoitaliano.com.ar\/wp-content\/uploads\/2025\/10\/CAR00097-PC_JC_Carbonne-1024x683.jpg 1024w, https:\/\/www.ecoitaliano.com.ar\/wp-content\/uploads\/2025\/10\/CAR00097-PC_JC_Carbonne-300x200.jpg 300w, https:\/\/www.ecoitaliano.com.ar\/wp-content\/uploads\/2025\/10\/CAR00097-PC_JC_Carbonne-768x512.jpg 768w, https:\/\/www.ecoitaliano.com.ar\/wp-content\/uploads\/2025\/10\/CAR00097-PC_JC_Carbonne-1536x1024.jpg 1536w, https:\/\/www.ecoitaliano.com.ar\/wp-content\/uploads\/2025\/10\/CAR00097-PC_JC_Carbonne-2048x1366.jpg 2048w, https:\/\/www.ecoitaliano.com.ar\/wp-content\/uploads\/2025\/10\/CAR00097-PC_JC_Carbonne-150x100.jpg 150w\" sizes=\"(max-width: 1024px) 100vw, 1024px\" \/><\/a><figcaption class=\"wp-element-caption\">CJC<\/figcaption><\/figure>\n\n\n\n<figure class=\"wp-block-image size-large\"><a href=\"https:\/\/www.ecoitaliano.com.ar\/wp-content\/uploads\/2025\/10\/CAR1551-PC_JC_Carbonne.jpg\"><img decoding=\"async\" width=\"1024\" height=\"635\" data-id=\"80682\" src=\"https:\/\/www.ecoitaliano.com.ar\/wp-content\/uploads\/2025\/10\/CAR1551-PC_JC_Carbonne-1024x635.jpg\" alt=\"\" class=\"wp-image-80682\" srcset=\"https:\/\/www.ecoitaliano.com.ar\/wp-content\/uploads\/2025\/10\/CAR1551-PC_JC_Carbonne-1024x635.jpg 1024w, https:\/\/www.ecoitaliano.com.ar\/wp-content\/uploads\/2025\/10\/CAR1551-PC_JC_Carbonne-300x186.jpg 300w, https:\/\/www.ecoitaliano.com.ar\/wp-content\/uploads\/2025\/10\/CAR1551-PC_JC_Carbonne-768x476.jpg 768w, https:\/\/www.ecoitaliano.com.ar\/wp-content\/uploads\/2025\/10\/CAR1551-PC_JC_Carbonne-1536x953.jpg 1536w, https:\/\/www.ecoitaliano.com.ar\/wp-content\/uploads\/2025\/10\/CAR1551-PC_JC_Carbonne-2048x1270.jpg 2048w, https:\/\/www.ecoitaliano.com.ar\/wp-content\/uploads\/2025\/10\/CAR1551-PC_JC_Carbonne-150x93.jpg 150w\" sizes=\"(max-width: 1024px) 100vw, 1024px\" \/><\/a><figcaption class=\"wp-element-caption\">CJC<\/figcaption><\/figure>\n\n\n\n<figure class=\"wp-block-image size-large\"><a href=\"https:\/\/www.ecoitaliano.com.ar\/wp-content\/uploads\/2025\/10\/CAR1983-PC_JC_Carbonne.jpg\"><img decoding=\"async\" width=\"1024\" height=\"732\" data-id=\"80683\" src=\"https:\/\/www.ecoitaliano.com.ar\/wp-content\/uploads\/2025\/10\/CAR1983-PC_JC_Carbonne-1024x732.jpg\" alt=\"\" class=\"wp-image-80683\" srcset=\"https:\/\/www.ecoitaliano.com.ar\/wp-content\/uploads\/2025\/10\/CAR1983-PC_JC_Carbonne-1024x732.jpg 1024w, https:\/\/www.ecoitaliano.com.ar\/wp-content\/uploads\/2025\/10\/CAR1983-PC_JC_Carbonne-300x214.jpg 300w, https:\/\/www.ecoitaliano.com.ar\/wp-content\/uploads\/2025\/10\/CAR1983-PC_JC_Carbonne-768x549.jpg 768w, https:\/\/www.ecoitaliano.com.ar\/wp-content\/uploads\/2025\/10\/CAR1983-PC_JC_Carbonne-1536x1097.jpg 1536w, https:\/\/www.ecoitaliano.com.ar\/wp-content\/uploads\/2025\/10\/CAR1983-PC_JC_Carbonne-2048x1463.jpg 2048w, https:\/\/www.ecoitaliano.com.ar\/wp-content\/uploads\/2025\/10\/CAR1983-PC_JC_Carbonne-150x107.jpg 150w\" sizes=\"(max-width: 1024px) 100vw, 1024px\" \/><\/a><figcaption class=\"wp-element-caption\">CJC<\/figcaption><\/figure>\n\n\n\n<figure class=\"wp-block-image size-large\"><a href=\"https:\/\/www.ecoitaliano.com.ar\/wp-content\/uploads\/2025\/10\/CAR2643-PC_JC_Carbonne.jpg\"><img decoding=\"async\" width=\"1024\" height=\"731\" data-id=\"80684\" src=\"https:\/\/www.ecoitaliano.com.ar\/wp-content\/uploads\/2025\/10\/CAR2643-PC_JC_Carbonne-1024x731.jpg\" alt=\"\" class=\"wp-image-80684\" srcset=\"https:\/\/www.ecoitaliano.com.ar\/wp-content\/uploads\/2025\/10\/CAR2643-PC_JC_Carbonne-1024x731.jpg 1024w, https:\/\/www.ecoitaliano.com.ar\/wp-content\/uploads\/2025\/10\/CAR2643-PC_JC_Carbonne-300x214.jpg 300w, https:\/\/www.ecoitaliano.com.ar\/wp-content\/uploads\/2025\/10\/CAR2643-PC_JC_Carbonne-768x548.jpg 768w, https:\/\/www.ecoitaliano.com.ar\/wp-content\/uploads\/2025\/10\/CAR2643-PC_JC_Carbonne-1536x1097.jpg 1536w, https:\/\/www.ecoitaliano.com.ar\/wp-content\/uploads\/2025\/10\/CAR2643-PC_JC_Carbonne-2048x1462.jpg 2048w, https:\/\/www.ecoitaliano.com.ar\/wp-content\/uploads\/2025\/10\/CAR2643-PC_JC_Carbonne-150x107.jpg 150w\" sizes=\"(max-width: 1024px) 100vw, 1024px\" \/><\/a><figcaption class=\"wp-element-caption\">CJC<\/figcaption><\/figure>\n\n\n\n<figure class=\"wp-block-image size-large\"><a href=\"https:\/\/www.ecoitaliano.com.ar\/wp-content\/uploads\/2025\/10\/CAR5923-PC_JC_Carbonne.jpg\"><img decoding=\"async\" width=\"731\" height=\"1024\" data-id=\"80685\" src=\"https:\/\/www.ecoitaliano.com.ar\/wp-content\/uploads\/2025\/10\/CAR5923-PC_JC_Carbonne-731x1024.jpg\" alt=\"\" class=\"wp-image-80685\" srcset=\"https:\/\/www.ecoitaliano.com.ar\/wp-content\/uploads\/2025\/10\/CAR5923-PC_JC_Carbonne-731x1024.jpg 731w, https:\/\/www.ecoitaliano.com.ar\/wp-content\/uploads\/2025\/10\/CAR5923-PC_JC_Carbonne-214x300.jpg 214w, https:\/\/www.ecoitaliano.com.ar\/wp-content\/uploads\/2025\/10\/CAR5923-PC_JC_Carbonne-768x1075.jpg 768w, https:\/\/www.ecoitaliano.com.ar\/wp-content\/uploads\/2025\/10\/CAR5923-PC_JC_Carbonne-1097x1536.jpg 1097w, https:\/\/www.ecoitaliano.com.ar\/wp-content\/uploads\/2025\/10\/CAR5923-PC_JC_Carbonne-107x150.jpg 107w, https:\/\/www.ecoitaliano.com.ar\/wp-content\/uploads\/2025\/10\/CAR5923-PC_JC_Carbonne.jpg 1439w\" sizes=\"(max-width: 731px) 100vw, 731px\" \/><\/a><\/figure>\n\n\n\n<figure class=\"wp-block-image size-large\"><a href=\"https:\/\/www.ecoitaliano.com.ar\/wp-content\/uploads\/2025\/10\/CAR7278-PC_JC_Carbonne.jpg\"><img decoding=\"async\" width=\"1024\" height=\"731\" data-id=\"80686\" src=\"https:\/\/www.ecoitaliano.com.ar\/wp-content\/uploads\/2025\/10\/CAR7278-PC_JC_Carbonne-1024x731.jpg\" alt=\"\" class=\"wp-image-80686\" srcset=\"https:\/\/www.ecoitaliano.com.ar\/wp-content\/uploads\/2025\/10\/CAR7278-PC_JC_Carbonne-1024x731.jpg 1024w, https:\/\/www.ecoitaliano.com.ar\/wp-content\/uploads\/2025\/10\/CAR7278-PC_JC_Carbonne-300x214.jpg 300w, https:\/\/www.ecoitaliano.com.ar\/wp-content\/uploads\/2025\/10\/CAR7278-PC_JC_Carbonne-768x548.jpg 768w, https:\/\/www.ecoitaliano.com.ar\/wp-content\/uploads\/2025\/10\/CAR7278-PC_JC_Carbonne-1536x1097.jpg 1536w, https:\/\/www.ecoitaliano.com.ar\/wp-content\/uploads\/2025\/10\/CAR7278-PC_JC_Carbonne-2048x1462.jpg 2048w, https:\/\/www.ecoitaliano.com.ar\/wp-content\/uploads\/2025\/10\/CAR7278-PC_JC_Carbonne-150x107.jpg 150w\" sizes=\"(max-width: 1024px) 100vw, 1024px\" \/><\/a><figcaption class=\"wp-element-caption\">CJC<\/figcaption><\/figure>\n\n\n\n<figure class=\"wp-block-image size-large\"><a href=\"https:\/\/www.ecoitaliano.com.ar\/wp-content\/uploads\/2025\/10\/Angelin-Preljocaj-\u00a9Julien-Bengel.jpg\"><img decoding=\"async\" width=\"1024\" height=\"560\" data-id=\"80687\" src=\"https:\/\/www.ecoitaliano.com.ar\/wp-content\/uploads\/2025\/10\/Angelin-Preljocaj-\u00a9Julien-Bengel-1024x560.jpg\" alt=\"\" class=\"wp-image-80687\" srcset=\"https:\/\/www.ecoitaliano.com.ar\/wp-content\/uploads\/2025\/10\/Angelin-Preljocaj-\u00a9Julien-Bengel-1024x560.jpg 1024w, https:\/\/www.ecoitaliano.com.ar\/wp-content\/uploads\/2025\/10\/Angelin-Preljocaj-\u00a9Julien-Bengel-300x164.jpg 300w, https:\/\/www.ecoitaliano.com.ar\/wp-content\/uploads\/2025\/10\/Angelin-Preljocaj-\u00a9Julien-Bengel-768x420.jpg 768w, https:\/\/www.ecoitaliano.com.ar\/wp-content\/uploads\/2025\/10\/Angelin-Preljocaj-\u00a9Julien-Bengel-1536x839.jpg 1536w, https:\/\/www.ecoitaliano.com.ar\/wp-content\/uploads\/2025\/10\/Angelin-Preljocaj-\u00a9Julien-Bengel-2048x1119.jpg 2048w, https:\/\/www.ecoitaliano.com.ar\/wp-content\/uploads\/2025\/10\/Angelin-Preljocaj-\u00a9Julien-Bengel-150x82.jpg 150w\" sizes=\"(max-width: 1024px) 100vw, 1024px\" \/><\/a><\/figure>\n<\/figure>\n","protected":false},"excerpt":{"rendered":"<p>Comunicato stampa TCBO: IN SCENA&nbsp;IL LAGO DEI CIGNI&nbsp;NELLA RILETTURA AUDACE DI ANGELIN PRELJOCAJ Sabato 18 ottobre alle 20.30 e domenica [&hellip;]<\/p>\n","protected":false},"author":1,"featured_media":0,"comment_status":"open","ping_status":"open","sticky":false,"template":"","format":"standard","meta":{"footnotes":""},"categories":[1],"tags":[],"class_list":["post-80679","post","type-post","status-publish","format-standard","hentry","category-sin-categoria"],"_links":{"self":[{"href":"https:\/\/www.ecoitaliano.com.ar\/index.php?rest_route=\/wp\/v2\/posts\/80679","targetHints":{"allow":["GET"]}}],"collection":[{"href":"https:\/\/www.ecoitaliano.com.ar\/index.php?rest_route=\/wp\/v2\/posts"}],"about":[{"href":"https:\/\/www.ecoitaliano.com.ar\/index.php?rest_route=\/wp\/v2\/types\/post"}],"author":[{"embeddable":true,"href":"https:\/\/www.ecoitaliano.com.ar\/index.php?rest_route=\/wp\/v2\/users\/1"}],"replies":[{"embeddable":true,"href":"https:\/\/www.ecoitaliano.com.ar\/index.php?rest_route=%2Fwp%2Fv2%2Fcomments&post=80679"}],"version-history":[{"count":1,"href":"https:\/\/www.ecoitaliano.com.ar\/index.php?rest_route=\/wp\/v2\/posts\/80679\/revisions"}],"predecessor-version":[{"id":80688,"href":"https:\/\/www.ecoitaliano.com.ar\/index.php?rest_route=\/wp\/v2\/posts\/80679\/revisions\/80688"}],"wp:attachment":[{"href":"https:\/\/www.ecoitaliano.com.ar\/index.php?rest_route=%2Fwp%2Fv2%2Fmedia&parent=80679"}],"wp:term":[{"taxonomy":"category","embeddable":true,"href":"https:\/\/www.ecoitaliano.com.ar\/index.php?rest_route=%2Fwp%2Fv2%2Fcategories&post=80679"},{"taxonomy":"post_tag","embeddable":true,"href":"https:\/\/www.ecoitaliano.com.ar\/index.php?rest_route=%2Fwp%2Fv2%2Ftags&post=80679"}],"curies":[{"name":"wp","href":"https:\/\/api.w.org\/{rel}","templated":true}]}}