{"id":80710,"date":"2025-10-15T09:11:24","date_gmt":"2025-10-15T09:11:24","guid":{"rendered":"https:\/\/www.ecoitaliano.com.ar\/?p=80710"},"modified":"2025-10-15T09:11:42","modified_gmt":"2025-10-15T09:11:42","slug":"presentazione-fosca-navarra-donna-a-sud","status":"publish","type":"post","link":"https:\/\/www.ecoitaliano.com.ar\/?p=80710","title":{"rendered":"Presentazione Fosca Navarra Donna a Sud"},"content":{"rendered":"<div class=\"wp-block-image\">\n<figure class=\"aligncenter size-large is-resized\"><a href=\"http:\/\/www.ecoitaliano.com.ar\/wp-content\/uploads\/2025\/10\/Tavola-disegno-1-copia-7.jpg\"><img decoding=\"async\" width=\"820\" height=\"1024\" src=\"http:\/\/www.ecoitaliano.com.ar\/wp-content\/uploads\/2025\/10\/Tavola-disegno-1-copia-7-820x1024.jpg\" alt=\"\" class=\"wp-image-80711\" style=\"width:436px;height:auto\" srcset=\"https:\/\/www.ecoitaliano.com.ar\/wp-content\/uploads\/2025\/10\/Tavola-disegno-1-copia-7-820x1024.jpg 820w, https:\/\/www.ecoitaliano.com.ar\/wp-content\/uploads\/2025\/10\/Tavola-disegno-1-copia-7-240x300.jpg 240w, https:\/\/www.ecoitaliano.com.ar\/wp-content\/uploads\/2025\/10\/Tavola-disegno-1-copia-7-768x959.jpg 768w, https:\/\/www.ecoitaliano.com.ar\/wp-content\/uploads\/2025\/10\/Tavola-disegno-1-copia-7-120x150.jpg 120w, https:\/\/www.ecoitaliano.com.ar\/wp-content\/uploads\/2025\/10\/Tavola-disegno-1-copia-7.jpg 1081w\" sizes=\"(max-width: 820px) 100vw, 820px\" \/><\/a><\/figure><\/div>\n\n\n<p><strong>COMUNICATO STAMPA<\/strong><\/p>\n\n\n\n<p><strong>DONNA A SUD 2025: XIV EDIZIONE DEDICATA A JANE AUSTEN<\/strong><\/p>\n\n\n\n<p><em>Nuovo appuntamento con la XIV edizione del Festival Donna a Sud, che quest\u2019anno celebra il 250\u00b0 anniversario della nascita di Jane Austen<\/em><\/p>\n\n\n\n<p>Taranto \u2013 Terzo appuntamento tarantino con la XIV edizione del festival <strong>Donna a Sud<\/strong>. Ospite la scrittrice <strong>Fosca Navarra<\/strong>.<\/p>\n\n\n\n<p>Il festival, ideato e diretto da <strong>Tiziana Magr\u00ec<\/strong> e promosso dall\u2019<strong>Associazione Contaminazioni<\/strong>, si \u00e8 consolidato dal 2011 come una piattaforma di riferimento nel Mediterraneo per la <strong>promozione culturale al femminile<\/strong>, la <strong>parit\u00e0 di genere<\/strong> e la diffusione dei <strong>diritti delle donne<\/strong>. La sua natura di \u201cOpen Festival\u201d ne testimonia il carattere<strong> inclusivo<\/strong> e il supporto di una rete di associazioni, librerie, istituzioni culturali e cittadini.<\/p>\n\n\n\n<p><strong>L\u2019APPUNTAMENTO CON FOSCA NAVARRA<\/strong><\/p>\n\n\n\n<p>Il 21 ottobre, presso la <strong>Libreria Feltrinelli<\/strong> di Taranto, <strong>Fosca Navarra<\/strong> presenter\u00e0 il suo romanzo <em><strong>La notte fa ancora paura<\/strong><\/em> (ed. Minimum Fax).<\/p>\n\n\n\n<p><strong>Inizio<\/strong> ore 18:30<\/p>\n\n\n\n<p><strong>Dialogano con l\u2019autrice:<\/strong><\/p>\n\n\n\n<p>Maria D\u2019urso \u2013 Giornalista<\/p>\n\n\n\n<p>Rosaria Scialpi \u2013 Docente di storia delle donne<\/p>\n\n\n\n<p><strong>IL LIBRO<\/strong><\/p>\n\n\n\n<p>Nella Milano post Unit\u00e0, la gatta Aida contempla ossessivamente le stelle e percepisce oscuri presagi; non \u00e8 in grado di trarne un senso, ma avverte che il gomitolo della sua esistenza ha appena cominciato a dipanarsi: dopo la morte, la sua anima intraprende un viaggio che attraverser\u00e0 i continenti e un secolo di storia. \u00c8 cos\u00ec che conosceremo&nbsp;Mabel, che nella Londra vittoriana insegue un ideale di bellezza che si fonde al sacrificio;&nbsp;la giovane Lian che, dalle risaie di primo Novecento, sar\u00e0 costretta a modificare il proprio corpo secondo i dettami della cultura cinese; la prostituta Madeleine che nella Parigi degli anni Venti cerca di opporsi alla prevaricazione maschile; la piccola etiope Fenan, che nel 1936 \u00e8 condannata ad essere abusata in un paese in mano ai fascisti; Amy, che va incontro al suo vero s\u00e9 nell\u2019America maccartista degli anni Cinquanta; e infine Carmen, la volitiva napoletana che, alle soglie del 1968, si chiede se il prezzo da pagare per essere amata non sia in fondo la rinuncia di s\u00e9 e dei propri sogni.<\/p>\n\n\n\n<p>La scrittura di Fosca Navarra \u2013 poeta classe 2000 e qui al suo esordio nella narrativa \u2013 incanta per le sorprendenti melodie classiche con cui avvolge le protagoniste.&nbsp;Sette donne che, in luoghi differenti ed epoche distanti, si ritrovano a vicenda in una memoria individuale e collettiva, gravate da un fardello che sembra replicarsi identico, e ammantate di una forza che, da che mondo \u00e8 mondo, si tenta con ogni mezzo di addomesticare proprio perch\u00e9 potenzialmente dirompente e pericolosa.<\/p>\n\n\n\n<p><strong>EDIZIONE 2025<\/strong><\/p>\n\n\n\n<p>L\u2019edizione 2025 del Festival sar\u00e0 dedicata a Jane Austen, in occasione del 250\u00b0 anniversario della sua nascita. Questa scelta intende istituire un dialogo tra l\u2019eredit\u00e0 letteraria e le sfide attuali della condizione femminile.<\/p>\n\n\n\n<p>I dati attuali, infatti, indicano un tasso di occupazione femminile in Italia del 45% (34% nel Mezzogiorno), inferiore alla media europea del 63%. A Taranto, oltre la met\u00e0 delle donne in et\u00e0 lavorativa risulta inattiva, con una differenza salariale del 12% tra uomini e donne. A ci\u00f2 si aggiunge il dato significativo della violenza fisica o psicologica subita da una donna su tre. Nonostante tali criticit\u00e0, il territorio jonico evidenzia anche esempi di imprenditoria femminile, con circa il 18% delle imprese guidate da donne. In questo contesto, il Festival si propone come strumento per trasformare la consapevolezza in partecipazione attiva e la resilienza in progettualit\u00e0 per il futuro.<\/p>\n\n\n\n<p>I primi appuntamenti del Festival, patrocinato dal Comune di Taranto e dalla Jane Austen Society of Italy, si svolgeranno tra Taranto, Avetrana e Massafra, con il patrocinio morale delle rispettive amministrazioni comunali e la collaborazione della Libreria IMAN di Massafra e dell\u2019Associazione Culturale Hortus Animae.<\/p>\n\n\n\n<p>I primi due appuntamenti hanno gi\u00e0 visto protagoniste la reporter di guerra Giuliana Sgrena e ela ricercatrice Francesca Malerba.<\/p>\n\n\n\n<p><strong>ULTERIORI EVENTI IN PROGRAMMAZIONE:<\/strong><\/p>\n\n\n\n<p>Oltre a Giuliana Sgrena, Francesca Malerba, Fosca Navarra e Farian Sabahi, il Festival ospiter\u00e0 Silvia Lippi, Wanda Marasco (Premio Campiello 2025, data da definire), MariT\u00e8 e altre figure femminili di rilievo.<\/p>\n\n\n\n<ul class=\"wp-block-list\">\n<li>Il programma include laboratori, workshop, momenti di networking e \u201cshort laboratori\u201d sull\u2019educazione sentimentale, culminando con una mostra e un gala finale ispirato a Jane Austen, \u201cIl GRAN GAL\u00c0 DI JANE AUSTEN\u201d.<\/li>\n\n\n\n<li>Un approfondimento su Jane Austen \u00e8 a cura di Gabriella Parisi, socia fondatrice e consigliera della Jane Austen Society of Italy (JASIT). FARIAN SABAHI: CULTURA E DIRITTI IN PROSPETTIVA INTERNAZIONALE<\/li>\n\n\n\n<li>La scrittrice, giornalista e accademica Farian Sabahi contribuir\u00e0 al Festival con la sua esperienza sul Medio Oriente e la cultura iraniana, promuovendo il dialogo interculturale, la giustizia e la parit\u00e0 di genere.<\/li>\n\n\n\n<li>Un\u2019iniziativa innovativa sar\u00e0 l\u2019istituzione del gruppo di lettura e scrittura al femminile \u201cPenelope e le altre\u201d, un laboratorio permanente finalizzato alla valorizzazione delle voci femminili del territorio.<\/li>\n<\/ul>\n\n\n\n<p>\u201c<strong>Il Festival di quest\u2019anno, a partire dall\u2019universo austeniano, intende affrontare tematiche attuali quali diritti, uguaglianza di genere, conflitti, stereotipi e cittadinanza attiva,\u201d dichiara la direttrice Tiziana Magr\u00ec. \u201cLe parole chiave \u2013 Orgoglio, Pregiudizio, Ragione e Sentimento \u2013 guideranno la creazione di uno spazio di partecipazione culturale nel territorio jonico.\u201d<\/strong><\/p>\n\n\n\n<p>Donna a Sud prosegue il suo impegno annuale dal 2011 nella sensibilizzazione contro la violenza di genere e nella promozione della parit\u00e0, mantenendo il suo ruolo di punto di riferimento per la cultura al femminile nel Mediterraneo.<\/p>\n\n\n\n<p>Il Festival Donna a Sud 2025 si allinea con le priorit\u00e0 del PNRR, promuovendo la cultura come bene comune, la parit\u00e0 di genere e il coinvolgimento delle comunit\u00e0 locali in processi di cittadinanza attiva.<\/p>\n\n\n\n<p>Per informazioni sulla partecipazione al Festival, data la sua natura di \u201cOpen Festival\u201d sostenuto dal basso, \u00e8 possibile contattare donnaasud@gmail.com.<\/p>\n\n\n\n<p><strong>Informazioni stampa:<\/strong><\/p>\n\n\n\n<p>3299378794<\/p>\n\n\n\n<p><em><u>Patrocini: Comune di Taranto, Jane Austen Society of Italy. In collaborazione con: Libreria Feltrinelli Taranto.<\/u><\/em><\/p>\n","protected":false},"excerpt":{"rendered":"<p>COMUNICATO STAMPA DONNA A SUD 2025: XIV EDIZIONE DEDICATA A JANE AUSTEN Nuovo appuntamento con la XIV edizione del Festival [&hellip;]<\/p>\n","protected":false},"author":1,"featured_media":0,"comment_status":"open","ping_status":"open","sticky":false,"template":"","format":"standard","meta":{"footnotes":""},"categories":[10,22],"tags":[],"class_list":["post-80710","post","type-post","status-publish","format-standard","hentry","category-italiano","category-libros-y-revistas-literatura"],"_links":{"self":[{"href":"https:\/\/www.ecoitaliano.com.ar\/index.php?rest_route=\/wp\/v2\/posts\/80710","targetHints":{"allow":["GET"]}}],"collection":[{"href":"https:\/\/www.ecoitaliano.com.ar\/index.php?rest_route=\/wp\/v2\/posts"}],"about":[{"href":"https:\/\/www.ecoitaliano.com.ar\/index.php?rest_route=\/wp\/v2\/types\/post"}],"author":[{"embeddable":true,"href":"https:\/\/www.ecoitaliano.com.ar\/index.php?rest_route=\/wp\/v2\/users\/1"}],"replies":[{"embeddable":true,"href":"https:\/\/www.ecoitaliano.com.ar\/index.php?rest_route=%2Fwp%2Fv2%2Fcomments&post=80710"}],"version-history":[{"count":1,"href":"https:\/\/www.ecoitaliano.com.ar\/index.php?rest_route=\/wp\/v2\/posts\/80710\/revisions"}],"predecessor-version":[{"id":80712,"href":"https:\/\/www.ecoitaliano.com.ar\/index.php?rest_route=\/wp\/v2\/posts\/80710\/revisions\/80712"}],"wp:attachment":[{"href":"https:\/\/www.ecoitaliano.com.ar\/index.php?rest_route=%2Fwp%2Fv2%2Fmedia&parent=80710"}],"wp:term":[{"taxonomy":"category","embeddable":true,"href":"https:\/\/www.ecoitaliano.com.ar\/index.php?rest_route=%2Fwp%2Fv2%2Fcategories&post=80710"},{"taxonomy":"post_tag","embeddable":true,"href":"https:\/\/www.ecoitaliano.com.ar\/index.php?rest_route=%2Fwp%2Fv2%2Ftags&post=80710"}],"curies":[{"name":"wp","href":"https:\/\/api.w.org\/{rel}","templated":true}]}}