{"id":80726,"date":"2025-10-15T21:22:55","date_gmt":"2025-10-15T21:22:55","guid":{"rendered":"https:\/\/www.ecoitaliano.com.ar\/?p=80726"},"modified":"2025-10-15T21:23:12","modified_gmt":"2025-10-15T21:23:12","slug":"goffredo-palmerini-il-custode-della-memoria-che-unisce-mondi","status":"publish","type":"post","link":"https:\/\/www.ecoitaliano.com.ar\/?p=80726","title":{"rendered":"GOFFREDO PALMERINI: IL CUSTODE DELLA MEMORIA CHE UNISCE MONDI"},"content":{"rendered":"\n<p><strong>Il nuovo libro \u201cIntrecci di memoria\u201d, recensione di Cinzia Rota<\/strong><\/p>\n\n\n<div class=\"wp-block-image\">\n<figure class=\"aligncenter size-full\"><a href=\"http:\/\/www.ecoitaliano.com.ar\/wp-content\/uploads\/2025\/10\/descarga-4.jpeg\"><img decoding=\"async\" width=\"264\" height=\"191\" src=\"http:\/\/www.ecoitaliano.com.ar\/wp-content\/uploads\/2025\/10\/descarga-4.jpeg\" alt=\"\" class=\"wp-image-80727\" srcset=\"https:\/\/www.ecoitaliano.com.ar\/wp-content\/uploads\/2025\/10\/descarga-4.jpeg 264w, https:\/\/www.ecoitaliano.com.ar\/wp-content\/uploads\/2025\/10\/descarga-4-150x109.jpeg 150w\" sizes=\"(max-width: 264px) 100vw, 264px\" \/><\/a><\/figure><\/div>\n\n\n<figure class=\"wp-block-gallery has-nested-images columns-default is-cropped wp-block-gallery-1 is-layout-flex wp-block-gallery-is-layout-flex\">\n<figure class=\"wp-block-image size-large\"><a href=\"https:\/\/www.ecoitaliano.com.ar\/wp-content\/uploads\/2025\/10\/Goffredo-2.jpg\"><img decoding=\"async\" width=\"1024\" height=\"1022\" data-id=\"80728\" src=\"https:\/\/www.ecoitaliano.com.ar\/wp-content\/uploads\/2025\/10\/Goffredo-2-1024x1022.jpg\" alt=\"\" class=\"wp-image-80728\" srcset=\"https:\/\/www.ecoitaliano.com.ar\/wp-content\/uploads\/2025\/10\/Goffredo-2-1024x1022.jpg 1024w, https:\/\/www.ecoitaliano.com.ar\/wp-content\/uploads\/2025\/10\/Goffredo-2-300x300.jpg 300w, https:\/\/www.ecoitaliano.com.ar\/wp-content\/uploads\/2025\/10\/Goffredo-2-150x150.jpg 150w, https:\/\/www.ecoitaliano.com.ar\/wp-content\/uploads\/2025\/10\/Goffredo-2-768x766.jpg 768w, https:\/\/www.ecoitaliano.com.ar\/wp-content\/uploads\/2025\/10\/Goffredo-2.jpg 1250w\" sizes=\"(max-width: 1024px) 100vw, 1024px\" \/><\/a><\/figure>\n\n\n\n<figure class=\"wp-block-image size-large\"><a href=\"https:\/\/www.ecoitaliano.com.ar\/wp-content\/uploads\/2025\/10\/goffredo.jpg\"><img decoding=\"async\" width=\"1024\" height=\"801\" data-id=\"80729\" src=\"https:\/\/www.ecoitaliano.com.ar\/wp-content\/uploads\/2025\/10\/goffredo-1024x801.jpg\" alt=\"\" class=\"wp-image-80729\" srcset=\"https:\/\/www.ecoitaliano.com.ar\/wp-content\/uploads\/2025\/10\/goffredo-1024x801.jpg 1024w, https:\/\/www.ecoitaliano.com.ar\/wp-content\/uploads\/2025\/10\/goffredo-300x235.jpg 300w, https:\/\/www.ecoitaliano.com.ar\/wp-content\/uploads\/2025\/10\/goffredo-768x601.jpg 768w, https:\/\/www.ecoitaliano.com.ar\/wp-content\/uploads\/2025\/10\/goffredo-1536x1202.jpg 1536w, https:\/\/www.ecoitaliano.com.ar\/wp-content\/uploads\/2025\/10\/goffredo-150x117.jpg 150w, https:\/\/www.ecoitaliano.com.ar\/wp-content\/uploads\/2025\/10\/goffredo.jpg 1917w\" sizes=\"(max-width: 1024px) 100vw, 1024px\" \/><\/a><\/figure>\n<\/figure>\n\n\n\n<p><a href=\"https:\/\/alessandria.today\/author\/cinzia\/\"><\/a><br><\/p>\n\n\n\n<p><strong>Di <\/strong><a href=\"https:\/\/alessandria.today\/author\/cinzia\/\"><strong>Cinzia Rota<\/strong><\/a><\/p>\n\n\n\n<p>&nbsp;<strong>Alessandria Today &#8211; Ott 11, 2025<\/strong><\/p>\n\n\n\n<p><a><\/a> MILANO &#8211; C\u2019\u00e8 chi scrive per mestiere, chi per necessit\u00e0. E poi c\u2019\u00e8 <strong>Goffredo Palmerini<\/strong>, che scrive per amore. Amore per la sua terra, per la sua gente, per la memoria che non vuole morire.<\/p>\n\n\n\n<p>Nei primi giorni dello scorso luglio, Goffredo Palmerini ci regala <strong>il suo sedicesimo libro, \u201cIntrecci di memoria\u201d<\/strong>: sono trame di vita, territori, sguardi in cammino, <strong>edito da One Group<\/strong>. Un\u2019opera monumentale, <strong>332 pagine e oltre 300 immagini<\/strong>, che non vuol essere solo un libro, ma una trama intessuta da fili di voce che attraversano intere generazioni e continenti, dando luce e memoria a chi \u00e8 partito, e chi \u00e8 rimasto.<\/p>\n\n\n\n<p>\u00c8 un libro che respira, da ascoltare come si fa con l\u2019eco d\u2019una casa antica, dove ogni stanza racconta una storia. Come il profumo dell\u2019<strong>Abruzzo<\/strong>, il vento di<strong> Halifax<\/strong>, la luce di <strong>Montreal<\/strong>. Si sente nitido il passo lento degli emigranti, accompagnato dal battito forte dei loro sogni. La voce di <strong>Mario Fratti<\/strong>, il silenzio di <strong>Dan Fante<\/strong>, il coraggio di <strong>Joseph D\u2019Andrea<\/strong>.<\/p>\n\n\n\n<p>E poi c\u2019\u00e8 la gratitudine di <strong>Justin Trudeau<\/strong>, che ringrazia gli abruzzesi per aver reso il <strong>Canada<\/strong> un posto migliore. <strong>Palmerini <\/strong>non racconta, accarezza e scolpisce ogni parola. La sua descrizione \u00e8 un gesto di cura in ogni pagina che diventa un atto di pace. Un vero giornalista che ha saputo rendere l\u2019emigrazione una poesia.<\/p>\n\n\n\n<p><strong>Goffredo Palmerini<\/strong> \u00e8 un uomo che ha vissuto molte vite: dirigente, amministratore, scrittore, viaggiatore. Ma la sua vera vocazione \u00e8 quella di testimone. Testimone di un\u2019Italia che ha attraversato il mare, che ha costruito altrove, che ha amato senza dimenticare.<\/p>\n\n\n\n<p>Il suo articolo <em><strong>\u201cDopo Celestino V, \u00e8 di Papa Francesco il dono pi\u00f9 grande all\u2019Aquila\u201d<\/strong><\/em> \u00e8 apparso su 52 testate. Un record mondiale. Ma il vero primato \u00e8 la sua capacit\u00e0 di far sentire ogni lettore parte di una storia pi\u00f9 grande. Ho avuto il privilegio di conoscerlo. Di ascoltarlo proprio dove quei sentieri grazie alla parola diventano radici intrecciate, e sentire come il giornalismo diventa missione.<\/p>\n\n\n\n<p><strong>Goffredo \u00e8 una persona di rara umanit\u00e0<\/strong>, degna della pi\u00f9 alta stima. Generoso, attento, profondamente curioso. Un uomo che non cerca il riflettore, ma lo merita tutto.<\/p>\n\n\n\n<p>\u201c<em><strong>Intrecci di memoria\u201d<\/strong><\/em> \u00e8 dedicato al prof. <strong>Serafino Patrizio<\/strong>, insigne matematico e figura luminosa dell\u2019Universit\u00e0 dell\u2019Aquila. \u00c8 un tributo alla citt\u00e0, alla cultura, alla bellezza che resiste.<\/p>\n\n\n\n<p><strong>Con le preziose voci di Sonia Cancian e Giovanna Di Lello<\/strong>, il libro diventa anche un coro. Un canto condiviso che celebra l\u2019identit\u00e0, la diaspora, il ritorno.<\/p>\n\n\n\n<p>Questo articolo \u00e8 un abbraccio. A Goffredo Palmerini, che ha fatto della memoria una missione; a chi legge, perch\u00e9 possa sentire il battito di queste storie, ma soprattutto a chi scrive, perch\u00e9 impari che <strong>la parola pu\u00f2 ancora costruire \u201cIntrecci di memoria\u201d.<\/strong><\/p>\n\n\n\n<p>Non dobbiamo necessariamente sapere, ma ricordare. Perch\u00e9 ricordare \u00e8 un atto d\u2019amore.<\/p>\n\n\n\n<p><strong>Parola di Creativa<\/strong><\/p>\n\n\n\n<p><em>\u00a9Cinzia Rota. Milano, 11\/10\/2025<\/em><\/p>\n\n\n\n<p>*<em>Foto di Goffredo Palmerini, rielaborate da \u00a9Cinzia Rota<\/em><\/p>\n","protected":false},"excerpt":{"rendered":"<p>Il nuovo libro \u201cIntrecci di memoria\u201d, recensione di Cinzia Rota Di Cinzia Rota &nbsp;Alessandria Today &#8211; Ott 11, 2025 MILANO [&hellip;]<\/p>\n","protected":false},"author":1,"featured_media":0,"comment_status":"open","ping_status":"open","sticky":false,"template":"","format":"standard","meta":{"footnotes":""},"categories":[10,22],"tags":[],"class_list":["post-80726","post","type-post","status-publish","format-standard","hentry","category-italiano","category-libros-y-revistas-literatura"],"_links":{"self":[{"href":"https:\/\/www.ecoitaliano.com.ar\/index.php?rest_route=\/wp\/v2\/posts\/80726","targetHints":{"allow":["GET"]}}],"collection":[{"href":"https:\/\/www.ecoitaliano.com.ar\/index.php?rest_route=\/wp\/v2\/posts"}],"about":[{"href":"https:\/\/www.ecoitaliano.com.ar\/index.php?rest_route=\/wp\/v2\/types\/post"}],"author":[{"embeddable":true,"href":"https:\/\/www.ecoitaliano.com.ar\/index.php?rest_route=\/wp\/v2\/users\/1"}],"replies":[{"embeddable":true,"href":"https:\/\/www.ecoitaliano.com.ar\/index.php?rest_route=%2Fwp%2Fv2%2Fcomments&post=80726"}],"version-history":[{"count":1,"href":"https:\/\/www.ecoitaliano.com.ar\/index.php?rest_route=\/wp\/v2\/posts\/80726\/revisions"}],"predecessor-version":[{"id":80730,"href":"https:\/\/www.ecoitaliano.com.ar\/index.php?rest_route=\/wp\/v2\/posts\/80726\/revisions\/80730"}],"wp:attachment":[{"href":"https:\/\/www.ecoitaliano.com.ar\/index.php?rest_route=%2Fwp%2Fv2%2Fmedia&parent=80726"}],"wp:term":[{"taxonomy":"category","embeddable":true,"href":"https:\/\/www.ecoitaliano.com.ar\/index.php?rest_route=%2Fwp%2Fv2%2Fcategories&post=80726"},{"taxonomy":"post_tag","embeddable":true,"href":"https:\/\/www.ecoitaliano.com.ar\/index.php?rest_route=%2Fwp%2Fv2%2Ftags&post=80726"}],"curies":[{"name":"wp","href":"https:\/\/api.w.org\/{rel}","templated":true}]}}