{"id":80739,"date":"2025-10-16T10:41:29","date_gmt":"2025-10-16T10:41:29","guid":{"rendered":"https:\/\/www.ecoitaliano.com.ar\/?p=80739"},"modified":"2025-10-17T08:14:32","modified_gmt":"2025-10-17T08:14:32","slug":"a-roma-conferito-laugustale-ad-insigni-personalita-dal-centro-studi-federico-ii","status":"publish","type":"post","link":"https:\/\/www.ecoitaliano.com.ar\/?p=80739","title":{"rendered":"A ROMA CONFERITO L\u2019AUGUSTALE AD INSIGNI PERSONALIT\u00c0 DAL CENTRO STUDI FEDERICO II"},"content":{"rendered":"\n<p><strong>Premiati l\u2019Ambasciatore d\u2019Argentina Marcelo Martin Giusto, Marco Finelli e Alessandra Di Legge<\/strong><\/p>\n\n\n\n<figure class=\"wp-block-gallery has-nested-images columns-default is-cropped wp-block-gallery-1 is-layout-flex wp-block-gallery-is-layout-flex\">\n<figure class=\"wp-block-image size-large\"><a href=\"https:\/\/www.ecoitaliano.com.ar\/wp-content\/uploads\/2025\/10\/Giuseppe-Di-Franco-e-lAmb.-dArgentina-M.M.Giusto.jpg\"><img decoding=\"async\" width=\"1024\" height=\"682\" data-id=\"80740\" src=\"https:\/\/www.ecoitaliano.com.ar\/wp-content\/uploads\/2025\/10\/Giuseppe-Di-Franco-e-lAmb.-dArgentina-M.M.Giusto-1024x682.jpg\" alt=\"\" class=\"wp-image-80740\" srcset=\"https:\/\/www.ecoitaliano.com.ar\/wp-content\/uploads\/2025\/10\/Giuseppe-Di-Franco-e-lAmb.-dArgentina-M.M.Giusto-1024x682.jpg 1024w, https:\/\/www.ecoitaliano.com.ar\/wp-content\/uploads\/2025\/10\/Giuseppe-Di-Franco-e-lAmb.-dArgentina-M.M.Giusto-300x200.jpg 300w, https:\/\/www.ecoitaliano.com.ar\/wp-content\/uploads\/2025\/10\/Giuseppe-Di-Franco-e-lAmb.-dArgentina-M.M.Giusto-768x512.jpg 768w, https:\/\/www.ecoitaliano.com.ar\/wp-content\/uploads\/2025\/10\/Giuseppe-Di-Franco-e-lAmb.-dArgentina-M.M.Giusto-1536x1023.jpg 1536w, https:\/\/www.ecoitaliano.com.ar\/wp-content\/uploads\/2025\/10\/Giuseppe-Di-Franco-e-lAmb.-dArgentina-M.M.Giusto-150x100.jpg 150w, https:\/\/www.ecoitaliano.com.ar\/wp-content\/uploads\/2025\/10\/Giuseppe-Di-Franco-e-lAmb.-dArgentina-M.M.Giusto.jpg 1600w\" sizes=\"(max-width: 1024px) 100vw, 1024px\" \/><\/a><\/figure>\n\n\n\n<figure class=\"wp-block-image size-large\"><a href=\"https:\/\/www.ecoitaliano.com.ar\/wp-content\/uploads\/2025\/10\/G.Di-Franco-Alessandra-Di-Legge-Amb.-Marcelo-M.-Giusto-Marco-Finelli.jpg\"><img decoding=\"async\" width=\"1024\" height=\"682\" data-id=\"80741\" src=\"https:\/\/www.ecoitaliano.com.ar\/wp-content\/uploads\/2025\/10\/G.Di-Franco-Alessandra-Di-Legge-Amb.-Marcelo-M.-Giusto-Marco-Finelli-1024x682.jpg\" alt=\"\" class=\"wp-image-80741\" srcset=\"https:\/\/www.ecoitaliano.com.ar\/wp-content\/uploads\/2025\/10\/G.Di-Franco-Alessandra-Di-Legge-Amb.-Marcelo-M.-Giusto-Marco-Finelli-1024x682.jpg 1024w, https:\/\/www.ecoitaliano.com.ar\/wp-content\/uploads\/2025\/10\/G.Di-Franco-Alessandra-Di-Legge-Amb.-Marcelo-M.-Giusto-Marco-Finelli-300x200.jpg 300w, https:\/\/www.ecoitaliano.com.ar\/wp-content\/uploads\/2025\/10\/G.Di-Franco-Alessandra-Di-Legge-Amb.-Marcelo-M.-Giusto-Marco-Finelli-768x512.jpg 768w, https:\/\/www.ecoitaliano.com.ar\/wp-content\/uploads\/2025\/10\/G.Di-Franco-Alessandra-Di-Legge-Amb.-Marcelo-M.-Giusto-Marco-Finelli-1536x1023.jpg 1536w, https:\/\/www.ecoitaliano.com.ar\/wp-content\/uploads\/2025\/10\/G.Di-Franco-Alessandra-Di-Legge-Amb.-Marcelo-M.-Giusto-Marco-Finelli-150x100.jpg 150w, https:\/\/www.ecoitaliano.com.ar\/wp-content\/uploads\/2025\/10\/G.Di-Franco-Alessandra-Di-Legge-Amb.-Marcelo-M.-Giusto-Marco-Finelli.jpg 1600w\" sizes=\"(max-width: 1024px) 100vw, 1024px\" \/><\/a><\/figure>\n\n\n\n<figure class=\"wp-block-image size-large\"><a href=\"https:\/\/www.ecoitaliano.com.ar\/wp-content\/uploads\/2025\/10\/Amb.-Marcelo-Martini-Giusto-e-Giuseppe-Di-Franco.jpg\"><img decoding=\"async\" width=\"1024\" height=\"682\" data-id=\"80742\" src=\"https:\/\/www.ecoitaliano.com.ar\/wp-content\/uploads\/2025\/10\/Amb.-Marcelo-Martini-Giusto-e-Giuseppe-Di-Franco-1024x682.jpg\" alt=\"\" class=\"wp-image-80742\" srcset=\"https:\/\/www.ecoitaliano.com.ar\/wp-content\/uploads\/2025\/10\/Amb.-Marcelo-Martini-Giusto-e-Giuseppe-Di-Franco-1024x682.jpg 1024w, https:\/\/www.ecoitaliano.com.ar\/wp-content\/uploads\/2025\/10\/Amb.-Marcelo-Martini-Giusto-e-Giuseppe-Di-Franco-300x200.jpg 300w, https:\/\/www.ecoitaliano.com.ar\/wp-content\/uploads\/2025\/10\/Amb.-Marcelo-Martini-Giusto-e-Giuseppe-Di-Franco-768x512.jpg 768w, https:\/\/www.ecoitaliano.com.ar\/wp-content\/uploads\/2025\/10\/Amb.-Marcelo-Martini-Giusto-e-Giuseppe-Di-Franco-1536x1023.jpg 1536w, https:\/\/www.ecoitaliano.com.ar\/wp-content\/uploads\/2025\/10\/Amb.-Marcelo-Martini-Giusto-e-Giuseppe-Di-Franco-150x100.jpg 150w, https:\/\/www.ecoitaliano.com.ar\/wp-content\/uploads\/2025\/10\/Amb.-Marcelo-Martini-Giusto-e-Giuseppe-Di-Franco.jpg 1600w\" sizes=\"(max-width: 1024px) 100vw, 1024px\" \/><\/a><\/figure>\n<\/figure>\n\n\n\n<p><br>16 ottobre 2025<\/p>\n\n\n\n<p><strong>A ROMA CONFERITO L\u2019AUGUSTALE AD INSIGNI PERSONALIT\u00c0 DAL CENTRO STUDI FEDERICO II<\/strong><\/p>\n\n\n\n<p><strong>Premiati l\u2019Ambasciatore d\u2019Argentina Marcelo Martin Giusto, Marco Finelli e Alessandra Di Legge<\/strong><\/p>\n\n\n\n<p>di <strong>Goffredo Palmerini<\/strong><\/p>\n\n\n\n<p>ROMA \u2013 Si \u00e8 tenuto marted\u00ec<strong> 14 ottobre 2025,<\/strong> presso il <strong>Circolo Antico tiro a Volo<\/strong> di Roma, una <strong>Cena Diplomatica<\/strong> in onore dell\u2019<strong>Ambasciatore<\/strong> <strong>d\u2019Argentina<\/strong> in Italia, <strong>Marcelo Martin Giusto<\/strong>. All\u2019evento \u00e8 stato invitato a partecipare <strong>Giuseppe Di Franco<\/strong>, presidente del <strong>Centro Studi Federico II<\/strong> di Palermo. Nel corso della magnifica serata il Presidente Di Franco ha consegnato onorificenze del Centro Studi, cos\u00ec come deliberato dal Consiglio Direttivo e dal Comitato scientifico. In particolare l\u2019<strong>Augustale federiciano <\/strong>\u00e8 stato tributato alle seguenti Personalit\u00e0:<\/p>\n\n\n\n<ul class=\"wp-block-list\">\n<li>a <strong>S.E. Dott. Marcelo Martin Giusto, Ambasciatore d\u2019Argentina in Italia, <\/strong>che con la sua esperienza e professionalit\u00e0\u0300 ha dato un eccezionale contributo alla diplomazia argentina e allo scambio di iniziative culturali rivolte alla promozione del <em>soft power<\/em> italiano e argentino a livello internazionale;<\/li>\n<\/ul>\n\n\n\n<ul class=\"wp-block-list\">\n<li>al <strong>Dott. Marco Finelli, direttore della prestigiosa testata giornalistica nazionale \u201cGazzetta Diplomatica\u201d, <\/strong>che con il suo lodevole e professionale impegno ha contribuito alla qualit\u00e0 e alla diffusione del giornalismo diplomatico;<\/li>\n<\/ul>\n\n\n\n<ul class=\"wp-block-list\">\n<li>alla <strong>Dott.ssa Alessandra Di Legge,<\/strong> esperta di diritto costituzionale, per la sua brillante carriera professionale e per aver ricoperto vari ruoli istituzionali tra i quali anche quello presso l\u2019ufficio legislativo a Palazzo Chigi. Cultore di diritto costituzionale presso la LUISS Guido Carli e l\u2019Universit\u00e0 Europea di Roma, la Dott.ssa Di Legge \u00e8 Cavaliere dell\u2019Ordine al merito della Repubblica Italiana.<\/li>\n<\/ul>\n\n\n\n<p>Prima della consegna delle onorificenze, il Presidente del Centro Studi Federico II, <strong>Dott. Giuseppe Di Franco<\/strong>, ha cos\u00ec dichiarato nel suo breve intervento: <em>\u201cPorgo i miei pi\u00f9 cordiali saluti a tutte le personalit\u00e0, ai diplomatici, ai giornalisti presenti a questa iniziativa di alto livello culturale e diplomatico e ringrazio particolarmente il <\/em><em><strong>Circolo dell\u2019Antico Tiro a volo e la Direzione della Cena Diplomatica <\/strong><\/em><em>per avermi invitato all\u2019evento di questa serata. Il Centro Studi Federico II, <\/em><em>oltre ad essere un\u2019istituzione privata senza fini di lucro, ha tra i suoi scopi quello di promuovere i valori della cultura e del dialogo interculturale e multiculturale, di tolleranza e di apertura al mondo, valori questi senza i quali un multilateralismo, necessario per costruire ponti ideali tra i popoli, non potrebbe esistere n\u00e9 funzionare. La nostra istituzione affronta ogni anno una tematica diversa e si propone di volta in volta il raggiungimento di diversi obiettivi. Quest\u2019anno (2025) il Centro studi ha scelto un tema riassunto dal seguente slogan: <\/em><em><strong>\u201cDiplomazia e Interconnessione Culturale per la promozione del Soft Power, il fascino della cultura che unisce il mondo\u201d <\/strong><\/em><em>con un programma di iniziative e progetti inaugurato a Vienna il 27 maggio presso la sede dell\u2019Ambasciata Italiana, <\/em><em>rappresentata da<\/em><em><strong> S.E. l\u2019Ambasciatore Giovanni Pugliese <\/strong><\/em><em>ed in collaborazione con la quale abbiamo realizzato un evento culturale e diplomatico dedicato appunto alla <\/em><em>Diplomazia culturale e al Soft power.<\/em><\/p>\n\n\n\n<p><em>La Diplomazia Culturale e il Soft Power sono strumenti strategici per costruire influenza globale in un mondo sempre pi\u00f9 interconnesso. L\u2019Italia, con il suo ricco patrimonio culturale, ha un enorme potenziale per esercitare entrambi, ma deve investire anche in strategie moderne, come l\u2019uso dei media digitali e la collaborazione con influencer culturali. Allo stesso modo, il Soft Power richiede coerenza tra i valori promossi e le azioni politiche per essere efficace. Entrambi i concetti, se ben gestiti, possono trasformare la cultura in un potente strumento di pace, cooperazione e influenza globale. <\/em><em>In un\u2019epoca di crescente competizione globale, la cultura pu\u00f2 e deve essere una risorsa strategica. La diplomazia culturale non \u00e8 un lusso, ma un investimento a lungo termine nella reputazione, nella sicurezza e nella prosperit\u00e0 di un Paese. Promuovere il soft power significa contribuire a un ordine internazionale pi\u00f9 dialogico, aperto e cooperativo, dove l\u2019influenza non si impone, ma si conquista. Concludo questo mio breve intervento con uno spazio che dedico alla consegna dell\u2019<\/em><em><strong>Augustale<\/strong><\/em><em>, una prestigiosa onorificenza che il Centro Studi Federico II <\/em><em>ha presentato lo scorso anno a Roma, presso il<\/em><em><strong> Circolo degli Esteri<\/strong><\/em><em>,<\/em><em><strong> <\/strong><\/em><em>e che viene assegnata ogni anno a Personalit\u00e0 di alto livello<\/em><em><strong> <\/strong><\/em><em>che si sono distinte per i loro meriti nel campo <\/em><em>della<\/em><em><strong> diplomazia<\/strong><\/em><em><strong>internazionale<\/strong><\/em><em>, <\/em><em>del giornalismo<\/em><em><strong>, <\/strong><\/em><em>dell\u2019arte,<\/em><em>della cultura, della medicina e della ricerca scientifica.\u201d<\/em><\/p>\n\n\n\n<p>Il Presidente<strong> Giuseppe Di Franco <\/strong>ha quindi consegnato l\u2019onorificenza alle Personalit\u00e0 insignite, con le rispettive motivazioni sopra riportate.L\u2019<strong>Augustale federiciano &#8211;<\/strong> opera d\u2019arte realizzata in ottone dorato dal M\u00b0 scultore <strong>Mauro Gelardi<\/strong> in collaborazione con il M\u00b0 fonditore <strong>Ettore Mach\u00ec<\/strong> e rifinita dal M\u00b0 argentiere <strong>Roberto Ventimiglia<\/strong><em>&#8211;<\/em> riproduce la moneta aurea fatta coniare da <strong>Federico II<\/strong> nel 1231, in occasione del pacifico clima di rinascita a seguito della pace con gli infedeli e con il pontefice, e denominata appunto moneta della pace. \u00c8 senza dubbio una delle monete pi\u00f9 famose e pi\u00f9 belle del Medioevo europeo. L\u2019incisore dell\u2019Augustale fu l\u2019orafo messinese<strong> Balduino Pagano.<\/strong><\/p>\n\n\n\n<p><a><\/a> Alla Cena Diplomatica hanno partecipato 70 invitati, rigorosamente selezionati tra esponenti di primo piano del mondo economico, istituzionale e culturale. A fare gli onori di casa, con impeccabile grazia, <strong>Francesca Peruzy Pilo<\/strong>. La serata \u00e8 stata aperta dagli interventi del giornalista <strong>Alberto Sichel<\/strong> e del Founder di Mediterranea, <strong>Giancarlo Sestini<\/strong>, che hanno dato il loro benvenuto agli ospiti, introducendo i temi al centro dell\u2019incontro. A seguire, <strong>Leandro Salinardi<\/strong>, Capo Sezione Promozione degli Investimenti dell\u2019Ambasciata argentina, ha illustrato le prospettive economiche del Paese, evidenziandone la stabilit\u00e0 attuale e le potenzialit\u00e0. Tra gli ospiti, l\u2019imprenditrice&nbsp;<strong>Anna Fendi<\/strong>,&nbsp;<strong>Andrea Benveduti<\/strong>, dirigente per gli Affari Pubblici e le Relazioni Istituzionali di Ansaldo Energia,&nbsp;<strong>Diana Battaggia<\/strong>, direttrice Organizzazione delle Nazioni Unite per lo Sviluppo Industriale UNIDO,&nbsp;<strong>Guido Citerni da Siena<\/strong>, Consigliere del Ministro Urso per le materie connesse con la banda ultra-larga e le nuove tecnologie e la Senatrice&nbsp;<strong>Lavinia Mennuni<\/strong>.<\/p>\n","protected":false},"excerpt":{"rendered":"<p>Premiati l\u2019Ambasciatore d\u2019Argentina Marcelo Martin Giusto, Marco Finelli e Alessandra Di Legge 16 ottobre 2025 A ROMA CONFERITO L\u2019AUGUSTALE AD [&hellip;]<\/p>\n","protected":false},"author":1,"featured_media":0,"comment_status":"open","ping_status":"open","sticky":false,"template":"","format":"standard","meta":{"footnotes":""},"categories":[339,10],"tags":[],"class_list":["post-80739","post","type-post","status-publish","format-standard","hentry","category-diplomacia","category-italiano"],"_links":{"self":[{"href":"https:\/\/www.ecoitaliano.com.ar\/index.php?rest_route=\/wp\/v2\/posts\/80739","targetHints":{"allow":["GET"]}}],"collection":[{"href":"https:\/\/www.ecoitaliano.com.ar\/index.php?rest_route=\/wp\/v2\/posts"}],"about":[{"href":"https:\/\/www.ecoitaliano.com.ar\/index.php?rest_route=\/wp\/v2\/types\/post"}],"author":[{"embeddable":true,"href":"https:\/\/www.ecoitaliano.com.ar\/index.php?rest_route=\/wp\/v2\/users\/1"}],"replies":[{"embeddable":true,"href":"https:\/\/www.ecoitaliano.com.ar\/index.php?rest_route=%2Fwp%2Fv2%2Fcomments&post=80739"}],"version-history":[{"count":2,"href":"https:\/\/www.ecoitaliano.com.ar\/index.php?rest_route=\/wp\/v2\/posts\/80739\/revisions"}],"predecessor-version":[{"id":80787,"href":"https:\/\/www.ecoitaliano.com.ar\/index.php?rest_route=\/wp\/v2\/posts\/80739\/revisions\/80787"}],"wp:attachment":[{"href":"https:\/\/www.ecoitaliano.com.ar\/index.php?rest_route=%2Fwp%2Fv2%2Fmedia&parent=80739"}],"wp:term":[{"taxonomy":"category","embeddable":true,"href":"https:\/\/www.ecoitaliano.com.ar\/index.php?rest_route=%2Fwp%2Fv2%2Fcategories&post=80739"},{"taxonomy":"post_tag","embeddable":true,"href":"https:\/\/www.ecoitaliano.com.ar\/index.php?rest_route=%2Fwp%2Fv2%2Ftags&post=80739"}],"curies":[{"name":"wp","href":"https:\/\/api.w.org\/{rel}","templated":true}]}}