{"id":80744,"date":"2025-10-16T14:53:16","date_gmt":"2025-10-16T14:53:16","guid":{"rendered":"https:\/\/www.ecoitaliano.com.ar\/?p=80744"},"modified":"2025-10-16T14:53:33","modified_gmt":"2025-10-16T14:53:33","slug":"presentato-a-barcellona-il-nuovo-libro-della-scrittrice-aullese-marina-pratici","status":"publish","type":"post","link":"https:\/\/www.ecoitaliano.com.ar\/?p=80744","title":{"rendered":"PRESENTATO A BARCELLONA IL NUOVO LIBRO DELLA SCRITTRICE AULLESE MARINA PRATICI"},"content":{"rendered":"<div class=\"wp-block-image\">\n<figure class=\"aligncenter size-large is-resized\"><a href=\"http:\/\/www.ecoitaliano.com.ar\/wp-content\/uploads\/2025\/10\/marina-pratici-a-barcellona.jpg\"><img decoding=\"async\" width=\"771\" height=\"1024\" src=\"http:\/\/www.ecoitaliano.com.ar\/wp-content\/uploads\/2025\/10\/marina-pratici-a-barcellona-771x1024.jpg\" alt=\"\" class=\"wp-image-80745\" style=\"width:433px;height:auto\" srcset=\"https:\/\/www.ecoitaliano.com.ar\/wp-content\/uploads\/2025\/10\/marina-pratici-a-barcellona-771x1024.jpg 771w, https:\/\/www.ecoitaliano.com.ar\/wp-content\/uploads\/2025\/10\/marina-pratici-a-barcellona-226x300.jpg 226w, https:\/\/www.ecoitaliano.com.ar\/wp-content\/uploads\/2025\/10\/marina-pratici-a-barcellona-768x1020.jpg 768w, https:\/\/www.ecoitaliano.com.ar\/wp-content\/uploads\/2025\/10\/marina-pratici-a-barcellona-1157x1536.jpg 1157w, https:\/\/www.ecoitaliano.com.ar\/wp-content\/uploads\/2025\/10\/marina-pratici-a-barcellona-113x150.jpg 113w, https:\/\/www.ecoitaliano.com.ar\/wp-content\/uploads\/2025\/10\/marina-pratici-a-barcellona.jpg 1205w\" sizes=\"(max-width: 771px) 100vw, 771px\" \/><\/a><\/figure><\/div>\n\n\n<p>Presentato con successo in Spagna il 26mo libro della scrittrice aullese Marina Pratici. \u201cIl Liuto di Baschenis\u201d, questo il titolo della raccolta di saggi editata dalle Edizioni Helicon di Arezzo, dirette da Maria Eugenia Miano, e prefata dal docente universitario belga Augustine Martel, gi\u00e0 entrata nel circuito librario e bibliotecario italiano. Un\u2019opera, tradotta in quattro lingue, che ha visto il lancio internazionale, lo scorso maggio, a Liegi, e che \u00e8 stata presentata, con grande partecipazione di pubblico, nel mese di luglio, nelle citt\u00e0 olandesi di Eindhoven e di Utrecht.<\/p>\n\n\n\n<p>A Barcellona, cosmopolita capitale della regione spagnola della Catalogna, le presentazioni, organizzate da Helicon e dal Centro culturale Internazionale di Studi Letterari, hanno visto la partecipazione speciale della linguista statunitense Margot Pin e dell\u2019accademico spagnolo Juan Carlos Torres. &lt; Una grande emozione- dichiara Marina Pratici &#8211; presentare il mio ultimo libro accompagnata da illustri personalit\u00e0 del panorama culturale internazionale, in una citt\u00e0 che mi \u00e8 molto cara &gt;. La saggista lunigianese ha inoltre tenuto, presso l\u2019Universit\u00e0 di Barcellona, un ciclo di incontri tematizzati sulla corrente letteraria del modernismo. Nuove tappe, nazionali e non, del tour di presentazione del saggio sono gi\u00e0 programmate e porteranno l\u2019autrice a Parigi, in Costa Azzurra e a Roma, per continuare poi, nel corso dell\u2019inverno, con nuovi, importanti appuntamenti. Il volume, presentato anche al Salone Internazionale del Libro di Torino, raccoglie numerosi saggi, nati come relazioni in sede congressuale, dedicati ai grandi protagonisti della letteratura universale: da Fogazzaro a Wilde, da Pirandello a Hofmannsthal, da Ungaretti a Hoffmann, da Pasolini a Proust, da Eliot a Swift.<\/p>\n\n\n\n<p>Dopo la parentesi spagnola, Marina Pratici sar\u00e0 in Sicilia, a Catania, il prossimo sabato, 25 ottobre, per ricevere un prestigioso Premio alla Carriera.<\/p>\n\n\n\n<p>Marina Pratici ( Viareggio, 1961 ) \u00e8 docente, critico letterario, saggista. Conferenziere, tiene sistematicamente masterclass e seminari presso Universit\u00e0 italiane e straniere. Per l\u2019intensa attivit\u00e0 letteraria e culturale ha ricevuto diciotto Premi alla Carriera, la Distinzione Alessandro Magno ad Atene, quella di Dama della Cultura Europea UNESCO a Parigi, quella di Personaggio Internazionale dell\u2019anno a Barcellona; per l\u2019impegno sociale, l\u2019Onorificenza di Ufficiale della Repubblica Italiana, la Medaglia della Presidenza del Senato della Repubblica Italiana, la Medaglia del Santo Padre Benedetto XVI per l\u2019impegno per i diritti umani e la Laurea Honoris Causa in Scienze Umane ( WHU, Miami ). Ha rappresentato l\u2019Italia al Women\u2019 Poetry di New York, dove \u00e8 stata nominata Ambasciatrice della Cultura Italiana nel mondo. Fondatrice e Presidente di prestigiosi Premi Letterari Internazionali e della Mostra del Libro e dell\u2019Editoria, Costellazione Libri,ha ricevuto dal Consolato del Per\u00f9 la Laurea Honoris Causa in Letteratura. Nell\u2019anno 2024, ha ricevuto, fra i tanti riconoscimenti, la Targa per Alti Meriti Culturali dal Consiglio Regionale della Toscana, la nomina di Accademico ad Honorem dall\u2019Accademia delle Arti e delle Scienze Filosofiche di Bari, di Donna dell\u2019anno a Madrid ( CIESART ), di Eccellenza dall\u2019Associazione Nazionale Insigniti Onorificenze Cavalleresche. Ha pubblicato ventisei libri e numerosi saggi tradotti in pi\u00f9 lingue, fra questi L\u2019eco lunga dell\u2019ironia ( Edizioni Helicon ) con Francesco Galeazzi; Bambine negate con Jacqueline Magi e Anna Massi; La Vocazione Sinfoniale ( Edizioni Helicon ), oggetto a Praga di un seminario di studi; Nel segno di Erode, oggetto di pi\u00f9 masterclass; Fotolog\u00eca dell\u2019ombra ( Edizioni Helicon ), presentato all\u2019Istituto Italiano di Cultura di New York; Le Sagittabonde ( Edizioni Helicon ), presentato all\u2019Universit\u00e0 di Citt\u00e0 del Messico, Dipartimento di Filologia. Tutte le Opere sono state presentate in tour internazionali. Ha inoltre all\u2019attivo pi\u00f9 di trecento pubblicazioni critico letterarie. Per Edizioni Helicon, cura le Collane Le Crete, narrativa e saggistica; Le Organze, poesia; Le Coccole, letteratura per l\u2019infanzia; Le Maschere, teatro.<\/p>\n","protected":false},"excerpt":{"rendered":"<p>Presentato con successo in Spagna il 26mo libro della scrittrice aullese Marina Pratici. \u201cIl Liuto di Baschenis\u201d, questo il titolo [&hellip;]<\/p>\n","protected":false},"author":1,"featured_media":0,"comment_status":"open","ping_status":"open","sticky":false,"template":"","format":"standard","meta":{"footnotes":""},"categories":[10,22],"tags":[],"class_list":["post-80744","post","type-post","status-publish","format-standard","hentry","category-italiano","category-libros-y-revistas-literatura"],"_links":{"self":[{"href":"https:\/\/www.ecoitaliano.com.ar\/index.php?rest_route=\/wp\/v2\/posts\/80744","targetHints":{"allow":["GET"]}}],"collection":[{"href":"https:\/\/www.ecoitaliano.com.ar\/index.php?rest_route=\/wp\/v2\/posts"}],"about":[{"href":"https:\/\/www.ecoitaliano.com.ar\/index.php?rest_route=\/wp\/v2\/types\/post"}],"author":[{"embeddable":true,"href":"https:\/\/www.ecoitaliano.com.ar\/index.php?rest_route=\/wp\/v2\/users\/1"}],"replies":[{"embeddable":true,"href":"https:\/\/www.ecoitaliano.com.ar\/index.php?rest_route=%2Fwp%2Fv2%2Fcomments&post=80744"}],"version-history":[{"count":1,"href":"https:\/\/www.ecoitaliano.com.ar\/index.php?rest_route=\/wp\/v2\/posts\/80744\/revisions"}],"predecessor-version":[{"id":80746,"href":"https:\/\/www.ecoitaliano.com.ar\/index.php?rest_route=\/wp\/v2\/posts\/80744\/revisions\/80746"}],"wp:attachment":[{"href":"https:\/\/www.ecoitaliano.com.ar\/index.php?rest_route=%2Fwp%2Fv2%2Fmedia&parent=80744"}],"wp:term":[{"taxonomy":"category","embeddable":true,"href":"https:\/\/www.ecoitaliano.com.ar\/index.php?rest_route=%2Fwp%2Fv2%2Fcategories&post=80744"},{"taxonomy":"post_tag","embeddable":true,"href":"https:\/\/www.ecoitaliano.com.ar\/index.php?rest_route=%2Fwp%2Fv2%2Ftags&post=80744"}],"curies":[{"name":"wp","href":"https:\/\/api.w.org\/{rel}","templated":true}]}}