{"id":80797,"date":"2025-10-17T10:11:08","date_gmt":"2025-10-17T10:11:08","guid":{"rendered":"https:\/\/www.ecoitaliano.com.ar\/?p=80797"},"modified":"2025-10-17T10:11:22","modified_gmt":"2025-10-17T10:11:22","slug":"una-vita-per-il-conservatorio-rossini","status":"publish","type":"post","link":"https:\/\/www.ecoitaliano.com.ar\/?p=80797","title":{"rendered":"UNA VITA PER IL CONSERVATORIO ROSSINI"},"content":{"rendered":"\n<p><em>di Giorgio Girelli*<\/em><\/p>\n\n\n\n<figure class=\"wp-block-gallery has-nested-images columns-default is-cropped wp-block-gallery-1 is-layout-flex wp-block-gallery-is-layout-flex\">\n<figure class=\"wp-block-image size-large\"><a href=\"https:\/\/www.ecoitaliano.com.ar\/wp-content\/uploads\/2025\/10\/B.Dir_.-M.-Castellaneta-e-Pres.-Emerito-G.Girelli-con-dono.jpg-4.jpg\"><img decoding=\"async\" width=\"461\" height=\"1024\" data-id=\"80798\" src=\"https:\/\/www.ecoitaliano.com.ar\/wp-content\/uploads\/2025\/10\/B.Dir_.-M.-Castellaneta-e-Pres.-Emerito-G.Girelli-con-dono.jpg-4-461x1024.jpg\" alt=\"\" class=\"wp-image-80798\" srcset=\"https:\/\/www.ecoitaliano.com.ar\/wp-content\/uploads\/2025\/10\/B.Dir_.-M.-Castellaneta-e-Pres.-Emerito-G.Girelli-con-dono.jpg-4-461x1024.jpg 461w, https:\/\/www.ecoitaliano.com.ar\/wp-content\/uploads\/2025\/10\/B.Dir_.-M.-Castellaneta-e-Pres.-Emerito-G.Girelli-con-dono.jpg-4-135x300.jpg 135w, https:\/\/www.ecoitaliano.com.ar\/wp-content\/uploads\/2025\/10\/B.Dir_.-M.-Castellaneta-e-Pres.-Emerito-G.Girelli-con-dono.jpg-4-768x1707.jpg 768w, https:\/\/www.ecoitaliano.com.ar\/wp-content\/uploads\/2025\/10\/B.Dir_.-M.-Castellaneta-e-Pres.-Emerito-G.Girelli-con-dono.jpg-4-691x1536.jpg 691w, https:\/\/www.ecoitaliano.com.ar\/wp-content\/uploads\/2025\/10\/B.Dir_.-M.-Castellaneta-e-Pres.-Emerito-G.Girelli-con-dono.jpg-4-922x2048.jpg 922w, https:\/\/www.ecoitaliano.com.ar\/wp-content\/uploads\/2025\/10\/B.Dir_.-M.-Castellaneta-e-Pres.-Emerito-G.Girelli-con-dono.jpg-4-68x150.jpg 68w, https:\/\/www.ecoitaliano.com.ar\/wp-content\/uploads\/2025\/10\/B.Dir_.-M.-Castellaneta-e-Pres.-Emerito-G.Girelli-con-dono.jpg-4.jpg 1152w\" sizes=\"(max-width: 461px) 100vw, 461px\" \/><\/a><\/figure>\n\n\n\n<figure class=\"wp-block-image size-large\"><a href=\"https:\/\/www.ecoitaliano.com.ar\/wp-content\/uploads\/2025\/10\/A.Maiolica-con-ritratto-e-dedica-a-M.-CAST.jpg\"><img decoding=\"async\" width=\"962\" height=\"1024\" data-id=\"80799\" src=\"https:\/\/www.ecoitaliano.com.ar\/wp-content\/uploads\/2025\/10\/A.Maiolica-con-ritratto-e-dedica-a-M.-CAST-962x1024.jpg\" alt=\"\" class=\"wp-image-80799\" srcset=\"https:\/\/www.ecoitaliano.com.ar\/wp-content\/uploads\/2025\/10\/A.Maiolica-con-ritratto-e-dedica-a-M.-CAST-962x1024.jpg 962w, https:\/\/www.ecoitaliano.com.ar\/wp-content\/uploads\/2025\/10\/A.Maiolica-con-ritratto-e-dedica-a-M.-CAST-282x300.jpg 282w, https:\/\/www.ecoitaliano.com.ar\/wp-content\/uploads\/2025\/10\/A.Maiolica-con-ritratto-e-dedica-a-M.-CAST-768x818.jpg 768w, https:\/\/www.ecoitaliano.com.ar\/wp-content\/uploads\/2025\/10\/A.Maiolica-con-ritratto-e-dedica-a-M.-CAST-1443x1536.jpg 1443w, https:\/\/www.ecoitaliano.com.ar\/wp-content\/uploads\/2025\/10\/A.Maiolica-con-ritratto-e-dedica-a-M.-CAST-141x150.jpg 141w, https:\/\/www.ecoitaliano.com.ar\/wp-content\/uploads\/2025\/10\/A.Maiolica-con-ritratto-e-dedica-a-M.-CAST.jpg 1784w\" sizes=\"(max-width: 962px) 100vw, 962px\" \/><\/a><\/figure>\n<\/figure>\n\n\n\n<p>Entrata a seguito di concorso nazionale pubblico nei ruoli del ministero della Istruzione, la dottoressa Marilena Castellaneta , ora in procinto di andare in congedo, nel 1988 venne destinata come direttore amministrativo al conservatorio di Rovigo per poi essere trasferita l\u2019anno dopo a Pesaro. Qui \u00e8 rimasta fino a questi giorni quando ha salutato dirigenti e personale con commosse parole ripercorrendo il lungo iter della sua esperienza professionale. Apprezzata e stimata dai dipendenti, la dottoressa Castellaneta li ha caldamente ringraziati per la collaborazione ricevuta.<\/p>\n\n\n\n<p>Le competenze di un direttore amministrativo di un conservatorio, figura vitale ma poco conosciuta, includono la&nbsp;gestione amministrativa, finanziaria, patrimoniale e contabile dell&#8217;istituzione, la guida degli uffici, la direzione e il coordinamento del personale non docente, e la partecipazione al consiglio di amministrazione con voto consultivo.&nbsp;Deve anche vigilare sulla legittimit\u00e0 degli atti, gestire i rapporti con gli organi di controllo e curare la trasparenza, la privacy e gli aspetti legati alla contrattazione collettiva.&nbsp;In particolare lo Statuto del conservatorio statale Rossini all\u2019art. 31 fissa in ben dieci punti le attribuzioni del direttore amministrativo. Questi \u00e8 uno dei tre pilastri si cui si regge la conduzione degli istituti musicali, val dire il presidente cui \u00e8 attribuita la rappresentanza legale ma la cui operativit\u00e0 \u00e8 molto rimessa al suo spirito di iniziativa. Pu\u00f2 fare molto per attrarre risorse per il conservatorio, per accrescerne la presenza nel territorio stimolando eventi ed iniziative. Ma pu\u00f2 anche limitarsi &#8211; disattendendo per\u00f2 sostanzialmente i compiti del suo ruolo &#8211; a firmare di tanto in tanto qualche carta. Una figura elastica insomma. Poi c\u2019\u00e8 il Direttore, preposto alla didattica, alle attivit\u00e0 di produzione musicale ed al Consiglio accademico. Ed il Direttore amministrativo, appunto, senza l\u2019operativit\u00e0 del quale la macchina si inceppa. Ma non c\u2019\u00e8 adeguata considerazione per tale mansione cui non \u00e8 stato permesso neppure l\u2019approdo alla dirigenza. E\u2019 dignitoso anche il livello direttivo ora riconosciuto, ma non coerente con l\u2019enorme crescita dei doveri cui il direttore amministrativo deve far fronte. Come dimostrano le tappe salienti del lavoro della dottoressa Castellaneta in una struttura divenuta nel tempo assai complessa per l\u2019accavallarsi di nuove leggi, e che l\u2019hanno vista affrontare &#8211; in aggiunta alla ricca attivit\u00e0 \u201cordinaria\u201d, anch\u2019essa sempre ricca di problemi &#8211; la riforma dei conservatori introdotta nel 1999, la gestione delle pratiche di pensione e dei concorsi travasate dal ministero sulle spalle degli istituti musicali, le nuove e complicate normative sulla trasparenza e sulla sicurezza nei posti di lavoro, la delicata gestione dell\u2019epidemia covid. Per finire con la utilizzazione dei fondi (circa 5 milioni) assegnati al conservatorio Rossini per un parziale restauro e la messa in sicurezza di Palazzo Olivieri, sua sede. Tutto con la gracile anche se assai motivata e laboriosa entit\u00e0 burocratica dell\u2019Istituto. La mia collaborazione con il Direttore (altro pregio: cos\u00ec preferisce essere appellata senza smanie di versioni al femminile) in qualit\u00e0 di presidente del Conservatorio inizi\u00f2 nel 1993 e si \u00e8 protratta per oltre vent\u2019anni ( abbiamo quindi scavalcato insieme il secolo ed anche &#8230;il millennio) durante i quali ho potuto costatare come la figura del Direttore Amministrativo, poco valorizzata dal ministero, rivesta un ruolo essenziale perch\u00e9 la macchina operativa funzioni a pieno ritmo affinch\u00e9 direttore, docenti e studenti possano proficuamente praticare al meglio la nobile arte della musica. In una maiolica del ceramista durantino Sivio Biagini ho fatto fissare il \u201criconoscente apprezzamento per la competente ed efficace azione nella gestione dell\u2019Istituto\u201d di questo servitore dello Stato il cui senso civico la portava giorni fa a manifestare viva soddisfazione per la celebrazione di San Francesco ma anche dubbi sulla opportunit\u00e0 di associare ad essa un\u2019altra giornata di assenza dal lavoro \u201c con tutte le mancate entrate e le spese a carico del gi\u00e0 magro bilancio statale che la stessa comporta\u201d .&nbsp;<\/p>\n\n\n\n<p><em>*Presidente Emerito del Conservatorio Statale Rossini<\/em><\/p>\n\n\n\n<p><strong>NELLE FOTO :<\/strong><\/p>\n\n\n\n<p><strong>&#8211; Giorgio Girelli e Marilena Castellaneta con la maiolica a lei dedicata.<\/strong><\/p>\n\n\n\n<p><strong>&#8211; La Maiolica opera del Maestro Silvio Biagini.<\/strong><\/p>\n","protected":false},"excerpt":{"rendered":"<p>di Giorgio Girelli* Entrata a seguito di concorso nazionale pubblico nei ruoli del ministero della Istruzione, la dottoressa Marilena Castellaneta [&hellip;]<\/p>\n","protected":false},"author":1,"featured_media":0,"comment_status":"open","ping_status":"open","sticky":false,"template":"","format":"standard","meta":{"footnotes":""},"categories":[10,46],"tags":[],"class_list":["post-80797","post","type-post","status-publish","format-standard","hentry","category-italiano","category-musica"],"_links":{"self":[{"href":"https:\/\/www.ecoitaliano.com.ar\/index.php?rest_route=\/wp\/v2\/posts\/80797","targetHints":{"allow":["GET"]}}],"collection":[{"href":"https:\/\/www.ecoitaliano.com.ar\/index.php?rest_route=\/wp\/v2\/posts"}],"about":[{"href":"https:\/\/www.ecoitaliano.com.ar\/index.php?rest_route=\/wp\/v2\/types\/post"}],"author":[{"embeddable":true,"href":"https:\/\/www.ecoitaliano.com.ar\/index.php?rest_route=\/wp\/v2\/users\/1"}],"replies":[{"embeddable":true,"href":"https:\/\/www.ecoitaliano.com.ar\/index.php?rest_route=%2Fwp%2Fv2%2Fcomments&post=80797"}],"version-history":[{"count":1,"href":"https:\/\/www.ecoitaliano.com.ar\/index.php?rest_route=\/wp\/v2\/posts\/80797\/revisions"}],"predecessor-version":[{"id":80800,"href":"https:\/\/www.ecoitaliano.com.ar\/index.php?rest_route=\/wp\/v2\/posts\/80797\/revisions\/80800"}],"wp:attachment":[{"href":"https:\/\/www.ecoitaliano.com.ar\/index.php?rest_route=%2Fwp%2Fv2%2Fmedia&parent=80797"}],"wp:term":[{"taxonomy":"category","embeddable":true,"href":"https:\/\/www.ecoitaliano.com.ar\/index.php?rest_route=%2Fwp%2Fv2%2Fcategories&post=80797"},{"taxonomy":"post_tag","embeddable":true,"href":"https:\/\/www.ecoitaliano.com.ar\/index.php?rest_route=%2Fwp%2Fv2%2Ftags&post=80797"}],"curies":[{"name":"wp","href":"https:\/\/api.w.org\/{rel}","templated":true}]}}