{"id":80849,"date":"2025-10-21T14:05:19","date_gmt":"2025-10-21T14:05:19","guid":{"rendered":"https:\/\/www.ecoitaliano.com.ar\/?p=80849"},"modified":"2025-10-21T14:05:40","modified_gmt":"2025-10-21T14:05:40","slug":"pasquale-ciboddo-oltre-il-velo-del-mondo-guido-miano-editore-milano-2025","status":"publish","type":"post","link":"https:\/\/www.ecoitaliano.com.ar\/?p=80849","title":{"rendered":"Pasquale Ciboddo, Oltre il velo del Mondo, Guido Miano Editore, Milano 2025"},"content":{"rendered":"\n<p><br><em>Recensione di Enzo Concardi<\/em> <\/p>\n\n\n\n<p><\/p>\n\n\n\n<figure class=\"wp-block-gallery has-nested-images columns-default is-cropped wp-block-gallery-1 is-layout-flex wp-block-gallery-is-layout-flex\">\n<figure class=\"wp-block-image size-large\"><a href=\"https:\/\/www.ecoitaliano.com.ar\/wp-content\/uploads\/2025\/10\/Ciboddo-Pasquale-2025-Oltre-il-velo-del-Mondo-fronte.jpg\"><img decoding=\"async\" width=\"671\" height=\"1024\" data-id=\"80850\" src=\"https:\/\/www.ecoitaliano.com.ar\/wp-content\/uploads\/2025\/10\/Ciboddo-Pasquale-2025-Oltre-il-velo-del-Mondo-fronte-671x1024.jpg\" alt=\"\" class=\"wp-image-80850\" srcset=\"https:\/\/www.ecoitaliano.com.ar\/wp-content\/uploads\/2025\/10\/Ciboddo-Pasquale-2025-Oltre-il-velo-del-Mondo-fronte-671x1024.jpg 671w, https:\/\/www.ecoitaliano.com.ar\/wp-content\/uploads\/2025\/10\/Ciboddo-Pasquale-2025-Oltre-il-velo-del-Mondo-fronte-196x300.jpg 196w, https:\/\/www.ecoitaliano.com.ar\/wp-content\/uploads\/2025\/10\/Ciboddo-Pasquale-2025-Oltre-il-velo-del-Mondo-fronte-768x1173.jpg 768w, https:\/\/www.ecoitaliano.com.ar\/wp-content\/uploads\/2025\/10\/Ciboddo-Pasquale-2025-Oltre-il-velo-del-Mondo-fronte-1006x1536.jpg 1006w, https:\/\/www.ecoitaliano.com.ar\/wp-content\/uploads\/2025\/10\/Ciboddo-Pasquale-2025-Oltre-il-velo-del-Mondo-fronte-98x150.jpg 98w, https:\/\/www.ecoitaliano.com.ar\/wp-content\/uploads\/2025\/10\/Ciboddo-Pasquale-2025-Oltre-il-velo-del-Mondo-fronte.jpg 1110w\" sizes=\"(max-width: 671px) 100vw, 671px\" \/><\/a><\/figure>\n\n\n\n<figure class=\"wp-block-image size-large\"><a href=\"https:\/\/www.ecoitaliano.com.ar\/wp-content\/uploads\/2025\/10\/Ciboddo-Pasquale-2025-Oltre-il-velo-del-Mondo-fronte3D.png\"><img decoding=\"async\" width=\"605\" height=\"1024\" data-id=\"80851\" src=\"https:\/\/www.ecoitaliano.com.ar\/wp-content\/uploads\/2025\/10\/Ciboddo-Pasquale-2025-Oltre-il-velo-del-Mondo-fronte3D-605x1024.png\" alt=\"\" class=\"wp-image-80851\" srcset=\"https:\/\/www.ecoitaliano.com.ar\/wp-content\/uploads\/2025\/10\/Ciboddo-Pasquale-2025-Oltre-il-velo-del-Mondo-fronte3D-605x1024.png 605w, https:\/\/www.ecoitaliano.com.ar\/wp-content\/uploads\/2025\/10\/Ciboddo-Pasquale-2025-Oltre-il-velo-del-Mondo-fronte3D-177x300.png 177w, https:\/\/www.ecoitaliano.com.ar\/wp-content\/uploads\/2025\/10\/Ciboddo-Pasquale-2025-Oltre-il-velo-del-Mondo-fronte3D-89x150.png 89w, https:\/\/www.ecoitaliano.com.ar\/wp-content\/uploads\/2025\/10\/Ciboddo-Pasquale-2025-Oltre-il-velo-del-Mondo-fronte3D.png 674w\" sizes=\"(max-width: 605px) 100vw, 605px\" \/><\/a><\/figure>\n<\/figure>\n\n\n\n<p>Le trasformazioni sociali, economiche, culturali e i passaggi storici di civilt\u00e0, hanno sempre creato nel corso dei secoli epoche di transizione nelle quali erano presenti contemporaneamente i caratteri del mondo che stava tramontando e quelli della nuova societ\u00e0 che stava avanzando. Cos\u00ec \u00e8 stato, esemplificando, il tempo del Petrarca tra fine del Medio Evo ed avvento del Rinascimento: nelle opere del poeta e filologo aretino riconosciamo infatti la presenza di aneliti religiosi da un lato, e di studi linguistici ed espressioni poetiche tipiche dell\u2019Umanesimo dall\u2019altro. E cos\u00ec si \u00e8 verificato anche pi\u00f9 tardi \u2013 a cavallo tra Neoclassicismo e Romanticismo, tra fine Settecento e prima parte dell\u2019Ottocento, secoli \u201cl\u2019un contro l\u2019altro armati\u201d (Manzoni) \u2013 periodo le cui istanze principali furono vissute in prima persona dal Foscolo, nel quale riconosciamo un\u2019anima classicistica ed una romantica.<\/p>\n\n\n\n<p>Possiamo senz\u2019altro individuare anche nella nostra epoca una fase storica con i caratteri della transizione: \u00e8 avvenuto il passaggio dalla civilt\u00e0 contadina a quella industriale, tra il mondo della campagna agreste con le sue regole e suoi valori, e il mondo delle fabbriche, dell\u2019inurbamento, dello sviluppo tentacolare della citt\u00e0 e del consumismo. Ora, quel che \u00e8 rimasto della prima viene considerato alla stregua di un passato arcaico, mentre lo strapotere della seconda \u2013 con suoi miti e modelli \u2013 sembra inarrestabile e irreversibile. Testimoni di ci\u00f2 siamo tutti noi delle generazioni cresciute soprattutto nel Novecento, come il poeta sardo Pasquale Ciboddo, il quale nel suo ultimo libro \u2013 <em>Oltre il velo del mondo <\/em>(Collana di testi letterari \u201c<em>Alcyone 2000\u201d, <\/em>Casa Editrice Guido Miano, Milano, agosto 2025, prefazione di Michele Miano) \u2013 dedica gran parte delle sue liriche a riflessioni e giudizi sull\u2019argomento, schierandosi tuttavia completamente dalla parte di ci\u00f2 che fu, non accogliendo praticamente nulla del \u201cprogresso\u201d avvenuto, per lui, evidentemente, una regressione culturale, di valori, umana, sociale. Il libro \u00e8 corredato da diversi disegni e altre fotografie in bianco e nero che illustrano gli ambienti e i momenti di vita rimasti indelebili nella sua memoria. Diciamo subito, a scanso di equivoci che, probabilmente, Ciboddo ha buone ragioni per rimpiangere il passato di fronte a determinate storture ed alienazioni di certo \u201cprogresso\u201d, tuttavia il suo \u2018integralismo\u2019 penso non sia da molti accettato.<\/p>\n\n\n\n<p>La nostalgia dell\u2019autore si concentra sul mondo degli <em>stazzi, <\/em>microcosmo della Sardegna agreste e contadina, dove si svolgeva la vita ideale che egli ha conosciuto fin dall\u2019infanzia e che poi ha perduto per l\u2019abbandono dei suoi conterranei, migrati verso il continente alla ricerca di un favoleggiato benessere: con la fine di quella forte e radicata esperienza, vi \u00e8 stato solo abbandono e solitudine, in contrasto con la comunit\u00e0 d\u2019un tempo che voleva dire amicizia, solidariet\u00e0, legami familiari e affettivi. Leggiamo <em>Corrimozzu: \u201c<\/em>Dal mio stazzo \/ Corrimozzu \/ volava la fantasia \/ dello spirito alato \/ verso orizzonti sereni \/ colorati e lontani. \/ Luogo di vita sana, \/ forte per la mia \/ adolescenza \/ coronata da compagnia \/ di giochi di bimbi. \/ Non sar\u00e0 mai dimenticata \/ sino alla morte\u201d. Ed anche <em>Era certo:<\/em> \u201cOggi la citt\u00e0 \/ consuma la vita umana. \/ Era certo il romanzo, \/ la poesia della mia esperienza \/ vissuta in campagna \/ negli stazzi della Gallura \/ ad avere l\u2019esistenza \/ un vero senso\u201d. Ecco emergere il classico contrasto <em>citt\u00e0-campagna, <\/em>comune in molte regioni del pianeta. Fanno da corolla a questo tema di fondo altri motivi fonte d\u2019ispirazione e denuncia nel canto di Ciboddo: lo scandalo di popoli e diritti calpestati; l\u2019apologia della terra di Sardegna, ovvero l\u2019attaccamento alle sue radici; l\u2019essere estirpato, cos\u00ec che siamo diventati rami senza frutti; l\u2019attenzione alle piccole creature della terra; la II Guerra Mondiale vissuta da solo negli stazzi; la solitudine del dopo pandemia; la necessit\u00e0 dell\u2019educazione nelle nuove generazioni; esorcizzare l\u2019odio per vivere l\u2019amore e la fiducia nella Provvidenza.<\/p>\n\n\n\n<p>Oltre a tutto questo mi pare importante cogliere nel poeta sardo ci\u00f2 che Michele Miano ha ben esposto nella prefazione: \u201cIn un mondo che corre senza sosta, dove il progresso spesso brucia i ponti verso ci\u00f2 che \u00e8 essenziale, questa raccolta \u00e8 un invito a tornare all\u2019origine del sentire. <em>Oltre il<\/em> <em>velo del Mondo <\/em>nasce dal desiderio di dare voce a ci\u00f2 che non urla, ma vibra nel cuore: l\u2019amore che resiste al tempo, la fede che non chiede prove, la spiritualit\u00e0 che si nutre di gesti semplici, la fiducia che si rinnova nonostante tutto\u201d.<\/p>\n\n\n\n<p>Vale a dire non perdiamoci nell\u2019artificiosit\u00e0 di un mondo reificato.<\/p>\n\n\n\n<p><em><strong>Enzo Concardi<\/strong><\/em><\/p>\n\n\n\n<p>Pasquale Ciboddo, <em>Oltre il velo del mondo<\/em>, prefazione di Michele Miano, Guido Miano Editore, Milano 2025, pp. 86, isbn 979-12-81351-53-0, mianoposta@gmail.com.<\/p>\n","protected":false},"excerpt":{"rendered":"<p>Recensione di Enzo Concardi Le trasformazioni sociali, economiche, culturali e i passaggi storici di civilt\u00e0, hanno sempre creato nel corso [&hellip;]<\/p>\n","protected":false},"author":1,"featured_media":0,"comment_status":"open","ping_status":"open","sticky":false,"template":"","format":"standard","meta":{"footnotes":""},"categories":[10,22],"tags":[],"class_list":["post-80849","post","type-post","status-publish","format-standard","hentry","category-italiano","category-libros-y-revistas-literatura"],"_links":{"self":[{"href":"https:\/\/www.ecoitaliano.com.ar\/index.php?rest_route=\/wp\/v2\/posts\/80849","targetHints":{"allow":["GET"]}}],"collection":[{"href":"https:\/\/www.ecoitaliano.com.ar\/index.php?rest_route=\/wp\/v2\/posts"}],"about":[{"href":"https:\/\/www.ecoitaliano.com.ar\/index.php?rest_route=\/wp\/v2\/types\/post"}],"author":[{"embeddable":true,"href":"https:\/\/www.ecoitaliano.com.ar\/index.php?rest_route=\/wp\/v2\/users\/1"}],"replies":[{"embeddable":true,"href":"https:\/\/www.ecoitaliano.com.ar\/index.php?rest_route=%2Fwp%2Fv2%2Fcomments&post=80849"}],"version-history":[{"count":1,"href":"https:\/\/www.ecoitaliano.com.ar\/index.php?rest_route=\/wp\/v2\/posts\/80849\/revisions"}],"predecessor-version":[{"id":80852,"href":"https:\/\/www.ecoitaliano.com.ar\/index.php?rest_route=\/wp\/v2\/posts\/80849\/revisions\/80852"}],"wp:attachment":[{"href":"https:\/\/www.ecoitaliano.com.ar\/index.php?rest_route=%2Fwp%2Fv2%2Fmedia&parent=80849"}],"wp:term":[{"taxonomy":"category","embeddable":true,"href":"https:\/\/www.ecoitaliano.com.ar\/index.php?rest_route=%2Fwp%2Fv2%2Fcategories&post=80849"},{"taxonomy":"post_tag","embeddable":true,"href":"https:\/\/www.ecoitaliano.com.ar\/index.php?rest_route=%2Fwp%2Fv2%2Ftags&post=80849"}],"curies":[{"name":"wp","href":"https:\/\/api.w.org\/{rel}","templated":true}]}}