{"id":80853,"date":"2025-10-21T16:37:37","date_gmt":"2025-10-21T16:37:37","guid":{"rendered":"https:\/\/www.ecoitaliano.com.ar\/?p=80853"},"modified":"2025-10-21T16:37:53","modified_gmt":"2025-10-21T16:37:53","slug":"tim-burton-riceve-il-premio-internazionale-lorenzo-il-magnifico-alla-carriera-dalla-florence-biennale-firenze-fortezza-da-basso","status":"publish","type":"post","link":"https:\/\/www.ecoitaliano.com.ar\/?p=80853","title":{"rendered":"Tim Burton riceve il Premio Internazionale \u201cLorenzo il Magnifico\u201d alla Carriera dalla Florence Biennale | Firenze &#8211; Fortezza da Basso"},"content":{"rendered":"\n<figure class=\"wp-block-table\"><table class=\"has-fixed-layout\"><tbody><tr><td><strong>XV Edizione<\/strong><img decoding=\"async\" src=\"https:\/\/ci3.googleusercontent.com\/meips\/ADKq_NZiGR7H_o7MSrk1ueLgRPWJpibhWcwQabbb-GHMDrOVlYBXLjmdCcnKfTRyH7a4tNt2XHDwqzl5-WkHCOcbOA7Xg0GpcUdJlZfEm4tS8abBGrYJhFWWu5IQFs_QJlfknzGGP0xm4Rt6wJldQAoQX68=s0-d-e1-ft#https:\/\/culturaliart.img.musvc2.net\/static\/91342\/images\/1\/LogoFB_ArtDesign_fluo_172XGC.png\" width=\"300\" alt=\"\" height=\"auto\"><strong>Dal 18 al 26 ottobre 2025<\/strong><strong>Fortezza da Basso<\/strong><strong>Tim Burton riceve il Premio Internazionale \u201cLorenzo il Magnifico\u201d alla Carriera dalla Florence Biennale<\/strong><img decoding=\"async\" src=\"https:\/\/ci3.googleusercontent.com\/meips\/ADKq_NZL2AeBuf03YueELQA9x_u7F_I5NfS3g46_VIq9045Ec_kyQj7ccsvXXinEzvwhhllCvTkcxYOMP0wMkHeFSPwuzYOG4HewkLYW0u6Y5wyNJh1o44l3V4ySkAZnssqO70dJguU=s0-d-e1-ft#https:\/\/culturaliart.img.musvc2.net\/static\/91342\/images\/1\/Header%202025(0).png\" width=\"540\" alt=\"\" height=\"auto\"><a href=\"https:\/\/culturaliart.musvc2.net\/e\/tr?q=3%3dFSKT9%26D%3dI%26D%3d8VPR%26v%3dTRWGa%26C%3d81L8I_yskp_0c_0qZr_Jf_yskp_9hEM4.5CB1M01sAsH1.57C_yskp_9hwLlFB9_yskp_9hxBvJwDj7-t9lF61s7-sDuM63p3-41-5N-w4pR1Eu7-s-JpE-tKyL7D-33-1B-wJwCpG-4Ey76Pv-A4-Ch969mAuE-hD41-j30Hp701_yskp_9h_0qZr_Kf2L5_IvM03l_JisW_UVDlOABlLB5y_JisW_TNK1E_55kACC_yskp_0fwChA4_HXuh_RCMBC_j35FhAyD_yskp_0f51pDCF1h3s%26k%3dECI35J.DlL%261I%3d8UPSB%26LA%3dRGTMQGTIQCUKQC%260%3ds6B4IWBbJ2CXLXmTtUmVtUmXuRBTN307xV04PYkVs5j3P19SsQGWRWD4tXk5MW0X&amp;mupckp=mupAtu4m8OiX0wt\" target=\"_blank\" rel=\"noreferrer noopener\"><strong>CARTELLA STAMPA<\/strong><\/a>Questo pomeriggio, alla&nbsp;<strong>Fortezza da Basso<\/strong>&nbsp;di&nbsp;<strong>Firenze<\/strong>, al regista e artista statunitense&nbsp;<strong>Tim Burton<\/strong>&nbsp;\u00e8 stato conferito il prestigioso&nbsp;<strong>Premio Internazionale \u201cLorenzo il Magnifico\u201d alla Carriera<\/strong>&nbsp;dalla&nbsp;<strong>Florence Biennale<\/strong>, nel corso di una cerimonia ufficiale che ha visto la partecipazione dell\u2019artista stesso, del pubblico e della stampa nazionale ed internazionale.&nbsp;Tale riconoscimento celebra il contributo eccezionale di Burton al panorama artistico contemporaneo, non solo nel campo cinematografico ma anche nel disegno, nella grafica e nell\u2019animazione stop-motion.&nbsp;Le motivazioni del Comitato curatoriale sono state illustrate dal Direttore Generale della manifestazione,&nbsp;<strong>Jacopo Celona<\/strong>, che ha dichiarato: \u201c<em>Il premio \u00e8 il riconoscimento di Florence Biennale a uno degli artisti pi\u00f9 importanti dei nostri tempi per il suo straordinario lavoro artistico che abbraccia disegno, grafica, animazione stop-motion e produzione cinematografica. Attraverso le sue opere, Tim Burton ha rivoluzionato la prospettiva che vede l&#8217;oscurit\u00e0 come sinonimo di male, facendo emergere nuovi concetti di bellezza grazie a visioni magiche e poetiche, abbattendo stereotipi legati ai dualismi e promuovendo una profonda comprensione della natura umana e delle connessioni tra il nostro limitato e fragile mondo terrestre e l&#8217;immensit\u00e0 dell&#8217;universo: una nuova prospettiva immateriale, spirituale, trascendentale, capace di dare consapevolezza emotiva dell&#8217;infinito, che configura le sue opere come espressione artistica di assoluta straordinariet\u00e0 e come eredit\u00e0 culturale duratura sia per la comunit\u00e0 artistica, sia per il pubblico globale<\/em>\u201d.<img decoding=\"async\" src=\"https:\/\/ci3.googleusercontent.com\/meips\/ADKq_NZe1lB9-lA7ZZwC9UigYJ7s1dZh2P_K2cE_mqJkhpuney8fDc2yk8o6j-QZnYdS2AUlZ7X7VBa_N4zhKHE_HS7wK_9RwsW6xERwUHoNpPnlbIBSLGfS45v3tEfnftEnS2NIiqEyA9VTpz_IdXvZZYZBLrtEsSqIQ-IlQCtbhgR7-205OEtbWuZoScWQeQI90Abxgwa9Qprwh8O-pjH5K9ocaonQ=s0-d-e1-ft#https:\/\/culturaliart.img.musvc2.net\/static\/91342\/images\/1\/Premiazione%20Tim%20Burton%20-%20XV%20Florence%20Biennale%20The%20Factory%20PRD.jpg\" width=\"540\" alt=\"\" height=\"auto\">Nel ricevere il premio, Tim Burton ha commentato: \u201c<em>Il mio lavoro riguarda principalmente il cinema, quindi quando ho saputo di essere stato scelto per ricevere questo riconoscimento sono rimasto molto sorpreso. Sono molto felice perch\u00e9 questo premio va oltre il mondo del cinema ed essere riconosciuto come artista \u00e8 qualcosa di davvero speciale per me\u201d.<\/em>&nbsp;Ricordiamo che&nbsp;<strong>fino a domenica 26 ottobre<\/strong>, il pubblico ha la possibilit\u00e0 di visitare l\u2019<strong>inedita mostra personale<\/strong>&nbsp;\u201c<strong>Tim Burton: Light and Darkness<\/strong>\u201d, curata dall\u2019artista stesso insieme alla Florence Biennale. L\u2019esposizione s\u2019inserisce nel quadro tematico di questa edizione,&nbsp;<strong>\u201c<em>The Sublime Essence of Light and Darkness \u2013 Concepts of Dualism and Unity in Contemporary Art and Design<\/em>\u201d<\/strong>, esplorando con coerenza e originalit\u00e0 il dualismo tra luce ed ombra, visibile ed invisibile, realt\u00e0 ed immaginazione, concetti chiave dell\u2019estetica burtoniana.Per maggiori informazioni sul programma della XV edizione della Florence Biennale visita il sito&nbsp;<a href=\"https:\/\/culturaliart.musvc2.net\/e\/tr?q=3%3dLV4TE%26G%3d2%26D%3dDY9R%262%3dWAWMd%26v%3d87OqI_5vTp_Ff_sqfu_3f_5vTp_EkxM0.AmE50o3r7j51IbBr.Js7_5vTp_Ek_sqfu_4f8On_I2Ps3r_MRsc_XEDrRtBrOu55_MRsc_W7K7H_n5qDvC_5vTp_FifCnDm_HdxQ_RIPuC_p6nFnDhD_5vTp_Fin1vGvF%26q%3dHvI983.DrO%26jI%3dDX9SH%26Ot%3dRM1n6bW6QMW2QIX4QI%26C%3d7Ss80XGZc4JXA4MdbZD675nbfUrbgQJY8XFA4TFA43s64TH6f5K6bTqd03I79TGY&amp;mupckp=mupAtu4m8OiX0wt\" target=\"_blank\" rel=\"noreferrer noopener\">https:\/\/www.florencebiennale.<wbr>org\/<\/a>&nbsp;&nbsp;<strong>INFORMAZIONI UTILI<\/strong>EVENTO:&nbsp;<strong>XV FLORENCE BIENNALE<\/strong>APERTURA AL PUBBLICO:&nbsp;<strong>Dal 18 al 26 ottobre 2025<\/strong>ORARI:domenica 26 dalle 10.00 alle 19.00tutti gli altri giorni dalle 10.00 alle 20.00Luned\u00ec 20 chiuso&nbsp;DOVE:&nbsp;<strong>Fortezza da Basso \u2013 Firenze<\/strong>INGRESSO: biglietto intero \u20ac 14, ridotto \u20ac 9 (altre opzioni sul sito) ACQUISTO BIGLIETTI SU&nbsp;<a href=\"https:\/\/culturaliart.musvc2.net\/e\/tr?q=5%3dKQ8VD%26B%3d6%26F%3dCTCT%261%3dREYLY%26z%3d06JuK_4qXr_Ea_wsep_7h_4qXr_Df2O9.LnNmJn5w5y.51C_wsep_7huJ_wsep_7h69hCqJ_wsep_7hrBtJqDh7-n9jFz1q7_4qXr_Df7XKT0U_4qXr_EfhMxJzJq_HVub_SIA6-9y_JcsU_THKyE_5EzJo5_wsep_8fz52Kx5yLqH_wsep_7X7Jr_Eq4nMy_HVub_SI7y1nD_4qXr_DVzLy_3fE21n9z_HVub_SIEm9qM2%264%3drM5LhT.z5y%26A5%3dQ8ZEU%26yK%3dDZ7WCZ7SCV8UCV%26m%3d3m1f7HXCapVkbm17VmQCVLQk8o667CS9ZDUBYD368IZhUm1jTKV97DSiVFWB8o48XDVE&amp;mupckp=mupAtu4m8OiX0wt\" target=\"_blank\" rel=\"noreferrer noopener\">VIVATICKET.COM<\/a>INGRESSO GRATUITO RISERVATO AI GIORNALISTI PREVIA PRESENTAZIONE DEL TESSERINO O RICHIESTA DI ACCREDITO ALL\u2019UFFICIO STAMPA CULTURALIA<strong>&nbsp;<\/strong><strong>CATALOGO REALIZZATO IN COLLABORAZIONE CON EDITORIALE GIORGIO MONDADORI<\/strong><strong>&nbsp;<\/strong><strong>PARTNER CULTURALE<\/strong>L\u2019<strong>Hotel Savoy, Rocco Forte Hotel\u2019s in Florence&nbsp;<\/strong>partecipa in veste di partner culturale della XV edizione della Florence Biennale a conferma del legame con la scena culturale del capoluogo fiorentino. Per l\u2019occasione, l&#8217;indirizzo fiorentino Hotel Savoy, Rocco Forte Hotel\u2019s in Florence&nbsp;<strong>ospiter\u00e0 la festa di apertura ufficiale della Biennale<\/strong>, trasformando il&nbsp;<em>dehors<\/em>&nbsp;affacciato su Piazza della Repubblica, il Ristorante Irene e il recentemente inaugurato Bar Artemisia in&nbsp;<strong>luoghi di incontro tra artisti, curatori, stampa internazionale e invitati cosmopoliti<\/strong>.&nbsp;<strong>MEDIA PARTNER<\/strong><strong>Marie Claire Maison \u2013&nbsp;<\/strong><strong>Hearst Italia<\/strong><strong>QN<\/strong><strong>STIR<\/strong>\u200a<strong>CONTATTI FLORENCE BIENNALE<\/strong><a href=\"https:\/\/culturaliart.musvc2.net\/e\/tr?q=7%3dSQEXL%26B%3dC%26H%3dKTJV%269%3dRLaTY%267%3dBDJ2M_Bqet_Ma_4ump_Dj_Bqet_Lf9QG.6m7y21I5.31G_Bqet_LfRF9HqHw5NCyDz565DdLS_4ump_EjEJy_M9K47y_Hcwj_SPHyM5FyJ69B_Hcwj_RHODC_y9x97G_Bqet_MdqGu9x_Lksb_VPK6G_w1yJu9sH_Bqet_Mdy53B7J%26x%3dC7MF3D.HyJ%26uM5u1m%3dKSJWO%26J5%3dVTRGUTRCUPSEUP%268%3dK8vRJdP1F9NWpXQUEZSSCdQYpWyQEZKQoZwRpZRZpXzRraTYD0zQEVvUD0KUK0vU&amp;mupckp=mupAtu4m8OiX0wt\" target=\"_blank\" rel=\"noreferrer noopener\"><\/a><a href=\"https:\/\/culturaliart.musvc2.net\/e\/tr?q=4%3dIWOUB%26H%3dM%26E%3dAZTS%26y%3dXVXJe%26G%3d94PBJ_2woq_Cg_Drcv_Ng_2woq_BlIN7.E0J473IkI.yFw_NmtZ_Xb7vKD6x913sA0EkH1_Iayl_SP_NmtZ_YbL4I_EF5Ny6_2woq_Cj067O864P1I_2woq_BbGKw_I15sQ9_Iayl_TNA92sH_Drcv_NW5P9_4kIB2sC0_Iayl_TNIw0vQB%265%3dwQEMmX.064%26EE%3dRCdOV%264O%3dNaBaMaBWMWCYMW%26r%3dfx7kawXlZxSp81YGW2Xn8Tan0yUHXNToeSXF8OTJdNWF7N3GXyTCd1ZDd16n2k7wawXG&amp;mupckp=mupAtu4m8OiX0wt\" target=\"_blank\" rel=\"noreferrer noopener\"><\/a><a href=\"https:\/\/culturaliart.musvc2.net\/e\/tr?q=8%3dVQKYO%26B%3dI%26I%3dNTPW%26B%3dRRbWY%26C%3dCGJ8N_Eqku_Pa_0vpp_Jk_Eqku_OfERJ.B1I85vDA.37H_Eqku_OfuJ0FsIL_Hixm_RXA9E00A3w-7656IxBw_Mnsh_Wc_Hixm_SXPGC_AJHHu0_Eqku_Pd60JI40GJwM_Eqku_OVCO0_Cw96K5_Mnsh_Xa5566B_0vpp_JaHJ5_8xC86676_Mnsh_XaCsD9K8%269%3d0KAQzR.60G%269A%3dVPXKZ%26GI%3dJeOUIeOQIaPSIa%265%3dVtAQZN8Q1JAU4PXP3R8UXw6T5u0NYwb2TsZzXPY16v7236x1sQXWUucxUOcQ5IcUYt62&amp;mupckp=mupAtu4m8OiX0wt\" target=\"_blank\" rel=\"noreferrer noopener\"><\/a><a href=\"mailto:info@florencebiennale.org\" target=\"_blank\" rel=\"noreferrer noopener\"><\/a><a href=\"https:\/\/culturaliart.musvc2.net\/e\/tr?q=6%3dUXNWN%26I%3dL%26G%3dMaSU%26A%3dYUZVf%26F%3dAFQAL_Dxns_Oh_Ctow_Mi_Dxns_NmHPI.C7HDB9619480KvE1.LC0_Dxns_Nm_Ctow_NiGQ8_LARC61_Olvl_ZYG1TDE1QE8D_Olvl_YQNFJ_88zFFF_Dxns_OkzFwF7_Kmzk_URREF_y88IwF2G_Dxns_Ok845IFI%26z%3dJFLH0M.G1Q%264L%3dMZSVQ%26QD%3dUV4w8vYPTVYLTRZNTR%26E%3dQV20TaPbw7SZU7VfvcM8Q8wdzX1d1TSaRaOCNWOCN628NWQ8z8T8vWzfT6R9SWPa&amp;mupckp=mupAtu4m8OiX0wt\" target=\"_blank\" rel=\"noreferrer noopener\"><\/a><a href=\"https:\/\/culturaliart.musvc2.net\/e\/tr?q=7%3dJXOXC%26I%3dM%26H%3dBaTV%26z%3dYVaKf%26G%3dB5QBM_3xot_Dh_Dudw_Nj_3xot_CmIQ8.VAO5Rx9.nL9_Lbzl_VQ045yK1F_3xot_CmqgsRkd9fgotYCdlrFImEy8_L_Omwa_ZbO5J_EI6Oy9_3xot_Dk098P895Q1L_3xot_CcGNx_J18tR9_Lbzl_WOB95tI_Dudw_NZ6Q9_7lJB5tD0_Lbzl_WOJwCwRB%268%3dxREPnY.095%26FE%3dUDeOY%265P%3dNdCbMdCXMZDZMZ%26s%3dez8FZxZJ8TcFeNdCBxZHfSYC9w8HcPVlByYCCz8leM8p91Z5l8wKgQXIaV8n9xXCBV8n&amp;mupckp=mupAtu4m8OiX0wt\" target=\"_blank\" rel=\"noreferrer noopener\"><\/a><a href=\"https:\/\/culturaliart.musvc2.net\/e\/tr?q=A%3dDTJb7%26E%3dH%26L%3d6WOZ%26t%3dUQeEb%26B%3dFyM7_PVvg_aF_Kh1U_UW_PVvg_ZKPDU.hN3RzKrJn49R.hH4_PVvg_ZK_Kh1U_VWSyF_0MzKtC_wtjx_8g5C2L3CyMvP_wtjx_7YBRr_FvBnN4_PVvg_aI849nE_9yXs_IdzM4_AfF79n05_PVvg_aIFrGqN7%26B%3drN0ThU.5Cy%26B0%3dY8aJc%26yL%3dIh7XHh79f4rTHd8VHd%26m%3d9OhBWubk8L9gbIDiUvaDcw9h7Lg79sekbuDgbvDA5v0EaPDjTLBBVHd6ZrAAXPDf&amp;mupckp=mupAtu4m8OiX0wt\" target=\"_blank\" rel=\"noreferrer noopener\"><\/a><strong>CULTURALIA DI NORMA WALTMANN<\/strong><strong>&nbsp;<\/strong><strong>Agenzia di comunicazione e ufficio stampa<\/strong>&nbsp;tel : +39-051-6569105 mob: +39-392-2527126&nbsp;email:&nbsp;<a href=\"mailto:info@culturaliart.com%20\" target=\"_blank\" rel=\"noreferrer noopener\">info@culturaliart.com&nbsp;<\/a>web:&nbsp;<a href=\"https:\/\/culturaliart.musvc2.net\/e\/tr?q=4%3dOX3UH%26I%3d1%26E%3dGa8S%265%3dY0XPf%26u%3d90Qp_IgzP_TQ_OQtf_YF_IgzP_SVTwN.sRlKAOaCy8rK.sLm_IgzP_SV_OQtf_ZFL0J_sFAOc6_8xSq_Ikn6CPl60QeI_8xSq_HcuK3_Je5yRm_IgzP_TTBm2yI_rriw_2WAQm_4qJp2yDn_IgzP_TTJa02Rp%265%3d3RsMsY.n60%26Fs%3dRIe3V%260P%3d2aHb1aH2q8aX1WIZ1W%26x%3dC8aMadUvB52rf27tYeTOgf2sA5ZHCbXvfd7rfe7L9e3Pe97uX55MZ1WGda4Lb97q&amp;mupckp=mupAtu4m8OiX0wt\" rel=\"noreferrer noopener\" target=\"_blank\">www.culturaliart.com<\/a>Facebook:&nbsp;<a href=\"https:\/\/culturaliart.musvc2.net\/e\/tr?q=0%3dWVNaP%26G%3dL%26K%3dOYSY%26C%3dWUdXd%26F%3dEHOAP_Fvnw_Qf_Cxqu_Mm_Fvnw_PkHTK.Av0370L9.80J_Fvnw_PkXR0OFOyG48_Fvnw_QkFQA_N0RF8z_Ooxk_ZbIzTGGzQH0C_Ooxk_YTPEJ_A0yFIH_Cxqu_Nk3HvF0_Mlzn_WQRHH_x8AKvF5I_Cxqu_NkA64IIK%26y%3dJING0P.IzQ%267N%3dLZVXP%26QG%3d8y6vWUYSVUYOVQZQVQ%26E%3d1X1B3W1B17x0y9UaQZv0XevgT7Q8y81CRaNez6R0ObvgPVxZTVUbUaP9V7zaR0x9&amp;mupckp=mupAtu4m8OiX0wt\" target=\"_blank\" rel=\"noreferrer noopener\">Culturalia<\/a>&nbsp;Instagram:&nbsp;<a href=\"https:\/\/culturaliart.musvc2.net\/e\/tr?q=0%3dNV7aG%26G%3d5%26K%3dFYBY%264%3dWDdOd%26y%3dE9OtP_7vWw_Hf_vxhu_6m_7vWw_Gk1TB.DrP96kOpH.gL2_MUze_WJ00GxR76pFp_8sJ0Im0pMi_87Oi_OfxT_ZUPxJ_8JyOr0_vxhu_7k301P10xQtM_vxhu_6c0Oq_Jt9mR2_MUze_XHB26mI_7vWw_GayQ2_8eJ56mD3_MUze_XHJpDpR5%269%3dqR8QgY.30x%26F8%3dV7eHZ%26xP%3dGe6bFe6XFa7ZFa%26l%3d9Ic60rWgdt85gqe00rc6BGYBardjdq87cKAhBte7CuXBeJA8fIZ8cpW6dI8p6eZ7CqYf&amp;mupckp=mupAtu4m8OiX0wt\" target=\"_blank\" rel=\"noreferrer noopener\">Culturalia_comunicare_arte<\/a>Linkedin:&nbsp;<a href=\"https:\/\/culturaliart.musvc2.net\/e\/tr?q=0%3dDR6a7%26C%3d4%26K%3d6UAY%26t%3dSCdEZ%26x%3dEyKsP_wrVw_8b_uxXq_5m_wrVw_7gzT2.ClKp6gFs.4rJ_wrVw_7gfLrGdK4_ITzU_SI0zCwRw2oFf-5l-KtIp8-22oQr2qK_wrVw_7g_uxXq_6mzKp_PtLu0j_ITzU_TGKjNvIjKwBw_ITzU_S9RyD_pBi0xJ_wrVw_8ehJf0o_OVtS_YALwJ_h2pMf0jK_wrVw_8ep8nCxM%26i%3dDxP145.KjK%26lP%3d6TAZ0%26Kv%3dYES8XES4XAT6XA%269%3d7fg70ej5ic9T69D59fAShbES7ck7igf2088f2d7U7gD7AC92iYBWhBfThgCTCZ7Yd8DS&amp;mupckp=mupAtu4m8OiX0wt\" target=\"_blank\" rel=\"noreferrer noopener\">Culturalia di Norma Waltmann<\/a>&nbsp;&nbsp;Youtube:&nbsp;<a href=\"https:\/\/culturaliart.musvc2.net\/e\/tr?q=0%3dAT4a4%26E%3d2%26K%3d3W9Y%26q%3dUAdBb%26v%3dEvMqP_ttTw_5d_sxUs_3m_ttTw_4ixTy.RpRvNcB.eHn_OSvQ_YH6i8pGfI_ttTw_4iVjf3vG7-K-R_x0taRlBxg_-C_KRzR_VGRvF_tLwKdB_ttTw_5goByLmBvMfO_ttTw_4YvQo_FfAkNn_OSvQ_ZF8n8kE_sxUs_3cwMn_0cFq8k0o_OSvQ_ZFFbFnNq%26A%3doNtSeU.oBv%26Bt%3dX5a4b%26vL%3d3g4X2g4T2c5V2c%26j%3d47XfY5Yh9bX78dB9c285ZfagYb03abdAc40AU5YgW5Ccb898c4b563A8X9eg6bg38Abh&amp;mupckp=mupAtu4m8OiX0wt\" target=\"_blank\" rel=\"noreferrer noopener\">Culturalia<\/a>TikTok:&nbsp;<a href=\"https:\/\/culturaliart.musvc2.net\/e\/tr?q=5%3dIT6VB%26E%3d4%26F%3dAWAT%26y%3dUCYJb%26x%3d04MsK_2tVr_Cd_uscs_5h_2tVr_BizO7.MlC4Hn.5yF_uscs_5h_2tVr_DcfMvMxJkEl32M_uscs_6h_4_KTuZ_VG2X-axEvREayZZs_2tVr_BY_u_JavS_UNT_uscs_5X5Mp_KyNu5o_KTuZ_VGFoPvDoMw72_KTuZ_U9M4F_p7nBxE_2tVr_CghEkBo_JavS_TFNwE_m4pHkBjF_2tVr_Cgp3sExH%26n%3dFxK665.FoM%26lK%3dAVAUE%26Mv%3dTJU8SJU4SFV6SF%26A%3dhSGW73IT5ZJWC5lZ3k4dgTH4dWHXg4EUi7lX4YEWATH99Xn7eTJUg6C84SoV03FTf8l8&amp;mupckp=mupAtu4m8OiX0wt\" target=\"_blank\" rel=\"noreferrer noopener\">Culturaliart<\/a><a href=\"https:\/\/culturaliart.musvc2.net\/e\/tr?q=9%3dNULZG%26F%3dJ%26J%3dFXQX%264%3dVScOc%26D%3dD9N9_Nfwi_YP_Ljye_VY_Nfwi_XUQFS.rO5P0LtHx5AP.rI6_Nfwi_XU_Ljye_WYQ9G_BK0LvA_7ulv_Hh7ABM5A9NxN_7ulv_GZDP2_Gx0xO6_Nfwi_YS967xF_Awht_Kb0N6_9pG97xA7_Nfwi_YSGtE1O9%260%3d2OBRrV.7A9%26CB%3dWHbLa%269M%3dKfGYJfG7p5tUJbHWJb%26w%3d0QfLXwZu9N7qcKBsVxYNdy7r8NeG0ucucwBqcxBK6x8ObRBtUN0LWJbFat9KYRBp&amp;mupckp=mupAtu4m8OiX0wt\" target=\"_blank\" rel=\"noreferrer noopener\"><\/a><a href=\"https:\/\/culturaliart.musvc2.net\/e\/tr?q=8%3dBS0Y5%26D%3d8%26I%3d4VEW%26r%3dTGbCa%262%3dCwLwN_usZu_6c_yvVr_9k_usZu_5h4Rz.8h8h4vJn.5vH_usZu_5hJPoL2MdDp6_usZu_5h_yvVr_0kxLt_NrMy8h_JXxS_UKIhOzGhL10u_JXxS_TCPwE_t0gA2H_usZu_6flHdAs_MTuW_W9M1H_f3tKdAnI_usZu_6ft6lD2K%26g%3dE2Ny59.IhL%26pN%3d46d3hUEX8%26Lz%3dWCTBVCT8V9U0V9%260%3dlXg8D9gTj094jdhTCddTmYdWAZe6Aa7Y097T9dhbDafbi7faG9fT005ThY46lAfW&amp;mupckp=mupAtu4m8OiX0wt\" target=\"_blank\" rel=\"noreferrer noopener\"><\/a><a href=\"https:\/\/culturaliart.musvc2.net\/e\/tr?q=6%3dHSFWA%26D%3dD%26G%3d0VKU%26x%3dTMZIa%268%3dA3L3L_1sfs_Bc_5tbr_Ei_1sfs_Ah0P6.A1L33tKjE.pHv_JdvY_TS64D7N13yBj_52F4Fv6jJr_41Lr_KZuc_UO_JdvY_USN3E_6H4Jp8_1sfs_Bf186Ky83LrK_1sfs_AX8Mv_Er7rMz_KZuc_VM7z4rD_5tbr_EY4Lz_6jE34r91_KZuc_VMEnBuM3%267%3dvM6OlT.183%26A6%3dTBZFX%263K%3dEcAWDcASDYBUDY%26q%3d7ITE4pUI3sUFWETjSIVE3p5DVH9A5IVCbEWkasYAWIaASq7E4I4j3nVBZLVn4G7nSHZA&amp;mupckp=mupAtu4m8OiX0wt\" target=\"_blank\" rel=\"noreferrer noopener\"><\/a><a href=\"https:\/\/culturaliart.musvc2.net\/e\/tr?q=8%3dNQIYG%26B%3dG%26I%3dFTNW%264%3dRPbOY%26A%3dC9J6N_7qiu_Ha_8vhp_Hk_7qiu_GfCRB.ByIz5tD3.35H_7qiu_GfsJ2FqID_Hgxe_RV80B0P712Dp-4y-I4H36-B12O214I_7qiu_Gf_8vhp_Ik0J3_N4K88t_Hgxe_STItM9GtJ007_Hgxe_RLP9C_30s9AH_7qiu_HduHp92_Mfsf_WKK0H_r13Kp9wI_7qiu_Hd36xBAK%26s%3dCANA3H.ItJ%26yN%3dFSNXJ%26J9%3dWORKVORGVKSIVK%268%3dJdq6Mct4vaISI7N4LdKRuZORJau6vep1M66p1qGTJeN6NAI1vWLVu0pSueMSPXGXq6NR&amp;mupckp=mupAtu4m8OiX0wt\" target=\"_blank\" rel=\"noreferrer noopener\"><\/a><a href=\"https:\/\/culturaliart.musvc2.net\/e\/tr?q=4%3dBQKU5%26B%3dI%26E%3d4TPS%26r%3dRRXCY%26C%3d9wJ8J_uqkq_6a_0rVp_Jg_uqkq_5fENz.O7LwKt6.fE5_ITsh_SI3z2qDwC_uqkq_5fmdgzCA8-H-i_rAqrLm9Ea_-D_HitS_SXLwC_AFxHu6_uqkq_6d66zI46wJwI_uqkq_5VCKp_Cw5lK5_ITsh_TG552lB_0rVp_JWxJ5_4dC82l76_ITsh_TGCs0oK8%265%3dpKAMfR.66w%269A%3dR6XKV%26wI%3dJa5UIa5QIW6SIW%26k%3d1NRgVLSi6sR85u60ZI26WwUhVs44XsXBZK4BRLShTL7dYO32d1s63J59UPYh3sa45RVi&amp;mupckp=mupAtu4m8OiX0wt\" target=\"_blank\" rel=\"noreferrer noopener\"><\/a><\/td><\/tr><\/tbody><\/table><\/figure>\n","protected":false},"excerpt":{"rendered":"<p>XV EdizioneDal 18 al 26 ottobre 2025Fortezza da BassoTim Burton riceve il Premio Internazionale \u201cLorenzo il Magnifico\u201d alla Carriera dalla [&hellip;]<\/p>\n","protected":false},"author":1,"featured_media":0,"comment_status":"open","ping_status":"open","sticky":false,"template":"","format":"standard","meta":{"footnotes":""},"categories":[4,10],"tags":[],"class_list":["post-80853","post","type-post","status-publish","format-standard","hentry","category-cultura","category-italiano"],"_links":{"self":[{"href":"https:\/\/www.ecoitaliano.com.ar\/index.php?rest_route=\/wp\/v2\/posts\/80853","targetHints":{"allow":["GET"]}}],"collection":[{"href":"https:\/\/www.ecoitaliano.com.ar\/index.php?rest_route=\/wp\/v2\/posts"}],"about":[{"href":"https:\/\/www.ecoitaliano.com.ar\/index.php?rest_route=\/wp\/v2\/types\/post"}],"author":[{"embeddable":true,"href":"https:\/\/www.ecoitaliano.com.ar\/index.php?rest_route=\/wp\/v2\/users\/1"}],"replies":[{"embeddable":true,"href":"https:\/\/www.ecoitaliano.com.ar\/index.php?rest_route=%2Fwp%2Fv2%2Fcomments&post=80853"}],"version-history":[{"count":1,"href":"https:\/\/www.ecoitaliano.com.ar\/index.php?rest_route=\/wp\/v2\/posts\/80853\/revisions"}],"predecessor-version":[{"id":80854,"href":"https:\/\/www.ecoitaliano.com.ar\/index.php?rest_route=\/wp\/v2\/posts\/80853\/revisions\/80854"}],"wp:attachment":[{"href":"https:\/\/www.ecoitaliano.com.ar\/index.php?rest_route=%2Fwp%2Fv2%2Fmedia&parent=80853"}],"wp:term":[{"taxonomy":"category","embeddable":true,"href":"https:\/\/www.ecoitaliano.com.ar\/index.php?rest_route=%2Fwp%2Fv2%2Fcategories&post=80853"},{"taxonomy":"post_tag","embeddable":true,"href":"https:\/\/www.ecoitaliano.com.ar\/index.php?rest_route=%2Fwp%2Fv2%2Ftags&post=80853"}],"curies":[{"name":"wp","href":"https:\/\/api.w.org\/{rel}","templated":true}]}}