{"id":81148,"date":"2025-10-24T09:35:13","date_gmt":"2025-10-24T09:35:13","guid":{"rendered":"https:\/\/www.ecoitaliano.com.ar\/?p=81148"},"modified":"2025-10-24T09:35:34","modified_gmt":"2025-10-24T09:35:34","slug":"consulta-associazioni-chiarimenti-richiesti-e-appello-associazione-contaminazioni","status":"publish","type":"post","link":"https:\/\/www.ecoitaliano.com.ar\/?p=81148","title":{"rendered":"Consulta associazioni: chiarimenti richiesti e appello Associazione Contaminazioni"},"content":{"rendered":"<div class=\"wp-block-image\">\n<figure class=\"aligncenter size-full\"><a href=\"http:\/\/www.ecoitaliano.com.ar\/wp-content\/uploads\/2025\/10\/descarga-6.jpeg\"><img decoding=\"async\" width=\"225\" height=\"225\" src=\"http:\/\/www.ecoitaliano.com.ar\/wp-content\/uploads\/2025\/10\/descarga-6.jpeg\" alt=\"\" class=\"wp-image-81149\" srcset=\"https:\/\/www.ecoitaliano.com.ar\/wp-content\/uploads\/2025\/10\/descarga-6.jpeg 225w, https:\/\/www.ecoitaliano.com.ar\/wp-content\/uploads\/2025\/10\/descarga-6-150x150.jpeg 150w\" sizes=\"(max-width: 225px) 100vw, 225px\" \/><\/a><\/figure><\/div>\n\n\n<p>COMUNICATO STAMPA<\/p>\n\n\n\n<p><strong>Dov\u2019\u00e8 la consulta delle associazioni culturali?<\/strong><\/p>\n\n\n\n<p><strong>Richiesta di maggiore inclusivit\u00e0 e coordinamento da parte dell\u2019Associazione Contaminazioni<\/strong><\/p>\n\n\n\n<p>\u00c8 giunta alla nostra attenzione, tramite voci di corridoio, la notizia che sono gi\u00e0 state indette due riunioni con le associazioni di categoria in merito all\u2019organizzazione di iniziative natalizie nella nostra citt\u00e0.<\/p>\n\n\n\n<p>L\u2019Associazione Contaminazioni, pur riconoscendo la legittimit\u00e0 di tali convocazioni, desidera esprimere il suo disappunto e la sua opinione sulle modalit\u00e0 di coinvolgimento per gli eventi e le attivit\u00e0 a carattere culturale e sociale.<\/p>\n\n\n\n<p>Siamo fermamente convinti che per la costruzione di progetti volti a una efficace promozione culturale e sociale del territorio tarantino sia essenziale il coinvolgimento diretto delle associazioni culturali locali. A ben vedere, infatti, a Taranto queste realt\u00e0 superano di molto il centinaio e operano con dedizione e profonda conoscenza del tessuto cittadino.<\/p>\n\n\n\n<p>Chi meglio di loro pu\u00f2 contribuire?<\/p>\n\n\n\n<p>L\u2019esperienza di noi operatori culturali, che investiamo sul territorio competenze, energie e risorse, rappresenta sicuramente un valore aggiunto imprescindibile per la realizzazione con successo di questo genere di iniziative.<\/p>\n\n\n\n<p>A tal proposito, ci permettiamo di suggerire e richiedere alle istituzioni competenti, in primo luogo all\u2019Amministrazione comunale, di convocare una consulta comunale permanente delle associazioni culturali con il fine di garantire i principi di democraticit\u00e0, confronto, partecipazione equa e parit\u00e0 di trattamento, favorendo cos\u00ec una collaborazione davvero sinergica orientata al bene della comunit\u00e0.<\/p>\n\n\n\n<p>Restiamo a disposizione per un confronto e un dialogo partecipato e costruttivo.<\/p>\n\n\n\n<p>Tiziana Magr\u00ec,<\/p>\n\n\n\n<p>Presidente dell\u2019Associazione Contaminazioni e operatrice culturale<\/p>\n","protected":false},"excerpt":{"rendered":"<p>COMUNICATO STAMPA Dov\u2019\u00e8 la consulta delle associazioni culturali? Richiesta di maggiore inclusivit\u00e0 e coordinamento da parte dell\u2019Associazione Contaminazioni \u00c8 giunta [&hellip;]<\/p>\n","protected":false},"author":1,"featured_media":0,"comment_status":"open","ping_status":"open","sticky":false,"template":"","format":"standard","meta":{"footnotes":""},"categories":[4,10],"tags":[],"class_list":["post-81148","post","type-post","status-publish","format-standard","hentry","category-cultura","category-italiano"],"_links":{"self":[{"href":"https:\/\/www.ecoitaliano.com.ar\/index.php?rest_route=\/wp\/v2\/posts\/81148","targetHints":{"allow":["GET"]}}],"collection":[{"href":"https:\/\/www.ecoitaliano.com.ar\/index.php?rest_route=\/wp\/v2\/posts"}],"about":[{"href":"https:\/\/www.ecoitaliano.com.ar\/index.php?rest_route=\/wp\/v2\/types\/post"}],"author":[{"embeddable":true,"href":"https:\/\/www.ecoitaliano.com.ar\/index.php?rest_route=\/wp\/v2\/users\/1"}],"replies":[{"embeddable":true,"href":"https:\/\/www.ecoitaliano.com.ar\/index.php?rest_route=%2Fwp%2Fv2%2Fcomments&post=81148"}],"version-history":[{"count":1,"href":"https:\/\/www.ecoitaliano.com.ar\/index.php?rest_route=\/wp\/v2\/posts\/81148\/revisions"}],"predecessor-version":[{"id":81150,"href":"https:\/\/www.ecoitaliano.com.ar\/index.php?rest_route=\/wp\/v2\/posts\/81148\/revisions\/81150"}],"wp:attachment":[{"href":"https:\/\/www.ecoitaliano.com.ar\/index.php?rest_route=%2Fwp%2Fv2%2Fmedia&parent=81148"}],"wp:term":[{"taxonomy":"category","embeddable":true,"href":"https:\/\/www.ecoitaliano.com.ar\/index.php?rest_route=%2Fwp%2Fv2%2Fcategories&post=81148"},{"taxonomy":"post_tag","embeddable":true,"href":"https:\/\/www.ecoitaliano.com.ar\/index.php?rest_route=%2Fwp%2Fv2%2Ftags&post=81148"}],"curies":[{"name":"wp","href":"https:\/\/api.w.org\/{rel}","templated":true}]}}