{"id":81156,"date":"2025-10-25T12:26:00","date_gmt":"2025-10-25T12:26:00","guid":{"rendered":"https:\/\/www.ecoitaliano.com.ar\/?p=81156"},"modified":"2025-10-25T12:26:19","modified_gmt":"2025-10-25T12:26:19","slug":"bisogna-svegliarsi-dal-torpore-nel-quale-siamo-precipitati-dalla-politica-alla-lingua-del-conformismo","status":"publish","type":"post","link":"https:\/\/www.ecoitaliano.com.ar\/?p=81156","title":{"rendered":"Bisogna svegliarsi dal torpore nel quale siamo precipitati. Dalla politica alla lingua del conformismo\u00a0"},"content":{"rendered":"\n<p><em>Pierfranco Bruni\u00a0<\/em><\/p>\n\n\n<div class=\"wp-block-image\">\n<figure class=\"aligncenter size-large is-resized\"><a href=\"http:\/\/www.ecoitaliano.com.ar\/wp-content\/uploads\/2025\/10\/1000112480.webp\"><img decoding=\"async\" width=\"768\" height=\"1024\" src=\"http:\/\/www.ecoitaliano.com.ar\/wp-content\/uploads\/2025\/10\/1000112480-768x1024.webp\" alt=\"\" class=\"wp-image-81157\" style=\"width:438px;height:auto\" srcset=\"https:\/\/www.ecoitaliano.com.ar\/wp-content\/uploads\/2025\/10\/1000112480-768x1024.webp 768w, https:\/\/www.ecoitaliano.com.ar\/wp-content\/uploads\/2025\/10\/1000112480-225x300.webp 225w, https:\/\/www.ecoitaliano.com.ar\/wp-content\/uploads\/2025\/10\/1000112480-113x150.webp 113w, https:\/\/www.ecoitaliano.com.ar\/wp-content\/uploads\/2025\/10\/1000112480.webp 1080w\" sizes=\"(max-width: 768px) 100vw, 768px\" \/><\/a><\/figure><\/div>\n\n\n<p>Spesso diamo responsabilit\u00e0 alla politica anche per i linguaggi che si sono adottano. La politica in questo nostro tempo vive di mediocrit\u00e0 e leggerezza da destra a sinistra. In questi ultimi anni \u00e8 entrato in scena un vocabolario comune e conformista che usa dei termini che sembrano slogan. Almeno per questa volta non \u00e8 colpa solo della politica. Anche se la polica \u00e8 sempre coinvolta.<\/p>\n\n\n\n<p>Da termini come societ\u00e0 liquida a resilienza il conformismo del vocabolario italiano diventa politicamente corretto. Cosa significa tutto ci\u00f2?<\/p>\n\n\n\n<p>Allora.<\/p>\n\n\n\n<p>In questi ultimi anni abbiamo usato un vocabolario linguistico a forma di slogan. Slogan che hanno toccato tutte le istituzioni comprese le belle universit\u00e0 e il clich\u00e9 degli istituti scolastici. Sembrano provenire dalla filosofia, dalla pedagogia avanzata e dalla psicologia sempre d\u2019avanguardia ormai su tutti i settori e gli ambienti.<\/p>\n\n\n\n<p>Mi riferisco a: Secolo breve, Fine della della storia, Societ\u00e0 liquida ed ora di attuale modernismo si usa ad ogni occasione Resilienza. Presi isolatamente non significano nulla. Scemenziario di un a b c delle parole dette per non farle diventare linguaggio compiuto anche se ci si illude che dietro ci sia un pensiero o un processo culturale.<\/p>\n\n\n\n<p>Sono concetti, da soli, astratti ed estranei da una visione complessa con alla base una ragione e un sentire complesso? \u00c8 la dilatazione nel dilagante conformismo del politically corretto? Il corretto e l\u2019incorretto politico si sono preannunciati stagioni di vita che dovevano contrapporsi alla struttura della tradizione.<\/p>\n\n\n\n<p>Cosa significa Societ\u00e0 liquida? Friabile nel pensiero? Scivolosa? Scorrevole? Apparente e sparente? Fine della storia?<\/p>\n\n\n\n<p>Un americanismo storico nipponico \u00abscemenziato\u00bb dalla non conoscenza fenomenologia della storia stessa del linguaggio mediterraneo. Secolo breve o corto. Sulla base di cosa? O anche Secolo lungo che senso avrebbe? Per le guerre? Per i diversi mutamenti? Per i cosiddetti regimi? Per il tempo che si \u00e8 accorciato? O per la storia che \u00e8 finita nel momento in cui sono finite le ideologie?<\/p>\n\n\n\n<p>Tutto evanescente. Resilienza. \u00c8 divento un termine ridicolo. Ormai lo trovi dappertutto. Dalla psicologia alla economia. Dal calcio alla alimentazione bio dinamica. Il fatto, direbbe Hegel, \u00e8 che siamo caduti cos\u00ec in basso nel linguaggio che pi\u00f9 insignificante non si pu\u00f2.<\/p>\n\n\n\n<p>Ma il dato pi\u00f9 grave \u00e8 che sono termini entrati velocemente nel vocabolario comune e soprattutto in quello creduto alto che hanno creato e stanno creando una omologazione terrificante. Aveva ragione Pasolini, in questo, che quando si entra nella omologazione diffusa, come in questo caso, una Nazione non ha pi\u00f9 cultura.<\/p>\n\n\n\n<p>Infatti l\u2019Italia non produce pi\u00f9 cultura tranne se non ritorna a quel passato a volte ferocemente bistrattato che riporta volente o nolente alla civilt\u00e0 del linguaggio. La lingua di oggi \u00e8 una neo-bruttezza di codici che lascer\u00e0 macerie e rovine nel vocabolario delle nuove generazioni. Tanto siamo in una societ\u00e0 liquida in un secolo breve dove la storia \u00e8 finita ma la resilienza ci salver\u00e0?<\/p>\n\n\n\n<p>Non ci resta che pregare perch\u00e9 siamo ormai belli e rovinati dalle banalit\u00e0 pronunciate da una dotta cultura che per\u00f2 non sa che la civilizzazione \u00e8 un tempo irrinunciabile. Insomma, in sintesi: siamo allo scemenziario della lingua adottata. Da societ\u00e0 liquida a resilienza e il conformismo del vocabolario italiano diventa politicamente corretto. Dovrebbe intervenire la scuola a rieducarci alla lingua italiana e allo scrivere bello. Ci riuscir\u00e0?<\/p>\n\n\n\n<p>Se la politica della mia generazione \u00e8 finita tocca alla cultura. Ma la cultura di questo tempo non ha pensiero. \u00c8 cronaca. Mi affiderei alla scuola. Anche se con pochissime speranze. Svegliatevi tutti dal torpore e dal conformismo dilagante.<\/p>\n\n\n\n<p><em><strong>Tutte l\u2019opinioni versati nel sito correspondono solo a chi la manifesta. Non e necessariamente l\u2019opinione della Direzione<\/strong><\/em><\/p>\n","protected":false},"excerpt":{"rendered":"<p>Pierfranco Bruni\u00a0 Spesso diamo responsabilit\u00e0 alla politica anche per i linguaggi che si sono adottano. La politica in questo nostro [&hellip;]<\/p>\n","protected":false},"author":1,"featured_media":0,"comment_status":"open","ping_status":"open","sticky":false,"template":"","format":"standard","meta":{"footnotes":""},"categories":[10,35],"tags":[],"class_list":["post-81156","post","type-post","status-publish","format-standard","hentry","category-italiano","category-opiniones"],"_links":{"self":[{"href":"https:\/\/www.ecoitaliano.com.ar\/index.php?rest_route=\/wp\/v2\/posts\/81156","targetHints":{"allow":["GET"]}}],"collection":[{"href":"https:\/\/www.ecoitaliano.com.ar\/index.php?rest_route=\/wp\/v2\/posts"}],"about":[{"href":"https:\/\/www.ecoitaliano.com.ar\/index.php?rest_route=\/wp\/v2\/types\/post"}],"author":[{"embeddable":true,"href":"https:\/\/www.ecoitaliano.com.ar\/index.php?rest_route=\/wp\/v2\/users\/1"}],"replies":[{"embeddable":true,"href":"https:\/\/www.ecoitaliano.com.ar\/index.php?rest_route=%2Fwp%2Fv2%2Fcomments&post=81156"}],"version-history":[{"count":1,"href":"https:\/\/www.ecoitaliano.com.ar\/index.php?rest_route=\/wp\/v2\/posts\/81156\/revisions"}],"predecessor-version":[{"id":81158,"href":"https:\/\/www.ecoitaliano.com.ar\/index.php?rest_route=\/wp\/v2\/posts\/81156\/revisions\/81158"}],"wp:attachment":[{"href":"https:\/\/www.ecoitaliano.com.ar\/index.php?rest_route=%2Fwp%2Fv2%2Fmedia&parent=81156"}],"wp:term":[{"taxonomy":"category","embeddable":true,"href":"https:\/\/www.ecoitaliano.com.ar\/index.php?rest_route=%2Fwp%2Fv2%2Fcategories&post=81156"},{"taxonomy":"post_tag","embeddable":true,"href":"https:\/\/www.ecoitaliano.com.ar\/index.php?rest_route=%2Fwp%2Fv2%2Ftags&post=81156"}],"curies":[{"name":"wp","href":"https:\/\/api.w.org\/{rel}","templated":true}]}}