{"id":81279,"date":"2025-10-27T09:33:39","date_gmt":"2025-10-27T09:33:39","guid":{"rendered":"https:\/\/www.ecoitaliano.com.ar\/?p=81279"},"modified":"2025-10-27T09:34:07","modified_gmt":"2025-10-27T09:34:07","slug":"lassenza-di-una-classe-dirigente-competente-e-imparziale-nel-nostro-paese","status":"publish","type":"post","link":"https:\/\/www.ecoitaliano.com.ar\/?p=81279","title":{"rendered":"L\u2019ASSENZA DI UNA CLASSE DIRIGENTE COMPETENTE E IMPARZIALE NEL NOSTRO PAESE"},"content":{"rendered":"\n<p><br><em>Angela Casilli<\/em><\/p>\n\n\n<div class=\"wp-block-image\">\n<figure class=\"aligncenter size-large is-resized\"><a href=\"http:\/\/www.ecoitaliano.com.ar\/wp-content\/uploads\/2025\/10\/Angela-Casilli-1.jpg\"><img decoding=\"async\" width=\"818\" height=\"1024\" src=\"http:\/\/www.ecoitaliano.com.ar\/wp-content\/uploads\/2025\/10\/Angela-Casilli-1-818x1024.jpg\" alt=\"\" class=\"wp-image-81280\" style=\"width:258px;height:auto\" srcset=\"https:\/\/www.ecoitaliano.com.ar\/wp-content\/uploads\/2025\/10\/Angela-Casilli-1-818x1024.jpg 818w, https:\/\/www.ecoitaliano.com.ar\/wp-content\/uploads\/2025\/10\/Angela-Casilli-1-240x300.jpg 240w, https:\/\/www.ecoitaliano.com.ar\/wp-content\/uploads\/2025\/10\/Angela-Casilli-1-768x962.jpg 768w, https:\/\/www.ecoitaliano.com.ar\/wp-content\/uploads\/2025\/10\/Angela-Casilli-1-120x150.jpg 120w, https:\/\/www.ecoitaliano.com.ar\/wp-content\/uploads\/2025\/10\/Angela-Casilli-1.jpg 1094w\" sizes=\"(max-width: 818px) 100vw, 818px\" \/><\/a><\/figure><\/div>\n\n\n<p>La Destra, al governo del nostro Paese da tre anni, viene sempre pi\u00f9 spesso rimproverata di non avere una classe dirigente capace e competente, all\u2019altezza del suo ruolo che \u00e8 quello di dirigere lo Stato nelle sue varie articolazioni, dai ministeri agli enti, alle istituzioni, ai circoli culturali.<\/p>\n\n\n\n<p>E\u2019 un rimprovero che, anche se velato, risponde alla verit\u00e0, specialmente se, per mancanza di una classe dirigente, si intende da un lato l\u2019alta dirigenza dello Stato, delle magistrature, della sfera pubblica e, dall\u2019altro, l\u2019incapacit\u00e0 di essere presente sulla scena mediatica, culturale e accademica del Paese, come una delle voci pi\u00f9 significative ed ascoltate della societ\u00e0 civile.<\/p>\n\n\n\n<p>C\u2019\u00e8 per\u00f2 da porsi la domanda se una tale situazione pi\u00f9 che essere o apparire un deficit della Destra oggi al governo, certamente esistente, non sia invece indicatore di qualcos\u2019altro, e cio\u00e8 della mancanza, da sempre, in Italia di una vera classe dirigente.<\/p>\n\n\n\n<p>Il nostro \u00e8 un Paese che, ancora oggi, stenta ad avere una memoria condivisa, valori comuni, interessi nazionali, forse perch\u00e9 da noi quello che conta \u00e8 l\u2019appartenenza politica-ideologica che serve a definire l\u2019identit\u00e0 individuale e la politica che, nel passato come anche oggi, ha un potere cos\u00ec enorme nel disporre di risorse, impieghi e carriere, da impedire che possa esserci una vera classe dirigente.<\/p>\n\n\n\n<p>Questa pu\u00f2 esserci solo se una societ\u00e0 si riconosce in un insieme di valori comuni, a prescindere dal proprio credo politico e se, a sua volta, la politica, quella decisa dai partiti, pone un limite alla propria invadenza, accettando di tenersi a debita distanza da alcuni ambiti che non sono i suoi, dimostrando cos\u00ec di apprezzare il valore della capacit\u00e0 e della competenza e non solo quello dell\u2019appartenenza ad un partito o della scelta elettorale fatta.<\/p>\n\n\n\n<p>La nostra Repubblica, proclamata circa ottant\u2019anni fa, non \u00e8 ancora riuscita a derubricare i nodi storici che l\u2019hanno vista nascere. Il nostro \u00e8 un \u201c<em>passato che non passa<\/em>\u201d che, anzi, si ripresenta puntualmente ad ogni cambio di governo, impedendo la formazione di una classe dirigente lontana dalla politica, favorendo, invece, la nascita di una classe dirigente modellata interamente sulla politica del momento.<\/p>\n\n\n\n<p><a><\/a> La politica del nostro Paese, a partire dagli anni Settanta, si \u00e8 nella sua grande maggioranza riconosciuta nel cosiddetto \u201darco costituzionale\u201d, con l\u2019esplicita esclusione della Destra e la sua classe dirigente ha seguito l\u2019ideologia espressa dai vari governi, i quali non hanno capito o voluto capire che nel nostro Paese \u00e8 necessario, come non mai, un gruppo dirigente competente e imparziale, in grado di apprezzare il merito e superare i condizionamenti di parte che dominano largamente la politica e impediscono in tal modo qualsiasi salto di qualit\u00e0.<\/p>\n\n\n\n<p><em><strong>Tutte l\u2019opinioni versati nel sito correspondono solo a chi la manifesta. Non e necessariamente l\u2019opinione della Direzione<\/strong><\/em><\/p>\n","protected":false},"excerpt":{"rendered":"<p>Angela Casilli La Destra, al governo del nostro Paese da tre anni, viene sempre pi\u00f9 spesso rimproverata di non avere [&hellip;]<\/p>\n","protected":false},"author":1,"featured_media":0,"comment_status":"open","ping_status":"open","sticky":false,"template":"","format":"standard","meta":{"footnotes":""},"categories":[10,35],"tags":[],"class_list":["post-81279","post","type-post","status-publish","format-standard","hentry","category-italiano","category-opiniones"],"_links":{"self":[{"href":"https:\/\/www.ecoitaliano.com.ar\/index.php?rest_route=\/wp\/v2\/posts\/81279","targetHints":{"allow":["GET"]}}],"collection":[{"href":"https:\/\/www.ecoitaliano.com.ar\/index.php?rest_route=\/wp\/v2\/posts"}],"about":[{"href":"https:\/\/www.ecoitaliano.com.ar\/index.php?rest_route=\/wp\/v2\/types\/post"}],"author":[{"embeddable":true,"href":"https:\/\/www.ecoitaliano.com.ar\/index.php?rest_route=\/wp\/v2\/users\/1"}],"replies":[{"embeddable":true,"href":"https:\/\/www.ecoitaliano.com.ar\/index.php?rest_route=%2Fwp%2Fv2%2Fcomments&post=81279"}],"version-history":[{"count":1,"href":"https:\/\/www.ecoitaliano.com.ar\/index.php?rest_route=\/wp\/v2\/posts\/81279\/revisions"}],"predecessor-version":[{"id":81281,"href":"https:\/\/www.ecoitaliano.com.ar\/index.php?rest_route=\/wp\/v2\/posts\/81279\/revisions\/81281"}],"wp:attachment":[{"href":"https:\/\/www.ecoitaliano.com.ar\/index.php?rest_route=%2Fwp%2Fv2%2Fmedia&parent=81279"}],"wp:term":[{"taxonomy":"category","embeddable":true,"href":"https:\/\/www.ecoitaliano.com.ar\/index.php?rest_route=%2Fwp%2Fv2%2Fcategories&post=81279"},{"taxonomy":"post_tag","embeddable":true,"href":"https:\/\/www.ecoitaliano.com.ar\/index.php?rest_route=%2Fwp%2Fv2%2Ftags&post=81279"}],"curies":[{"name":"wp","href":"https:\/\/api.w.org\/{rel}","templated":true}]}}