{"id":81287,"date":"2025-10-27T10:25:34","date_gmt":"2025-10-27T10:25:34","guid":{"rendered":"https:\/\/www.ecoitaliano.com.ar\/?p=81287"},"modified":"2025-10-27T10:25:57","modified_gmt":"2025-10-27T10:25:57","slug":"quando-la-raccolta-dei-rifiuti-fa-acqua-a-massa","status":"publish","type":"post","link":"https:\/\/www.ecoitaliano.com.ar\/?p=81287","title":{"rendered":"Quando la raccolta dei rifiuti fa acqua a Massa"},"content":{"rendered":"<div class=\"wp-block-image\">\n<figure class=\"aligncenter size-large is-resized\"><a href=\"http:\/\/www.ecoitaliano.com.ar\/wp-content\/uploads\/2025\/10\/dan-gio.jpg\"><img decoding=\"async\" width=\"1024\" height=\"672\" src=\"http:\/\/www.ecoitaliano.com.ar\/wp-content\/uploads\/2025\/10\/dan-gio-1024x672.jpg\" alt=\"\" class=\"wp-image-81288\" style=\"width:362px;height:auto\" srcset=\"https:\/\/www.ecoitaliano.com.ar\/wp-content\/uploads\/2025\/10\/dan-gio-1024x672.jpg 1024w, https:\/\/www.ecoitaliano.com.ar\/wp-content\/uploads\/2025\/10\/dan-gio-300x197.jpg 300w, https:\/\/www.ecoitaliano.com.ar\/wp-content\/uploads\/2025\/10\/dan-gio-768x504.jpg 768w, https:\/\/www.ecoitaliano.com.ar\/wp-content\/uploads\/2025\/10\/dan-gio-150x98.jpg 150w, https:\/\/www.ecoitaliano.com.ar\/wp-content\/uploads\/2025\/10\/dan-gio.jpg 1284w\" sizes=\"(max-width: 1024px) 100vw, 1024px\" \/><\/a><\/figure><\/div>\n\n\n<p>Massa \u2014 Quartieri che si risvegliano con decine di sacchi non ritirati, marciapiedi costellati da rifiuti abbandonati, telefonate al numero verde che si moltiplicano: il servizio di raccolta dei rifiuti, gestito da ASMIU s.r.l., sta attraversando una fase critica.<\/p>\n\n\n\n<p>Le segnalazioni giunte ai consiglieri Tarantino e Santi, provenienti da zone centrali e periferiche, raccontano la stessa scena: \u201csono giorni che i sacchi rimangono fuori e gli odori si fanno sentire\u201d, afferma un residente del lungomare. Il malcontento si diffonde tra cittadini, operatori e anche nel mondo politico. Secondo alcune fonti, all\u2019origine del disservizio ci sarebbero pi\u00f9 cause, che richiedono un\u2019approfondita indagine.<\/p>\n\n\n\n<p>Gli effetti non sono soltanto estetici: l\u2019accumulo dei rifiuti aumenta il rischio igienico-sanitario. Le attivit\u00e0 commerciali situate nelle aree pi\u00f9 colpite lamentano difficolt\u00e0: \u201cogni mattina troviamo gi\u00e0 i contenitori pieni o sacchi lasciati fuori orario\u201d, racconta un commerciante. Ci\u00f2 comporta un doppio sforzo, tra pulizia e ricerca di soluzioni temporanee, oltre a un evidente danno per l\u2019immagine della citt\u00e0.<\/p>\n\n\n\n<p>Massa non pu\u00f2 permettersi che un servizio essenziale come la raccolta dei rifiuti venga travolto dal malcontento. \u00c8 un diritto dei cittadini vivere in una citt\u00e0 pulita, decorosa e funzionante. Allo stesso tempo, ASMIU e Comune devono dimostrare che stanno intervenendo in modo concreto, senza lasciare la comunit\u00e0 in bal\u00eca dell\u2019accumulo di sacchi e materiali abbandonati.<\/p>\n\n\n\n<p>Se il cambiamento \u00e8 complesso, il silenzio e l\u2019inerzia sono inaccettabili. \u00c8 il momento di affrontare la questione con decisione, comunicazione e responsabilit\u00e0.<\/p>\n\n\n\n<blockquote class=\"wp-block-quote is-layout-flow wp-block-quote-is-layout-flow\">\n<p>Tara comunicazione&nbsp;<\/p>\n<\/blockquote>\n","protected":false},"excerpt":{"rendered":"<p>Massa \u2014 Quartieri che si risvegliano con decine di sacchi non ritirati, marciapiedi costellati da rifiuti abbandonati, telefonate al numero [&hellip;]<\/p>\n","protected":false},"author":1,"featured_media":0,"comment_status":"open","ping_status":"open","sticky":false,"template":"","format":"standard","meta":{"footnotes":""},"categories":[10,5],"tags":[],"class_list":["post-81287","post","type-post","status-publish","format-standard","hentry","category-italiano","category-politica"],"_links":{"self":[{"href":"https:\/\/www.ecoitaliano.com.ar\/index.php?rest_route=\/wp\/v2\/posts\/81287","targetHints":{"allow":["GET"]}}],"collection":[{"href":"https:\/\/www.ecoitaliano.com.ar\/index.php?rest_route=\/wp\/v2\/posts"}],"about":[{"href":"https:\/\/www.ecoitaliano.com.ar\/index.php?rest_route=\/wp\/v2\/types\/post"}],"author":[{"embeddable":true,"href":"https:\/\/www.ecoitaliano.com.ar\/index.php?rest_route=\/wp\/v2\/users\/1"}],"replies":[{"embeddable":true,"href":"https:\/\/www.ecoitaliano.com.ar\/index.php?rest_route=%2Fwp%2Fv2%2Fcomments&post=81287"}],"version-history":[{"count":1,"href":"https:\/\/www.ecoitaliano.com.ar\/index.php?rest_route=\/wp\/v2\/posts\/81287\/revisions"}],"predecessor-version":[{"id":81289,"href":"https:\/\/www.ecoitaliano.com.ar\/index.php?rest_route=\/wp\/v2\/posts\/81287\/revisions\/81289"}],"wp:attachment":[{"href":"https:\/\/www.ecoitaliano.com.ar\/index.php?rest_route=%2Fwp%2Fv2%2Fmedia&parent=81287"}],"wp:term":[{"taxonomy":"category","embeddable":true,"href":"https:\/\/www.ecoitaliano.com.ar\/index.php?rest_route=%2Fwp%2Fv2%2Fcategories&post=81287"},{"taxonomy":"post_tag","embeddable":true,"href":"https:\/\/www.ecoitaliano.com.ar\/index.php?rest_route=%2Fwp%2Fv2%2Ftags&post=81287"}],"curies":[{"name":"wp","href":"https:\/\/api.w.org\/{rel}","templated":true}]}}