{"id":81290,"date":"2025-10-27T13:07:25","date_gmt":"2025-10-27T13:07:25","guid":{"rendered":"https:\/\/www.ecoitaliano.com.ar\/?p=81290"},"modified":"2025-10-27T13:07:42","modified_gmt":"2025-10-27T13:07:42","slug":"fondazione-time2-al-fra-consultation-meeting-on-violence-against-persons-with-disabilities-in-institutions","status":"publish","type":"post","link":"https:\/\/www.ecoitaliano.com.ar\/?p=81290","title":{"rendered":"Fondazione Time2 al FRA Consultation Meeting on Violence against Persons with Disabilities in Institutions"},"content":{"rendered":"\n<figure class=\"wp-block-table\"><table class=\"has-fixed-layout\"><tbody><tr><td>Fondazione Time2 al FRA Consultation Meeting on Violence against Persons with Disabilities in unica realt\u00e0 italiana non istituzionale presente al tavolo europeo<img decoding=\"async\" width=\"600\" src=\"https:\/\/ci3.googleusercontent.com\/meips\/ADKq_NbJWXwytSpGm6ccH8uWujB-VUA0CBkmQE2gjudBZ1fZlIFLcX4AkLfA28hI0iz3d9NYJvGMEYq_BNd8wfVSg4_d0M_nNwr35g9BNUoCf15dDkifKcSvKWqVHO64XUrpB02gaSxvHjqhSj4x4q78Msp8nQ=s0-d-e1-ft#https:\/\/gbfa4.img.a.d.sendibm1.com\/im\/sh\/JiQznFz5g22K.jpeg?u=7xwQLFBtniwQn1M7ZYW8IhiFwEavAM5\"><br><strong>Fondazione Time2<\/strong>, nella persona del suo<strong>\u00a0Segretario Generale Samuele Pigoni<\/strong>, ha partecipato al\u00a0<em><strong>FRA Consultation Meeting on Violence against Persons with Disabilities in Institutions<\/strong><\/em>, svoltosi il 21 e 22 ottobre a Vienna presso l\u2019Agenzia dell\u2019Unione Europea per i Diritti Fondamentali (FRA).\u00a0<strong>Fondazione Time2 \u00e8 stata l\u2019unica realt\u00e0 italiana non istituzionale invitata a prendere parte ai lavori del meeting,\u00a0<\/strong>che ha riunito 30 esperti provenienti da 25 Paesi europei in occasione della presentazione del nuovo\u00a0<em>FRA Report<\/em>\u00a0dedicato alla violenza contro le persone con disabilit\u00e0 nelle istituzioni.\u00a0<strong>Durante il confronto sono state delineate raccomandazioni politiche e azioni concrete di prevenzione, protezione e risposta alla violenza, sottolineando l\u2019importanza di rafforzare la partecipazione diretta delle persone con disabilit\u00e0 nei processi decisionali che le riguardano.<\/strong>\u00a0\u201c\u00c8 stato un onore portare la voce e l\u2019esperienza di Fondazione Time2 in un contesto europeo di cos\u00ec alto profilo,\u201d\u00a0<strong>ha dichiarato Samuele Pigoni.<\/strong>\u00a0\u201cIl lavoro di\u00a0<em>self advocacy<\/em>, grazie al quale le persone con disabilit\u00e0 rappresentano se stesse e partecipano attivamente alla vita pubblica, \u00e8 stato riconosciuto come uno strumento fondamentale per prevenire ogni forma di abuso o segregazione. \u00c8 in questa direzione che operiamo ogni giorno, promuovendo l\u2019autodeterminazione come diritto, come leva di libert\u00e0 e di autoprotezione.\u201d\u00a0<strong>Pigoni ha inoltre evidenziato come l\u2019Italia, presente al tavolo anche con il Ministero per le Disabilit\u00e0, stia facendo passi avanti significativi grazie alla recente legge di riforma<\/strong>\u00a0che pone al centro il progetto di vita personalizzato e partecipato e istituisce la figura del Garante nazionale dei diritti delle persone con disabilit\u00e0 &#8211; un passo in linea con le raccomandazioni del FRA e con l\u2019obiettivo di un\u2019Europa pi\u00f9 giusta e inclusiva.\u00a0<strong>Con la partecipazione al Consultation Meeting, Fondazione Time2 conferma il proprio impegno nel promuovere diritti e partecipazione<\/strong>, contribuendo al dibattito europeo per la tutela dell\u2019autodeterminazione delle persone con disabilit\u00e0.<br>\u00a0Silvia BellucciUfficio stampa Fondazione Time2+39 3461561637<\/td><\/tr><\/tbody><\/table><\/figure>\n","protected":false},"excerpt":{"rendered":"<p>Fondazione Time2 al FRA Consultation Meeting on Violence against Persons with Disabilities in unica realt\u00e0 italiana non istituzionale presente al [&hellip;]<\/p>\n","protected":false},"author":1,"featured_media":0,"comment_status":"open","ping_status":"open","sticky":false,"template":"","format":"standard","meta":{"footnotes":""},"categories":[10,49],"tags":[],"class_list":["post-81290","post","type-post","status-publish","format-standard","hentry","category-italiano","category-salud"],"_links":{"self":[{"href":"https:\/\/www.ecoitaliano.com.ar\/index.php?rest_route=\/wp\/v2\/posts\/81290","targetHints":{"allow":["GET"]}}],"collection":[{"href":"https:\/\/www.ecoitaliano.com.ar\/index.php?rest_route=\/wp\/v2\/posts"}],"about":[{"href":"https:\/\/www.ecoitaliano.com.ar\/index.php?rest_route=\/wp\/v2\/types\/post"}],"author":[{"embeddable":true,"href":"https:\/\/www.ecoitaliano.com.ar\/index.php?rest_route=\/wp\/v2\/users\/1"}],"replies":[{"embeddable":true,"href":"https:\/\/www.ecoitaliano.com.ar\/index.php?rest_route=%2Fwp%2Fv2%2Fcomments&post=81290"}],"version-history":[{"count":1,"href":"https:\/\/www.ecoitaliano.com.ar\/index.php?rest_route=\/wp\/v2\/posts\/81290\/revisions"}],"predecessor-version":[{"id":81291,"href":"https:\/\/www.ecoitaliano.com.ar\/index.php?rest_route=\/wp\/v2\/posts\/81290\/revisions\/81291"}],"wp:attachment":[{"href":"https:\/\/www.ecoitaliano.com.ar\/index.php?rest_route=%2Fwp%2Fv2%2Fmedia&parent=81290"}],"wp:term":[{"taxonomy":"category","embeddable":true,"href":"https:\/\/www.ecoitaliano.com.ar\/index.php?rest_route=%2Fwp%2Fv2%2Fcategories&post=81290"},{"taxonomy":"post_tag","embeddable":true,"href":"https:\/\/www.ecoitaliano.com.ar\/index.php?rest_route=%2Fwp%2Fv2%2Ftags&post=81290"}],"curies":[{"name":"wp","href":"https:\/\/api.w.org\/{rel}","templated":true}]}}