{"id":81299,"date":"2025-10-28T09:23:42","date_gmt":"2025-10-28T09:23:42","guid":{"rendered":"https:\/\/www.ecoitaliano.com.ar\/?p=81299"},"modified":"2025-10-28T09:24:00","modified_gmt":"2025-10-28T09:24:00","slug":"i-cento-anni-dalla-nascita-di-andrea-camilleri","status":"publish","type":"post","link":"https:\/\/www.ecoitaliano.com.ar\/?p=81299","title":{"rendered":"I cento anni dalla nascita di Andrea Camilleri"},"content":{"rendered":"\n<figure class=\"wp-block-gallery has-nested-images columns-default is-cropped wp-block-gallery-1 is-layout-flex wp-block-gallery-is-layout-flex\">\n<figure class=\"wp-block-image size-large\"><a href=\"https:\/\/www.ecoitaliano.com.ar\/wp-content\/uploads\/2025\/10\/Guadagnuolo-ricorda-il-2-novembre-giorno-dei-defunti_-la-Sicilia-di-Camilleri-Sciascia-e-Bufalino-dimora-di-memorie-e-dialogo.jpg\"><img decoding=\"async\" width=\"635\" height=\"1024\" data-id=\"81300\" src=\"https:\/\/www.ecoitaliano.com.ar\/wp-content\/uploads\/2025\/10\/Guadagnuolo-ricorda-il-2-novembre-giorno-dei-defunti_-la-Sicilia-di-Camilleri-Sciascia-e-Bufalino-dimora-di-memorie-e-dialogo.jpg\" alt=\"\" class=\"wp-image-81300\" srcset=\"https:\/\/www.ecoitaliano.com.ar\/wp-content\/uploads\/2025\/10\/Guadagnuolo-ricorda-il-2-novembre-giorno-dei-defunti_-la-Sicilia-di-Camilleri-Sciascia-e-Bufalino-dimora-di-memorie-e-dialogo.jpg 635w, https:\/\/www.ecoitaliano.com.ar\/wp-content\/uploads\/2025\/10\/Guadagnuolo-ricorda-il-2-novembre-giorno-dei-defunti_-la-Sicilia-di-Camilleri-Sciascia-e-Bufalino-dimora-di-memorie-e-dialogo-186x300.jpg 186w, https:\/\/www.ecoitaliano.com.ar\/wp-content\/uploads\/2025\/10\/Guadagnuolo-ricorda-il-2-novembre-giorno-dei-defunti_-la-Sicilia-di-Camilleri-Sciascia-e-Bufalino-dimora-di-memorie-e-dialogo-93x150.jpg 93w\" sizes=\"(max-width: 635px) 100vw, 635px\" \/><\/a><\/figure>\n\n\n\n<figure class=\"wp-block-image size-large\"><a href=\"https:\/\/www.ecoitaliano.com.ar\/wp-content\/uploads\/2025\/10\/Francesco-Guadagnuolo.jpg\"><img decoding=\"async\" width=\"625\" height=\"919\" data-id=\"81301\" src=\"https:\/\/www.ecoitaliano.com.ar\/wp-content\/uploads\/2025\/10\/Francesco-Guadagnuolo.jpg\" alt=\"\" class=\"wp-image-81301\" srcset=\"https:\/\/www.ecoitaliano.com.ar\/wp-content\/uploads\/2025\/10\/Francesco-Guadagnuolo.jpg 625w, https:\/\/www.ecoitaliano.com.ar\/wp-content\/uploads\/2025\/10\/Francesco-Guadagnuolo-204x300.jpg 204w, https:\/\/www.ecoitaliano.com.ar\/wp-content\/uploads\/2025\/10\/Francesco-Guadagnuolo-102x150.jpg 102w\" sizes=\"(max-width: 625px) 100vw, 625px\" \/><\/a><\/figure>\n<\/figure>\n\n\n\n<p><em><strong>Guadagnuolo ricorda il 2 novembre giorno dei defunti; la Sicilia di Camilleri, Sciascia e Bufalino, dimora di memorie e dialogo<\/strong><\/em><\/p>\n\n\n\n<p>Francesco Guadagnuolo compone un\u2019opera transrealista che funziona come dispositivo di memoria scenografica: non \u00e8 solo rappresentazione, \u00e8 invito alla conversazione tra immagini e parole. Il quadro non si limita a ritrarre tre grandi scrittori, lo spazio diventa corpo narrante e la tela un teatro in cui il tempo si arresta il 2 novembre per rimettere insieme assenze e presenze.<\/p>\n\n\n\n<p>Una tela che mette in scena un incontro impossibile eppure verosimile. La sua opera convoca tre voci siciliane &#8211; Andrea Camilleri, Leonardo Sciascia e Gesualdo Bufalino &#8211; e le dispone come se fossero ospiti su una scalinata che guarda una piazza e un cancello di camposanto. I luoghi evocati non sono copie topografiche ma segni metaforici: la scalinata \u00e8 memoria che sale, il cancello \u00e8 soglia tra il detto e il taciuto, la piazza e la lunga strada attorno sono il teatro civile, dove si misura il valore della memoria. Ovunque crisantemi e altri fiori attendono con pazienza. Guadagnuolo offre cos\u00ec non soltanto un ritratto di tre autori ma un dispositivo drammatico in cui i ricordi trovano casa il 2 novembre.<\/p>\n\n\n\n<p>Parlano del 2 Novembre come di un rito di pane e memoria, di parenti invisibili che tornano a sedersi al tavolo della casa. Andrea ricorda il gusto del vino amaro e della risata che ferma il cuore, Leonardo conta i silenzi come si contano le pietre nei muri, Bufalino porta nel taschino una nota di lampada e di perdono.<\/p>\n\n\n\n<p>Quando il dialogo sfiora la pelle della sera, i ricordi trovano casa: non pi\u00f9 eco, non pi\u00f9 nome disperso. Rimangono i fiori, la polvere, la pietra calda degli anni, e il quadro tace come chi ha ascoltato abbastanza per capire.<\/p>\n\n\n\n<p>Sulla tela rimane il passo di tre ombre allineate, la promessa che ogni addio pu\u00f2 riposare nella festa dei morti. E chi guarda trattiene il suo pianto come si trattiene un ramoscello, sapendo che lontano, sulla scalinata, qualcuno sta ancora parlando.<\/p>\n\n\n\n<p><strong>Analisi formale<\/strong><\/p>\n\n\n\n<p>La costruzione spaziale dell\u2019opera transrealista privilegia la profondit\u00e0 prospettica della scalinata e la frontalit\u00e0 della piazza, creando un gioco di piani che guida lo sguardo dal particolare al collettivo. La tavolozza privilegia toni terrosi e accenti floralmente freddi: i crisantemi emergono come punti luce che spezzano l\u2019omogeneit\u00e0 della terra e richiamano la cura e il lutto. Il gesto pittorico \u00e8 misurato, tra realismo e metafora, con una tessitura che lascia intravedere la materia della pittura senza mai tradire la semplicit\u00e0 della scena.<\/p>\n\n\n\n<p><strong>Iconografia e simbolismo<\/strong><\/p>\n\n\n\n<p>La scalinata agisce come <strong>metafora verticale della memoria<\/strong>, un salire che \u00e8 insieme accumulo e stratificazione di ricordi. Il cancello del camposanto \u00e8 soglia e limite, portale che separa la conversazione domestica dal silenzio irrimediabile della morte. La piazza amplia la scena al sociale: la memoria qui non \u00e8 rintocco privato ma atto collettivo. I fiori, soprattutto i crisantemi, non soltanto decorano ma testimoniano cura, rituale e il tempo della rimembranza.<\/p>\n\n\n\n<p><strong>Voce narrativa e drammaturgia<\/strong><\/p>\n\n\n\n<p>Guadagnuolo organizza la tela come dialogo scenico: i tre autori diventano figure-dialoganti pi\u00f9 che ritratti. Andr\u00e9a Camilleri, Leonardo Sciascia e Gesualdo Bufalino sono marcatori di voci letterarie che si sovrappongono senza perdere identit\u00e0, permettendo alla memoria di farsi pluralit\u00e0 critica. La scena suggerisce un equilibrio tra narrazione consolatoria e sguardo analitico: la piet\u00e0 conviviale coesiste con l\u2019esigenza di verit\u00e0 pubblica.<\/p>\n\n\n\n<p><strong>Andrea Camilleri:<\/strong> Questa scalinata sa di sale e di parole lasciate a met\u00e0. Il 2 novembre si siede qui la gente e rimbalza i ricordi come palline nel vicolo.<\/p>\n\n\n\n<p><strong>Leonardo Sciascia:<\/strong> La scalinata misura l\u2019ordine delle cose. Qui la memoria diventa processo pubblico. Le assenze vengono pesate, non solo ricordate.<\/p>\n\n\n\n<p><strong>Gesualdo Bufalino:<\/strong> I fiori non verbalizzano giudizi. I crisantemi dicono soltanto che qualcosa \u00e8 stato voluto bene e poi lasciato andare.<\/p>\n\n\n\n<p><strong>Andrea:<\/strong> Si parla tanto, questa sera. Si raccontano aneddoti che rassicurano e qualche colpa che si nasconde sotto il tovagliolo. La festa \u00e8 insieme consolazione ed espiazione.<\/p>\n\n\n\n<p><strong>Sciascia:<\/strong> Attento alle consolazioni che nascondono interessi. In Sicilia la memoria viene spesso piegata per tenere insieme poteri e famiglie. Raccontare pu\u00f2 significare anche omettere.<\/p>\n\n\n\n<p><strong>Bufalino:<\/strong> Eppure la piet\u00e0 \u00e8 un gesto semplice. Mettere un piatto in pi\u00f9, lasciare una sedia vuota: sono voti senza retorica che mantengono vivi i nomi.<\/p>\n\n\n\n<p><strong>Andrea:<\/strong> Il cancello del camposanto oggi si apre piano. Dentro ci sono storie che sembrano sussurrare. Fuori il mercato \u00e8 indifferente, ma dentro la voce si fa verit\u00e0.<\/p>\n\n\n\n<p><strong>Sciascia:<\/strong> La verit\u00e0 richiede coraggio. Separare il racconto comodo dal fatto \u00e8 un dovere morale, non solo letterario.<\/p>\n\n\n\n<p><strong>Bufalino:<\/strong> Io dico che bisogna ascoltare con piet\u00e0. Ci sono ricordi che non chiedono ragioni, solo un posto dove posare la fatica dell\u2019addio.<\/p>\n\n\n\n<p><strong>Andrea:<\/strong> Raccontiamo allora. Raccontiamo con voce bassa come si confida ad un vecchio amico, perch\u00e9 il pianto non si perda nella piazza.<\/p>\n\n\n\n<p><strong>Sciascia:<\/strong> Raccontiamo con ordine, senza lasciarci ingannare dalle storie facili.<\/p>\n\n\n\n<p><strong>Bufalino:<\/strong> Raccontiamo con tenerezza, perch\u00e9 ogni ricordo \u00e8 una piccola ferita che cerca riparo.<\/p>\n\n\n\n<p><strong>Andrea:<\/strong> Quando il dialogo svanisce, la piazza resta piena di fiori. I gradini conservano i segni delle parole dette. Domani altri verranno e le storie continueranno a trovare casa.<\/p>\n\n\n\n<p><strong>Lettura emotiva e civile<\/strong><\/p>\n\n\n\n<p>L\u2019opera transrealista di Guadagnuolo funziona su due registri: intimo ed etico. Sul piano emotivo produce quella quieta commozione che si prova davanti ai riti che mantengono vivi i nomi; sul piano civile sollecita la responsabilit\u00e0 del ricordare in pubblico. Guadagnuolo non edulcora la memoria, non la mitizza: la mostra come compito, gesto quotidiano e politico insieme.<\/p>\n\n\n\n<p><strong>Conclusione<\/strong><\/p>\n\n\n\n<p>Il quadro \u00e8 un atto di mediazione tra l\u2019assenza e la comunit\u00e0 che la ospita, un invito a sedersi sulla scalinata della memoria per ascoltare e interrogare. <strong>Francesco Guadagnuolo<\/strong> consegna cos\u00ec un\u2019opera che \u00e8 insieme rito pittorico e riflessione civile, capace di trasformare il 2 novembre in tempo di presenza e responsabilit\u00e0.<\/p>\n","protected":false},"excerpt":{"rendered":"<p>Guadagnuolo ricorda il 2 novembre giorno dei defunti; la Sicilia di Camilleri, Sciascia e Bufalino, dimora di memorie e dialogo [&hellip;]<\/p>\n","protected":false},"author":1,"featured_media":0,"comment_status":"open","ping_status":"open","sticky":false,"template":"","format":"standard","meta":{"footnotes":""},"categories":[10,22],"tags":[],"class_list":["post-81299","post","type-post","status-publish","format-standard","hentry","category-italiano","category-libros-y-revistas-literatura"],"_links":{"self":[{"href":"https:\/\/www.ecoitaliano.com.ar\/index.php?rest_route=\/wp\/v2\/posts\/81299","targetHints":{"allow":["GET"]}}],"collection":[{"href":"https:\/\/www.ecoitaliano.com.ar\/index.php?rest_route=\/wp\/v2\/posts"}],"about":[{"href":"https:\/\/www.ecoitaliano.com.ar\/index.php?rest_route=\/wp\/v2\/types\/post"}],"author":[{"embeddable":true,"href":"https:\/\/www.ecoitaliano.com.ar\/index.php?rest_route=\/wp\/v2\/users\/1"}],"replies":[{"embeddable":true,"href":"https:\/\/www.ecoitaliano.com.ar\/index.php?rest_route=%2Fwp%2Fv2%2Fcomments&post=81299"}],"version-history":[{"count":1,"href":"https:\/\/www.ecoitaliano.com.ar\/index.php?rest_route=\/wp\/v2\/posts\/81299\/revisions"}],"predecessor-version":[{"id":81302,"href":"https:\/\/www.ecoitaliano.com.ar\/index.php?rest_route=\/wp\/v2\/posts\/81299\/revisions\/81302"}],"wp:attachment":[{"href":"https:\/\/www.ecoitaliano.com.ar\/index.php?rest_route=%2Fwp%2Fv2%2Fmedia&parent=81299"}],"wp:term":[{"taxonomy":"category","embeddable":true,"href":"https:\/\/www.ecoitaliano.com.ar\/index.php?rest_route=%2Fwp%2Fv2%2Fcategories&post=81299"},{"taxonomy":"post_tag","embeddable":true,"href":"https:\/\/www.ecoitaliano.com.ar\/index.php?rest_route=%2Fwp%2Fv2%2Ftags&post=81299"}],"curies":[{"name":"wp","href":"https:\/\/api.w.org\/{rel}","templated":true}]}}