{"id":81311,"date":"2025-10-28T12:55:03","date_gmt":"2025-10-28T12:55:03","guid":{"rendered":"https:\/\/www.ecoitaliano.com.ar\/?p=81311"},"modified":"2025-10-28T12:55:24","modified_gmt":"2025-10-28T12:55:24","slug":"il-paese-che-dimentica-tra-giustizia-memoria-e-la-lunga-ombra-dellindifferenza","status":"publish","type":"post","link":"https:\/\/www.ecoitaliano.com.ar\/?p=81311","title":{"rendered":"Il Paese che dimentica: tra giustizia, memoria e la lunga ombra dell\u2019indifferenza"},"content":{"rendered":"\n<figure class=\"wp-block-table alignleft\"><table class=\"has-fixed-layout\"><tbody><tr><td><em>Carlo Di Stanislao<\/em><\/td><\/tr><\/tbody><\/table><\/figure>\n\n\n\n<figure class=\"wp-block-image size-full\"><a href=\"http:\/\/www.ecoitaliano.com.ar\/wp-content\/uploads\/2025\/10\/descarga-7.jpeg\"><img decoding=\"async\" width=\"225\" height=\"225\" src=\"http:\/\/www.ecoitaliano.com.ar\/wp-content\/uploads\/2025\/10\/descarga-7.jpeg\" alt=\"\" class=\"wp-image-81312\" srcset=\"https:\/\/www.ecoitaliano.com.ar\/wp-content\/uploads\/2025\/10\/descarga-7.jpeg 225w, https:\/\/www.ecoitaliano.com.ar\/wp-content\/uploads\/2025\/10\/descarga-7-150x150.jpeg 150w\" sizes=\"(max-width: 225px) 100vw, 225px\" \/><\/a><\/figure>\n\n\n\n<p><em>\u00abIl sonno della ragione genera mostri.\u00bb \u2014 Francisco Goya<\/em><\/p>\n\n\n\n<p>C\u2019\u00e8 un&nbsp;<strong>malessere sottile<\/strong>, quasi impercettibile, che attraversa l\u2019Italia come una corrente sotterranea. Lo si avverte nei silenzi, negli occhi bassi, nelle frasi fatte che servono a chiudere ogni discorso:&nbsp;<em>\u201cTanto \u00e8 sempre stato cos\u00ec\u201d<\/em>. \u00c8 la&nbsp;<strong>rassegnazione<\/strong>, la vera malattia civile del nostro tempo.<br>Non esplode mai, ma consuma tutto: la fiducia, la memoria, la speranza.<\/p>\n\n\n\n<p>Viviamo in un Paese che&nbsp;<strong>ha smesso di indignarsi con coerenza<\/strong>&nbsp;e di ricordare con responsabilit\u00e0. La giustizia \u00e8 diventata un talk show, la politica un esercizio di sopravvivenza, la cultura un sottofondo decorativo. In mezzo, la coscienza collettiva si assopisce, anestetizzata da un flusso continuo di notizie che scorrono senza lasciare traccia.<\/p>\n\n\n\n<h3 class=\"wp-block-heading\"><strong>L\u2019amnesia come sistema<\/strong><\/h3>\n\n\n\n<p>In Italia,&nbsp;<strong>la memoria \u00e8 facoltativa<\/strong>. Si ricorda ci\u00f2 che conviene, si dimentica ci\u00f2 che disturba. Si celebrano le ricorrenze ma si rimuovono le cause, si onorano le vittime ma si proteggono i carnefici. Ogni volta che si tenta di fare i conti con la storia \u2014 dalle stragi di Stato ai misteri irrisolti della Repubblica \u2014 qualcuno invita a \u201cvoltare pagina\u201d.<\/p>\n\n\n\n<p>Ma&nbsp;<strong>voltare pagina senza leggere \u00e8 solo cambiare alibi<\/strong>. E chi dimentica, si consegna al potere di chi manipola.<br>In Italia, l\u2019oblio non \u00e8 una debolezza:&nbsp;<strong>\u00e8 una strategia politica<\/strong>. Meno si ricorda, meno si pretende. E meno si pretende, pi\u00f9 \u00e8 facile governare.<\/p>\n\n\n\n<p>\u00c8 cos\u00ec che il \u201ctanto sono tutti uguali\u201d \u00e8 diventato il nuovo credo nazionale: un&nbsp;<strong>nichilismo gentile<\/strong>&nbsp;che legittima tutto e non cambia nulla.<\/p>\n\n\n\n<h3 class=\"wp-block-heading\"><strong>Giustizia e politica: il teatro del disincanto<\/strong><\/h3>\n\n\n\n<p>Dalla stagione di Tangentopoli fino ai processi di oggi, la giustizia italiana \u00e8 diventata&nbsp;<strong>il grande palcoscenico del sospetto<\/strong>. Ogni indagine si trasforma in battaglia ideologica, ogni sentenza in un referendum morale.<br>Non ci sono pi\u00f9 colpevoli o innocenti, ma tifoserie. Non esiste pi\u00f9 la verit\u00e0, solo&nbsp;<strong>versioni convenienti della verit\u00e0<\/strong>.<\/p>\n\n\n\n<p>\u00c8 il trionfo della percezione sull\u2019evidenza, dell\u2019opinione sulla prova.<br>Eppure, come ricordava&nbsp;<strong>Leonardo Sciascia<\/strong>,&nbsp;<em>\u00abla verit\u00e0 \u00e8 nel fondo di un pozzo: la guardi e vedi il sole o la luna, ma se vuoi sapere dov\u2019\u00e8 il fondo devi buttarti dentro\u00bb.<\/em><br>Oggi nessuno si butta pi\u00f9. Si commenta, si interpreta, si tifa.<\/p>\n\n\n\n<p>La conseguenza \u00e8 una societ\u00e0&nbsp;<strong>moralmente confusa e mediaticamente stordita<\/strong>, dove ogni scandalo dura un giorno e ogni assoluzione preventiva arriva prima della sentenza.<\/p>\n\n\n\n<h3 class=\"wp-block-heading\"><strong>La sinistra che non ricorda s\u00e9 stessa<\/strong><\/h3>\n\n\n\n<p>Forse nessuno ha perso pi\u00f9 della&nbsp;<strong>sinistra italiana<\/strong>, smarrita nel suo stesso riflesso.<br>Nata per dare voce agli ultimi, oggi sembra parlare un linguaggio burocratico e distante, fatto di&nbsp;<em>governance<\/em>,&nbsp;<em>sostenibilit\u00e0<\/em>,&nbsp;<em>equilibrio dei conti<\/em>. Parole che non accendono pi\u00f9 nulla.<\/p>\n\n\n\n<p>La sinistra che una volta sfidava i poteri oggi&nbsp;<strong>negozia con essi<\/strong>. Quella che sognava giustizia sociale oggi&nbsp;<strong>teme di disturbare<\/strong>.<br>E cos\u00ec si \u00e8 spenta la sua fiamma pi\u00f9 antica:&nbsp;<strong>la passione per l\u2019uguaglianza<\/strong>.<\/p>\n\n\n\n<p>Si citano Berlinguer come si cita un santo, ma si dimentica che la sua diversit\u00e0 non era retorica, era coraggio.<br>Basterebbe guardarsi intorno:&nbsp;<strong>il lavoro che manca<\/strong>,&nbsp;<strong>la scuola che crolla<\/strong>,&nbsp;<strong>le diseguaglianze che crescono<\/strong>. Tutto ci\u00f2 che dovrebbe essere terreno naturale di una sinistra viva \u00e8 diventato&nbsp;<strong>un tema da convegno<\/strong>.<\/p>\n\n\n\n<h3 class=\"wp-block-heading\"><strong>La cultura ridotta a rumore di fondo<\/strong><\/h3>\n\n\n\n<p>Nel frattempo, la cultura \u2014 quella vera, che inquieta e interroga \u2014 \u00e8 stata&nbsp;<strong>addomesticata<\/strong>.<br>Oggi serve a riempire palinsesti, non coscienze.<br>L\u2019intellettuale \u00e8 diventato una figura di intrattenimento: commenta tutto, ma&nbsp;<strong>non disturba nessuno<\/strong>.<\/p>\n\n\n\n<p>Viviamo in un tempo in cui&nbsp;<strong>un post vale quanto un pensiero<\/strong>, in cui l\u2019opinione ha lo stesso peso del sapere.<br>La cultura \u00e8 diventata una scenografia, un fondale da festival. Ma la cultura, se \u00e8 viva, non consola:&nbsp;<strong>infastidisce, spacca, trasforma<\/strong>.<br>Come ricordava&nbsp;<strong>Pier Paolo Pasolini<\/strong>,&nbsp;<em>\u00abla vera disperazione \u00e8 non leggere, non studiare, non conoscere\u00bb.<\/em><br>E questa disperazione, oggi, \u00e8 diventata abitudine.<\/p>\n\n\n\n<h3 class=\"wp-block-heading\"><strong>La memoria come atto politico<\/strong><\/h3>\n\n\n\n<p>In un Paese che dimentica,&nbsp;<strong>ricordare \u00e8 un gesto di ribellione<\/strong>.<br>La memoria non \u00e8 un esercizio nostalgico: \u00e8&nbsp;<strong>un atto di responsabilit\u00e0 verso il futuro<\/strong>.<br>Ricordare le stragi, i silenzi, le collusioni, non serve a rinfocolare rancori ma a&nbsp;<strong>difendere la verit\u00e0 come bene pubblico<\/strong>.<\/p>\n\n\n\n<p>La memoria restituisce peso alle parole, dignit\u00e0 ai fatti, volto ai nomi.<br>\u00c8 un modo di dire:&nbsp;<em>\u201cIo non mi abituo\u201d<\/em>.<br>E in tempi come questi, non abituarsi \u00e8 gi\u00e0 una forma di resistenza.<\/p>\n\n\n\n<h3 class=\"wp-block-heading\"><strong>Un Paese sospeso tra nostalgia e paura<\/strong><\/h3>\n\n\n\n<p>L\u2019Italia oggi sembra un Paese&nbsp;<strong>in bilico tra il rimpianto e la fuga<\/strong>, tra chi sogna un passato idealizzato e chi rifiuta di guardare in faccia il presente.<br>Ogni tanto si indigna, si commuove, si risveglia. Poi torna a dormire.<\/p>\n\n\n\n<p>Ma un popolo che dorme non sogna:&nbsp;<strong>subisce<\/strong>.<br>E se davvero vogliamo cambiare qualcosa, non serve un nuovo slogan, ma un&nbsp;<strong>nuovo coraggio<\/strong>.<br>Il coraggio di ricordare, di chiamare le cose con il loro nome, di non barattare la verit\u00e0 con la convenienza.<\/p>\n\n\n\n<p>Perch\u00e9 \u2014 come scrisse&nbsp;<strong>Primo Levi<\/strong>&nbsp;\u2014&nbsp;<em>\u00abse comprendere \u00e8 impossibile, conoscere \u00e8 necessario\u00bb.<\/em><br>E finch\u00e9 un Paese avr\u00e0 il coraggio di conoscere,&nbsp;<strong>avr\u00e0 ancora la possibilit\u00e0 di rinascere<\/strong>.<\/p>\n\n\n\n<p><em><strong>Tutte l\u2019opinioni versati nel sito correspondono solo a chi la manifesta. Non e necessariamente l\u2019opinione della Direzione<\/strong><\/em><\/p>\n","protected":false},"excerpt":{"rendered":"<p>Carlo Di Stanislao \u00abIl sonno della ragione genera mostri.\u00bb \u2014 Francisco Goya C\u2019\u00e8 un&nbsp;malessere sottile, quasi impercettibile, che attraversa l\u2019Italia [&hellip;]<\/p>\n","protected":false},"author":1,"featured_media":0,"comment_status":"open","ping_status":"open","sticky":false,"template":"","format":"standard","meta":{"footnotes":""},"categories":[10,35],"tags":[],"class_list":["post-81311","post","type-post","status-publish","format-standard","hentry","category-italiano","category-opiniones"],"_links":{"self":[{"href":"https:\/\/www.ecoitaliano.com.ar\/index.php?rest_route=\/wp\/v2\/posts\/81311","targetHints":{"allow":["GET"]}}],"collection":[{"href":"https:\/\/www.ecoitaliano.com.ar\/index.php?rest_route=\/wp\/v2\/posts"}],"about":[{"href":"https:\/\/www.ecoitaliano.com.ar\/index.php?rest_route=\/wp\/v2\/types\/post"}],"author":[{"embeddable":true,"href":"https:\/\/www.ecoitaliano.com.ar\/index.php?rest_route=\/wp\/v2\/users\/1"}],"replies":[{"embeddable":true,"href":"https:\/\/www.ecoitaliano.com.ar\/index.php?rest_route=%2Fwp%2Fv2%2Fcomments&post=81311"}],"version-history":[{"count":1,"href":"https:\/\/www.ecoitaliano.com.ar\/index.php?rest_route=\/wp\/v2\/posts\/81311\/revisions"}],"predecessor-version":[{"id":81313,"href":"https:\/\/www.ecoitaliano.com.ar\/index.php?rest_route=\/wp\/v2\/posts\/81311\/revisions\/81313"}],"wp:attachment":[{"href":"https:\/\/www.ecoitaliano.com.ar\/index.php?rest_route=%2Fwp%2Fv2%2Fmedia&parent=81311"}],"wp:term":[{"taxonomy":"category","embeddable":true,"href":"https:\/\/www.ecoitaliano.com.ar\/index.php?rest_route=%2Fwp%2Fv2%2Fcategories&post=81311"},{"taxonomy":"post_tag","embeddable":true,"href":"https:\/\/www.ecoitaliano.com.ar\/index.php?rest_route=%2Fwp%2Fv2%2Ftags&post=81311"}],"curies":[{"name":"wp","href":"https:\/\/api.w.org\/{rel}","templated":true}]}}