{"id":81317,"date":"2025-10-28T16:58:05","date_gmt":"2025-10-28T16:58:05","guid":{"rendered":"https:\/\/www.ecoitaliano.com.ar\/?p=81317"},"modified":"2025-10-28T16:58:30","modified_gmt":"2025-10-28T16:58:30","slug":"love-architettura-online-12-podcast-e-a-bergamo-una-mostra-diffusa-con-immagini-di-marco-introini","status":"publish","type":"post","link":"https:\/\/www.ecoitaliano.com.ar\/?p=81317","title":{"rendered":"LOVE ARCHITETTURA: online 12 podcast e a Bergamo una mostra diffusa con immagini di Marco Introini"},"content":{"rendered":"\n<figure class=\"wp-block-table\"><table class=\"has-fixed-layout\"><tbody><tr><td><img decoding=\"async\" src=\"https:\/\/ci3.googleusercontent.com\/meips\/ADKq_NZhF6tXfNqbtvdfrLiQBkRQ0PptAN2Oz_ypdHtqjDT-ZrGl1jNE_s3TAn1olHKBYYwkLKj5_udhw6dCWubySRMoLrQaLYyMXTgVAx7uk3gcRE0phm58E0BIYlrXEAIwbfosJyXF=s0-d-e1-ft#https:\/\/customer49009.img.musvc4.net\/static\/49009\/images\/1\/logo_comunicarch.png\" width=\"295\" alt=\"\" height=\"auto\">&nbsp;\u200a&nbsp;<strong>pr &amp; media relations &#8211; storytelling &amp; journalism &#8211; events &amp; exhibitions<\/strong>\u200a<strong>LOVE ARCHITETTURA: online 12 podcast (<\/strong><strong>e a Bergamo fino al 10 gennaio una mostra diffusa con le foto di Marco Introini)<\/strong>Realizzati da Ordine degli Architetti PPC di Bergamo e Fondazione Architetti Bergamo con la piattaforma LoquisSono online i primi&nbsp;<strong>12 podcast<\/strong>&nbsp;del progetto&nbsp;<strong><a href=\"https:\/\/customer49009.musvc4.net\/e\/tr?q=8%3dIcAeN%26F%3d4%26I%3dFU2W%264%3db3WNY%26v%3dC9NqN_7uTu_He_svht_3k_7uTu_GjxRB.FpQt5s8wCu09NvMp6h78.Cu_MfwQ_WU_LRxe_WGGpGj.HxFbI_7uTu_IdhHpCm.84G%26e%3dH0Mw8I.HfO%26xM%3d2VJc7%26O8%3dVAWJUAWMU5XHW5%26C%3dsZgWq550LZe0qY3XJ6deFcb7K799L756JXAWKW5XMafarded6p5bI0d6KY7VLX6Vtd0Z&amp;mupckp=mupAtu4m8OiX0wt\" rel=\"noreferrer noopener\" target=\"_blank\">LOVE ARCHITETTURA<\/a>.<\/strong>&nbsp;Promossi da&nbsp;<strong>Ordine Architetti PPC di Bergamo e Fondazione Architetti Bergamo<\/strong>&nbsp;e realizzati in collaborazione con la piattaforma audio-geolocalizzata&nbsp;<strong>Loquis<\/strong>, raccontano&nbsp;<strong>12 edifici&nbsp;<\/strong>della storia dell&#8217;architettura contemporanea di Bergamo, realizzati tra 1945 e 1980 da architetti come Giovanni Muzio e Giuseppe Pizzigoni, Vito Sonzogni e il recentemente scomparso Giorgio Zenoni, Baran Ciag\u00e0 e Giuseppe Gambirasio. Sono un<strong>&nbsp;invito all&#8217;ascolto<\/strong>&nbsp;e all&#8217;esplorazione non solo degli edifici, ma dei quartieri, del contesto urbano e della storia che li hanno generati.&nbsp;<strong>12 podcast per 12 edifici in mostra<\/strong>I 12 edifici sono stati fotografati da&nbsp;<strong>Marco Introini,&nbsp;<\/strong>i cui scatti sono al centro di una&nbsp;<strong>mostra diffusa<\/strong>&nbsp;aperta in 4 Spazi di Quartiere di Bergamo (Villaggio Sposi, Longuelo, Celadina e Borgo Palazzo)&nbsp;<strong>fino al 10 gennaio<\/strong>. I 12 podcast sono parte integrante dell&#8217;esperienza espositiva: attraverso codici QR \u00e8 possibile attivare l\u2019audio-racconto in loco e vivere cos\u00ec un\u2019esperienza immersiva in cui architettura, memoria urbana e comunit\u00e0 si incontrano.La mostra \u00e8 organizzata dalla collaborazione di Consorzio Sol.Co Citt\u00e0 Aperta, Fondazione Architetti Bergamo e Ordine degli Architetti Pianificatori Paesaggisti e Conservatori di Bergamo e Comune di Bergamo Servizio Partecipazione e Reti di Quartiere.<a href=\"https:\/\/customer49009.musvc4.net\/e\/tr?q=5%3dAcUbF%26F%3dN%26F%3d8ULT%26v%3dbMTFY%26F%3d01NAK_yunr_0e_CsZt_Mh_yunr_9jyJpPz.9vI2Dl.70E_yunr_9jyJpPz_JXwk_TM00Dk9CK_yunr_9jLVif9et1KZP2qeeTcNQLsXRFchRvzmlB5_JXwk_UMODH_yunr_0hyJpPz_DpH6_JXwk_TCFvEp.G4DhH_CsZt_ObnGvAs.70E%26k%3dGFK37O.FlN%264K%3d8UPaC%26ND%3dTGVPSGVSSAWNUA%26B%3dyThaR5hYzbGcM8h8SUk7xVDYx4D5vWAVxZiUN5EWMW8aUTFaMbAdM7FWzYib13h5v6hd&amp;mupckp=mupAtu4m8OiX0wt\" target=\"_blank\" rel=\"noreferrer noopener\"><strong>Press Kit Mostra LOVE ARCHITETTURA<\/strong><\/a>\u200a<strong>12 edifici per 12 podcast, foto di Marco Introini<\/strong><img decoding=\"async\" src=\"https:\/\/ci3.googleusercontent.com\/meips\/ADKq_NYt8JI-nGhBHik2Z_lfogpVUQk7J4SYDT4LuCVDi3UvKF16Zrv-H9-Ak3BYr2PaBZFWwlBU_VuPddVA_nU5vcOV66mArc9ZWOaznYB8uCZkmJJllELzmkjYuuTg4kPS6WAvH0ABWK5FoYFEbRs=s0-d-e1-ft#https:\/\/customer49009.img.musvc4.net\/static\/49009\/images\/3\/Bergamo-2023-02_0331edit.jpg\" width=\"200\" alt=\"\" height=\"auto\"><strong>Palazzo degli Uffici Comunali<\/strong><strong>progetto:<\/strong>&nbsp;Giovanni Muzio<strong>anni:<\/strong>&nbsp;1954-57<strong>podcast<\/strong>:&nbsp;<a href=\"https:\/\/customer49009.musvc4.net\/e\/tr?q=7%3d4ZKd9%26C%3dD%26H%3d1RBV%26o%3dYCV9V%266%3dBtK1M_rrdt_3b_3uSq_Cj_rrdt_2g8Qw.CzPe237h059tK6La3r6s.05_LQta_VFGlFaQAI-d6rFi-Lq0i4t-7oD6HaCt_LQta_VF_IbwP_TQFaDt.GiClH_rrdt_4arGa0w.7oD%26o%3dGuJ774.EpN%26iJ%3dBU5ZG%26Ns%3dSKV5RKV8REW3TE%26B%3d97JV5YD82Ul5a2l745pbdUB85XHcb3BZ6REU6WJW26o93WGbdTl7aYIW7UBW7UmWf7q0&amp;mupckp=mupAtu4m8OiX0wt\" rel=\"noreferrer noopener\" target=\"_blank\">www.lovearchitetturabgbs.it\/<wbr>palazzo-degli-uffici-comunali<\/a>in mostra a Villaggio Sposi<img decoding=\"async\" src=\"https:\/\/ci3.googleusercontent.com\/meips\/ADKq_NZxNGiseV6nEe9rw9mmJrlAQ80Uk_Pd-d7XWEaKfJvqK9sIaRLcKzT1SrmVdDEvMrjHz6k1LSRD0foLj-RAhWZ93l8Y7j2s_V6DeBfJfxm7y_oHSobz_b-bvvjNGfFkyIlNRpeigGCONq4=s0-d-e1-ft#https:\/\/customer49009.img.musvc4.net\/static\/49009\/images\/3\/Bergamo-2015-06_47486.jpg\" width=\"200\" alt=\"\" height=\"auto\"><strong>Oratorio parrocchiale di San Sisto<\/strong><strong>progetto:<\/strong>&nbsp;Giovanni Muzio<strong>anni:<\/strong>&nbsp;1945-54<strong>podcast:<\/strong>&nbsp;<a href=\"https:\/\/customer49009.musvc4.net\/e\/tr?q=7%3dKgOdP%26J%3dH%26H%3dHYFV%266%3dfGVPc%260%3dBAR5M_9yht_Ji_7ujx_Gj_9yht_InBQD.J4Pv977yG99AR0Lr0v60.G9_Lh1e_VWAwCvQp-JrP7ItAwCrJt-8z-Q-8C0R4_Lh1e_VW_Pfwg_aUFrKx.GzJpH_9yht_KhvGrG1.76K%26s%3dGBQA7K.LtN%26zQ%3dFULgK%26N0%3dZOVLYOVOYIWJaI%26B%3dvaK0Kdsbsd5r9puYs0OZsCIVs0IXJZObOeJ6uYMUvaN5tbJWJBt7Jbs8sZJULgr8LAL0&amp;mupckp=mupAtu4m8OiX0wt\" rel=\"noreferrer noopener\" target=\"_blank\">www.lovearchitetturabgbs.it\/<wbr>chiesa-parrocchiale-di-s-sisto<\/a>in mostra a Villaggio Sposi<img decoding=\"async\" src=\"https:\/\/ci3.googleusercontent.com\/meips\/ADKq_NaWot5Gpzf9rEe7C27ljLUl7f76p18jWJiLrVsgHUQRrpgZEYrA3aWVMqIQ7p9qDFnzBZeC_0SWpQUe-UmQqk2yggliCh0Nrokx7PqJ-TmCzqfDLOKCD368yft306xpaSF7FrU2y9ZApw=s0-d-e1-ft#https:\/\/customer49009.img.musvc4.net\/static\/49009\/images\/3\/Bergamo-2023-02_0284.jpg\" width=\"200\" alt=\"\" height=\"auto\"><strong>Ex Guardia di Finanza (ex Istituto San Marco)<\/strong><strong>progetto:<\/strong>&nbsp;Luigi Gh\u00f2, Aldo Favini e Domenico Deleidi<strong>anni:<\/strong>&nbsp;1960-72<strong>podcast:<\/strong>&nbsp;<a href=\"https:\/\/customer49009.musvc4.net\/e\/tr?q=6%3d0YKcE%26B%3dD%26G%3d7QBU%26u%3dXCUEU%266%3dAzJ1L_xqds_9a_3tYp_Ci_xqds_8f8P3.BzOk136n958zJ6Kg2r5y.95_KWsa_UL94MoJ6Mu-IlG-s136u_HbvV_RQ_KWsa_VLBlFo.CtEgD_3tYp_EcmClBr.3zF%26j%3dC6L23E.GkJ%26tL%3d7QFbB%26J4%3dUFRFTFRIT0SDV0%268%3dF8A2G8gWFZi3B4DXpW94oT4g1llWI8gTCY9QI7iXp6C2I5gUnT9TKZC3J8AUJX7WK882&amp;mupckp=mupAtu4m8OiX0wt\" rel=\"noreferrer noopener\" target=\"_blank\">www.lovearchitetturabgbs.it\/<wbr>istituto-san-marco<\/a>in mostra a Villaggio Sposi<img decoding=\"async\" src=\"https:\/\/ci3.googleusercontent.com\/meips\/ADKq_Na7SPS5-ZGh-isOhugqh7u7uEOEt1CtoMUkvRBHrsLDOMaS8jhPVYPMEbHAee6NgzRMGcETFSDdjKSezhkRAc-850SxSwt_WRrSgaEMduic8kN-JvqUOBCZkgmDFvJa__wHm9JEmUkHipKs-m2uZQ=s0-d-e1-ft#https:\/\/customer49009.img.musvc4.net\/static\/49009\/images\/3\/Bergamo-2023-02_0539stitch.jpg\" width=\"200\" alt=\"\" height=\"auto\"><strong>Chiesa di Santa Maria Immacolata, parrocchiale di Longuelo<\/strong><strong>progetto:<\/strong>&nbsp;Giuseppe Pizzigoni<strong>anni:<\/strong>&nbsp;1961-65<strong>podcast:<\/strong>&nbsp;<a href=\"https:\/\/customer49009.musvc4.net\/e\/tr?q=6%3dKdPcP%26G%3dI%26G%3dHVGU%266%3dcHUPZ%26A%3dAAO6L_9vis_Jf_8tju_Hi_9vis_IkCPD.G5Ov686yD08AOAKr7w50.D0_Khxf_UW8xBvNq-7z-HqKz6-9-Fr-D3Fr85ErOq-7z-G5GxPuE6_Mgvg_WV_Khxf_VWGqFz.HyErI_8tju_JcxHqB3.85F%26u%3dHALC8J.GvO%26yL%3dHVKbM%26O9%3dUQWKTQWNTKXIVK4r6q%26C%3dubJVJ9J8GYQZsarAP8L8uTQ8MbPZMcHdI7JZIWMarVrYvYt7L8Q8sctXq7t6Icud&amp;mupckp=mupAtu4m8OiX0wt\" rel=\"noreferrer noopener\" target=\"_blank\">www.lovearchitetturabgbs.it\/<wbr>chiesa-di-maria-s-ma-<wbr>immacolata-di-longuelo<\/a>in mostra a Longuelo<img decoding=\"async\" src=\"https:\/\/ci3.googleusercontent.com\/meips\/ADKq_NZBRK12ULT1JrSkbwa4ufbMGeNlBpFRoYjsPb8uvKJvsOnOyCxibk7FJ0Z7uOjhZ9MF-5xkyo0gDlNLEV222Nr1FnNjuSuszfmxWLutVWoQwz44OjLyd3aUr5K0uaZNO5T-okv3CU_da93WWbWdRA=s0-d-e1-ft#https:\/\/customer49009.img.musvc4.net\/static\/49009\/images\/3\/Bergamo-2023-04_1645stitch.jpg\" width=\"200\" alt=\"\" height=\"auto\"><strong>Centro civico di Loreto<\/strong><strong>progetto:<\/strong>&nbsp;Giuseppe Gambirasio, Giorgio Zenoni e strutture di Studio Finazzi<strong>anni:<\/strong>&nbsp;1975-77<strong>podcast:<\/strong>&nbsp;<a href=\"https:\/\/customer49009.musvc4.net\/e\/tr?q=3%3dPf0ZU%26I%3d3%26D%3dMX1R%26A%3de2RUb%26u%3d8FQpI_DxSp_Oh_rqow_2f_DxSp_NmwMI.IoL18r34Ft5FQuHw9g2E.Ft_HmzP_Rb0eDFOo-35Si3A-IoH1Qo_HmzP_Rb_OQsl_ZFBwJi.C5IaD_DxSp_PggCwFl.3AJ%26d%3dCGPv3P.KeJ%265P%3d1QQf6%26JE%3dY0RQX0RTX4SOZ4%268%3dVAa5wY5TUYeSSB61R07T1w8aPC5RRY52Tg462032wCaZN9c3Od311f0VzZ5YRe23R86T&amp;mupckp=mupAtu4m8OiX0wt\" rel=\"noreferrer noopener\" target=\"_blank\">www.lovearchitetturabgbs.it\/<wbr>centro-civico-loreto<\/a>in mostra a Longuelo<img decoding=\"async\" src=\"https:\/\/ci3.googleusercontent.com\/meips\/ADKq_NatP9knEFDO-RlyoL3LTn0QeN0OIXa8nD3yulAkyPe9oe4-mC8q9yaHaXtyBqNXKANtQPP22ZRTPPvw82wwe5gbg95DOGq-zITDNg9JsLtwbdyd09bXVYoYbHBVOtyUfzVYvykvWRdCqjbLX0w=s0-d-e1-ft#https:\/\/customer49009.img.musvc4.net\/static\/49009\/images\/3\/Curno-2023-04_1595stitch.jpg\" width=\"200\" alt=\"\" height=\"auto\"><strong>Scuola Sorelle Cittadini a Curno<\/strong><strong>progetto:<\/strong>&nbsp;Baran Ciag\u00e0 e Giuseppe Gambirasio e strutture Studio Finazzi<strong>anni:<\/strong>&nbsp;1967-69<strong>podcast:<\/strong>&nbsp;<a href=\"https:\/\/customer49009.musvc4.net\/e\/tr?q=5%3dEZTbJ%26C%3dM%26F%3dBRKT%26z%3dYLTJV%26E%3d05K0K_3rmr_Db_Bsdq_Lh_3rmr_CgGO8.C9Np2B5s0D75KEJl3144.0D_Jbtj_TQJwMzCu-KzIyDw6-wA5Ku6tE3_Jbtj_TQ_Ikua_TZDlD3.EtCuF_3rmr_Ea1El06.5zD%26x%3dE6JF5E.EyL%26tJ%3dKSFZP%26L4%3dSTTFRTTIRNUDTN%260%3dGSS6G2MSG6yYIWMW3l2uH2RZo2RbFaRaDYSToaP6EVS3FXTbpSS3FWRaD7T7E5NYBRuY&amp;mupckp=mupAtu4m8OiX0wt\" rel=\"noreferrer noopener\" target=\"_blank\">www.lovearchitetturabgbs.it\/<wbr>scuola-sorelle-cittadini<\/a>in mostra a Longuelo<img decoding=\"async\" src=\"https:\/\/ci3.googleusercontent.com\/meips\/ADKq_NYZ28MFxmsTpZHiyYVAYqSfYw2WoujZXk7WwmlQZuPVdT-L6h0Qb1VIlDNlJBHDeetCPuei1eEHvM3OFJwcooVaMh83bptDeXaddqwVDZ7RwRkV1m0rs_1ffQ63ZOeWKo6JUwbObiBWdcPwhxYtGw=s0-d-e1-ft#https:\/\/customer49009.img.musvc4.net\/static\/49009\/images\/3\/Bergamo-2023-02_0591stitch.jpg\" width=\"200\" alt=\"\" height=\"auto\"><strong>Istituto Tecnico e Industriale Pietro Paleocapa<\/strong><strong>progetto<\/strong>: Giuseppe Pizzigoni con strutture di Alfredo Rocca<strong>anni:<\/strong>&nbsp;1953-58<strong>podcast:<\/strong>&nbsp;<a href=\"https:\/\/customer49009.musvc4.net\/e\/tr?q=9%3dEgDfJ%26J%3d7%26J%3dBY5X%26z%3df6XJc%26y%3dD5RtO_3yWv_Di_vwdx_6l_3yWv_Cn1S8.JsRp9v9sGxA5RyNl0k84.Gx_Nb1T_XQGwPtRyPz-Ri9yGgK-p-Gr06QxNt9pA-1GiP3M-t7wCs9lNe_Nb1T_XQ_PUya_aJHlKm.ItJeJ_3yWv_EhkIlGp.9zK%26h%3dI6Qz9E.LiP%26tQ%3d5WFg0%26P4%3dZDXFYDXIY87l9eYDa8%26D%3dnDgfGACXqYD0Bd60qc8WI0gYB078JC78ChBZlBBbIe9Yne70D950DbAfE9ieGe8a&amp;mupckp=mupAtu4m8OiX0wt\" rel=\"noreferrer noopener\" target=\"_blank\">www.lovearchitetturabgbs.it\/<wbr>istituto-tecnico-e-<wbr>industriale-pietro-paleocapa<\/a>in mostra a Celadina<img decoding=\"async\" src=\"https:\/\/ci3.googleusercontent.com\/meips\/ADKq_NaxuC9S_KLsPPgPTWnI5IJacpwuf5RG1TKS7KsftRmoaLeco1uaEPRb7ntF4DcKb9SjYfoRk2HjsNWGI6cvXpcv1AVnGU1_07KTnmJQZBM5oVNgLbc-d7ZUU_khq9ztkHaeBD33NnZ4hA=s0-d-e1-ft#https:\/\/customer49009.img.musvc4.net\/static\/49009\/images\/3\/Bergamo-2023-04_1950.jpg\" width=\"200\" alt=\"\" height=\"auto\"><strong>Centro sportivo Italcementi<\/strong><strong>progetto:<\/strong>&nbsp;Carlo Ravizza con strutture di Carlo Sola<strong>anni:<\/strong>&nbsp;1963-66<strong>podcast:&nbsp;<\/strong><a href=\"https:\/\/customer49009.musvc4.net\/e\/tr?q=8%3dAbVeF%26E%3dO%26I%3d8TMW%26v%3daNWFX%26G%3dC1MBN_ytou_0d_DvZs_Nk_ytou_9iIR4.EAQl4D8oBF01MGMh537z.BF_MXvl_WM61I1KA-NwHDOpOA-D1488lF1I1B_DvZs_Nk_ytou_0i86tB.9Ds40_MXvl_YG096pE.yJt%267%3d9PzOyY.u8F%26Dz%3dTMZFY%26FN%3d9cNZ8cNc8WOX0W%264%3dWl5Ncj8VX9TV76h4wAZ26i8T0D5x0AYOb99OVi7Oaj8P709OA9XOWCazXiXPamXRVC41&amp;mupckp=mupAtu4m8OiX0wt\" rel=\"noreferrer noopener\" target=\"_blank\">www.lovearchitetturabgbs.it\/<wbr>centro-sportivo-italcementi<\/a>in mostra a Celadina<img decoding=\"async\" src=\"https:\/\/ci3.googleusercontent.com\/meips\/ADKq_NYmOsjxFwYWfjhjO7WWESRfaSDf50TY39ntrBvbn6UXiW5gI4ZdI-BmH5AQOqrwjmYglqk9zL1eWHIbtPbRJ9RFKcAJ0h-LKN5RtZd3QdawTDnC8_vaPgzy9p_KVj6NZ17kqloxr-BkuzpdxS7Lew=s0-d-e1-ft#https:\/\/customer49009.img.musvc4.net\/static\/49009\/images\/3\/Bergamo-2023-04_1841stitch.jpg\" width=\"200\" alt=\"\" height=\"auto\"><strong>Seminario vescovile Giovanni XXIII<\/strong><strong>progetto<\/strong>: Vito Sonzogni e Giuseppe Pizzigoni<strong>anni:<\/strong>&nbsp;1961-66<strong>podcast:<\/strong>&nbsp;<a href=\"https:\/\/customer49009.musvc4.net\/e\/tr?q=5%3d6dIbA%26G%3dB%26F%3d3V0T%26q%3dcATAZ%264%3d0vOyK_tvbr_5f_1sUu_Ah_tvbr_4k6Oy.GxNg615jD37vO4Jc7p4u.D3_JSxY_THNnEkIjJkJ-57u8xNkGn-9kJ53pIr-PzDrA_tvbr_4k_1sUu_Bhn6vA.oDu3p_MZuR_YI9o6rD.eJv%266%3doP2NeY.w7v%26D2%3dS3ZHX%26vN%3dAb4Z0b4c0V5XBV%26j%3d8kTddB3c6jS0eC3570ZgcHV79mWdeD6f8I5B6C4eb0V4aC6feEV0aA4f6l7gdI48eF49&amp;mupckp=mupAtu4m8OiX0wt\" rel=\"noreferrer noopener\" target=\"_blank\">www.lovearchitetturabgbs.it\/<wbr>seminario-vescovile-giovanni-<wbr>xxiii<\/a>in mostra a Celadina<img decoding=\"async\" src=\"https:\/\/ci3.googleusercontent.com\/meips\/ADKq_NakTMgmj6yPulm2CPrkcvXE9vgza7gB4mcnMYdkN3yADuag-D50fDutYdNZO1I8XJObwHJ6okXWW5fYWH1wCpJmOW2sKVvWDXm_PlwX75h_FQdqEQ8pPAGgl7AFYCT2iRYcNJIBbgSs2Nz4LMZhBQ=s0-d-e1-ft#https:\/\/customer49009.img.musvc4.net\/static\/49009\/images\/3\/borgo%20palazzo-palazzetto.jpg\" width=\"200\" alt=\"\" height=\"auto\"><strong>Palazzetto dello sport<\/strong><strong>progetto:<\/strong>&nbsp;Giancarlo Eynard con strutture di Luigi Bacci<strong>anni:<\/strong>&nbsp;1959-62<strong>podcast<\/strong>:&nbsp;<a href=\"https:\/\/customer49009.musvc4.net\/e\/tr?q=6%3dMfWcR%26I%3dP%26G%3dJXNU%268%3deOURb%26H%3dACQCL_Axps_Lh_Etlw_Oi_Axps_KmJPF.IBOx8E61FG8CQHKt945B.FG_Kjzm_UYMxEtWM8CQB-7xI9H-BMBKC-92Kz80H_Axps_Km_Etlw_Pi580B.6F947_Onvi_aW0686E.vL0%267%3d6RFOva.A8C%26FF%3dTJbVY%26CP%3dOcKbNcKeNWLZPW%261%3daz4Jd18u0P4t8x9Ob38SYWYyCWaRgS5ygRYMXQVK9V9PcW5KC16x0N6PczcRa3TJdR6N&amp;mupckp=mupAtu4m8OiX0wt\" rel=\"noreferrer noopener\" target=\"_blank\">www.lovearchitetturabgbs.it\/<wbr>palazzetto-dello-sport-bergamo<\/a>in mostra a Borgo Palazzo<img decoding=\"async\" src=\"https:\/\/ci3.googleusercontent.com\/meips\/ADKq_NYBsPcLjSIIGt85A-5kfc7XjCTRblQxrIFBmndgS-3LJfcVtsTEw8yPWkI4q_bJYhksl7YzvmCfSVXG_-pft_RY2S6LnnDNdtURdsA45UOB_B0vmuvdHx0Mx3ZLvWPYDzjqTVBefmgDBw=s0-d-e1-ft#https:\/\/customer49009.img.musvc4.net\/static\/49009\/images\/3\/Bergamo-2023-02_0442.jpg\" width=\"200\" alt=\"\" height=\"auto\"><strong>Chiesa di San Gregorio Barbarigo, parrocchiale di Monterosso<\/strong><strong>progetto:<\/strong>&nbsp;Vito Sonzogni con strutture di Franco Brignoli<strong>anni<\/strong>: 1964-75<strong>podcast<\/strong>:&nbsp;<a href=\"https:\/\/customer49009.musvc4.net\/e\/tr?q=6%3d6gEcA%26J%3d8%26G%3d3Y6U%26q%3df7UAc%26z%3dAvRuL_tyXs_5i_wtUx_7i_tyXs_4n2Py.JtOg9w6jGy8vRzKc0l5u.Gy_KS1U_UHAmBgQf-7k-Q-lKgEtKkM-g4t0fKkEt_KS1U_UH_PVvR_aKEcKn.FkJfG_tyXs_6hlFcGq.6qK%26i%3dFwQ166.LjM%26kQ%3d6T7gA%26Mu%3dZEU7YEU0Y9V5a9%26A%3d998Z3C749f4c9f88Bf056cDWeZfUdb67cY8Z5YkT6dfaedhU4gDb3ff95gi99D7a409V&amp;mupckp=mupAtu4m8OiX0wt\" rel=\"noreferrer noopener\" target=\"_blank\">www.lovearchitetturabgbs.it\/<wbr>chiesa-di-s-gregorio-barbarigo<\/a>in mostra a Borgo Palazzo<img decoding=\"async\" src=\"https:\/\/ci3.googleusercontent.com\/meips\/ADKq_NagAW_4jjhkp73Y20ioAUVzOQfF4zuqCKylEry7rbo5lceI72fi-DpWtdjTXTuu_Lykfc5NzdYsICvG3uJsYSp7uwev9BZGko6CQrgGnI9dLRrcvESkjkKXDytPMXjCUgoEH4ws_9NT-BiOPZZJgQ=s0-d-e1-ft#https:\/\/customer49009.img.musvc4.net\/static\/49009\/images\/3\/Bergamo-2023-02_0454stitch.jpg\" width=\"200\" alt=\"\" height=\"auto\"><strong>Convento e chiesa di Sant\u2019Antonio<\/strong><strong>progetto:<\/strong>&nbsp;Walter Barbero, Giuseppe Gambirasio, Giorgio Zenoni e strutture di Alessandro De Leo<strong>anni:<\/strong>&nbsp;1969-70<strong>podcast:<\/strong><a href=\"https:\/\/customer49009.musvc4.net\/e\/tr?q=9%3d5YUf0%26B%3dN%26J%3d2QLX%26p%3dXMX0U%26F%3dDuJAO_sqnv_4a_CwTp_Ml_sqnv_3fHSx.B0Rf1C9i9EAuJFNb228t.9E_NRsk_XG30Jw59Pp-44-O-bDEKo90_NRsk_XG_HlyQ_SaHbC4.IjBvJ_sqnv_5Z2Ib97.9pC%26y%3dIvIG95.DzP%26jI%3dLW6YQ%26Pt%3dRUX6QUX9QOY4SO%26D%3d7Svb05LB8XUe4SvW8Q17b1v9d1UYfQL08QzY46L044TYd2Nc7SUc43Pc9RPbe4wW3WUY&amp;mupckp=mupAtu4m8OiX0wt\" rel=\"noreferrer noopener\" target=\"_blank\">&nbsp;www.lovearchitetturabgbs.it\/<wbr>convento-di-s-antonio<\/a>in mostra a Borgo Palazzo<a href=\"https:\/\/customer49009.musvc4.net\/e\/tr?q=4%3dPgIaU%26J%3dB%26E%3dMY0S%26A%3dfASUc%264%3d9FRyJ_Dybq_Oi_1rox_Ag_Dybq_Nn6NI.JxM19144G36FR4Iw0p3E.G3_Im1Y_SbBxM1-Z_1rox_Ag_Dybq_Onu29G.v089w_Im1Y_UVEv25J.lF9%26B%3dvLETlU.0C3%260E%3dY0VUd%263J%3dNhAVMhAYMbBTOb%26q%3dX1gk3VBATQhmTTgERPCmUzgHRVDmazBEU12w9jCET2AnSVak7wAC5NdFWNbGZOZD7zfj&amp;mupckp=mupAtu4m8OiX0wt\" target=\"_blank\" rel=\"noreferrer noopener\"><strong>Itinerari a Bergamo<\/strong><\/a>\u200a<strong>ufficio stampa | press office<\/strong>Laura Milan | comunicArchper Fondazione Architetti Bergamo e OAPPC BergamoM. +39 3479707090<\/td><\/tr><\/tbody><\/table><\/figure>\n","protected":false},"excerpt":{"rendered":"<p>&nbsp;\u200a&nbsp;pr &amp; media relations &#8211; storytelling &amp; journalism &#8211; events &amp; exhibitions\u200aLOVE ARCHITETTURA: online 12 podcast (e a Bergamo fino [&hellip;]<\/p>\n","protected":false},"author":1,"featured_media":0,"comment_status":"open","ping_status":"open","sticky":false,"template":"","format":"standard","meta":{"footnotes":""},"categories":[10,47],"tags":[],"class_list":["post-81317","post","type-post","status-publish","format-standard","hentry","category-italiano","category-tecnologias"],"_links":{"self":[{"href":"https:\/\/www.ecoitaliano.com.ar\/index.php?rest_route=\/wp\/v2\/posts\/81317","targetHints":{"allow":["GET"]}}],"collection":[{"href":"https:\/\/www.ecoitaliano.com.ar\/index.php?rest_route=\/wp\/v2\/posts"}],"about":[{"href":"https:\/\/www.ecoitaliano.com.ar\/index.php?rest_route=\/wp\/v2\/types\/post"}],"author":[{"embeddable":true,"href":"https:\/\/www.ecoitaliano.com.ar\/index.php?rest_route=\/wp\/v2\/users\/1"}],"replies":[{"embeddable":true,"href":"https:\/\/www.ecoitaliano.com.ar\/index.php?rest_route=%2Fwp%2Fv2%2Fcomments&post=81317"}],"version-history":[{"count":1,"href":"https:\/\/www.ecoitaliano.com.ar\/index.php?rest_route=\/wp\/v2\/posts\/81317\/revisions"}],"predecessor-version":[{"id":81318,"href":"https:\/\/www.ecoitaliano.com.ar\/index.php?rest_route=\/wp\/v2\/posts\/81317\/revisions\/81318"}],"wp:attachment":[{"href":"https:\/\/www.ecoitaliano.com.ar\/index.php?rest_route=%2Fwp%2Fv2%2Fmedia&parent=81317"}],"wp:term":[{"taxonomy":"category","embeddable":true,"href":"https:\/\/www.ecoitaliano.com.ar\/index.php?rest_route=%2Fwp%2Fv2%2Fcategories&post=81317"},{"taxonomy":"post_tag","embeddable":true,"href":"https:\/\/www.ecoitaliano.com.ar\/index.php?rest_route=%2Fwp%2Fv2%2Ftags&post=81317"}],"curies":[{"name":"wp","href":"https:\/\/api.w.org\/{rel}","templated":true}]}}