{"id":81319,"date":"2025-10-28T17:00:14","date_gmt":"2025-10-28T17:00:14","guid":{"rendered":"https:\/\/www.ecoitaliano.com.ar\/?p=81319"},"modified":"2025-10-28T17:00:33","modified_gmt":"2025-10-28T17:00:33","slug":"terremoto-in-turchia-solidaritea-di-san-marino","status":"publish","type":"post","link":"https:\/\/www.ecoitaliano.com.ar\/?p=81319","title":{"rendered":"TERREMOTO IN TURCHIA: SOLIDARITEA\u2019 DI SAN MARINO"},"content":{"rendered":"<div class=\"wp-block-image\">\n<figure class=\"aligncenter size-large is-resized\"><a href=\"http:\/\/www.ecoitaliano.com.ar\/wp-content\/uploads\/2025\/10\/Gli-ambasciatori-GIrelli-RSM-e-Comoglu-Ulgen-TR-con-il-Segretario-di-Stato-Luca-Beccari.jpg\"><img decoding=\"async\" width=\"768\" height=\"1024\" src=\"http:\/\/www.ecoitaliano.com.ar\/wp-content\/uploads\/2025\/10\/Gli-ambasciatori-GIrelli-RSM-e-Comoglu-Ulgen-TR-con-il-Segretario-di-Stato-Luca-Beccari-768x1024.jpg\" alt=\"\" class=\"wp-image-81320\" style=\"width:340px;height:auto\" srcset=\"https:\/\/www.ecoitaliano.com.ar\/wp-content\/uploads\/2025\/10\/Gli-ambasciatori-GIrelli-RSM-e-Comoglu-Ulgen-TR-con-il-Segretario-di-Stato-Luca-Beccari-768x1024.jpg 768w, https:\/\/www.ecoitaliano.com.ar\/wp-content\/uploads\/2025\/10\/Gli-ambasciatori-GIrelli-RSM-e-Comoglu-Ulgen-TR-con-il-Segretario-di-Stato-Luca-Beccari-225x300.jpg 225w, https:\/\/www.ecoitaliano.com.ar\/wp-content\/uploads\/2025\/10\/Gli-ambasciatori-GIrelli-RSM-e-Comoglu-Ulgen-TR-con-il-Segretario-di-Stato-Luca-Beccari-1152x1536.jpg 1152w, https:\/\/www.ecoitaliano.com.ar\/wp-content\/uploads\/2025\/10\/Gli-ambasciatori-GIrelli-RSM-e-Comoglu-Ulgen-TR-con-il-Segretario-di-Stato-Luca-Beccari-113x150.jpg 113w, https:\/\/www.ecoitaliano.com.ar\/wp-content\/uploads\/2025\/10\/Gli-ambasciatori-GIrelli-RSM-e-Comoglu-Ulgen-TR-con-il-Segretario-di-Stato-Luca-Beccari.jpg 1536w\" sizes=\"(max-width: 768px) 100vw, 768px\" \/><\/a><\/figure><\/div>\n\n\n<p><a><\/a> Ancora una volta il terremoto ha colpito la Turchia. Il fortissimo sisma con epicentro la localit\u00e0 di Sindirgi, stando alle informazioni disponibili al momento, ha causato una vittima, cui l\u2019ambasciatore di San Marino ad Ankara Giorgio Girelli ha espresso il proprio cordoglio in un messaggio all\u2019ambasciatore turco presso il Titano Elif \u00c7omo\u011flu \u00dclgen nel quale ha pure unito l\u2019augurio di pronta guarigione alla trentina di feriti provocati dal tragico evento. Girelli ha anche manifestato il \u201cforte auspicio che il numero dei colpiti non si accresca\u201d mentre ha rivolto sentimenti di solidale vicinanza a tutti coloro che hanno subito consistenti danni materiali e morali dal terremoto. In occasione della Festa Nazionale della Repubblica di Turchia (che cade il 29 ottobre) \u201cavrei voluto indirizzarLe ben altre parole \u2013 ha precisato l\u2019ambasciatore Girelli all\u2019ambasciatore \u00c7omo\u011flu \u00dclgen &#8211; pur non mancando il mio partecipe compiacimento per la laboriosit\u00e0 del popolo turco e per il crescente contributo profuso dai suoi governanti per il perseguimento della pace. A Lei, sempre proficuamente attiva nel vivacizzare i rapporti tra Turchia e San Marino, le pi\u00f9 vive congratulazioni per il Suo operato nonch\u00e9 complimenti e felicitazioni per 102\u00b0 Anniversario della Proclamazione della Repubblica di Turchia\u201d.<\/p>\n\n\n\n<p>P.C.<\/p>\n","protected":false},"excerpt":{"rendered":"<p>Ancora una volta il terremoto ha colpito la Turchia. Il fortissimo sisma con epicentro la localit\u00e0 di Sindirgi, stando alle [&hellip;]<\/p>\n","protected":false},"author":1,"featured_media":0,"comment_status":"open","ping_status":"open","sticky":false,"template":"","format":"standard","meta":{"footnotes":""},"categories":[339,10],"tags":[],"class_list":["post-81319","post","type-post","status-publish","format-standard","hentry","category-diplomacia","category-italiano"],"_links":{"self":[{"href":"https:\/\/www.ecoitaliano.com.ar\/index.php?rest_route=\/wp\/v2\/posts\/81319","targetHints":{"allow":["GET"]}}],"collection":[{"href":"https:\/\/www.ecoitaliano.com.ar\/index.php?rest_route=\/wp\/v2\/posts"}],"about":[{"href":"https:\/\/www.ecoitaliano.com.ar\/index.php?rest_route=\/wp\/v2\/types\/post"}],"author":[{"embeddable":true,"href":"https:\/\/www.ecoitaliano.com.ar\/index.php?rest_route=\/wp\/v2\/users\/1"}],"replies":[{"embeddable":true,"href":"https:\/\/www.ecoitaliano.com.ar\/index.php?rest_route=%2Fwp%2Fv2%2Fcomments&post=81319"}],"version-history":[{"count":1,"href":"https:\/\/www.ecoitaliano.com.ar\/index.php?rest_route=\/wp\/v2\/posts\/81319\/revisions"}],"predecessor-version":[{"id":81321,"href":"https:\/\/www.ecoitaliano.com.ar\/index.php?rest_route=\/wp\/v2\/posts\/81319\/revisions\/81321"}],"wp:attachment":[{"href":"https:\/\/www.ecoitaliano.com.ar\/index.php?rest_route=%2Fwp%2Fv2%2Fmedia&parent=81319"}],"wp:term":[{"taxonomy":"category","embeddable":true,"href":"https:\/\/www.ecoitaliano.com.ar\/index.php?rest_route=%2Fwp%2Fv2%2Fcategories&post=81319"},{"taxonomy":"post_tag","embeddable":true,"href":"https:\/\/www.ecoitaliano.com.ar\/index.php?rest_route=%2Fwp%2Fv2%2Ftags&post=81319"}],"curies":[{"name":"wp","href":"https:\/\/api.w.org\/{rel}","templated":true}]}}