{"id":81350,"date":"2025-10-28T19:14:35","date_gmt":"2025-10-28T19:14:35","guid":{"rendered":"https:\/\/www.ecoitaliano.com.ar\/?p=81350"},"modified":"2025-10-28T19:14:35","modified_gmt":"2025-10-28T19:14:35","slug":"serena-conduce-operaclassica-eco-italiano-4712","status":"publish","type":"post","link":"https:\/\/www.ecoitaliano.com.ar\/?p=81350","title":{"rendered":"Serena conduce operaclassica eco italiano"},"content":{"rendered":"<div class=\"wp-block-image\">\n<figure class=\"aligncenter size-full is-resized\"><a href=\"https:\/\/www.ecoitaliano.com.ar\/wp-content\/uploads\/2025\/10\/image-21.png\"><img decoding=\"async\" width=\"131\" height=\"78\" src=\"https:\/\/www.ecoitaliano.com.ar\/wp-content\/uploads\/2025\/10\/image-21.png\" alt=\"\" class=\"wp-image-81351\" style=\"width:154px;height:auto\"\/><\/a><\/figure><\/div>\n\n\n<p>Comunicato stampa<br><br><strong>TCBO: I BALLETTI DA&nbsp;<em>IDOMENE<\/em>O DI MOZART E LA \u201cQUARTA\u201d DI BRAHMS CON JAMES CONLON SUL PODIO<\/strong><\/p>\n\n\n\n<p><em>Venerd\u00ec 31 ottobre<\/em><em>alle 20.30 all\u2019Auditorium Manzoni<\/em><\/p>\n\n\n\n<p>Immerger\u00e0 l\u2019ascoltatore nell\u2019atmosfera dell\u2019apertura della prossima Stagione d\u2019Opera 2026 del Teatro Comunale di Bologna il concerto diretto da&nbsp;<strong>James Conlon<\/strong>&nbsp;per la&nbsp;<strong>Stagione Sinfonica<\/strong>&nbsp;in corso, che presenta i Balletti K 367 dall\u2019<em>Idomeneo<\/em>&nbsp;di Wolfgang Amadeus Mozart \u2013&nbsp;capolavoro serio del compositore salisburghese del 1780 con cui si inaugurer\u00e0 il 24 gennaio la lirica \u2013 insieme all\u2019Ouverture e alla Marcia in re maggiore dalla stessa opera.&nbsp;<strong>Venerd\u00ec 31 ottobre alle 20.30 all\u2019Auditorium Manzoni&nbsp;<\/strong>il Direttore musicale dell\u2019Opera di Los Angeles propone anche la Sinfonia n. 4 in mi minore op. 98 di Johannes Brahms, proseguendo l\u2019esplorazione delle pagine di questi due autori avviata con il concerto dello scorso aprile, che lo aveva visto dirigere gli Intermezzi dal&nbsp;<em>Thamos,<\/em>&nbsp;<em>K\u00f6nig in \u00c4gypten&nbsp;<\/em>(Thamos, re d\u2019Egitto) e l\u2019Ouverture dal&nbsp;<em>Lucio Silla&nbsp;<\/em>di Mozart, abbinati&nbsp;alla Seconda Sinfonia di Brahms.<\/p>\n\n\n\n<p>Grazie alla riscoperta novecentesca di&nbsp;<em>Idomeneo<\/em>, hanno catturato interesse anche le danze conclusive dall\u2019opera mozartiana,&nbsp;poste a coronamento del lieto fine con le nozze di Ilia e Idamante \u2013 raramente eseguite in concerto come numero indipendente e talvolta anche escluse dalle rappresentazioni del titolo&nbsp;\u2013&nbsp;con la Ciaccona, il larghetto \u00abAnnounce\u00bb, il Largo \u201cPas seul\u201d, il Passepied, la Gavotta, la Passacaglia, che Conlon decide di non proporre nell\u2019ordine originale e di mescolare&nbsp;a due brani dall&#8217;opera completa: l\u2019Ouverture e la Marcia dal primo atto.&nbsp;<\/p>\n\n\n\n<p>Sul podio dell\u2019Orchestra della fondazione lirico-sinfonica felsinea, lo statunitense Conlon \u2013 ospite di prestigiose realt\u00e0 musicali, dal Metropolitan di New York al Festival di Salisburgo, passando per la Staatsoper di Vienna e il Teatro alla Scala, e che \u00e8 stato anche Direttore principale dell\u2019Orchestra Sinfonica Nazionale della Rai \u2013&nbsp;affronta inoltre&nbsp;la Quarta e ultima sinfonia di Brahms, composta in due estati tra il 1884 e il 1885 nell\u2019austriaca M\u00fcrzzuschlag in Stiria. Un lavoro considerato intimistico \u2013&nbsp;seppur grandioso nelle dimensioni, nei colori orchestrali, nella ricchezza del materiale compositivo e nella densit\u00e0 della scrittura \u2013&nbsp;che si chiude nel Finale con l\u2019antica forma della Ciaccona, prendendo a prestito il tema del coro conclusivo della cantata \u201cNach dir, Herr, verlaget mich\u201d BWV 150 di Johann Sebastian Bach.<\/p>\n\n\n\n<p><strong>Main&nbsp;Partner della Stagione Sinfonica 2025 del Teatro Comunale di Bologna \u00e8 Intesa Sanpaolo<\/strong>, grazie al cui sostegno sono inoltre aperte gratuitamente alle scuole gran parte delle prove generali dei concerti.<\/p>\n\n\n\n<p>I\u202fbiglietti\u202f\u2013\u202fda 15 a 50 euro\u202f\u2013\u202fsono in vendita online tramite&nbsp;<a target=\"_blank\" href=\"https:\/\/tcbo.vivaticket.it\/it\/event\/17-sinfonica-2025-conlon\/251886?_gl=1*6er2fp*_ga*NTI5MDY4MzMzLjE3NjE2NDU1NDE.*_ga_31YPVLC8YJ*czE3NjE2NjE2ODIkbzIkZzEkdDE3NjE2NjE2ODgkajU0JGwwJGgw\" rel=\"noreferrer noopener\">Vivaticket<\/a>&nbsp;e presso la biglietteria del Teatro Comunale (Largo Respighi),\u202fdal&nbsp;marted\u00ec&nbsp;al&nbsp;venerd\u00ec\u202fdalle 12 alle 18 e il\u202fsabato dalle 11 alle 15; il giorno del concerto presso l\u2019Auditorium Manzoni da 1 ora prima fino a 15 minuti dopo l\u2019inizio dello spettacolo.&nbsp;<\/p>\n\n\n\n<p>Per ogni concerto della Stagione Sinfonica 2025&nbsp;prosegue&nbsp;\u201cNote a margine\u201d, una rassegna di&nbsp;incontri\u202fcon il pubblico che si tengono\u202fcirca 30 minuti prima&nbsp;dell\u2019inizio del concerto\u202fpresso il foyer del bar&nbsp;dell\u2019Auditorium Manzoni.&nbsp;<\/p>\n\n\n\n<p>Info:&nbsp;<a target=\"_blank\" href=\"https:\/\/www.tcbo.it\/eventi\/stagione-sinfonica-2025-james-conlon-direttore-2\/\" rel=\"noreferrer noopener\">https:\/\/www.tcbo.it\/eventi\/stagione-sinfonica-2025-james-conlon-direttore-2\/<\/a><\/p>\n\n\n\n<p>28.10.2025<\/p>\n\n\n\n<p><\/p>\n\n\n\n<p><strong>Skill&amp;Music<\/strong><\/p>\n\n\n\n<p>Irene Sala \u2013 referente ufficio stampa<\/p>\n\n\n\n<p>Alice Castelnuovo \u2013 assistente ufficio stampa<\/p>\n\n\n\n<p>Fondazione Teatro Comunale di Bologna&nbsp;<\/p>\n\n\n\n<p>Largo Respighi, 1 &#8211; 40126 Bologna&nbsp;<\/p>\n\n\n\n<p>T. +39 051 529947&nbsp;<\/p>\n\n\n\n<p>e-mail:&nbsp;<strong><a href=\"mailto:ufficiostampa@comunalebologna.it\" target=\"_blank\" rel=\"noreferrer noopener\">ufficiostampa@comunalebologna.it<\/a><\/strong>&nbsp;<\/p>\n\n\n\n<p><strong><a target=\"_blank\" href=\"http:\/\/www.tcbo.it\/\" rel=\"noreferrer noopener\">www.tcbo.it<\/a><\/strong><\/p>\n\n\n\n<p><strong>STAGIONE SINFONICA 2025 DEL TEATRO COMUNALE DI BOLOGNA<\/strong><\/p>\n\n\n\n<p><strong>Venerd\u00ec 31 ottobre ore 20.30, Auditorium Manzoni<\/strong><\/p>\n\n\n\n<p><strong>James Conlon&nbsp;<\/strong><em>direttore<\/em><\/p>\n\n\n\n<p>Orchestra del Teatro Comunale di Bologna<\/p>\n\n\n\n<p><strong>PROGRAMMA<\/strong><\/p>\n\n\n\n<p><strong>Wolfgang Amadeus Mozart<\/strong><\/p>\n\n\n\n<p>da<em>&nbsp;Idomeneo<\/em>&nbsp;e Balletti K 367<\/p>\n\n\n\n<p>Ouverture<\/p>\n\n\n\n<p>Passepied<\/p>\n\n\n\n<p>Passacaglia<\/p>\n\n\n\n<p>Marcia<\/p>\n\n\n\n<p>Gavotta<\/p>\n\n\n\n<p>Ciaccona<\/p>\n\n\n\n<p>Larghetto \u00abAnnounce\u00bb<\/p>\n\n\n\n<p>Ciaccona \u201cRipresa\u201d<\/p>\n\n\n\n<p>Pas seul<\/p>\n\n\n\n<p><strong>Johannes Brahms<\/strong><\/p>\n\n\n\n<p>Sinfonia n. 4 in mi minore per orchestra op. 98<\/p>\n\n\n\n<ol start=\"1\" class=\"wp-block-list\">\n<li>Allegro non troppo<\/li>\n\n\n\n<li>Andante moderato<\/li>\n\n\n\n<li>Allegro giocoso<\/li>\n\n\n\n<li>Allegro energico e passionato<\/li>\n<\/ol>\n\n\n\n<p>Main partner \u00e8 Intesa Sanpaolo<\/p>\n\n\n\n<figure class=\"wp-block-table\"><table class=\"has-fixed-layout\"><tbody><tr><td colspan=\"3\"><strong>Ufficio Stampa Teatro Comunale di Bologna<\/strong><\/td><\/tr><tr><td rowspan=\"2\"><\/td><td rowspan=\"2\">.<\/td><td><strong>Fondazione Teatro Comunale di Bologna<\/strong><br>Largo Respighi,1 &#8211; 40126 Bologna<br>Telefono:&nbsp;<a target=\"_blank\" href=\"tel:051529947\" rel=\"noreferrer noopener\">051529947<\/a><br>Fax: 051529995<br><a target=\"_blank\" href=\"http:\/\/www.tcbo.it\/\" rel=\"noreferrer noopener\">www.tcbo.it<\/a><\/td><\/tr><tr><td><a target=\"_blank\" href=\"https:\/\/www.facebook.com\/TeatroComunaleBologna\/\" rel=\"noreferrer noopener\"><\/a>&nbsp;<a target=\"_blank\" href=\"https:\/\/twitter.com\/ComunaleBologna\" rel=\"noreferrer noopener\"><\/a>&nbsp;<a target=\"_blank\" href=\"https:\/\/www.linkedin.com\/company\/fondazione-teatro-comunale-di-bologna\/\" rel=\"noreferrer noopener\"><\/a>&nbsp;<a target=\"_blank\" href=\"https:\/\/www.instagram.com\/comunalebologna\/\" rel=\"noreferrer noopener\"><\/a>&nbsp;<a target=\"_blank\" href=\"https:\/\/youtube.com\/@ComunaleBolognaIt\" rel=\"noreferrer noopener\"><\/a>&nbsp;<\/td><\/tr><tr><td colspan=\"3\"><a target=\"_blank\" href=\"https:\/\/www.tcbo.it\/5-x-mille-2\/\" rel=\"noreferrer noopener\"><\/a><\/td><\/tr><tr><td colspan=\"3\"><strong>Avvertenze e Informativa ai sensi dell\u2019art. 13 del Regolamento (UE) 679\/2016<\/strong>.<br>Le informazioni contenute in questo messaggio di posta elettronica e\/o files allegati, sono da considerarsi strettamente riservati. Il loro utilizzo \u00e8 consentito esclusivamente al destinatario del messaggio o a persone dallo stesso autorizzate per le finalit\u00e0 indicate.<br>Vi informiamo inoltre che questo messaggio \u00e8 di carattere non personale, pertanto, sia lo stesso, che le eventuali risposte, potranno essere lette anche da altro personale all\u2019interno della Fondazione Teatro Comunale di Bologna. Qualora riceveste questo messaggio senza esserne il destinatario Vi preghiamo cortesemente di darcene notizia via e-mail e di procedere alla distruzione del messaggio stesso, cancellandolo dal Vostro sistema. Gli interessati possono esercitare in qualunque momento il diritto di acceso, cancellazione, comunicazione, aggiornamento, rettificazione, opposizione al trattamento, integrazione, limitazione, portabilit\u00e0 e il diritto di porre reclamo all\u2019autorit\u00e0 pubblica. Qualora desideraste ottenere copia dell\u2019Informativa completa siete pregati di richiederla in risposta a questo messaggio ovvero mandando una e-mail al DPO della Fondazione Teatro Comunale di Bologna Dott. Stefano Puccetti all\u2019indirizzo&nbsp;<a target=\"_blank\" href=\"http:\/\/privacy@comunalebologna.it\/\" rel=\"noreferrer noopener\">privacy@comunalebologna.it<\/a>&nbsp;&nbsp;<\/td><\/tr><\/tbody><\/table><\/figure>\n\n\n\n<figure class=\"wp-block-table\"><table class=\"has-fixed-layout\"><tbody><tr><td colspan=\"3\"><strong>Ufficio Stampa Teatro Comunale di Bologna<\/strong><\/td><\/tr><tr><td rowspan=\"2\"><\/td><td rowspan=\"2\"><\/td><td><strong>Fondazione Teatro Comunale di Bologna<\/strong><br>Largo Respighi,1 &#8211; 40126 Bologna<br>Telefono:&nbsp;<a href=\"tel:051529947\" rel=\"noreferrer noopener\" target=\"_blank\">051529947<\/a><br>Fax: 051529995<br><a target=\"_blank\" href=\"http:\/\/www.tcbo.it\/\" rel=\"noreferrer noopener\">www.tcbo.it<\/a>&nbsp;<\/td><\/tr><\/tbody><\/table><\/figure>\n\n\n\n<p>foto<\/p>\n\n\n\n<figure class=\"wp-block-gallery has-nested-images columns-default is-cropped wp-block-gallery-1 is-layout-flex wp-block-gallery-is-layout-flex\">\n<figure class=\"wp-block-image size-large\"><a href=\"https:\/\/www.ecoitaliano.com.ar\/wp-content\/uploads\/2025\/10\/James-Conlon_@Dan-Steinberg-for-LA-Opera.jpg\"><img decoding=\"async\" width=\"1024\" height=\"774\" data-id=\"81352\" src=\"https:\/\/www.ecoitaliano.com.ar\/wp-content\/uploads\/2025\/10\/James-Conlon_@Dan-Steinberg-for-LA-Opera-1024x774.jpg\" alt=\"\" class=\"wp-image-81352\" srcset=\"https:\/\/www.ecoitaliano.com.ar\/wp-content\/uploads\/2025\/10\/James-Conlon_@Dan-Steinberg-for-LA-Opera-1024x774.jpg 1024w, https:\/\/www.ecoitaliano.com.ar\/wp-content\/uploads\/2025\/10\/James-Conlon_@Dan-Steinberg-for-LA-Opera-300x227.jpg 300w, https:\/\/www.ecoitaliano.com.ar\/wp-content\/uploads\/2025\/10\/James-Conlon_@Dan-Steinberg-for-LA-Opera-768x581.jpg 768w, https:\/\/www.ecoitaliano.com.ar\/wp-content\/uploads\/2025\/10\/James-Conlon_@Dan-Steinberg-for-LA-Opera-1536x1161.jpg 1536w, https:\/\/www.ecoitaliano.com.ar\/wp-content\/uploads\/2025\/10\/James-Conlon_@Dan-Steinberg-for-LA-Opera-2048x1548.jpg 2048w, https:\/\/www.ecoitaliano.com.ar\/wp-content\/uploads\/2025\/10\/James-Conlon_@Dan-Steinberg-for-LA-Opera-150x113.jpg 150w\" sizes=\"(max-width: 1024px) 100vw, 1024px\" \/><\/a><\/figure>\n\n\n\n<figure class=\"wp-block-image size-large\"><a href=\"https:\/\/www.ecoitaliano.com.ar\/wp-content\/uploads\/2025\/10\/Conlon-con-lOrchestra-del-TCBO\u00a9Andrea-Ranzi.jpg\"><img decoding=\"async\" width=\"1024\" height=\"683\" data-id=\"81353\" src=\"https:\/\/www.ecoitaliano.com.ar\/wp-content\/uploads\/2025\/10\/Conlon-con-lOrchestra-del-TCBO\u00a9Andrea-Ranzi-1024x683.jpg\" alt=\"\" class=\"wp-image-81353\" srcset=\"https:\/\/www.ecoitaliano.com.ar\/wp-content\/uploads\/2025\/10\/Conlon-con-lOrchestra-del-TCBO\u00a9Andrea-Ranzi-1024x683.jpg 1024w, https:\/\/www.ecoitaliano.com.ar\/wp-content\/uploads\/2025\/10\/Conlon-con-lOrchestra-del-TCBO\u00a9Andrea-Ranzi-300x200.jpg 300w, https:\/\/www.ecoitaliano.com.ar\/wp-content\/uploads\/2025\/10\/Conlon-con-lOrchestra-del-TCBO\u00a9Andrea-Ranzi-768x512.jpg 768w, https:\/\/www.ecoitaliano.com.ar\/wp-content\/uploads\/2025\/10\/Conlon-con-lOrchestra-del-TCBO\u00a9Andrea-Ranzi-1536x1024.jpg 1536w, https:\/\/www.ecoitaliano.com.ar\/wp-content\/uploads\/2025\/10\/Conlon-con-lOrchestra-del-TCBO\u00a9Andrea-Ranzi-2048x1366.jpg 2048w, https:\/\/www.ecoitaliano.com.ar\/wp-content\/uploads\/2025\/10\/Conlon-con-lOrchestra-del-TCBO\u00a9Andrea-Ranzi-150x100.jpg 150w\" sizes=\"(max-width: 1024px) 100vw, 1024px\" \/><\/a><\/figure>\n\n\n\n<figure class=\"wp-block-image size-large\"><a href=\"https:\/\/www.ecoitaliano.com.ar\/wp-content\/uploads\/2025\/10\/Conlon-con-lOrchestra-del-TCBO-mentre-dirige_stretta_\u00a9Andrea-Ranzi.jpg\"><img decoding=\"async\" width=\"1024\" height=\"683\" data-id=\"81354\" src=\"https:\/\/www.ecoitaliano.com.ar\/wp-content\/uploads\/2025\/10\/Conlon-con-lOrchestra-del-TCBO-mentre-dirige_stretta_\u00a9Andrea-Ranzi-1024x683.jpg\" alt=\"\" class=\"wp-image-81354\" srcset=\"https:\/\/www.ecoitaliano.com.ar\/wp-content\/uploads\/2025\/10\/Conlon-con-lOrchestra-del-TCBO-mentre-dirige_stretta_\u00a9Andrea-Ranzi-1024x683.jpg 1024w, https:\/\/www.ecoitaliano.com.ar\/wp-content\/uploads\/2025\/10\/Conlon-con-lOrchestra-del-TCBO-mentre-dirige_stretta_\u00a9Andrea-Ranzi-300x200.jpg 300w, https:\/\/www.ecoitaliano.com.ar\/wp-content\/uploads\/2025\/10\/Conlon-con-lOrchestra-del-TCBO-mentre-dirige_stretta_\u00a9Andrea-Ranzi-768x512.jpg 768w, https:\/\/www.ecoitaliano.com.ar\/wp-content\/uploads\/2025\/10\/Conlon-con-lOrchestra-del-TCBO-mentre-dirige_stretta_\u00a9Andrea-Ranzi-1536x1024.jpg 1536w, https:\/\/www.ecoitaliano.com.ar\/wp-content\/uploads\/2025\/10\/Conlon-con-lOrchestra-del-TCBO-mentre-dirige_stretta_\u00a9Andrea-Ranzi-2048x1366.jpg 2048w, https:\/\/www.ecoitaliano.com.ar\/wp-content\/uploads\/2025\/10\/Conlon-con-lOrchestra-del-TCBO-mentre-dirige_stretta_\u00a9Andrea-Ranzi-150x100.jpg 150w\" sizes=\"(max-width: 1024px) 100vw, 1024px\" \/><\/a><\/figure>\n\n\n\n<figure class=\"wp-block-image size-large\"><a href=\"https:\/\/www.ecoitaliano.com.ar\/wp-content\/uploads\/2025\/10\/Conlon-con-lOrchestra-del-TCBo-mentre-dirige_larga_\u00a9Andrea-Ranzi.jpg\"><img decoding=\"async\" width=\"1024\" height=\"683\" data-id=\"81355\" src=\"https:\/\/www.ecoitaliano.com.ar\/wp-content\/uploads\/2025\/10\/Conlon-con-lOrchestra-del-TCBo-mentre-dirige_larga_\u00a9Andrea-Ranzi-1024x683.jpg\" alt=\"\" class=\"wp-image-81355\" srcset=\"https:\/\/www.ecoitaliano.com.ar\/wp-content\/uploads\/2025\/10\/Conlon-con-lOrchestra-del-TCBo-mentre-dirige_larga_\u00a9Andrea-Ranzi-1024x683.jpg 1024w, https:\/\/www.ecoitaliano.com.ar\/wp-content\/uploads\/2025\/10\/Conlon-con-lOrchestra-del-TCBo-mentre-dirige_larga_\u00a9Andrea-Ranzi-300x200.jpg 300w, https:\/\/www.ecoitaliano.com.ar\/wp-content\/uploads\/2025\/10\/Conlon-con-lOrchestra-del-TCBo-mentre-dirige_larga_\u00a9Andrea-Ranzi-768x512.jpg 768w, https:\/\/www.ecoitaliano.com.ar\/wp-content\/uploads\/2025\/10\/Conlon-con-lOrchestra-del-TCBo-mentre-dirige_larga_\u00a9Andrea-Ranzi-1536x1024.jpg 1536w, https:\/\/www.ecoitaliano.com.ar\/wp-content\/uploads\/2025\/10\/Conlon-con-lOrchestra-del-TCBo-mentre-dirige_larga_\u00a9Andrea-Ranzi-2048x1366.jpg 2048w, https:\/\/www.ecoitaliano.com.ar\/wp-content\/uploads\/2025\/10\/Conlon-con-lOrchestra-del-TCBo-mentre-dirige_larga_\u00a9Andrea-Ranzi-150x100.jpg 150w\" sizes=\"(max-width: 1024px) 100vw, 1024px\" \/><\/a><\/figure>\n<\/figure>\n","protected":false},"excerpt":{"rendered":"<p>Comunicato stampa TCBO: I BALLETTI DA&nbsp;IDOMENEO DI MOZART E LA \u201cQUARTA\u201d DI BRAHMS CON JAMES CONLON SUL PODIO Venerd\u00ec 31 [&hellip;]<\/p>\n","protected":false},"author":1,"featured_media":0,"comment_status":"open","ping_status":"open","sticky":false,"template":"","format":"standard","meta":{"footnotes":""},"categories":[1],"tags":[],"class_list":["post-81350","post","type-post","status-publish","format-standard","hentry","category-sin-categoria"],"_links":{"self":[{"href":"https:\/\/www.ecoitaliano.com.ar\/index.php?rest_route=\/wp\/v2\/posts\/81350","targetHints":{"allow":["GET"]}}],"collection":[{"href":"https:\/\/www.ecoitaliano.com.ar\/index.php?rest_route=\/wp\/v2\/posts"}],"about":[{"href":"https:\/\/www.ecoitaliano.com.ar\/index.php?rest_route=\/wp\/v2\/types\/post"}],"author":[{"embeddable":true,"href":"https:\/\/www.ecoitaliano.com.ar\/index.php?rest_route=\/wp\/v2\/users\/1"}],"replies":[{"embeddable":true,"href":"https:\/\/www.ecoitaliano.com.ar\/index.php?rest_route=%2Fwp%2Fv2%2Fcomments&post=81350"}],"version-history":[{"count":1,"href":"https:\/\/www.ecoitaliano.com.ar\/index.php?rest_route=\/wp\/v2\/posts\/81350\/revisions"}],"predecessor-version":[{"id":81356,"href":"https:\/\/www.ecoitaliano.com.ar\/index.php?rest_route=\/wp\/v2\/posts\/81350\/revisions\/81356"}],"wp:attachment":[{"href":"https:\/\/www.ecoitaliano.com.ar\/index.php?rest_route=%2Fwp%2Fv2%2Fmedia&parent=81350"}],"wp:term":[{"taxonomy":"category","embeddable":true,"href":"https:\/\/www.ecoitaliano.com.ar\/index.php?rest_route=%2Fwp%2Fv2%2Fcategories&post=81350"},{"taxonomy":"post_tag","embeddable":true,"href":"https:\/\/www.ecoitaliano.com.ar\/index.php?rest_route=%2Fwp%2Fv2%2Ftags&post=81350"}],"curies":[{"name":"wp","href":"https:\/\/api.w.org\/{rel}","templated":true}]}}