{"id":81357,"date":"2025-10-28T19:16:41","date_gmt":"2025-10-28T19:16:41","guid":{"rendered":"https:\/\/www.ecoitaliano.com.ar\/?p=81357"},"modified":"2025-10-28T19:16:41","modified_gmt":"2025-10-28T19:16:41","slug":"serena-conduce-operaclassica-eco-italiano-4713","status":"publish","type":"post","link":"https:\/\/www.ecoitaliano.com.ar\/?p=81357","title":{"rendered":"Serena conduce operaclassica eco italiano"},"content":{"rendered":"\n<figure class=\"wp-block-image size-full is-resized\"><a href=\"https:\/\/www.ecoitaliano.com.ar\/wp-content\/uploads\/2025\/10\/image-22.png\"><img decoding=\"async\" width=\"756\" height=\"117\" src=\"https:\/\/www.ecoitaliano.com.ar\/wp-content\/uploads\/2025\/10\/image-22.png\" alt=\"\" class=\"wp-image-81358\" style=\"width:398px;height:auto\" srcset=\"https:\/\/www.ecoitaliano.com.ar\/wp-content\/uploads\/2025\/10\/image-22.png 756w, https:\/\/www.ecoitaliano.com.ar\/wp-content\/uploads\/2025\/10\/image-22-300x46.png 300w, https:\/\/www.ecoitaliano.com.ar\/wp-content\/uploads\/2025\/10\/image-22-150x23.png 150w\" sizes=\"(max-width: 756px) 100vw, 756px\" \/><\/a><\/figure>\n\n\n\n<figure class=\"wp-block-table\"><table class=\"has-fixed-layout\"><tbody><tr><td><strong>Annalisa Stroppa makes her house debut at Opernhaus Z\u00fcrich<br><\/strong><strong>in the new&nbsp;<em>Forza del Destino<\/em><br><\/strong><strong><br>On stage<br>2, 7, 12, 15, 18, 21, 26, 29 Nov<br>17, 21 Dec<\/strong><strong><\/strong><\/td><\/tr><tr><td><img decoding=\"async\" src=\"https:\/\/www.pressroom.cloud\/wp-content\/uploads\/Annalisa-Stroppa_090425_00929-scaled.jpeg\" width=\"620\" alt=\"\"><\/td><\/tr><tr><td>Annalisa Stroppa&nbsp;\u00a9 Marco Borrelli<\/td><\/tr><tr><td>\ud83c\uddec\ud83c\udde7&nbsp;<strong>Annalisa Stroppa<\/strong>&nbsp;returns to the role of&nbsp;<strong>Preziosilla<\/strong>, for the third time in her career,&nbsp;<strong>in a new and highly anticipated production<\/strong>&nbsp;that also marks her&nbsp;<strong>debut at the Opernhaus Z\u00fcrich<\/strong>&nbsp;under Maestro&nbsp;<strong>Gianandrea Noseda<\/strong>.<br>Just days ahead of the November 2 premiere, Annalisa made the following statement to the international press:\u00bbI have sung as Preziosilla in two important productions, at the Teatro del Maggio conducted by Zubin Mehta in 2021, and at the Festival Verdi, Parma, under the baton of Roberto Abbado in 2022, and have explored the psyche of this figure, such an unusual character from the Verdi collection, who brings the cry&nbsp;<em>&#8216;Hurrah for the war!&#8217;&nbsp;<\/em>back to the theatre, years after&nbsp;<em>Les V\u00eapres Siciliennes<\/em>. Could Verdi entrust this twenty-year-old, &#8216;coquettish&#8217; gitane with the task of awakening the patriotic conscience&nbsp;<em>&#8216;against the Germans&#8217;<\/em>, as Preziosilla sings in the scene with her song in the second act? Verdi was meticulous and genial in his attention to each individual theatrical moment, so the role of Preziosilla, her ability to recruit soldiers, her rousing incitement which also promises the pleasures of love, in a certain sense amplify and complicate our interpretation of this choral, sombre opera, constructed around the eternal theme of destiny, which finds its resolution in Verdi through the reconciliatory theme of redemption. In this staging, which we&#8217;re rehearsing at the Opernhaus Z\u00fcrich, the horror of war stands out starkly, in line with our modern sensitivities that condemn it and the rise of increasingly ruthless warmongers. In that sense, Valentina Carrasco&#8217;s stage direction gives assurance of the search for opera&#8217;s deepest meaning.\u00bb<br><br><em><strong>La&nbsp;<\/strong><strong>Forza del Destino<\/strong><\/em>&nbsp;will run from&nbsp;<strong>2nd November to 21st December<\/strong>&nbsp;with ten performances in total, almost all of which are already sold out.<br>To reserve your spot,&nbsp;<a target=\"_blank\" href=\"https:\/\/www.pressroom.cloud\/?mailpoet_router&amp;endpoint=track&amp;action=click&amp;data=WyIxMTY3IiwiMzF2MDNsZTBsazZjYzRjNGNvd29va29jb2tjZ2tvNDgiLCIyMDMiLCIxNjY3MWZlOTJlZmYiLGZhbHNlXQ\" rel=\"noreferrer noopener\">click here<\/a>.<\/td><\/tr><tr><td><img decoding=\"async\" src=\"https:\/\/www.pressroom.cloud\/wp-content\/uploads\/567705621_1275070871326026_3239555225282267967_n.jpg\" width=\"620\" alt=\"\"><\/td><\/tr><tr><td>Graphic \u00a9 Opernhaus Z\u00fcrich<\/td><\/tr><tr><td>\ud83c\uddee\ud83c\uddf9&nbsp;<strong>Annalisa Stroppa<\/strong>&nbsp;torna a interpretare il ruolo di&nbsp;<strong>Preziosilla<\/strong>, per la terza volta nella sua carriera, in un&nbsp;<strong>nuovo e attesissimo allestimento<\/strong>&nbsp;che segna anche il suo&nbsp;<strong>debutto all\u2019Opernhaus Z\u00fcrich<\/strong>&nbsp;sotto la direzione del Maestro&nbsp;<strong>Gianandrea Noseda<\/strong>.<br><br><strong>Alla vigilia della prima del 2 novembre, Annalisa ha rilasciato questa dichiarazione alla stampa internazionale<\/strong>:\u00abSono stata Preziosilla in due produzioni importanti \u2013 al Teatro del Maggio sotto la direzione di Zubin Mehta nel 2021 e al Festival Verdi di Parma sotto la bacchetta di Roberto Abbado nel 2022 \u2013 e ho approfondito la psicologia di questo personaggio cos\u00ec insolito nella galleria verdiana che, a distanza di anni da&nbsp;<em>Les V\u00eapres Siciliennes<\/em>, riporta in teatro il grido&nbsp;<em>\u00abviva la guerra!\u00bb<\/em>.&nbsp;Poteva Verdi affidare ad una gitana di venti anni, \u201ccivetta\u201d, il compito di risvegliare una coscienza patriottica&nbsp;<em>\u00abcontro al tedesco\u00bb<\/em>&nbsp;come intona Preziosilla nella scena con canzone del secondo atto? Verdi curava maniacalmente e genialmente ogni momento della drammaturgia, quindi il ruolo di Preziosilla, la sua capacit\u00e0 di reclutatrice di soldati, il suo abile incitamento che promette anche le gioie dell\u2019amore, per certi versi amplifica e rende ancora pi\u00f9 complessa la lettura di quest\u2019opera corale, cupa, costruita sul tema eterno del destino e risolta in Verdi con quello rappacificatore della redenzione.&nbsp;Nella messa in scena che stiamo provando alla Opernhaus Z\u00fcrich risalta forte l\u2019orrore per le guerre, in linea con la moderna sensibilit\u00e0 che le condanna unitamente ai sempre pi\u00f9 spietati guerrafondai. La regia di Valentina Carrasco \u00e8, in tal senso, garanzia di ricerca del significato pi\u00f9 profondo dell\u2019opera\u00bb.<br><br><strong><em>La Forza del Destino<\/em><\/strong>&nbsp;sar\u00e0 in scena&nbsp;<strong>dal&nbsp;<\/strong><strong>2 novembre al 21 dicembre<\/strong>&nbsp;con dieci recite complessive, gi\u00e0 quasi tutte esaurite.<br>Per prenotare il vostro posto,&nbsp;<a target=\"_blank\" href=\"https:\/\/www.pressroom.cloud\/?mailpoet_router&amp;endpoint=track&amp;action=click&amp;data=WyIxMTY3IiwiMzF2MDNsZTBsazZjYzRjNGNvd29va29jb2tjZ2tvNDgiLCIyMDMiLCIxNjY3MWZlOTJlZmYiLGZhbHNlXQ\" rel=\"noreferrer noopener\">cliccate qui<\/a>.<br><br><\/td><\/tr><tr><td><\/td><\/tr><tr><td><em>Thank you for spreading the word. As always, we&#8217;re happy to assist with interviews or share additional materials if needed.<\/em><br><br><strong>Giulia Ambrosio | Founder &amp; Head of Pressroom<\/strong><a target=\"_blank\" href=\"https:\/\/www.pressroom.cloud\/?mailpoet_router&amp;endpoint=track&amp;action=click&amp;data=WyIxMTY3IiwiMzF2MDNsZTBsazZjYzRjNGNvd29va29jb2tjZ2tvNDgiLCIyMDMiLCJmNmZkODhiMDU2OWMiLGZhbHNlXQ\" rel=\"noreferrer noopener\">giulia@pressroom.cloud<\/a><br><br><strong>Miriam Quaranta<br><\/strong><a target=\"_blank\" href=\"https:\/\/www.pressroom.cloud\/?mailpoet_router&amp;endpoint=track&amp;action=click&amp;data=WyIxMTY3IiwiMzF2MDNsZTBsazZjYzRjNGNvd29va29jb2tjZ2tvNDgiLCIyMDMiLCIxNGFhMDU1OTkyODMiLGZhbHNlXQ\" rel=\"noreferrer noopener\">miriam@pressroom.cloud<\/a>+39 333 9263 309<br><br><a target=\"_blank\" href=\"https:\/\/www.pressroom.cloud\/?mailpoet_router&amp;endpoint=track&amp;action=click&amp;data=WyIxMTY3IiwiMzF2MDNsZTBsazZjYzRjNGNvd29va29jb2tjZ2tvNDgiLCIyMDMiLCIwNGExOWJhZDBmZjkiLGZhbHNlXQ\" rel=\"noreferrer noopener\"><strong>Press Office for Annalisa Stroppa<\/strong><\/a><br><\/td><\/tr><\/tbody><\/table><\/figure>\n","protected":false},"excerpt":{"rendered":"<p>Annalisa Stroppa makes her house debut at Opernhaus Z\u00fcrichin the new&nbsp;Forza del DestinoOn stage2, 7, 12, 15, 18, 21, 26, [&hellip;]<\/p>\n","protected":false},"author":1,"featured_media":0,"comment_status":"open","ping_status":"open","sticky":false,"template":"","format":"standard","meta":{"footnotes":""},"categories":[1],"tags":[],"class_list":["post-81357","post","type-post","status-publish","format-standard","hentry","category-sin-categoria"],"_links":{"self":[{"href":"https:\/\/www.ecoitaliano.com.ar\/index.php?rest_route=\/wp\/v2\/posts\/81357","targetHints":{"allow":["GET"]}}],"collection":[{"href":"https:\/\/www.ecoitaliano.com.ar\/index.php?rest_route=\/wp\/v2\/posts"}],"about":[{"href":"https:\/\/www.ecoitaliano.com.ar\/index.php?rest_route=\/wp\/v2\/types\/post"}],"author":[{"embeddable":true,"href":"https:\/\/www.ecoitaliano.com.ar\/index.php?rest_route=\/wp\/v2\/users\/1"}],"replies":[{"embeddable":true,"href":"https:\/\/www.ecoitaliano.com.ar\/index.php?rest_route=%2Fwp%2Fv2%2Fcomments&post=81357"}],"version-history":[{"count":1,"href":"https:\/\/www.ecoitaliano.com.ar\/index.php?rest_route=\/wp\/v2\/posts\/81357\/revisions"}],"predecessor-version":[{"id":81359,"href":"https:\/\/www.ecoitaliano.com.ar\/index.php?rest_route=\/wp\/v2\/posts\/81357\/revisions\/81359"}],"wp:attachment":[{"href":"https:\/\/www.ecoitaliano.com.ar\/index.php?rest_route=%2Fwp%2Fv2%2Fmedia&parent=81357"}],"wp:term":[{"taxonomy":"category","embeddable":true,"href":"https:\/\/www.ecoitaliano.com.ar\/index.php?rest_route=%2Fwp%2Fv2%2Fcategories&post=81357"},{"taxonomy":"post_tag","embeddable":true,"href":"https:\/\/www.ecoitaliano.com.ar\/index.php?rest_route=%2Fwp%2Fv2%2Ftags&post=81357"}],"curies":[{"name":"wp","href":"https:\/\/api.w.org\/{rel}","templated":true}]}}