{"id":81371,"date":"2025-10-29T23:08:30","date_gmt":"2025-10-29T23:08:30","guid":{"rendered":"https:\/\/www.ecoitaliano.com.ar\/?p=81371"},"modified":"2025-10-29T23:08:48","modified_gmt":"2025-10-29T23:08:48","slug":"ascolino-bernardi-dal-mondo-di-relazioni-nella-sua-paganica-allo-spazio","status":"publish","type":"post","link":"https:\/\/www.ecoitaliano.com.ar\/?p=81371","title":{"rendered":"ASCOLINO BERNARDI, DAL MONDO DI RELAZIONI NELLA SUA PAGANICA ALLO SPAZIO"},"content":{"rendered":"\n<figure class=\"wp-block-gallery has-nested-images columns-default is-cropped wp-block-gallery-1 is-layout-flex wp-block-gallery-is-layout-flex\">\n<figure class=\"wp-block-image size-large\"><a href=\"https:\/\/www.ecoitaliano.com.ar\/wp-content\/uploads\/2025\/10\/1-Ascolino-Bernardi.png\"><img decoding=\"async\" width=\"324\" height=\"469\" data-id=\"81372\" src=\"https:\/\/www.ecoitaliano.com.ar\/wp-content\/uploads\/2025\/10\/1-Ascolino-Bernardi.png\" alt=\"\" class=\"wp-image-81372\" srcset=\"https:\/\/www.ecoitaliano.com.ar\/wp-content\/uploads\/2025\/10\/1-Ascolino-Bernardi.png 324w, https:\/\/www.ecoitaliano.com.ar\/wp-content\/uploads\/2025\/10\/1-Ascolino-Bernardi-207x300.png 207w, https:\/\/www.ecoitaliano.com.ar\/wp-content\/uploads\/2025\/10\/1-Ascolino-Bernardi-104x150.png 104w\" sizes=\"(max-width: 324px) 100vw, 324px\" \/><\/a><\/figure>\n\n\n\n<figure class=\"wp-block-image size-large\"><a href=\"https:\/\/www.ecoitaliano.com.ar\/wp-content\/uploads\/2025\/10\/2-da-sx-Anna-e-Marcella-Bernardi-Daniela-Torlone_-Fortunato-Santucci-Francesco-Quaranta-Mariano-Livi.jpg\"><img decoding=\"async\" width=\"590\" height=\"363\" data-id=\"81373\" src=\"https:\/\/www.ecoitaliano.com.ar\/wp-content\/uploads\/2025\/10\/2-da-sx-Anna-e-Marcella-Bernardi-Daniela-Torlone_-Fortunato-Santucci-Francesco-Quaranta-Mariano-Livi.jpg\" alt=\"\" class=\"wp-image-81373\" srcset=\"https:\/\/www.ecoitaliano.com.ar\/wp-content\/uploads\/2025\/10\/2-da-sx-Anna-e-Marcella-Bernardi-Daniela-Torlone_-Fortunato-Santucci-Francesco-Quaranta-Mariano-Livi.jpg 590w, https:\/\/www.ecoitaliano.com.ar\/wp-content\/uploads\/2025\/10\/2-da-sx-Anna-e-Marcella-Bernardi-Daniela-Torlone_-Fortunato-Santucci-Francesco-Quaranta-Mariano-Livi-300x185.jpg 300w, https:\/\/www.ecoitaliano.com.ar\/wp-content\/uploads\/2025\/10\/2-da-sx-Anna-e-Marcella-Bernardi-Daniela-Torlone_-Fortunato-Santucci-Francesco-Quaranta-Mariano-Livi-150x92.jpg 150w\" sizes=\"(max-width: 590px) 100vw, 590px\" \/><\/a><\/figure>\n\n\n\n<figure class=\"wp-block-image size-large\"><a href=\"https:\/\/www.ecoitaliano.com.ar\/wp-content\/uploads\/2025\/10\/3-parte-dei-coetanei-di-Ascolino-classe-1964.jpg\"><img decoding=\"async\" width=\"1024\" height=\"656\" data-id=\"81374\" src=\"https:\/\/www.ecoitaliano.com.ar\/wp-content\/uploads\/2025\/10\/3-parte-dei-coetanei-di-Ascolino-classe-1964-1024x656.jpg\" alt=\"\" class=\"wp-image-81374\" srcset=\"https:\/\/www.ecoitaliano.com.ar\/wp-content\/uploads\/2025\/10\/3-parte-dei-coetanei-di-Ascolino-classe-1964-1024x656.jpg 1024w, https:\/\/www.ecoitaliano.com.ar\/wp-content\/uploads\/2025\/10\/3-parte-dei-coetanei-di-Ascolino-classe-1964-300x192.jpg 300w, https:\/\/www.ecoitaliano.com.ar\/wp-content\/uploads\/2025\/10\/3-parte-dei-coetanei-di-Ascolino-classe-1964-768x492.jpg 768w, https:\/\/www.ecoitaliano.com.ar\/wp-content\/uploads\/2025\/10\/3-parte-dei-coetanei-di-Ascolino-classe-1964-1536x984.jpg 1536w, https:\/\/www.ecoitaliano.com.ar\/wp-content\/uploads\/2025\/10\/3-parte-dei-coetanei-di-Ascolino-classe-1964-150x96.jpg 150w, https:\/\/www.ecoitaliano.com.ar\/wp-content\/uploads\/2025\/10\/3-parte-dei-coetanei-di-Ascolino-classe-1964.jpg 2048w\" sizes=\"(max-width: 1024px) 100vw, 1024px\" \/><\/a><\/figure>\n\n\n\n<figure class=\"wp-block-image size-large\"><a href=\"https:\/\/www.ecoitaliano.com.ar\/wp-content\/uploads\/2025\/10\/4-Panchina-ricordo-Ascolino.jpg\"><img decoding=\"async\" width=\"1024\" height=\"768\" data-id=\"81375\" src=\"https:\/\/www.ecoitaliano.com.ar\/wp-content\/uploads\/2025\/10\/4-Panchina-ricordo-Ascolino-1024x768.jpg\" alt=\"\" class=\"wp-image-81375\" srcset=\"https:\/\/www.ecoitaliano.com.ar\/wp-content\/uploads\/2025\/10\/4-Panchina-ricordo-Ascolino-1024x768.jpg 1024w, https:\/\/www.ecoitaliano.com.ar\/wp-content\/uploads\/2025\/10\/4-Panchina-ricordo-Ascolino-300x225.jpg 300w, https:\/\/www.ecoitaliano.com.ar\/wp-content\/uploads\/2025\/10\/4-Panchina-ricordo-Ascolino-768x576.jpg 768w, https:\/\/www.ecoitaliano.com.ar\/wp-content\/uploads\/2025\/10\/4-Panchina-ricordo-Ascolino-1536x1152.jpg 1536w, https:\/\/www.ecoitaliano.com.ar\/wp-content\/uploads\/2025\/10\/4-Panchina-ricordo-Ascolino-150x113.jpg 150w, https:\/\/www.ecoitaliano.com.ar\/wp-content\/uploads\/2025\/10\/4-Panchina-ricordo-Ascolino.jpg 2048w\" sizes=\"(max-width: 1024px) 100vw, 1024px\" \/><\/a><\/figure>\n\n\n\n<figure class=\"wp-block-image size-large\"><a href=\"https:\/\/www.ecoitaliano.com.ar\/wp-content\/uploads\/2025\/10\/5-Inaugurazione.jpg\"><img decoding=\"async\" width=\"1009\" height=\"750\" data-id=\"81376\" src=\"https:\/\/www.ecoitaliano.com.ar\/wp-content\/uploads\/2025\/10\/5-Inaugurazione.jpg\" alt=\"\" class=\"wp-image-81376\" srcset=\"https:\/\/www.ecoitaliano.com.ar\/wp-content\/uploads\/2025\/10\/5-Inaugurazione.jpg 1009w, https:\/\/www.ecoitaliano.com.ar\/wp-content\/uploads\/2025\/10\/5-Inaugurazione-300x223.jpg 300w, https:\/\/www.ecoitaliano.com.ar\/wp-content\/uploads\/2025\/10\/5-Inaugurazione-768x571.jpg 768w, https:\/\/www.ecoitaliano.com.ar\/wp-content\/uploads\/2025\/10\/5-Inaugurazione-150x111.jpg 150w\" sizes=\"(max-width: 1009px) 100vw, 1009px\" \/><\/a><\/figure>\n\n\n\n<figure class=\"wp-block-image size-large\"><a href=\"https:\/\/www.ecoitaliano.com.ar\/wp-content\/uploads\/2025\/10\/6-Paganica-santuario-Madonna-dAppari.jpg\"><img decoding=\"async\" width=\"300\" height=\"450\" data-id=\"81377\" src=\"https:\/\/www.ecoitaliano.com.ar\/wp-content\/uploads\/2025\/10\/6-Paganica-santuario-Madonna-dAppari.jpg\" alt=\"\" class=\"wp-image-81377\" srcset=\"https:\/\/www.ecoitaliano.com.ar\/wp-content\/uploads\/2025\/10\/6-Paganica-santuario-Madonna-dAppari.jpg 300w, https:\/\/www.ecoitaliano.com.ar\/wp-content\/uploads\/2025\/10\/6-Paganica-santuario-Madonna-dAppari-200x300.jpg 200w, https:\/\/www.ecoitaliano.com.ar\/wp-content\/uploads\/2025\/10\/6-Paganica-santuario-Madonna-dAppari-100x150.jpg 100w\" sizes=\"(max-width: 300px) 100vw, 300px\" \/><\/a><\/figure>\n<\/figure>\n\n\n\n<p>30 ottobre 2025<\/p>\n\n\n\n<p><strong>Una panchina in pietra al Santuario d\u2019Appari dai coetanei del 1964, in memoria dell\u2019amico scomparso un anno fa<\/strong><\/p>\n\n\n\n<p><em>di Goffredo Palmerini<\/em><\/p>\n\n\n\n<p>PAGANICA (L\u2019Aquila) \u2013 In una domenica di fine ottobre un significativo, singolare gesto in memoria dell\u2019amico <strong>Ascolino<\/strong>, quello dei suoi coetanei del 1964. Per ricordarlo hanno fatto realizzare una panchina in bella pietra ambrata, sistemata all\u2019ingresso del viale d\u2019accesso al Santuario della Madonna d\u2019Appari a Paganica, il paese dove l\u2019ingegnere elettronico che progettava per l\u2019esplorazione dello Spazio era nato e viveva. Sullo schienale \u00e8 impressa questa frase: \u201c<strong>Ascoltare, dialogare, fare silenzio, pregare, riposare, e anche le parole non dette volano libere nello spazio e nei pensieri per\u2026<\/strong>\u201d, una sintetica summa dell\u2019indole di Ascolino e un invito a non disperdere il tempo nell\u2019effimero, per dedicarlo invece a quel mondo di intimit\u00e0 e meditazione, insieme a parole, opere e relazioni d\u2019amicizia che hanno davvero senso e valore. Oltre la frase il disegno di un \u201crover\u201d e del pianeta <strong>Marte<\/strong>, scelta non casuale perch\u00e9 tanto della ricerca e della progettazione Ascolino ha dedicato alle apparecchiature spaziali, come si dir\u00e0. Ma andiamo con ordine, nel racconto.<\/p>\n\n\n\n<p><strong>Ascolino Bernardi<\/strong> nasce a L\u2019Aquila per l\u2019anagrafe &#8211; in effetti a <strong>Paganica<\/strong> &#8211; il 12 agosto del 1964, terzo figlio di Agata Lorenzetti (per tutti Dina) e di <strong>Domenico<\/strong>, fondatore della societ\u00e0 IRTET, acronimo di Impresa Reti Telefoniche Elettriche e Telegrafiche, societ\u00e0 rimasta attiva fino alla fine degli anni \u201990 del secolo scorso. \u00c8 l\u2019amatissimo \u201cpiccolo di casa\u201d, arrivato dopo 6 anni dalla sorella <strong>Anna<\/strong> e 8 e mezzo dalla primogenita <strong>Marcella<\/strong>. Come da usanza tradizionale, prende il nome del nonno, che tutti chiamavano comunemente Ercolino (<em>Cannapuccio<\/em>, il soprannome a Paganica), ma il cui vero nome attestato in tutti i documenti risulta, appunto, <strong>Ascolino<\/strong>. Nome mai sostituito con altro: Ascolino \u00e8 sempre stato, per tutti, Ascolino, e lui lo ha portato sempre molto volentieri.<\/p>\n\n\n\n<p><strong>Ascolino<\/strong> frequenta a <strong>Paganica<\/strong> la scuola elementare \u201cFrancesco Rossi\u201d, alunno del compaesano maestro Antonio Divizia. A <strong>L\u2019Aquila<\/strong> la scuola media &#8211; la \u201cPascoli\u201d, in via san Marciano &#8211; ed il liceo scientifico \u201cAndrea Bafile\u201d. Nel 1991 si laurea in Ingegneria Elettronica presso l\u2019Universit\u00e0 dell\u2019Aquila, con il <strong>Prof. Francesco Valdoni<\/strong>, con una tesi sperimentale sui circuiti integrati VLSI, sviluppata a L\u2019Aquila presso l\u2019Alenia Spazio (oggi <strong>Thales Alenia Space Italia<\/strong>), dove viene assunto a seguito di un percorso di tirocinio.<\/p>\n\n\n\n<p>Per pi\u00f9 di trenta anni <strong>Ascolino <\/strong>\u00e8 componente di un gruppo d\u2019avanguardia nell\u2019ambito della competenza elettronica, con elevata abilit\u00e0 nello sviluppo di progetti complessi di circuiti digitali, portandone a termine un numero davvero elevato, e nei processi di verifica, maturando un\u2019esperienza duratura e proficua che non \u00e8 facile trovare nei contesti accademici e industriali. Fin dai primi inizi della sua carriera ha svolto anche un ruolo di supporto e guida per studenti e giovani ingegneri, nell\u2019ambito della collaborazione tra ateneo e azienda, che si \u00e8 sempre articolata sul duplice percorso della ricerca e della formazione degli studenti.<\/p>\n\n\n\n<p>\u00c8 difficile comprendere del tutto il suo lavoro, a causa del livello cos\u00ec altamente specialistico di questa particolare branca dell\u2019ingegneria elettronica, indispensabile per le telecomunicazioni. Se il pap\u00e0 <strong>Domenico<\/strong> con la \u201csua\u201d IRTET aveva lavorato per le telecomunicazioni nel secondo dopoguerra, realizzando la posa di centinaia di chilometri di linee telefoniche in palificazione, che hanno connesso paesi e citt\u00e0 dell\u2019Abruzzo ma anche di altre regioni, <strong>Ascolino<\/strong> lavora nel campo delle comunicazioni satellitari contribuendo alla progettazione di circuiti digitali facenti parte, ad esempio, dei cosiddetti <em>trasponditori satellitari per telecomunicazioni<\/em>.<\/p>\n\n\n\n<p>In parole povere, se alcuni dei satelliti in orbita intorno al nostro pianeta riescono ad inviare e ricevere dati e segnali alla e dalla base a terra, \u00e8 grazie a questa tecnologia cos\u00ec avanzata, sviluppata in un\u2019azienda d\u2019avanguardia del nostro territorio aquilano, grazie allo studio e all\u2019impegno lavorativo di tecnici di cos\u00ec elevata competenza come il nostro <strong>Ascolino<\/strong>, che ha dato un contributo anche in missioni di cui un po&#8217; tutti abbiamo notizia perch\u00e9 hanno avuto una grande eco mediatica, come ad esempio:<\/p>\n\n\n\n<ul class=\"wp-block-list\">\n<li>\u201c<strong>Rosetta<\/strong>\u201d, la missione spaziale sviluppata dall&#8217;Agenzia Spaziale Europea<strong> (ESA) <\/strong>e lanciata nel 2004, con l\u2019obiettivo dello studio della cometa 67P\/Churyumov-Erasimenko. La sonda vera e propria \u00e8 stata chiamata Rosetta, perch\u00e9 l\u2019obiettivo della missione \u00e8 svelare i segreti riguardanti il sistema solare e la formazione dei pianeti; il nome del lander, <em>Philae<\/em>, deriva dall&#8217;isola in cui fu ritrovato un obelisco che ha aiutato la decifrazione della <em>stele di Rosetta<\/em>;<\/li>\n<\/ul>\n\n\n\n<ul class=\"wp-block-list\">\n<li>la missione spaziale <strong>ExoMars<\/strong> sviluppata dall\u2019Agenzia Spaziale Europea e da Roscosmos per esplorare il <strong>pianeta Marte<\/strong>. Di tale missione \u00e8 stato parte il lander <em>Schiaparelli<\/em>, che \u00e8 stato progettato e costruito in Italia da <strong>Thales Alenia Space<\/strong> con lo scopo di fornire a ESA la tecnologia per compiere un atterraggio controllato sulla superficie del Pianeta rosso.<\/li>\n<\/ul>\n\n\n\n<p><strong>Ascolino<\/strong>, per\u00f2, non \u00e8 solo l\u2019ingegnere. \u00c8 anche l\u2019appassionato di sport, in primo luogo il Rugby, grande conoscitore della storia della palla ovale, sia della gloriosa <strong>L\u2019Aquila Rugby<\/strong> che del <strong>Paganica Rugby<\/strong>: nomi, storie e aneddoti di partite, campionati, personaggi. Presente, ogni volta che gli \u00e8 stato possibile, sugli spalti dello stadio aquilano, o all\u2019Olimpico di Roma per incontri del \u201c6 Nazioni\u201d, o in Irlanda solo per veder giocare i neozelandesi AllBlacks E poi amante della nostra citt\u00e0 L\u2019Aquila e della sua storia, della montagna, del cinema, del jazz, della buona cucina\u2026 Infine, ma non per ultimo, <strong>Ascolino<\/strong> amava l\u2019amicizia, la convivialit\u00e0, i paesaggi, le cose belle, l\u2019arte, tutto ci\u00f2 che poteva nutrire il corpo e l\u2019anima. Ma sempre con quel suo particolare tratto di autenticit\u00e0, di attenzione ai valori e alle persone, cifra della sua straordinaria sensibilit\u00e0 culturale e affettiva nelle relazioni.<\/p>\n\n\n\n<p>Legato fortemente alla sua famiglia e al suo paese, <strong>Ascolino<\/strong> ha saputo conservare intatte le intense e significative relazioni con gli amici del \u201964, come con i compagni di scuola di ogni ordine, sempre presente nelle ricorrenze ed animatore di iniziative di aggregazione. Impegnato nel sociale, \u00e8 stato particolarmente vicino all\u2019<strong>AIDO<\/strong> &#8211; Associazione Italiana Donatori di Organi, nella quale ha anche ricoperto il ruolo di Presidente del Gruppo comunale dell\u2019Aquila. <strong>Ascolino<\/strong>, che nelle ultime settimane aveva portato con grande dignit\u00e0, coraggio e consapevolezza i suoi problemi di salute, tenuti sempre nella personale discrezione quasi a difendere la serenit\u00e0 di amici e colleghi, \u00e8 deceduto prematuramente il 4 agosto del 2024.<\/p>\n\n\n\n<p>Questi pochi cenni biografici e sulla storia professionale di <strong>Ascolino<\/strong> non hanno la pretesa di raccontare a pieno la persona, ma definiscono il contesto della sua vita e contengono elementi che ci fanno comprendere il \u201cperch\u00e9\u201d e il \u201ccome\u201d della panchina realizzata dai suoi amici paganichesi della classe 1964, inaugurata in un bel pomeriggio di sole domenica 19 ottobre. Alla bella e sobria cerimonia erano presenti le sorelle <strong>Anna<\/strong> e <strong>Marcella<\/strong> con le loro famiglie, i colleghi di ricerca e progettazione nella Thales Alenia Space, gli ingegneri <strong>Mariano Livi<\/strong> e <strong>Francesco Quaranta<\/strong>, colleghi anche di studi universitari, com\u2019anche l\u2019ing. <strong>Fortunato Santucci<\/strong>, Professore ordinario di Telecomunicazioni all\u2019Universit\u00e0 dell\u2019Aquila, l\u2019amico di famiglia <strong>don Federico Palmerini <\/strong>parroco della Parrocchia Universitaria dell\u2019Aquila, <strong>Mariano Volpe<\/strong>, presidente del Comitato pro Santuario. Inoltre tanti altri amici.<\/p>\n\n\n\n<p>Tra questi soprattutto i suoi coetanei della \u201cclasse 1964\u201d, che hanno promosso e realizzato questa magnifica iniziativa in memoria di <strong>Ascolino<\/strong>: Gianna Ferella, Norma Paiola, Giustino Tennina, Paola Cicino, Vincenzo Centi, Eric Tudico, Dario Ferella, Silvana Pasqua, Roberta Vivio, Alessandra Amicarelli, Paolo Moro, Concettina Panepucci, Augusto Zugaro, Patrizia Bernardi, Gianni Tennina, M.Grazia Mattuccilli, Rita Castri, Giulia Mecchia, M.Grazia Chiaravalle, Gianni Zugaro, Marino Rotellini, Luciana Cocciolone, Tiziana Garnieri, Sabatino Fiordigigli, Annamaria Ferella, Annamaria Bottacchiari, Daniela Volpe, Sandra Ciuffetelli e Don Dionisio Rodriguez, parroco di Paganica, che dalla Colombia, dov\u2019\u00e8 in visita ai familiari, ha mandato un affettuoso messaggio.<\/p>\n\n\n\n<p><strong>Anna<\/strong> e <strong>Marcella <\/strong>hanno condiviso con puntuali sottolineature il significato del gesto dei coetanei di <strong>Ascolino<\/strong>. La \u201cpanchina\u201d ci parla dell\u2019amicizia. \u00c8 segno della profondit\u00e0 dell\u2019amicizia, grandissima forma d\u2019amore. Il \u201cperch\u00e9\u201d sta in un legame di nascita, appunto la \u201cclasse 1964\u201d di Paganica, che si \u00e8 trasformato in un sentimento profondo, diventando vita vissuta, vicinanza, fraternit\u00e0 vera. La storia professionale di <strong>Ascolino<\/strong>, invece, ci fa capire il \u201ccome\u201d. Fornisce la chiave di lettura dei simboli che sono stati incisi sulla panchina, il <em>rover<\/em> e il Pianeta rosso, che parlano inequivocabilmente di lui a chi lo ha conosciuto e amato. <strong>Don Federico<\/strong> ha brevemente tratteggiato il valore dell\u2019amicizia, il senso della coltivazione della memoria, la scelta sul \u201cdove\u201d collocare la panchina, nei pressi del Santuario, il luogo altamente simbolico della spiritualit\u00e0 di Paganica, molto amato da Ascolino. \u00c8 seguita la recitazione del Padre nostro, preghiera che Ges\u00f9 ha insegnato agli apostoli e a tutti i cristiani, poi la benedizione.<\/p>\n\n\n\n<p>C\u2019\u00e8 poi il \u201cperch\u00e9\u201d di una panchina vicino al Santuario della Madonna d\u2019Appari? \u00c8 una seduta che ti accoglie e ti invita ad alzare lo sguardo verso la Vergine Maria, madre che ha conosciuto il dolore, ma ha conservato la Speranza. Chiunque arriver\u00e0 al Santuario, trover\u00e0 questo pensiero, questo invito, questa consolazione al proprio dolore. \u201cSiediti su questa panchina, riposa un attimo, affida il tuo dolore a Maria, senti accanto a te tutti coloro che, come te, sono feriti per la perdita di una persona cara, alza lo sguardo a Dio, a Ges\u00f9 Risorto&#8230;\u201d. Dunque questa non \u00e8 semplicemente <em>\u201cla panchina in memoria di Ascolino<\/em> &#8211; ha annotato <strong>Anna<\/strong> &#8211; <em>ma la panchina di tutti, donata al Santuario da quegli amici che hanno sofferto per la perdita di uno di loro, ma hanno risposto con la generosit\u00e0, con la fede, con un gesto di accoglienza rivolto a tutti, ad ogni passante o pellegrino.\u201d<\/em><\/p>\n\n\n\n<p>Dopo l\u2019inaugurazione chi scrive ha conversato &#8211; sulla personalit\u00e0, la sensibilit\u00e0 e le connotazioni caratteriali di Ascolino &#8211; con tre suoi amici speciali, <strong>Francesco Quaranta<\/strong>, <strong>Mariano Livi<\/strong> e <strong>Fortunato Santucci<\/strong>, con i quali egli ha condiviso gli studi liceali e quelli universitari nella Facolt\u00e0 di Ingegneria dell\u2019Ateneo aquilano. I primi due sono poi stati per un trentennio suoi colleghi di lavoro alla <strong>Thales Alenia Space<\/strong>, azienda di produzione, ricerca e progettazione (di satelliti e componenti spaziali) insediata nell\u2019area industriale dell\u2019Aquila, mentre il <strong>Prof. Santucci<\/strong> \u00e8 un docente di Ingegneria dell\u2019Ateneo aquilano e direttore del Centro di Eccellenza Ex-EMERGE. Mi hanno parlato della discrezione di <strong>Ascolino<\/strong> riguardo le sue condizioni di salute, fin quando, avvertendo la gravit\u00e0 della condizione, egli li ha chiamati da Bergamo, dov\u2019era ricoverato, confidando a ciascuno il suo stato clinico, quasi scusandosi. Un modo per salutare quei suoi tre amici straordinari, un congedo affettivo profondo, come solo Ascolino poteva immaginarlo a qualche giorno dalla sua dipartita.<\/p>\n\n\n\n<p><strong>L\u2019Ing. Livi<\/strong> cos\u00ec ha tratteggiato l\u2019amico e il compagno di studi e di lavoro: <em>\u201cC<\/em><em>on <\/em><em><strong>Ascolino<\/strong><\/em><em> abbiamo condiviso gli studi universitari e l&#8217;attivit\u00e0 lavorativa e professionale. Un percorso impegnativo, ma allo stesso tempo ricco di gratificazioni. Ascolino era una persona schiva, riservata, metodica e molto preparata. La cosa che ho apprezzato maggiormente di lui \u00e8 stata la grande dignit\u00e0 con cui affrontava i problemi di salute che hanno caratterizzato la sua vita, confinandoli sempre all&#8217;interno di una sfera personale e privata, senza lamentele e vittimismo. Non ha mai \u00abutilizzato\u00bb i suoi problemi personali per trarne vantaggio alcuno, affrontava ogni giorno con estrema naturalezza e professionalit\u00e0, come se i suoi problemi non esistessero. \u00c8 stato un grande insegnamento per tutti noi.\u201d<\/em><\/p>\n\n\n\n<p>Bella e intensa anche la testimonianza che il <strong>Prof. Santucci<\/strong> mi ha consegnato<em>. \u201c<\/em><em><strong>Ascolino<\/strong><\/em><em>, collega e <\/em><em>amico di una vita. Nel ruolo di docente di telecomunicazioni dell\u2019Universit\u00e0 degli Studi dell\u2019Aquila ho avuto modo di stabilire e consolidare nel tempo proficui rapporti di collaborazione con <\/em><em><strong>Thales Alenia Space<\/strong><\/em><em> e, in particolare, con il team di ingegneria che si occupa di progettazione di circuiti digitali presso il sito dell\u2019Aquila. In tale contesto l\u2019<\/em><em><strong>Ing. Ascolino Bernardi<\/strong><\/em><em>, laureatosi presso la nostra universit\u00e0 e a sua volta inseritosi in azienda a seguito di un percorso di tirocinio coordinato dal compianto <\/em><em><strong>Prof. Francesco Valdoni<\/strong><\/em><em>, ha apportato un eccellente contributo ai progetti di ricerca congiunti con l\u2019accademia locale e nazionale. Ha trasmesso, inoltre, il suo prezioso bagaglio di conoscenze e competenze ai numerosi studenti che, gi\u00e0 dall\u2019anno accademico 1995-96, ebbe modo di seguire come supervisore nell\u2019ambito delle internship aziendali. Il profilo professionale dell\u2019Ing. Bernardi<\/em> \u2013 sottolinea il <strong>Prof. Santucci<\/strong> \u2013 <em>\u00e8 stato corredato da qualit\u00e0 umane e intellettuali di indiscutibile pregio, che risultano fondamentali per trasferire ai nostri studenti motivazioni, sostegno, attitudine alla collaborazione e educazione al rispetto reciproco. Sono proprio la presenza e l\u2019attivit\u00e0 quotidiana di professionisti come l\u2019<\/em><em><strong>Ing. Bernardi <\/strong><\/em><em>che contribuiscono alla crescita generale delle conoscenze, allo sviluppo di un\u2019azienda high-tech, allo creazione delle tanto auspicate collaborazioni accademico-industriali e, infine, alla crescita complessiva del territorio nel quale si opera. Al di l\u00e0, e prima ancora, del contesto professionale, ho avuto modo di conoscere e frequentare Ascolino sui banchi del liceo e dell\u2019universit\u00e0, per consolidare poi una grande amicizia per tutta la vita, condividendo questo privilegio con la mia famiglia e con gli altri componenti di un bellissimo e solidale gruppo di amici. Innumerevoli sono i ricordi, alcuni dei quali legati a passioni comuni come il rugby, e un elemento che sicuramente li caratterizza \u00e8 la piacevole compagnia di una persona buona, onesta, di grande spessore intellettuale, comunque generosa e disponibile verso gli altri anche quando le vicissitudini di salute ne hanno messo duramente alla prova la tenuta. Quando <\/em><em><strong>Ascolino<\/strong><\/em><em> mi telefon\u00f2, alla fine di un caldo pomeriggio di fine luglio del 2024 con la voce un po\u2019 flebile ma con i modi sempre gentili, per informarmi che il giorno dopo avrebbe dovuto subire un esame diagnostico piuttosto delicato in quel di Bergamo, fui indotto immediatamente a realizzare che si trattava di un repentino e doloroso commiato.\u201d<\/em><\/p>\n\n\n\n<p><br>La memoria di <strong>Ascolino<\/strong> vivr\u00e0 nel ricordo dei tanti che lo hanno conosciuto e frequentato, dei suoi colleghi di studi e di lavoro, degli amici con i quali ha condiviso passioni sportive e predilezioni culturali, dei coetanei paganichesi con i quali ha vissuto tante giornate di allegria e fraternit\u00e0, condividendo in armonia iniziative e conviviali nel segno del rispetto reciproco, dell\u2019attenzione premurosa e solidale, dell\u2019amicizia vera. <strong>Ascolino Bernardi<\/strong> lascia un esempio di talento professionale non ostentato, di modestia, propria delle persone di grande valore, di attaccamento a valori universali. <strong>Ascolino <\/strong>ha reso davvero un grande onore a <strong>Paganica<\/strong>, <strong>L\u2019Aquila<\/strong> e all\u2019<strong>Abruzzo<\/strong>, la terra che gli ha dato i natali e della quale \u00e8 andato sempre orgoglioso.<\/p>\n\n\n\n<p>Un\u2019ultima annotazione, ma di rilevante significato. Su proposta e con contributo di Thales Alenia Space- Italia l\u2019Universit\u00e0 degli Studi dell\u2019Aquila, con decreto del Rettore&nbsp;<strong>Prof.<\/strong>&nbsp;<strong>Edoardo Alesse<\/strong>&nbsp;emesso il 24 luglio 2025, ha deliberato di conferire 2 Premi di Laurea dell\u2019importo di Euro 2.000 (duemila) ciascuno per tesi di Laurea Magistrale in Ingegneria Informatica, Ingegneria Elettronica e Ingegneria delle Telecomunicazioni, inerenti a tematiche relative all\u2019analisi, simulazione e progettazione di dispositivi ed architetture di elaborazione digitale del segnale per applicazioni satellitari,&nbsp;<strong>intitolati alla memoria dell\u2019Ing. Ascolino Bernardi<\/strong>. Si prevede che entro la fine dell\u2019anno l\u2019apposita Commissione valutatrice avr\u00e0 esaminato le numerose candidature gi\u00e0 pervenute e avr\u00e0 decretato i vincitori.<\/p>\n\n\n\n<p><em>Foto 1 \u2013 Ascolino Bernardi<\/em><\/p>\n\n\n\n<p><em>Foto 2 &#8211; da sin: Anna e Marcella Bernardi, Daniela Torlone, Fortunato Santucci, Francesco Quaranta, Mariano Livi<\/em><\/p>\n\n\n\n<p><em>Foto 3 &#8211; parte dei coetanei di Ascolino, classe 1964<\/em><\/p>\n\n\n\n<p><em>Foto 4 &#8211; Panchina ricordo Ascolino<\/em><\/p>\n\n\n\n<p><em>Foto 5 \u2013 Inaugurazione<\/em><\/p>\n\n\n\n<p><em>Foto 6 \u2013 Paganica &#8211; Santuario Madonna d\u2019Appari<\/em><\/p>\n","protected":false},"excerpt":{"rendered":"<p>30 ottobre 2025 Una panchina in pietra al Santuario d\u2019Appari dai coetanei del 1964, in memoria dell\u2019amico scomparso un anno [&hellip;]<\/p>\n","protected":false},"author":1,"featured_media":0,"comment_status":"open","ping_status":"open","sticky":false,"template":"","format":"standard","meta":{"footnotes":""},"categories":[43,10],"tags":[],"class_list":["post-81371","post","type-post","status-publish","format-standard","hentry","category-historias","category-italiano"],"_links":{"self":[{"href":"https:\/\/www.ecoitaliano.com.ar\/index.php?rest_route=\/wp\/v2\/posts\/81371","targetHints":{"allow":["GET"]}}],"collection":[{"href":"https:\/\/www.ecoitaliano.com.ar\/index.php?rest_route=\/wp\/v2\/posts"}],"about":[{"href":"https:\/\/www.ecoitaliano.com.ar\/index.php?rest_route=\/wp\/v2\/types\/post"}],"author":[{"embeddable":true,"href":"https:\/\/www.ecoitaliano.com.ar\/index.php?rest_route=\/wp\/v2\/users\/1"}],"replies":[{"embeddable":true,"href":"https:\/\/www.ecoitaliano.com.ar\/index.php?rest_route=%2Fwp%2Fv2%2Fcomments&post=81371"}],"version-history":[{"count":1,"href":"https:\/\/www.ecoitaliano.com.ar\/index.php?rest_route=\/wp\/v2\/posts\/81371\/revisions"}],"predecessor-version":[{"id":81378,"href":"https:\/\/www.ecoitaliano.com.ar\/index.php?rest_route=\/wp\/v2\/posts\/81371\/revisions\/81378"}],"wp:attachment":[{"href":"https:\/\/www.ecoitaliano.com.ar\/index.php?rest_route=%2Fwp%2Fv2%2Fmedia&parent=81371"}],"wp:term":[{"taxonomy":"category","embeddable":true,"href":"https:\/\/www.ecoitaliano.com.ar\/index.php?rest_route=%2Fwp%2Fv2%2Fcategories&post=81371"},{"taxonomy":"post_tag","embeddable":true,"href":"https:\/\/www.ecoitaliano.com.ar\/index.php?rest_route=%2Fwp%2Fv2%2Ftags&post=81371"}],"curies":[{"name":"wp","href":"https:\/\/api.w.org\/{rel}","templated":true}]}}