{"id":81492,"date":"2025-11-03T13:11:23","date_gmt":"2025-11-03T13:11:23","guid":{"rendered":"https:\/\/www.ecoitaliano.com.ar\/?p=81492"},"modified":"2025-11-03T13:12:04","modified_gmt":"2025-11-03T13:12:04","slug":"c-onsiglio-generale-degli-italiani-allestero-2","status":"publish","type":"post","link":"https:\/\/www.ecoitaliano.com.ar\/?p=81492","title":{"rendered":"Consiglio Generale degli Italiani all&#8217;Estero"},"content":{"rendered":"<div class=\"wp-block-image\">\n<figure class=\"aligncenter size-full\"><a href=\"http:\/\/www.ecoitaliano.com.ar\/wp-content\/uploads\/2025\/11\/descarga-1.jpeg\"><img decoding=\"async\" width=\"209\" height=\"241\" src=\"http:\/\/www.ecoitaliano.com.ar\/wp-content\/uploads\/2025\/11\/descarga-1.jpeg\" alt=\"\" class=\"wp-image-81493\" srcset=\"https:\/\/www.ecoitaliano.com.ar\/wp-content\/uploads\/2025\/11\/descarga-1.jpeg 209w, https:\/\/www.ecoitaliano.com.ar\/wp-content\/uploads\/2025\/11\/descarga-1-130x150.jpeg 130w\" sizes=\"(max-width: 209px) 100vw, 209px\" \/><\/a><\/figure><\/div>\n\n\n<p>Ufficio stampa<\/p>\n\n\n\n<p><strong>Il CGIE a Dortmund per i 70 anni dell\u2019accordo italo-tedesco sul lavoro<\/strong><\/p>\n\n\n\n<p><strong>La Commissione Europa e Africa del Nord in Germania dal 6 all\u20198 novembre<\/strong><\/p>\n\n\n\n<p>Si riunisce dal 6 all\u20198 novembre a Dortmund la Commissione continentale Europa e Africa del Nord del Consiglio Generale degli Italiani all\u2019Estero. L\u2019assise, organizzata dai Consiglieri eletti in Germania con il Vicesegretario generale d\u2019area Giuseppe Stabile, si svolge nel quadro delle celebrazioni per il 70\u00b0 anniversario dell\u2019accordo italo-tedesco sul lavoro del 1955, che apr\u00ec la grande stagione migratoria italiana in Germania e costituisce l\u2019occasione per tracciare un quadro esaustivo dell\u2019evoluzione e delle caratteristiche della comunit\u00e0 italiana nel Paese e in Europa, nonch\u00e9 del ruolo delle nuove generazioni della nostra diaspora nel contesto continentale.<\/p>\n\n\n\n<p>I lavori della Commissione, che per i primi due giorni si svolgeranno presso l\u2019hotel Mercure, vedranno il contributo di autorit\u00e0 diplomatiche, esponenti del mondo imprenditoriale e scientifico, nonch\u00e9 della rappresentanza della comunit\u00e0 italiana locale, che dibatteranno sull\u2019apporto della nostra immigrazione nel Paese, con particolare riferimento alla presenza imprenditoriale e ai rapporti commerciali, degli effetti della riforma della cittadinanza e sullo stato dei servizi consolari.<\/p>\n\n\n\n<p>Focus specifici saranno dedicati ai temi prioritari dell\u2019agenda del CGIE per la seconda parte dell\u2019anno: la diffusione dell\u2019italiano nel mondo, con una riflessione sulla validit\u00e0 e attualit\u00e0 dei corsi di lingua e cultura e sullo stato degli enti gestori, l\u2019educazione alla storia dell\u2019emigrazione italiana e la riforma del Consiglio Generale.<\/p>\n\n\n\n<p>Durante l\u2019ultima giornata la Commissione parteciper\u00e0 al convegno <em>Vision Italy \u2013 Memorie e Futuro \u2013 70 anni di accordi Italia-Germania<\/em> organizzato dal Com.It.Es. di Dortmund con interventi nei panel dedicati al ruolo delle istituzioni nell\u2019Europa di oggi, alla cooperazione scientifica tra Italia e Germania nel contesto europeo e al legame tra i giovani italiani e le proprie radici durante i quali i Consiglieri CGIE si confronteranno con esponenti delle istituzioni, del mondo accademico e con Parlamentari eletti nella circoscrizione Europa.<\/p>\n\n\n\n<p>Di seguito il programma dei lavori della Commissione continentale che potranno essere seguiti anche in videoconferenza chiedendo il link al seguente indirizzo e-mail:<\/p>\n\n\n\n<p><a href=\"mailto:ufficiostampa@cgieonline.it\">ufficiostampa@cgieonline.it<\/a><\/p>\n\n\n\n<p><strong>Gioved\u00ec<\/strong><strong>6<\/strong><strong>novembre<\/strong><strong>2025<\/strong><\/p>\n\n\n\n<p>Ore 9:30 \u2013 Apertura dei lavori<\/p>\n\n\n\n<ul class=\"wp-block-list\">\n<li>Saluto del vicesegretario generale Giuseppe Stabile<\/li>\n\n\n\n<li>Indirizzo di saluto delle autorit\u00e0 locali e degli invitati \u2013 Alice Joy Cox, Console d\u2019Italia a Dortmund<\/li>\n<\/ul>\n\n\n\n<p>Ore 10:00 \u2013 Presenza imprenditoriale \u2013 Rapporti commerciali Italia-Germania<\/p>\n\n\n\n<ul class=\"wp-block-list\">\n<li>Introduzione\n<ul class=\"wp-block-list\">\n<li>Francesco Sordini, Capo dell\u2019Ufficio economia, commercio e scienza,<\/li>\n<\/ul>\n<\/li>\n<\/ul>\n\n\n\n<p>Ambasciata d\u2019Italia a Berlino \u2013 in VTC<\/p>\n\n\n\n<ul class=\"wp-block-list\">\n<li>Francesco Dell\u2019Anna, Vicedirettore ICE \u2013 in VTC<\/li>\n<\/ul>\n\n\n\n<ul class=\"wp-block-list\">\n<li>Intervento sul settore della diplomazia scientifica:\n<ul class=\"wp-block-list\">\n<li>Piergiorgio Alotto, Addetto scientifico dell\u2019Ambasciata d\u2019Italia a Berlino \u2013 in VTC<\/li>\n<\/ul>\n<\/li>\n\n\n\n<li>Presentazione della piattaforma italo-tedesca platea2030 sul tema della sostenibilit\u00e0 e dell\u2019Agenda 2030\n<ul class=\"wp-block-list\">\n<li>Karoline R\u00f6rig, Ufficio per il dialogo italo-tedesco<\/li>\n<\/ul>\n<\/li>\n<\/ul>\n\n\n\n<p>Ore 11:30 \u2013 Valutazione aggiornata sui Servizi consolari<\/p>\n\n\n\n<ul class=\"wp-block-list\">\n<li>Giuseppe Scigliano<\/li>\n<\/ul>\n\n\n\n<p>Ore 12:30 \u2013 Impatto della riforma della nuova legge sulla cittadinanza<\/p>\n\n\n\n<ul class=\"wp-block-list\">\n<li>Silvia Maria Lucia Santangelo, Capo dell\u2019ufficio Affari sociali Ambasciata d\u2019Italia a Berlino \u2013 in VTC<\/li>\n<\/ul>\n\n\n\n<p>Ore 13:15 \u2013 Pausa pranzo<\/p>\n\n\n\n<p>Ore 14:30 \u2013 Riforma del CGIE<\/p>\n\n\n\n<ul class=\"wp-block-list\">\n<li>Giuseppe Stabile<\/li>\n<\/ul>\n\n\n\n<p>Ore 15:30 \u2013 Modalit\u00e0 di voto per le elezioni dei Comites<\/p>\n\n\n\n<ul class=\"wp-block-list\">\n<li>Tommaso Conte<\/li>\n<\/ul>\n\n\n\n<p>Ore 16:00 \u2013 Riflessioni dalla \u201cDGIT\u201d alla \u201cDirezione Generale per i Servizi ai cittadini all\u2019estero e le politiche migratorie per gli Italiani nel mondo\u201d<\/p>\n\n\n\n<ul class=\"wp-block-list\">\n<li>Min. plen. Luigi Maria Vignali \u2013 Direttore generale per gli italiani all\u2019estero e le politiche migratorie del MAECI \u2013 in VTC<\/li>\n<\/ul>\n\n\n\n<p>Ore 18:00 \u2013 Fine lavori<\/p>\n\n\n\n<p><strong>Venerd\u00ec<\/strong><strong>7<\/strong><strong>novembre<\/strong><strong>2025<\/strong><\/p>\n\n\n\n<p>Ripresa dei lavori con la partecipazione dell\u2019Intercomites Germania<\/p>\n\n\n\n<p>Ore 9:30 Validit\u00e0 e attualit\u00e0 dei Corsi di lingua e cultura, diffusione della lingua italiana nel mondo, situazione degli enti gestori<\/p>\n\n\n\n<ul class=\"wp-block-list\">\n<li>Tommaso Conte<\/li>\n<\/ul>\n\n\n\n<p>Ore 11:30 \u2013 Educazione alla storia delle migrazioni<\/p>\n\n\n\n<ul class=\"wp-block-list\">\n<li>Maria Chiara Prodi<\/li>\n<\/ul>\n\n\n\n<p>Ore 13:00 \u2013 Pausa pranzo<\/p>\n\n\n\n<p>Ripresa dei lavori in presenza di una rappresentanza dei connazionali<\/p>\n\n\n\n<p>Ore 14:30 Evoluzione e caratteristiche della comunit\u00e0 italiana in Germania<\/p>\n\n\n\n<ul class=\"wp-block-list\">\n<li>Tommaso Conte<\/li>\n\n\n\n<li>Edith Pichler, Universit\u00e0 Potsdam<\/li>\n\n\n\n<li>Simonetta del Favero, coordinatrice dell\u2019Intercomites<\/li>\n<\/ul>\n\n\n\n<p>Discussione, varie ed eventuali<\/p>\n\n\n\n<p>Ore 17:30 \u2013 Fine lavori<\/p>\n\n\n\n<p>Ore 18:30-20:00 Ricevimento offerto dal Consolato<\/p>\n\n\n\n<p><strong>Sabato<\/strong><strong>8<\/strong><strong>novembre<\/strong><strong>2025<\/strong><\/p>\n\n\n\n<p>9:00 \u2013 15:00 Vedi programma allegato <\/p>\n\n\n\n<p><\/p>\n\n\n\n<div data-wp-interactive=\"core\/file\" class=\"wp-block-file\"><object data-wp-bind--hidden=\"!state.hasPdfPreview\" hidden class=\"wp-block-file__embed\" data=\"https:\/\/www.ecoitaliano.com.ar\/wp-content\/uploads\/2025\/11\/VisionItaly-IT_DE-28.10.2025.pdf\" type=\"application\/pdf\" style=\"width:100%;height:600px\" aria-label=\"Incrustado de VisionItaly  IT_DE 28.10.2025.\"><\/object><a id=\"wp-block-file--media-a14a6319-e91d-47b4-915a-5371c626982b\" href=\"https:\/\/www.ecoitaliano.com.ar\/wp-content\/uploads\/2025\/11\/VisionItaly-IT_DE-28.10.2025.pdf\">VisionItaly  IT_DE 28.10.2025<\/a><a href=\"https:\/\/www.ecoitaliano.com.ar\/wp-content\/uploads\/2025\/11\/VisionItaly-IT_DE-28.10.2025.pdf\" class=\"wp-block-file__button wp-element-button\" download aria-describedby=\"wp-block-file--media-a14a6319-e91d-47b4-915a-5371c626982b\">Descarga<\/a><\/div>\n","protected":false},"excerpt":{"rendered":"<p>Ufficio stampa Il CGIE a Dortmund per i 70 anni dell\u2019accordo italo-tedesco sul lavoro La Commissione Europa e Africa del [&hellip;]<\/p>\n","protected":false},"author":1,"featured_media":0,"comment_status":"open","ping_status":"open","sticky":false,"template":"","format":"standard","meta":{"footnotes":""},"categories":[10,15],"tags":[],"class_list":["post-81492","post","type-post","status-publish","format-standard","hentry","category-italiano","category-italiani-allestero"],"_links":{"self":[{"href":"https:\/\/www.ecoitaliano.com.ar\/index.php?rest_route=\/wp\/v2\/posts\/81492","targetHints":{"allow":["GET"]}}],"collection":[{"href":"https:\/\/www.ecoitaliano.com.ar\/index.php?rest_route=\/wp\/v2\/posts"}],"about":[{"href":"https:\/\/www.ecoitaliano.com.ar\/index.php?rest_route=\/wp\/v2\/types\/post"}],"author":[{"embeddable":true,"href":"https:\/\/www.ecoitaliano.com.ar\/index.php?rest_route=\/wp\/v2\/users\/1"}],"replies":[{"embeddable":true,"href":"https:\/\/www.ecoitaliano.com.ar\/index.php?rest_route=%2Fwp%2Fv2%2Fcomments&post=81492"}],"version-history":[{"count":2,"href":"https:\/\/www.ecoitaliano.com.ar\/index.php?rest_route=\/wp\/v2\/posts\/81492\/revisions"}],"predecessor-version":[{"id":81496,"href":"https:\/\/www.ecoitaliano.com.ar\/index.php?rest_route=\/wp\/v2\/posts\/81492\/revisions\/81496"}],"wp:attachment":[{"href":"https:\/\/www.ecoitaliano.com.ar\/index.php?rest_route=%2Fwp%2Fv2%2Fmedia&parent=81492"}],"wp:term":[{"taxonomy":"category","embeddable":true,"href":"https:\/\/www.ecoitaliano.com.ar\/index.php?rest_route=%2Fwp%2Fv2%2Fcategories&post=81492"},{"taxonomy":"post_tag","embeddable":true,"href":"https:\/\/www.ecoitaliano.com.ar\/index.php?rest_route=%2Fwp%2Fv2%2Ftags&post=81492"}],"curies":[{"name":"wp","href":"https:\/\/api.w.org\/{rel}","templated":true}]}}