{"id":81502,"date":"2025-11-03T14:53:34","date_gmt":"2025-11-03T14:53:34","guid":{"rendered":"https:\/\/www.ecoitaliano.com.ar\/?p=81502"},"modified":"2025-11-03T14:53:55","modified_gmt":"2025-11-03T14:53:55","slug":"massa-risse-danni-e-furti-serve-un-tavolo-per-una-citta-piu-sicura","status":"publish","type":"post","link":"https:\/\/www.ecoitaliano.com.ar\/?p=81502","title":{"rendered":"Massa: risse, danni e furti. Serve un tavolo per una citt\u00e0 pi\u00f9 sicura"},"content":{"rendered":"<div class=\"wp-block-image\">\n<figure class=\"aligncenter size-full\"><a href=\"http:\/\/www.ecoitaliano.com.ar\/wp-content\/uploads\/2025\/11\/descarga-2.jpeg\"><img decoding=\"async\" width=\"301\" height=\"168\" src=\"http:\/\/www.ecoitaliano.com.ar\/wp-content\/uploads\/2025\/11\/descarga-2.jpeg\" alt=\"\" class=\"wp-image-81503\" srcset=\"https:\/\/www.ecoitaliano.com.ar\/wp-content\/uploads\/2025\/11\/descarga-2.jpeg 301w, https:\/\/www.ecoitaliano.com.ar\/wp-content\/uploads\/2025\/11\/descarga-2-150x84.jpeg 150w\" sizes=\"(max-width: 301px) 100vw, 301px\" \/><\/a><\/figure><\/div>\n\n\n<p>Negli ultimi mesi Massa sta vivendo una situazione sempre pi\u00f9 preoccupante. Si susseguono episodi di violenza, danneggiamenti a edifici e attivit\u00e0, risse, atti di vandalismo e perfino furti ai danni di abitazioni e aziende. Un clima di insicurezza diffusa che interessa non solo Marina di Massa, ma l\u2019intera citt\u00e0, generando allarme e sfiducia tra i cittadini.<\/p>\n\n\n\n<p>\u201cL\u2019ultimo provvedimento del Questore di Massa-Carrara, che ha disposto la sospensione per quindici giorni della licenza di un\u2019attivit\u00e0 commerciale \u2013 interviene la consigliera Giovanna Santi con il<\/p>\n\n\n\n<p>Gruppo Consiliare PD &#8211; rappresenta un segnale chiaro della gravit\u00e0 della situazione e della necessit\u00e0 di intervenire con decisione. Siamo consapevoli che le istituzioni e le forze dell\u2019ordine stanno lavorando con impegno, con controlli mirati e una presenza costante sul territorio. Ma oggi serve uno sforzo in pi\u00f9, un\u2019azione coordinata che coinvolga tutte le componenti della comunit\u00e0.<\/p>\n\n\n\n<p>Per questo chiediamo ancora una volta, come gi\u00e0 richiesto in passato da altri consiglieri comunali, l\u2019istituzione di un tavolo permanente per la sicurezza cittadina, dove amministrazione comunale, forze dell\u2019ordine, associazioni di categoria, comitati e rappresentanti dei quartieri possano confrontarsi e individuare strategie condivise\u201d. E aggiungono: \u201cLa sicurezza non \u00e8 un tema di destra o di sinistra, non \u00e8 questione che riguarda solo chi governa o chi fa opposizione: \u00e8 un diritto di ogni donna e uomo che vive nella nostra citt\u00e0. N\u00e9 pu\u00f2 essere vista soltanto come azione in capo alle forze dell\u2019ordine che, anche grazie al Prefetto e al Questore, stanno gi\u00e0 svolgendo un lavoro straordinario. La sicurezza significa anche fare scelte per promuovere la qualit\u00e0 della vita quotidianamente. Per questo chiediamo al sindaco di promuovere un\u2019azione comune che coinvolga tutti coloro che \u2013 al di l\u00e0 delle rispettive collocazioni politico-istituzionali \u2013 possono dare una mano alla nostra comunit\u00e0: dai consiglieri comunali ai consiglieri regionali fino ai parlamentari nazionali\u201d.<\/p>\n\n\n\n<p>Tara comunicazione<\/p>\n","protected":false},"excerpt":{"rendered":"<p>Negli ultimi mesi Massa sta vivendo una situazione sempre pi\u00f9 preoccupante. Si susseguono episodi di violenza, danneggiamenti a edifici e [&hellip;]<\/p>\n","protected":false},"author":1,"featured_media":0,"comment_status":"open","ping_status":"open","sticky":false,"template":"","format":"standard","meta":{"footnotes":""},"categories":[10,5],"tags":[],"class_list":["post-81502","post","type-post","status-publish","format-standard","hentry","category-italiano","category-politica"],"_links":{"self":[{"href":"https:\/\/www.ecoitaliano.com.ar\/index.php?rest_route=\/wp\/v2\/posts\/81502","targetHints":{"allow":["GET"]}}],"collection":[{"href":"https:\/\/www.ecoitaliano.com.ar\/index.php?rest_route=\/wp\/v2\/posts"}],"about":[{"href":"https:\/\/www.ecoitaliano.com.ar\/index.php?rest_route=\/wp\/v2\/types\/post"}],"author":[{"embeddable":true,"href":"https:\/\/www.ecoitaliano.com.ar\/index.php?rest_route=\/wp\/v2\/users\/1"}],"replies":[{"embeddable":true,"href":"https:\/\/www.ecoitaliano.com.ar\/index.php?rest_route=%2Fwp%2Fv2%2Fcomments&post=81502"}],"version-history":[{"count":1,"href":"https:\/\/www.ecoitaliano.com.ar\/index.php?rest_route=\/wp\/v2\/posts\/81502\/revisions"}],"predecessor-version":[{"id":81504,"href":"https:\/\/www.ecoitaliano.com.ar\/index.php?rest_route=\/wp\/v2\/posts\/81502\/revisions\/81504"}],"wp:attachment":[{"href":"https:\/\/www.ecoitaliano.com.ar\/index.php?rest_route=%2Fwp%2Fv2%2Fmedia&parent=81502"}],"wp:term":[{"taxonomy":"category","embeddable":true,"href":"https:\/\/www.ecoitaliano.com.ar\/index.php?rest_route=%2Fwp%2Fv2%2Fcategories&post=81502"},{"taxonomy":"post_tag","embeddable":true,"href":"https:\/\/www.ecoitaliano.com.ar\/index.php?rest_route=%2Fwp%2Fv2%2Ftags&post=81502"}],"curies":[{"name":"wp","href":"https:\/\/api.w.org\/{rel}","templated":true}]}}