{"id":81515,"date":"2025-11-04T10:20:25","date_gmt":"2025-11-04T10:20:25","guid":{"rendered":"https:\/\/www.ecoitaliano.com.ar\/?p=81515"},"modified":"2025-11-04T10:20:55","modified_gmt":"2025-11-04T10:20:55","slug":"women-and-the-city-torna-e-raddoppia-nuove-date-a-novembre-per-il-festival-della-parita-di-genere","status":"publish","type":"post","link":"https:\/\/www.ecoitaliano.com.ar\/?p=81515","title":{"rendered":"WOMEN AND THE CITY torna e raddoppia: nuove date a novembre per il festival della parit\u00e0 di genere"},"content":{"rendered":"\n<figure class=\"wp-block-table\"><table class=\"has-fixed-layout\"><tbody><tr><td><img decoding=\"async\" src=\"https:\/\/ci3.googleusercontent.com\/meips\/ADKq_NagHm1VI7owQcs_YHZg8T1a28yslxDGfwEfeiRhcyeo71j2dY7N95MNT4hP0WtZfd-OGlehSOduObQ9-pbg5nPxqO6-Mk8QFIYSTq73H4t3h68H1Vafzsfo20UJ2wpTTt6z-lIVJpeq8AK4whfhKLhR=s0-d-e1-ft#https:\/\/gbfa4.img.a.d.sendibm1.com\/im\/sh\/xO0mdW6PUa2i.png?u=7xwQLFBtniwQn1M7ZYW8IhiFwEavAM5\" width=\"600\">&nbsp;<em><strong>WOMEN AND THE CITY TORNA E RADDOPPIA: NUOVE DATE A NOVEMBRE PER IL FESTIVAL DELLA PARIT\u00c0 DI GENERE<\/strong><\/em><br><em><strong>Dalla voce di Yvonne Sci\u00f2 al ritorno di Pasquale Guadagno, passando per la filosofia di Francesca Romana Recchia Luciani: un novembre di storie, pensiero e impegno per la parit\u00e0 che accende Torino e i suoi territori.<\/strong><\/em>&nbsp;<a href=\"https:\/\/gbfa4.r.a.d.sendibm1.com\/mk\/cl\/f\/sh\/SMK1E8tHeFuBlCKQn7QfpZyNUMJ7\/NzNQ1vcyRTYQ\" target=\"_blank\" rel=\"noreferrer noopener\"><u><strong>PRESS KIT<\/strong><\/u><\/a><br><a href=\"https:\/\/gbfa4.r.a.d.sendibm1.com\/mk\/cl\/f\/sh\/SMK1E8tHeG13DL9NyHa9vPH7SetN\/0DcZK-nuAxX0\" target=\"_blank\" rel=\"noreferrer noopener\"><u><strong>IL PROGRAMMA COMPLETO<\/strong><\/u><\/a>&nbsp;<strong>Torino, 04 novembre 2025<\/strong>&nbsp;\u2013 Dopo il successo delle giornate di ottobre,&nbsp;<strong>Women and the City<\/strong>, il festival diffuso dedicato alla parit\u00e0 di genere,&nbsp;<strong>torna e raddoppia<\/strong>&nbsp;con tre nuove date a novembre nella citt\u00e0 di Torino e un ricco calendario di eventi&nbsp;<em>Off<\/em>&nbsp;nei comuni del territorio metropolitano (<strong>Collegno, Druento, Nichelino, Val della Torre e Pianezza<\/strong>).<br>Anche in questo nuovo mese di appuntamenti, il festival porter\u00e0 a Torino e nei territori voci di grande rilievo e testimonianze che uniscono cultura, impegno e memoria. Tra le protagoniste, la regista e attrice&nbsp;<strong>Yvonne Sci\u00f2<\/strong>, con la proiezione del documentario&nbsp;<em>Womeness<\/em>; la filosofa&nbsp;<strong>Francesca Romana Recchia Luciani<\/strong>, che dialogher\u00e0 con gli studenti torinesi sul pensiero delle donne nella filosofia; e&nbsp;<strong>Stefania Doglioli<\/strong>&nbsp;e&nbsp;<strong>Alessandra Racca<\/strong>, protagoniste della performance itinerante&nbsp;<em>Male-dette<\/em>&nbsp;dedicata alla memoria e alla parola come strumenti di libert\u00e0. Torner\u00e0 al festival anche&nbsp;<strong>Pasquale Guadagno<\/strong>&nbsp;con la presentazione del suo libro&nbsp;<em>I figli di nessuno<\/em>&nbsp;(Rizzoli), scritto con&nbsp;<strong>Francesca Barra<\/strong>: una testimonianza potente che unisce esperienza personale e impegno civile.<br>Un calendario ricco, dunque, che intreccia linguaggi e generazioni per proseguire il percorso di riflessione e azione sulla parit\u00e0 e i diritti delle donne.<br>Il primo appuntamento \u00e8 previsto per domani,&nbsp;<strong>5 novembre<\/strong>, con due eventi dedicati all\u2019empowerment femminile che apriranno ufficialmente il nuovo calendario dando il via alla seconda parte del festival.<br>Ideato e promosso dall\u2019<strong>Associazione Torino Citt\u00e0 per le Donne (TOxD)<\/strong>, presieduta da&nbsp;<strong>Antonella Parigi<\/strong>&nbsp;e diretto dalla giornalista&nbsp;<strong>Elisa Forte<\/strong>, il festival conferma anche quest\u2019anno la sua vocazione a costruire reti e connessioni tra istituzioni, cultura, ricerca, impresa e cittadinanza, intrecciando linguaggi e prospettive per raccontare la parit\u00e0 come motore di futuro.<br>Un progetto diffuso, sostenuto da un\u2019ampia collaborazione istituzionale, che conferma Torino come citt\u00e0 capofila nel dialogo sui diritti e sull\u2019equit\u00e0, in vista del ponte Nord-Sud che nel 2026 condurr\u00e0 il festival fino a Bari.<br>Le&nbsp;<strong>giornate torinesi di novembre&nbsp;<\/strong>\u2013<strong>&nbsp;il 5, il 13 e il 23 \u2013<\/strong>&nbsp;proseguono nel segno dell\u2019incontro e della partecipazione, affrontando temi chiave come l\u2019empowerment femminile, il pensiero delle donne nella filosofia e la memoria collettiva. A queste date si aggiungeranno, nel corso delle settimane, altre otto giornate nei comuni di&nbsp;<strong>Collegno, Druento, Nichelino, Val della Torre e Pianezza<\/strong>, ricche di eventi che vedranno coinvolti ospiti di caratura nazionale, per un calendario diffuso che amplifica la voce del festival e porta la riflessione sulla parit\u00e0 nei territori.<br>Il&nbsp;<strong>5 novembre<\/strong>&nbsp;il festival torna nei luoghi simbolo della cultura cittadina con due appuntamenti dedicati al potere delle narrazioni e al coraggio del cambiamento.<br>Al&nbsp;<strong>Cine Teatro Baretti<\/strong>, alle ore 18, la regista e attrice&nbsp;<strong>Yvonne Sci\u00f2<\/strong>&nbsp;presenta il documentario&nbsp;<em>Womeness<\/em>&nbsp;in dialogo con&nbsp;<strong>Antonella Parigi<\/strong>, Presidente di&nbsp;<strong>Torino Citt\u00e0 per le Donne<\/strong>&nbsp;e ideatrice del festival, in un incontro dal titolo&nbsp;<em>Storie che cambiano lo sguardo<\/em>, realizzato in collaborazione con l\u2019<strong>Associazione Culturale Giardino Forbito<\/strong>&nbsp;e il&nbsp;<strong>Contemporanea Film Festival<\/strong>.<br><em>\u201c\u00c8 importante continuare a parlare di parit\u00e0 di genere, perch\u00e9 il cambiamento passa anche attraverso la consapevolezza e l\u2019educazione\u201d<\/em><strong>, dichiara Yvonne Sci\u00f2<\/strong>,&nbsp;<em>\u201cBisogna partire dalle nuove generazioni, a scuola, per costruire un futuro pi\u00f9 equo<\/em>\u201d.<br>A seguire, al&nbsp;<strong>Circolo dei Lettori<\/strong>, alle ore 18.30, si terr\u00e0 il dibattito&nbsp;<em>Il ruolo delle madri: dalla Prima guerra mondiale a oggi<\/em>, con la storica&nbsp;<strong>Marcella Filippa<\/strong>,&nbsp;<strong>Marie-Jeanne Balagizi<\/strong>,&nbsp;<strong>Deniz Kivage<\/strong>&nbsp;e&nbsp;<strong>Fulvio Paganin<\/strong>, direttore del&nbsp;<strong>Contemporanea Film Festival<\/strong>. Due incontri che raccontano la forza e la complessit\u00e0 dell\u2019esperienza femminile, tra memoria, arte e societ\u00e0.<br>Il&nbsp;<strong>13 novembre<\/strong>, nella&nbsp;<strong>Sala Colonne del Municipio di Torino<\/strong>, sar\u00e0 protagonista la filosofia con l\u2019incontro&nbsp;<em>Ripensare il mondo con il pensiero di dieci filosofe dimenticate<\/em>.<br>La filosofa e scrittrice&nbsp;<strong>Francesca Romana Recchia Luciani<\/strong>&nbsp;incontrer\u00e0 il&nbsp;<strong>Consiglio Comunale Junior di Torino<\/strong>&nbsp;e un gruppo di studenti dei licei cittadini per riscoprire le figure femminili che hanno riscritto le categorie del pensiero, da&nbsp;<strong>Lou Salom\u00e9<\/strong>&nbsp;a&nbsp;<strong>Mar\u00eda Zambrano<\/strong>, da&nbsp;<strong>Simone Weil<\/strong>&nbsp;a&nbsp;<strong>Carla Lonzi<\/strong>. L\u2019evento, condotto da&nbsp;<strong>Elisa Forte<\/strong>&nbsp;e organizzato in collaborazione con l\u2019<strong>Assessorato comunale all\u2019Istruzione<\/strong>, vedr\u00e0 la partecipazione dell\u2019<strong>Assessora Carlotta Salerno<\/strong>&nbsp;e sar\u00e0 un\u2019occasione di riflessione condivisa sul valore della conoscenza e dell\u2019educazione alla parit\u00e0.<br>La chiusura del festival,&nbsp;<strong>domenica 23 novembre<\/strong>, sar\u00e0 un rito collettivo e simbolico che attraverser\u00e0 la citt\u00e0 su rotaie. Da&nbsp;<strong>Piazza Castello<\/strong>, con partenze alle ore 17 e alle ore 18, partir\u00e0 il tram storico 2598 per&nbsp;<em>Male-dette. Storie negate, strade percorse<\/em>, un viaggio performativo tra passato e futuro sulle tracce delle donne che hanno fatto la storia di Torino.&nbsp;<em>Male-dette<\/em>&nbsp;\u00e8 anche il titolo del libro collettivo curato dalle socie dell\u2019associazione&nbsp;<strong>Torino Citt\u00e0 per le Donne<\/strong>&nbsp;e pubblicato da&nbsp;<strong>Capovolte<\/strong>: un&nbsp;<em>manuale di imprecazione etica<\/em>&nbsp;che trasforma la rabbia in parola, la denuncia in racconto e la ferita in atto creativo e politico.<br>A bordo del tram, la guida turistica&nbsp;<strong>Cinzia Ballesio<\/strong>, l\u2019autrice&nbsp;<strong>Stefania Doglioli<\/strong>, la poetessa&nbsp;<strong>Alessandra Racca<\/strong>&nbsp;e i volontari del progetto&nbsp;<em>Tram al femminile<\/em>&nbsp;dell\u2019<strong>Associazione Torinese Tram Storici (ATTS)<\/strong>&nbsp;accompagneranno il pubblico in un percorso di memoria e parola, invitando a continuare a&nbsp;<em>fare rumore<\/em>&nbsp;contro ogni forma di violenza e silenzio.<br>Accanto agli eventi cittadini,&nbsp;<strong>Women and the City<\/strong>&nbsp;prosegue con un articolato programma&nbsp;<em>Off<\/em>, realizzato con il sostegno e la partecipazione dei comuni e delle associazioni del territorio. Tra gli appuntamenti pi\u00f9 attesi,&nbsp;<strong>venerd\u00ec 21 novembre<\/strong>&nbsp;a&nbsp;<strong>Pianezza<\/strong>, al&nbsp;<strong>Barrocco<\/strong>&nbsp;di Piazza SS Pietro e Paolo, alle ore 20.45, si terr\u00e0 la presentazione del libro&nbsp;<em>I figli di nessuno<\/em>&nbsp;(Rizzoli) di&nbsp;<strong>Pasquale Guadagno<\/strong>, orfano di femminicidio, scritto con&nbsp;<strong>Francesca Barra<\/strong>.<br>\u201c<em>Porto la testimonianza diretta di chi ha vissuto in una famiglia maltrattante e di cosa c\u2019\u00e8 dopo e di come si pu\u00f2 sopravvivere. Il mio \u00e8 un messaggio di rinascita<\/em>\u201d,&nbsp;<strong>racconta Pasquale Guadagno<\/strong>, e aggiunge \u201c<em>parlare di violenza domestica \u00e8 ancora un tab\u00f9, a tutti i livelli<\/em>\u201d.<br>L\u2019incontro, moderato da&nbsp;<strong>Elisa Forte<\/strong>&nbsp;e organizzato in collaborazione con l\u2019<strong>Associazione Insieme Cambiamo Pianezza<\/strong>&nbsp;e&nbsp;<strong>Barrocco<\/strong>, vedr\u00e0 la partecipazione del&nbsp;<strong>Commissario Capo della Polizia di Stato Valentina Benvegn\u00fa<\/strong>, responsabile dell\u2019Ufficio Minori e Vittime Vulnerabili della Questura di Torino, e di&nbsp;<strong>Paola Fuggetta<\/strong>, esperta nelle misure di prevenzione e contrasto della violenza domestica. La serata sar\u00e0 preceduta da un aperitivo a offerta libera a partire dalle ore 19.30.<br>Con le tre giornate torinesi e gli otto appuntamenti diffusi nei comuni del territorio,&nbsp;<strong>Women and the City 2025<\/strong>&nbsp;conferma la propria identit\u00e0 di festival partecipato e inclusivo, capace di unire linguaggi e comunit\u00e0 diverse sotto un unico orizzonte: quello della&nbsp;<strong>parit\u00e0 come valore fondativo di una societ\u00e0 giusta e sostenibile<\/strong>. Un festival che cresce, si apre e continua a ribadire con forza che&nbsp;<strong>i diritti delle donne sono diritti umani<\/strong>, e che dove c\u2019\u00e8 parit\u00e0, davvero, c\u2019\u00e8 futuro.<em>Il festival \u00e8 organizzato dall\u2019Associazione Torino Citt\u00e0 per le Donne (TOxD),&nbsp;<\/em><em><strong>con il contributo<\/strong><\/em><em>&nbsp;di Fondazione Compagnia di San Paolo, di Fondazione CRT, di Camera di Commercio di Torino, di Unione Industriali Torino, del Consiglio Regionale del Piemonte, della Citt\u00e0 di Torino, della Citt\u00e0 di Collegno, del Comune di Druento e del Comune di Val della Torre.&nbsp;<\/em><em><strong>Sponsor:&nbsp;<\/strong><\/em><em>Lavazza, Sparco e Iren. Patrocini: Ordine dei Giornalisti, Ordine dei Farmacisti, Federfarma.&nbsp;<\/em><em><strong>Partner istituzionali<\/strong><\/em><em>: Politecnico, Campus Luigi Einaudi e Universit\u00e0 di Torino.<\/em>&nbsp;<em><strong>UFFICIO STAMPA NAZIONALE DI WOMEN AND THE CITY<\/strong><\/em><em>Silvia Bellucci Mob. +39 3461561637<\/em><em>Giulia Capotorto Mob. +39 3392325416<\/em><a href=\"mailto:bells@bellspress.it\" target=\"_blank\" rel=\"noreferrer noopener\"><em><u>bells@bellspress.it<\/u><\/em><\/a>&nbsp;<em><strong>UFFICIO STAMPA REGIONALE DI WOMEN AND THE CITY<\/strong><\/em><em>Francesco Munaf\u00f2&nbsp;<\/em><em>Mob. +39 3515576097<\/em><a href=\"mailto:munafo.fra@gmail.com\" target=\"_blank\" rel=\"noreferrer noopener\"><em>munafo.fra@gmail.com<\/em><\/a>&nbsp;<em><strong>COORDINAMENTO&nbsp; UFFICIO STAMPA e COMUNICAZIONE&nbsp;<\/strong><\/em><em>Elisa Forte Mob. +39 3392014539<\/em><a href=\"mailto:elisaforteweb@gmail.com\" target=\"_blank\" rel=\"noreferrer noopener\"><em><u>elisaforteweb@gmail.com<\/u><\/em><\/a><\/td><\/tr><\/tbody><\/table><\/figure>\n","protected":false},"excerpt":{"rendered":"<p>&nbsp;WOMEN AND THE CITY TORNA E RADDOPPIA: NUOVE DATE A NOVEMBRE PER IL FESTIVAL DELLA PARIT\u00c0 DI GENEREDalla voce di [&hellip;]<\/p>\n","protected":false},"author":1,"featured_media":0,"comment_status":"open","ping_status":"open","sticky":false,"template":"","format":"standard","meta":{"footnotes":""},"categories":[33,10],"tags":[],"class_list":["post-81515","post","type-post","status-publish","format-standard","hentry","category-espectaculo","category-italiano"],"_links":{"self":[{"href":"https:\/\/www.ecoitaliano.com.ar\/index.php?rest_route=\/wp\/v2\/posts\/81515","targetHints":{"allow":["GET"]}}],"collection":[{"href":"https:\/\/www.ecoitaliano.com.ar\/index.php?rest_route=\/wp\/v2\/posts"}],"about":[{"href":"https:\/\/www.ecoitaliano.com.ar\/index.php?rest_route=\/wp\/v2\/types\/post"}],"author":[{"embeddable":true,"href":"https:\/\/www.ecoitaliano.com.ar\/index.php?rest_route=\/wp\/v2\/users\/1"}],"replies":[{"embeddable":true,"href":"https:\/\/www.ecoitaliano.com.ar\/index.php?rest_route=%2Fwp%2Fv2%2Fcomments&post=81515"}],"version-history":[{"count":1,"href":"https:\/\/www.ecoitaliano.com.ar\/index.php?rest_route=\/wp\/v2\/posts\/81515\/revisions"}],"predecessor-version":[{"id":81516,"href":"https:\/\/www.ecoitaliano.com.ar\/index.php?rest_route=\/wp\/v2\/posts\/81515\/revisions\/81516"}],"wp:attachment":[{"href":"https:\/\/www.ecoitaliano.com.ar\/index.php?rest_route=%2Fwp%2Fv2%2Fmedia&parent=81515"}],"wp:term":[{"taxonomy":"category","embeddable":true,"href":"https:\/\/www.ecoitaliano.com.ar\/index.php?rest_route=%2Fwp%2Fv2%2Fcategories&post=81515"},{"taxonomy":"post_tag","embeddable":true,"href":"https:\/\/www.ecoitaliano.com.ar\/index.php?rest_route=%2Fwp%2Fv2%2Ftags&post=81515"}],"curies":[{"name":"wp","href":"https:\/\/api.w.org\/{rel}","templated":true}]}}