{"id":81520,"date":"2025-11-04T22:01:59","date_gmt":"2025-11-04T22:01:59","guid":{"rendered":"https:\/\/www.ecoitaliano.com.ar\/?p=81520"},"modified":"2025-11-04T22:03:10","modified_gmt":"2025-11-04T22:03:10","slug":"forattini-il-maestro-della-satira-che-ha-raccontato-la-repubblica","status":"publish","type":"post","link":"https:\/\/www.ecoitaliano.com.ar\/?p=81520","title":{"rendered":"Forattini, il maestro della satira che ha raccontato la Repubblica"},"content":{"rendered":"\n<p class=\"has-text-align-left\"><em>Carlo Di Stanislao<\/em><\/p>\n\n\n\n<figure class=\"wp-block-gallery aligncenter has-nested-images columns-default is-cropped wp-block-gallery-1 is-layout-flex wp-block-gallery-is-layout-flex\">\n<figure class=\"wp-block-image size-full\"><a href=\"https:\/\/www.ecoitaliano.com.ar\/wp-content\/uploads\/2025\/10\/descarga-7.jpeg\"><img decoding=\"async\" width=\"225\" height=\"225\" data-id=\"81312\" src=\"https:\/\/www.ecoitaliano.com.ar\/wp-content\/uploads\/2025\/10\/descarga-7.jpeg\" alt=\"\" class=\"wp-image-81312\" srcset=\"https:\/\/www.ecoitaliano.com.ar\/wp-content\/uploads\/2025\/10\/descarga-7.jpeg 225w, https:\/\/www.ecoitaliano.com.ar\/wp-content\/uploads\/2025\/10\/descarga-7-150x150.jpeg 150w\" sizes=\"(max-width: 225px) 100vw, 225px\" \/><\/a><\/figure>\n\n\n\n<figure class=\"wp-block-image size-full\"><a href=\"https:\/\/www.ecoitaliano.com.ar\/wp-content\/uploads\/2025\/11\/images.jpeg\"><img decoding=\"async\" width=\"300\" height=\"168\" data-id=\"81523\" src=\"https:\/\/www.ecoitaliano.com.ar\/wp-content\/uploads\/2025\/11\/images.jpeg\" alt=\"\" class=\"wp-image-81523\" srcset=\"https:\/\/www.ecoitaliano.com.ar\/wp-content\/uploads\/2025\/11\/images.jpeg 300w, https:\/\/www.ecoitaliano.com.ar\/wp-content\/uploads\/2025\/11\/images-150x84.jpeg 150w\" sizes=\"(max-width: 300px) 100vw, 300px\" \/><\/a><\/figure>\n<\/figure>\n\n\n\n<p><em>\u00abLa satira \u00e8 la spada dell&#8217;intelligenza contro la stupidit\u00e0 del potere.\u00bb<\/em><em>&nbsp;\u2013 Voltaire<\/em><\/p>\n\n\n\n<p>Con la scomparsa di&nbsp;<strong>Giorgio Forattini<\/strong>, il 4 novembre 2025, il panorama culturale e politico italiano perde un testimone d\u2019eccezione, un osservatore acuto che ha raccontato la&nbsp;<strong>Repubblica<\/strong>&nbsp;con la leggerezza dell\u2019inchiostro e la precisione di una lama. Nato a&nbsp;<strong>Roma<\/strong>&nbsp;nel 1934, Forattini ha attraversato decenni di storia italiana, trasformando in immagini ci\u00f2 che spesso era difficile dire a parole. Il presidente&nbsp;<strong>Pier Ferdinando Casini<\/strong>&nbsp;ha sintetizzato cos\u00ec l\u2019impatto del vignettista:<\/p>\n\n\n\n<blockquote class=\"wp-block-quote is-layout-flow wp-block-quote-is-layout-flow\">\n<p>\u201cCon Forattini se ne va una parte della nostra Repubblica. Come \u00e8 accaduto con la scomparsa di altri personaggi come&nbsp;<strong>Scalfari<\/strong>&nbsp;e&nbsp;<strong>Montanelli<\/strong>, o di&nbsp;<strong>Guido Quaranta<\/strong>, figura fondamentale per noi parlamentari. Se ne va una parte di noi stessi e della nostra storia\u201d.<\/p>\n<\/blockquote>\n\n\n\n<p>La carriera di&nbsp;<strong>Forattini<\/strong>&nbsp;non fu mai convenzionale. Dopo aver mosso i primi passi nel giornalismo e aver collaborato con testate minori, il suo talento esplose negli anni \u201970, quando inizi\u00f2 a collaborare con \u00ab<strong>Il Borghese<\/strong>\u00bb e successivamente con \u00ab<strong>Il Giornale<\/strong>\u00bb e \u00ab<strong>La Repubblica<\/strong>\u00bb. La sua satira non era mai superficiale: ogni vignetta nasceva da un\u2019<strong>analisi accurata della realt\u00e0 politica<\/strong>, da osservazioni precise sul carattere dei protagonisti e dall\u2019osservazione dei dettagli pi\u00f9 minuti, capaci di far emergere verit\u00e0 invisibili agli occhi dei pi\u00f9. Casini ricorda:<\/p>\n\n\n\n<blockquote class=\"wp-block-quote is-layout-flow wp-block-quote-is-layout-flow\">\n<p>\u201cEra&nbsp;<strong>acutissimo, spiritosissimo, cattivissimo<\/strong>, quasi mai volgare. Non ha fatto mai sconti a nessuno e poich\u00e9 colpiva a trecentosessanta gradi, tutti erano disponibili a perdonarlo\u201d.<\/p>\n<\/blockquote>\n\n\n\n<p><strong>Forattini<\/strong>&nbsp;sapeva trasformare la politica italiana in uno specchio satirico, capace di restituire immagini nitide della realt\u00e0. Non si limitava a disegnare leader e politici: raccontava&nbsp;<strong>storie, tensioni, scandali, drammi e successi<\/strong>, tutto condensato in un segno immediatamente riconoscibile. Le sue caricature non erano mai gratuite, ma nascevano da una profonda comprensione del potere e della psicologia dei protagonisti. Ogni vignetta era una&nbsp;<strong>finestra aperta sul Paese<\/strong>, uno specchio di ironia e lucidit\u00e0.<\/p>\n\n\n\n<p>Il suo talento era tale che possedere una sua vignetta diventava un vero e proprio&nbsp;<strong>status symbol nel Palazzo<\/strong>. Casini racconta episodi che oggi sembrano leggendari:<\/p>\n\n\n\n<blockquote class=\"wp-block-quote is-layout-flow wp-block-quote-is-layout-flow\">\n<p>\u201cChi non veniva preso in giro da Forattini poi non contava niente. Nel Palazzo si scatenava una vera e propria&nbsp;<strong>caccia agli originali<\/strong>. Ai tempi del primo governo laico dell\u2019Italia repubblicana, si arrivava a litigare per un disegno originale. Persino&nbsp;<strong>Pertini<\/strong>&nbsp;e&nbsp;<strong>Spadolini<\/strong>&nbsp;si contendevano le sue vignette\u201d.<\/p>\n<\/blockquote>\n\n\n\n<p>L\u2019ironia di Forattini non risparmiava nessuno: presidenti, ministri e leader dell\u2019opposizione erano ugualmente oggetto di osservazioni pungenti. Alcune delle sue vignette sono rimaste nella&nbsp;<strong>memoria collettiva<\/strong>: la sagoma di&nbsp;<strong>Aldo Moro<\/strong>&nbsp;nell\u2019ombra, il volto pensoso di&nbsp;<strong>Berlinguer<\/strong>, le espressioni comiche di&nbsp;<strong>Craxi<\/strong>&nbsp;e&nbsp;<strong>Andreotti<\/strong>. Ogni disegno aveva il potere di sintetizzare mesi di dibattito politico in un\u2019unica immagine capace di far ridere e riflettere allo stesso tempo. Le vignette di Forattini non erano semplici caricature: erano veri e propri&nbsp;<strong>commenti visivi<\/strong>, spesso pi\u00f9 incisivi di interi articoli di giornale.<\/p>\n\n\n\n<p>Ma dietro la leggerezza dei tratti e l\u2019umorismo pungente,&nbsp;<strong>Forattini<\/strong>&nbsp;lavorava con&nbsp;<strong>disciplina e metodo<\/strong>. Si racconta che passasse ore a studiare fotografie, discorsi e comportamenti dei politici, annotando ogni tic, ogni espressione, ogni gesto. L\u2019obiettivo era trasformare dettagli apparentemente insignificanti in tratti distintivi che rendessero immediatamente riconoscibile la persona rappresentata, senza bisogno di didascalie. Il segreto del suo successo stava proprio in questa combinazione di&nbsp;<strong>osservazione, intuito e precisione tecnica<\/strong>.<\/p>\n\n\n\n<p>Il rapporto tra&nbsp;<strong>Forattini<\/strong>&nbsp;e il potere era, al tempo stesso,&nbsp;<strong>conflittuale e rispettoso<\/strong>. Non sorprende che le sue caricature scatenassero reazioni e discussioni: c\u2019era chi si sentiva messo in ridicolo, chi invece ne riconosceva la genialit\u00e0 e si vantava di essere stato oggetto della sua attenzione. Casini sintetizza bene questo equilibrio:<\/p>\n\n\n\n<blockquote class=\"wp-block-quote is-layout-flow wp-block-quote-is-layout-flow\">\n<p>\u201cNon faceva mai sconti, ma tutti erano disponibili a perdonarlo. Era una&nbsp;<strong>satira a 360 gradi<\/strong>, senza favoritismi. Tutti sapevano che apparire nelle sue vignette significava essere parte della storia, anche se a volte in maniera ironica o beffarda\u201d.<\/p>\n<\/blockquote>\n\n\n\n<p>Oltre alla politica,&nbsp;<strong>Forattini<\/strong>&nbsp;era attento alla societ\u00e0 e ai mutamenti culturali. La sua satira si adattava ai tempi, capace di cogliere le trasformazioni sociali, economiche e culturali, pur mantenendo uno stile riconoscibile e coerente. Negli anni, ha accompagnato l\u2019Italia nel cambiamento, raccontando con ironia le contraddizioni e i paradossi di ogni epoca, senza mai cadere nell\u2019aneddotico fine a s\u00e9 stesso. La sua penna diventava cos\u00ec una&nbsp;<strong>lente di ingrandimento sul presente<\/strong>, un mezzo per interpretare e comprendere ci\u00f2 che accadeva intorno a noi.<\/p>\n\n\n\n<p>Il lavoro di&nbsp;<strong>Forattini<\/strong>&nbsp;ha avuto anche una funzione educativa. Ha insegnato alle nuove generazioni che la satira pu\u00f2 essere potente senza essere offensiva, che l\u2019ironia pu\u00f2 essere affilata senza cadere nel volgare, e che un buon disegno pu\u00f2 raccontare pi\u00f9 di mille parole. Ogni vignetta era un&nbsp;<strong>invito alla riflessione<\/strong>, un modo per stimolare il pensiero critico attraverso l\u2019umorismo. La precisione del tratto, la scelta dei dettagli e la capacit\u00e0 di cogliere l\u2019essenza dei personaggi rendevano le sue opere autentici&nbsp;<strong>documenti storici<\/strong>.<\/p>\n\n\n\n<p>Dietro le sue caricature, Forattini nascondeva una straordinaria&nbsp;<strong>empatia<\/strong>. Non derideva mai gratuitamente: prendeva di mira i comportamenti, le contraddizioni, le piccole ipocrisie del potere, ma lo faceva sempre con intelligenza e misura. Questo equilibrio tra ironia e rispetto spiegava anche il suo successo duraturo: riusciva a far ridere senza sminuire, a criticare senza insultare. Le sue tavole erano un ponte tra politica e cittadino, un mezzo per comprendere la&nbsp;<strong>complessit\u00e0 dei protagonisti e delle istituzioni<\/strong>.<\/p>\n\n\n\n<p>Forattini ha lasciato un segno indelebile anche tra i colleghi e tra i giovani vignettisti. Molti oggi lo citano come riferimento, fonte di ispirazione e modello di professionalit\u00e0. La sua capacit\u00e0 di osservare con attenzione, di sintetizzare con efficacia e di comunicare con leggerezza \u00e8 diventata un&nbsp;<strong>paradigma<\/strong>&nbsp;per chiunque voglia raccontare la politica con intelligenza e ironia.<\/p>\n\n\n\n<p>La scomparsa di&nbsp;<strong>Giorgio Forattini<\/strong>&nbsp;segna la fine di un\u2019era, ma le sue immagini continuano a vivere. Le sue vignette restano strumenti di&nbsp;<strong>analisi, memoria e riflessione<\/strong>. Oggi, pi\u00f9 che mai, il suo lavoro ci ricorda quanto sia importante la&nbsp;<strong>satira libera, attenta e coraggiosa<\/strong>. Le sue opere non solo raccontano la storia, ma la commentano, la mettono in discussione e ci invitano a osservare con occhi critici e curiosi.<\/p>\n\n\n\n<p>Il ricordo di Casini sintetizza bene l\u2019eredit\u00e0 di Forattini:<\/p>\n\n\n\n<blockquote class=\"wp-block-quote is-layout-flow wp-block-quote-is-layout-flow\">\n<p>\u201cEra acutissimo, cattivissimo, spiritosissimo, eppure mai volgare. Non ha risparmiato nessuno, ma tutti lo rispettavano. La sua satira era una parte integrante della Repubblica: chi appariva nelle sue vignette diventava protagonista della nostra storia, anche se in modo ironico\u201d.<\/p>\n<\/blockquote>\n\n\n\n<p>Oggi, la&nbsp;<strong>Repubblica italiana<\/strong>&nbsp;dice addio a un maestro, a un testimone lucido e ironico, capace di raccontare i protagonisti e gli eventi con leggerezza e profondit\u00e0 insieme.&nbsp;<strong>Giorgio Forattini<\/strong>&nbsp;se n\u2019\u00e8 andato all\u2019et\u00e0 di 94 anni, ma la sua arte continua a parlare. Le sue caricature, le sue vignette e la sua satira restano un&nbsp;<strong>patrimonio collettivo<\/strong>: un invito a ridere, riflettere e comprendere la politica e la societ\u00e0, come pochi sanno fare.<\/p>\n\n\n\n<p>In un\u2019epoca in cui la satira rischia di perdere incisivit\u00e0,&nbsp;<strong>Forattini<\/strong>&nbsp;rimane un faro. La sua capacit\u00e0 di cogliere l\u2019essenza dei personaggi, di sintetizzare con pochi tratti realt\u00e0 complesse e di farlo sempre con leggerezza, resta un modello raro e prezioso. Ogni tavola \u00e8 una&nbsp;<strong>lezione di storia, di ironia e di intelligenza<\/strong>. Ogni tratto racconta l\u2019Italia, le sue contraddizioni, i suoi drammi e i suoi sorrisi. La sua eredit\u00e0 \u00e8 destinata a durare, come memoria viva di una Repubblica che ha saputo guardarsi allo specchio con ironia e lucidit\u00e0.<\/p>\n\n\n\n<p><strong>Giorgio Forattini<\/strong>&nbsp;se n\u2019\u00e8 andato, ma le sue i<\/p>\n","protected":false},"excerpt":{"rendered":"<p>Carlo Di Stanislao \u00abLa satira \u00e8 la spada dell&#8217;intelligenza contro la stupidit\u00e0 del potere.\u00bb&nbsp;\u2013 Voltaire Con la scomparsa di&nbsp;Giorgio Forattini, [&hellip;]<\/p>\n","protected":false},"author":1,"featured_media":0,"comment_status":"open","ping_status":"open","sticky":false,"template":"","format":"standard","meta":{"footnotes":""},"categories":[33,10],"tags":[],"class_list":["post-81520","post","type-post","status-publish","format-standard","hentry","category-espectaculo","category-italiano"],"_links":{"self":[{"href":"https:\/\/www.ecoitaliano.com.ar\/index.php?rest_route=\/wp\/v2\/posts\/81520","targetHints":{"allow":["GET"]}}],"collection":[{"href":"https:\/\/www.ecoitaliano.com.ar\/index.php?rest_route=\/wp\/v2\/posts"}],"about":[{"href":"https:\/\/www.ecoitaliano.com.ar\/index.php?rest_route=\/wp\/v2\/types\/post"}],"author":[{"embeddable":true,"href":"https:\/\/www.ecoitaliano.com.ar\/index.php?rest_route=\/wp\/v2\/users\/1"}],"replies":[{"embeddable":true,"href":"https:\/\/www.ecoitaliano.com.ar\/index.php?rest_route=%2Fwp%2Fv2%2Fcomments&post=81520"}],"version-history":[{"count":2,"href":"https:\/\/www.ecoitaliano.com.ar\/index.php?rest_route=\/wp\/v2\/posts\/81520\/revisions"}],"predecessor-version":[{"id":81524,"href":"https:\/\/www.ecoitaliano.com.ar\/index.php?rest_route=\/wp\/v2\/posts\/81520\/revisions\/81524"}],"wp:attachment":[{"href":"https:\/\/www.ecoitaliano.com.ar\/index.php?rest_route=%2Fwp%2Fv2%2Fmedia&parent=81520"}],"wp:term":[{"taxonomy":"category","embeddable":true,"href":"https:\/\/www.ecoitaliano.com.ar\/index.php?rest_route=%2Fwp%2Fv2%2Fcategories&post=81520"},{"taxonomy":"post_tag","embeddable":true,"href":"https:\/\/www.ecoitaliano.com.ar\/index.php?rest_route=%2Fwp%2Fv2%2Ftags&post=81520"}],"curies":[{"name":"wp","href":"https:\/\/api.w.org\/{rel}","templated":true}]}}