{"id":81566,"date":"2025-11-06T00:08:13","date_gmt":"2025-11-06T00:08:13","guid":{"rendered":"https:\/\/www.ecoitaliano.com.ar\/?p=81566"},"modified":"2025-11-06T00:08:32","modified_gmt":"2025-11-06T00:08:32","slug":"we-for-peace-2","status":"publish","type":"post","link":"https:\/\/www.ecoitaliano.com.ar\/?p=81566","title":{"rendered":"WE FOR PEACE"},"content":{"rendered":"\n<p><strong>Cultura, impresa e scuola insieme per costruire ponti di pace<\/strong><\/p>\n\n\n<div class=\"wp-block-image\">\n<figure class=\"aligncenter size-full is-resized\"><a href=\"http:\/\/www.ecoitaliano.com.ar\/wp-content\/uploads\/2025\/11\/Immagine1con-loghi.jpg\"><img decoding=\"async\" width=\"810\" height=\"1012\" src=\"http:\/\/www.ecoitaliano.com.ar\/wp-content\/uploads\/2025\/11\/Immagine1con-loghi.jpg\" alt=\"\" class=\"wp-image-81567\" style=\"width:338px;height:auto\" srcset=\"https:\/\/www.ecoitaliano.com.ar\/wp-content\/uploads\/2025\/11\/Immagine1con-loghi.jpg 810w, https:\/\/www.ecoitaliano.com.ar\/wp-content\/uploads\/2025\/11\/Immagine1con-loghi-240x300.jpg 240w, https:\/\/www.ecoitaliano.com.ar\/wp-content\/uploads\/2025\/11\/Immagine1con-loghi-768x960.jpg 768w, https:\/\/www.ecoitaliano.com.ar\/wp-content\/uploads\/2025\/11\/Immagine1con-loghi-120x150.jpg 120w\" sizes=\"(max-width: 810px) 100vw, 810px\" \/><\/a><\/figure><\/div>\n\n\n<figure class=\"wp-block-gallery has-nested-images columns-default is-cropped wp-block-gallery-1 is-layout-flex wp-block-gallery-is-layout-flex\">\n<figure class=\"wp-block-image size-large\"><a href=\"https:\/\/www.ecoitaliano.com.ar\/wp-content\/uploads\/2025\/11\/rodolfo.jpg\"><img decoding=\"async\" width=\"819\" height=\"1024\" data-id=\"81568\" src=\"https:\/\/www.ecoitaliano.com.ar\/wp-content\/uploads\/2025\/11\/rodolfo-819x1024.jpg\" alt=\"\" class=\"wp-image-81568\" srcset=\"https:\/\/www.ecoitaliano.com.ar\/wp-content\/uploads\/2025\/11\/rodolfo-819x1024.jpg 819w, https:\/\/www.ecoitaliano.com.ar\/wp-content\/uploads\/2025\/11\/rodolfo-240x300.jpg 240w, https:\/\/www.ecoitaliano.com.ar\/wp-content\/uploads\/2025\/11\/rodolfo-768x960.jpg 768w, https:\/\/www.ecoitaliano.com.ar\/wp-content\/uploads\/2025\/11\/rodolfo-120x150.jpg 120w, https:\/\/www.ecoitaliano.com.ar\/wp-content\/uploads\/2025\/11\/rodolfo.jpg 1080w\" sizes=\"(max-width: 819px) 100vw, 819px\" \/><\/a><\/figure>\n\n\n\n<figure class=\"wp-block-image size-large\"><a href=\"https:\/\/www.ecoitaliano.com.ar\/wp-content\/uploads\/2025\/11\/post-per-le-categorie.png\"><img decoding=\"async\" width=\"819\" height=\"1024\" data-id=\"81569\" src=\"https:\/\/www.ecoitaliano.com.ar\/wp-content\/uploads\/2025\/11\/post-per-le-categorie-819x1024.png\" alt=\"\" class=\"wp-image-81569\" srcset=\"https:\/\/www.ecoitaliano.com.ar\/wp-content\/uploads\/2025\/11\/post-per-le-categorie-819x1024.png 819w, https:\/\/www.ecoitaliano.com.ar\/wp-content\/uploads\/2025\/11\/post-per-le-categorie-240x300.png 240w, https:\/\/www.ecoitaliano.com.ar\/wp-content\/uploads\/2025\/11\/post-per-le-categorie-768x960.png 768w, https:\/\/www.ecoitaliano.com.ar\/wp-content\/uploads\/2025\/11\/post-per-le-categorie-120x150.png 120w, https:\/\/www.ecoitaliano.com.ar\/wp-content\/uploads\/2025\/11\/post-per-le-categorie.png 1080w\" sizes=\"(max-width: 819px) 100vw, 819px\" \/><\/a><\/figure>\n\n\n\n<figure class=\"wp-block-image size-large\"><a href=\"https:\/\/www.ecoitaliano.com.ar\/wp-content\/uploads\/2025\/11\/invito-a-partecipare_business.jpg\"><img decoding=\"async\" width=\"1024\" height=\"1024\" data-id=\"81570\" src=\"https:\/\/www.ecoitaliano.com.ar\/wp-content\/uploads\/2025\/11\/invito-a-partecipare_business-1024x1024.jpg\" alt=\"\" class=\"wp-image-81570\" srcset=\"https:\/\/www.ecoitaliano.com.ar\/wp-content\/uploads\/2025\/11\/invito-a-partecipare_business-1024x1024.jpg 1024w, https:\/\/www.ecoitaliano.com.ar\/wp-content\/uploads\/2025\/11\/invito-a-partecipare_business-300x300.jpg 300w, https:\/\/www.ecoitaliano.com.ar\/wp-content\/uploads\/2025\/11\/invito-a-partecipare_business-150x150.jpg 150w, https:\/\/www.ecoitaliano.com.ar\/wp-content\/uploads\/2025\/11\/invito-a-partecipare_business-768x768.jpg 768w, https:\/\/www.ecoitaliano.com.ar\/wp-content\/uploads\/2025\/11\/invito-a-partecipare_business.jpg 1080w\" sizes=\"(max-width: 1024px) 100vw, 1024px\" \/><\/a><\/figure>\n\n\n\n<figure class=\"wp-block-image size-large\"><a href=\"https:\/\/www.ecoitaliano.com.ar\/wp-content\/uploads\/2025\/11\/hafez.jpg\"><img decoding=\"async\" width=\"819\" height=\"1024\" data-id=\"81571\" src=\"https:\/\/www.ecoitaliano.com.ar\/wp-content\/uploads\/2025\/11\/hafez-819x1024.jpg\" alt=\"\" class=\"wp-image-81571\" srcset=\"https:\/\/www.ecoitaliano.com.ar\/wp-content\/uploads\/2025\/11\/hafez-819x1024.jpg 819w, https:\/\/www.ecoitaliano.com.ar\/wp-content\/uploads\/2025\/11\/hafez-240x300.jpg 240w, https:\/\/www.ecoitaliano.com.ar\/wp-content\/uploads\/2025\/11\/hafez-768x960.jpg 768w, https:\/\/www.ecoitaliano.com.ar\/wp-content\/uploads\/2025\/11\/hafez-120x150.jpg 120w, https:\/\/www.ecoitaliano.com.ar\/wp-content\/uploads\/2025\/11\/hafez.jpg 1080w\" sizes=\"(max-width: 819px) 100vw, 819px\" \/><\/a><\/figure>\n\n\n\n<figure class=\"wp-block-image size-large\"><a href=\"https:\/\/www.ecoitaliano.com.ar\/wp-content\/uploads\/2025\/11\/dd-con-governatore2.jpg\"><img decoding=\"async\" width=\"957\" height=\"722\" data-id=\"81572\" src=\"https:\/\/www.ecoitaliano.com.ar\/wp-content\/uploads\/2025\/11\/dd-con-governatore2.jpg\" alt=\"\" class=\"wp-image-81572\" srcset=\"https:\/\/www.ecoitaliano.com.ar\/wp-content\/uploads\/2025\/11\/dd-con-governatore2.jpg 957w, https:\/\/www.ecoitaliano.com.ar\/wp-content\/uploads\/2025\/11\/dd-con-governatore2-300x226.jpg 300w, https:\/\/www.ecoitaliano.com.ar\/wp-content\/uploads\/2025\/11\/dd-con-governatore2-768x579.jpg 768w, https:\/\/www.ecoitaliano.com.ar\/wp-content\/uploads\/2025\/11\/dd-con-governatore2-150x113.jpg 150w\" sizes=\"(max-width: 957px) 100vw, 957px\" \/><\/a><\/figure>\n\n\n\n<figure class=\"wp-block-image size-large\"><a href=\"https:\/\/www.ecoitaliano.com.ar\/wp-content\/uploads\/2025\/11\/business-for-peace-categorie.png\"><img decoding=\"async\" width=\"819\" height=\"1024\" data-id=\"81573\" src=\"https:\/\/www.ecoitaliano.com.ar\/wp-content\/uploads\/2025\/11\/business-for-peace-categorie-819x1024.png\" alt=\"\" class=\"wp-image-81573\" srcset=\"https:\/\/www.ecoitaliano.com.ar\/wp-content\/uploads\/2025\/11\/business-for-peace-categorie-819x1024.png 819w, https:\/\/www.ecoitaliano.com.ar\/wp-content\/uploads\/2025\/11\/business-for-peace-categorie-240x300.png 240w, https:\/\/www.ecoitaliano.com.ar\/wp-content\/uploads\/2025\/11\/business-for-peace-categorie-768x960.png 768w, https:\/\/www.ecoitaliano.com.ar\/wp-content\/uploads\/2025\/11\/business-for-peace-categorie-120x150.png 120w, https:\/\/www.ecoitaliano.com.ar\/wp-content\/uploads\/2025\/11\/business-for-peace-categorie.png 1080w\" sizes=\"(max-width: 819px) 100vw, 819px\" \/><\/a><\/figure>\n<\/figure>\n\n\n\n<p>Dopo la presentazione ufficiale, entra nel vivo <strong>We for Peace<\/strong>, il progetto promosso dal <strong>Rotary Club Varedo e del Seveso<\/strong> in sinergia con i <strong>Rotary Club del Gruppo Brianza 2<\/strong>, con il patrocinio del <strong>Distretto 2042 del Rotary International<\/strong> e il sostegno culturale di <strong>Assosinderesi<\/strong>, del Centro di Ateneo per i Diritti Umani \u201cAntonio Papisca\u201d dell\u2019<strong>Universit\u00e0 di Padova <\/strong>e del <strong>GIDP\/HRDA<\/strong> \u2013 Gruppo Intersettoriale Direttori del Personale. <strong>We for Peace<\/strong> nasce per promuovere una visione della pace come valore attivo e condiviso, capace di unire riflessione culturale e azione concreta nei contesti sociali, scolastici e imprenditoriali.<\/p>\n\n\n\n<p><br>\u201cWe for Peace non \u00e8 un progetto da osservare, ma da vivere. Ognuno pu\u00f2 contribuire ad attivare Ponti di Pace attraverso la propria creativit\u00e0, il proprio lavoro e le proprie relazioni quotidiane\u201d \u2013 afferma <strong>Donatella Rampado<\/strong>, Presidente del progetto <strong>We for Peace<\/strong>.<br><br><strong>Tre azioni per costruire pace attiva<\/strong><\/p>\n\n\n\n<p>Il progetto si articola in tre azioni sinergiche che coinvolgono cittadini, artisti, imprese e scuole nel promuovere una cultura di dialogo e responsabilit\u00e0 condivisa.<\/p>\n\n\n\n<p><br><strong>1. Premio Culturale Espressioni di Pace<\/strong><\/p>\n\n\n\n<p>Un concorso aperto ad autori, poeti, artisti e studenti di ogni et\u00e0, che invita a raccontare la pace attraverso parole, immagini e suoni. Presieduto da <strong>Donatella Rampado<\/strong>, con la Presidenza Onoraria del Dott. <strong>Rodolfo Vettorello<\/strong> e la Presidenza Esecutiva del Prof. <strong>Hafez Haidar<\/strong>, il Premio valorizza opere capaci di interpretare la pace come relazione, ascolto e crescita collettiva.<\/p>\n\n\n\n<p><br><strong>2. Business for Peace<\/strong><\/p>\n\n\n\n<p>Rivolto alle imprese, promuove la pace positiva in azienda: inclusione, parit\u00e0 di genere, benessere organizzativo, responsabilit\u00e0 sociale e sostenibilit\u00e0 diventano strumenti per un cambiamento reale. Le aziende partecipanti avranno l\u2019opportunit\u00e0 di condividere le proprie buone pratiche e ricevere riconoscimenti come \u201cPromotori di Pace Attiva\u201d.<\/p>\n\n\n\n<p><br><strong>3. Giochiamo alla Pace<\/strong><\/p>\n\n\n\n<p>Un\u2019iniziativa dedicata ai pi\u00f9 piccoli: laboratori e attivit\u00e0 teatrali nelle scuole primarie per educare alla collaborazione, all\u2019ascolto e alla gestione dei conflitti, gettando le basi di una cultura della pace gi\u00e0 in et\u00e0 scolastica.<\/p>\n\n\n\n<p><br><strong>Perch\u00e9 partecipare<\/strong><\/p>\n\n\n\n<p><a><\/a><br>Partecipare a <strong>We for Peace<\/strong> significa diventare parte di una rete che valorizza la cultura come motore di trasformazione e la responsabilit\u00e0 come strumento di coesione sociale. \u00c8 un\u2019occasione per condividere esperienze, generare ispirazione e costruire, insieme, un futuro fondato sul rispetto, sull\u2019inclusione e sulla consapevolezza del proprio ruolo nella comunit\u00e0.<\/p>\n\n\n\n<p><br><br>Informazioni e contatti<br>Email: info@weforpeace.com<br>Sito web: www.weforpeace.com<br><br><br><\/p>\n\n\n\n<h2 class=\"wp-block-heading\">Versione Breve<\/h2>\n\n\n\n<p><br>WE FOR PEACE: Tre azioni per costruire insieme un futuro di pace<br><br>We for Peace \u00e8 il progetto promosso dal Rotary Club Varedo e del Seveso con i Rotary Club del Gruppo Brianza 2, sostenuto dal Distretto 2042, Assosinderesi, dal Centro di Ateneo per i Diritti Umani \u201cAntonio Papisca\u201d dell\u2019Universit\u00e0 di Padova e dal GIDP\/HRDA.<br><br>Tre azioni concrete \u2013 Premio Culturale Espressioni di Pace, Business for Peace e Giochiamo alla Pace \u2013 coinvolgono cittadini, imprese e scuole in un percorso condiviso di educazione, creativit\u00e0 e responsabilit\u00e0 sociale.<br><br>\u201cWe for Peace non \u00e8 un progetto da osservare, ma da vivere. Ognuno pu\u00f2 contribuire a costruire pace attraverso la propria creativit\u00e0, il proprio lavoro e le proprie relazioni quotidiane\u201d \u2013 afferma Donatella Rampado, Presidente del progetto We for Peace.<br><br>Il Premio Culturale, presieduto da Donatella Rampado con la Presidenza Onoraria di Rodolfo Vettorello e la Presidenza Esecutiva di Hafez Haidar, celebra la pace attraverso arte e parola. Business for Peace coinvolge le aziende in percorsi di sostenibilit\u00e0 e inclusione, mentre Giochiamo alla Pace promuove laboratori e attivit\u00e0 per educare i bambini all\u2019ascolto e alla collaborazione.<br><br>Email: info@weforpeace.com | Sito web: www.weforpeace.com |<br><br><br><\/p>\n","protected":false},"excerpt":{"rendered":"<p>Cultura, impresa e scuola insieme per costruire ponti di pace Dopo la presentazione ufficiale, entra nel vivo We for Peace, [&hellip;]<\/p>\n","protected":false},"author":1,"featured_media":0,"comment_status":"open","ping_status":"open","sticky":false,"template":"","format":"standard","meta":{"footnotes":""},"categories":[2,10],"tags":[],"class_list":["post-81566","post","type-post","status-publish","format-standard","hentry","category-informacion","category-italiano"],"_links":{"self":[{"href":"https:\/\/www.ecoitaliano.com.ar\/index.php?rest_route=\/wp\/v2\/posts\/81566","targetHints":{"allow":["GET"]}}],"collection":[{"href":"https:\/\/www.ecoitaliano.com.ar\/index.php?rest_route=\/wp\/v2\/posts"}],"about":[{"href":"https:\/\/www.ecoitaliano.com.ar\/index.php?rest_route=\/wp\/v2\/types\/post"}],"author":[{"embeddable":true,"href":"https:\/\/www.ecoitaliano.com.ar\/index.php?rest_route=\/wp\/v2\/users\/1"}],"replies":[{"embeddable":true,"href":"https:\/\/www.ecoitaliano.com.ar\/index.php?rest_route=%2Fwp%2Fv2%2Fcomments&post=81566"}],"version-history":[{"count":1,"href":"https:\/\/www.ecoitaliano.com.ar\/index.php?rest_route=\/wp\/v2\/posts\/81566\/revisions"}],"predecessor-version":[{"id":81574,"href":"https:\/\/www.ecoitaliano.com.ar\/index.php?rest_route=\/wp\/v2\/posts\/81566\/revisions\/81574"}],"wp:attachment":[{"href":"https:\/\/www.ecoitaliano.com.ar\/index.php?rest_route=%2Fwp%2Fv2%2Fmedia&parent=81566"}],"wp:term":[{"taxonomy":"category","embeddable":true,"href":"https:\/\/www.ecoitaliano.com.ar\/index.php?rest_route=%2Fwp%2Fv2%2Fcategories&post=81566"},{"taxonomy":"post_tag","embeddable":true,"href":"https:\/\/www.ecoitaliano.com.ar\/index.php?rest_route=%2Fwp%2Fv2%2Ftags&post=81566"}],"curies":[{"name":"wp","href":"https:\/\/api.w.org\/{rel}","templated":true}]}}