{"id":81624,"date":"2025-11-09T00:59:25","date_gmt":"2025-11-09T00:59:25","guid":{"rendered":"https:\/\/www.ecoitaliano.com.ar\/?p=81624"},"modified":"2025-11-09T00:59:25","modified_gmt":"2025-11-09T00:59:25","slug":"serena-conduce-operaclassica-eco-italiano-4718","status":"publish","type":"post","link":"https:\/\/www.ecoitaliano.com.ar\/?p=81624","title":{"rendered":"Serena conduce operaclassica eco italiano"},"content":{"rendered":"\n<figure class=\"wp-block-image\"><img decoding=\"async\" src=\"https:\/\/mail1.libero.it\/appsuite\/api\/image\/mail\/picture?folder=default0%2FINBOX&amp;id=24616&amp;uid=e67ab8c5-9314-4c2b-a62d-e2412e57a7bd\" alt=\"\"\/><\/figure>\n\n\n\n<p>Comunicato stampa<\/p>\n\n\n\n<p><strong>TCBO: LA DIRETTRICE D\u2019ORCHESTRA OKSANA LYNIV E IL GIOVANE VIOLINISTA DMYTRO UDOVYCHENKO TRA \u0160OSTAKOVI\u010c, GLI\u00c8RE E BART\u00d3K<\/strong><\/p>\n\n\n\n<p><em>Domenica 9 novembre alle 17.30 all\u2019Auditorium Manzoni<\/em><\/p>\n\n\n\n<p>\u00c8 un talento ucraino classe 1999 come il&nbsp;<strong>violinista Dmytro Udovychenko<\/strong>&nbsp;ad affiancare la&nbsp;<strong>direttrice d\u2019orchestra Oksana Lyniv<\/strong>&nbsp;in una pagina di difficile esecuzione per il solista come il Concerto per violino e orchestra in la minore op. 77 di Dmitrij \u0160ostakovi\u010d &#8211; di cui ricorrono quest&#8217;anno i cinquant&#8217;anni dalla morte -, nell\u2019unico appuntamento novembrino della Stagione Sinfonica 2025 del Teatro Comunale di Bologna. Vincitore dei primi premi al Concorso internazionale di violino di Montr\u00e9al nel 2023 e al \u201cQueen Elisabeth\u201d nel 2024,&nbsp;<strong>domenica 9 novembre alle 17.30 all\u2019Auditorium Manzoni<\/strong>&nbsp;Udovychenko&nbsp;debutta con l\u2019Orchestra della fondazione lirico-sinfonica felsinea.&nbsp;\u00abIl Concerto in la minore per il solista \u00e8 un pezzo duro, intenso, senza soste. Il difficile Scherzo \u00e8 seguito dalla Passacaglia, poi arriva immediatamente l\u2019enorme cadenza collegata senza soluzione di continuit\u00e0 con il Finale. Il violinista non ha un momento di pausa per prendere fiato\u00bb. Queste le parole di Veniamin Basner, allievo di composizione di \u0160ostakovi\u010d, che ricordava l\u2019audizione privata del concerto a Leningrado dopo la sua creazione terminata&nbsp;nel 1948. La censura sovietica costrinse il compositore a tenere per s\u00e9 questa partitura e il solista e dedicatario David Ojstrach a studiarla in privato, in attesa della prima esecuzione pubblica che avvenne solo nel 1955, due anni dopo la morte di Stalin.<\/p>\n\n\n\n<p>Gi\u00e0 Direttrice Musicale del Teatro Comunale di Bologna dal 2022 al 2024, prima donna sul podio del Festival di Bayreuth e ospite di istituzioni come il Metropolitan di New York, l\u2019Op\u00e9ra di Parigi, la Bayerische Staatsoper di Monaco di Baviera e la Staatsoper di Berlino, Lyniv propone anche il poema sinfonico&nbsp;<em>Sireny<\/em>&nbsp;(\u00abThe Sirens\u00bb op. 33), vincitore nel 1912 del Premio Glinka, scritto nel 1908 dal compositore ucraino di origini sassoni e polacche Reinhold Gli\u00e8re. L\u2019autore suddivide in cinque parti \u2013&nbsp;Il mare, L\u2019isola delle sirene, Approccio delle navi, Canto delle sirene, Affondamento delle navi \u2013&nbsp;il racconto musicale ispirato alle misteriose sirene della Grecia antica, che con il loro canto seduttore attraevano i marinai portandoli a una fine rovinosa, come il naufragio sugli scogli.<\/p>\n\n\n\n<p>Completa il programma la Suite da concerto op. 19 \u201cIl mandarino meraviglioso\u201d&nbsp;di B\u00e9la Bart\u00f3k, di cui si celebra quest&#8217;anno l&#8217;ottantesimo anniversario della morte. Dopo lo scandalo suscitato dalla prima rappresentazione della sua pantomima in un atto a Colonia nel 1926,&nbsp;<em>Il mandarino meraviglioso&nbsp;<\/em>su soggetto dello scrittore Lengyel Menyh\u00e9rt \u2013 che narrava la malavita&nbsp;di una periferia metropolitana dove tre delinquenti costringevano una giovane ragazza ad adescare uomini per poi derubarli \u2013 il compositore ungherese decise di realizzare una suite orchestrale, eseguita per la prima volta con successo a Budapest nel 1928 sotto la direzione di Ern\u00f6 Dohn\u00e0nyi.<\/p>\n\n\n\n<p><strong>Main&nbsp;Partner della Stagione Sinfonica 2025 del Teatro Comunale di Bologna \u00e8 Intesa Sanpaolo<\/strong>, grazie al cui sostegno sono inoltre aperte gratuitamente alle scuole gran parte delle prove generali dei concerti.<\/p>\n\n\n\n<p>I\u202fbiglietti\u202f\u2013\u202fda 10 a 40 euro\u202f\u2013\u202fsono&nbsp;in vendita online tramite&nbsp;<a target=\"_blank\" href=\"https:\/\/www.vivaticket.com\/it\/ticket\/18-sinfonica-2025-lyniv\/251898?culture=it-it\" rel=\"noreferrer noopener\">Vivaticket&nbsp;<\/a>e presso la biglietteria del Teatro Comunale (Largo Respighi),\u202fdal&nbsp;marted\u00ec al&nbsp;venerd\u00ec\u202fdalle 12 alle 18 e il\u202fsabato dalle 11 alle 15; il giorno del concerto presso l\u2019Auditorium Manzoni da 1 ora prima fino a 15 minuti dopo l\u2019inizio dello spettacolo.&nbsp;<\/p>\n\n\n\n<p>Per ogni concerto della Stagione Sinfonica 2025&nbsp;prosegue&nbsp;\u201cNote a margine\u201d, una rassegna di&nbsp;incontri\u202fcon il pubblico che si tengono\u202fcirca 30 minuti prima&nbsp;dell\u2019inizio del concerto\u202fpresso il foyer del bar&nbsp;dell\u2019Auditorium Manzoni.&nbsp;<\/p>\n\n\n\n<p>Info:&nbsp;<a target=\"_blank\" href=\"https:\/\/www.tcbo.it\/eventi\/stagione-sinfonica-2025-oksana-lyniv-direttrice\/\" rel=\"noreferrer noopener\">https:\/\/www.tcbo.it\/eventi\/stagione-sinfonica-2025-oksana-lyniv-direttrice\/<\/a><\/p>\n\n\n\n<p>06.11.2025<\/p>\n\n\n\n<p><\/p>\n\n\n\n<p>I crediti, da citare obbligatoriamente, sono nel nome dei file.<\/p>\n\n\n\n<p><strong>Skill&amp;Music<\/strong><\/p>\n\n\n\n<p>Irene Sala \u2013 referente ufficio stampa<\/p>\n\n\n\n<p>Alice Castelnuovo \u2013 assistente ufficio stampa<\/p>\n\n\n\n<p>Fondazione Teatro Comunale di Bologna&nbsp;<\/p>\n\n\n\n<p>Largo Respighi, 1 &#8211; 40126 Bologna&nbsp;<\/p>\n\n\n\n<p>T. +39 051 529947&nbsp;<\/p>\n\n\n\n<p>e-mail:&nbsp;<strong><u><a href=\"mailto:ufficiostampa@comunalebologna.it\" target=\"_blank\" rel=\"noreferrer noopener\">ufficiostampa@comunalebologna.it<\/a><\/u><\/strong>&nbsp;<\/p>\n\n\n\n<p><strong><u><a target=\"_blank\" href=\"http:\/\/www.tcbo.it\/\" rel=\"noreferrer noopener\">www.tcbo.it<\/a><\/u><\/strong><\/p>\n\n\n\n<p><strong>STAGIONE SINFONICA 2025 DEL TEATRO COMUNALE DI BOLOGNA<\/strong><\/p>\n\n\n\n<p><strong>Domenica 9 novembre ore 17.30, Auditorium Manzoni<\/strong><\/p>\n\n\n\n<p><strong>Oksana Lyniv&nbsp;<\/strong><em>direttrice<\/em><\/p>\n\n\n\n<p><strong>Dmytro Udovychenko&nbsp;<\/strong><em>violino<\/em><\/p>\n\n\n\n<p>Orchestra del Teatro Comunale di Bologna<\/p>\n\n\n\n<p><strong>PROGRAMMA<\/strong><\/p>\n\n\n\n<p><strong>Dmitrij \u0160ostakovi\u010d<\/strong><\/p>\n\n\n\n<p>Concerto per violino e orchestra in la minore op. 77<\/p>\n\n\n\n<ol start=\"1\" class=\"wp-block-list\">\n<li>Notturno (Moderato)<\/li>\n\n\n\n<li>Scherzo (Allegro)<\/li>\n\n\n\n<li>Passacaglia (Andante) &#8211; Cadenza<\/li>\n\n\n\n<li>Burlesca (Allegro con brio)<\/li>\n<\/ol>\n\n\n\n<p><strong>Reinhold Gli\u00e8re<\/strong><\/p>\n\n\n\n<p><em>Sireny<\/em><strong>&nbsp;(<\/strong>\u00abThe Sirens\u00bbop. 33)<\/p>\n\n\n\n<p><strong>B\u00e9la Bart\u00f3k<\/strong><\/p>\n\n\n\n<p><em>Il mandarino meraviglioso<\/em>, suite da concerto op. 19<\/p>\n\n\n\n<ol start=\"1\" class=\"wp-block-list\">\n<li>Allegro<\/li>\n\n\n\n<li>Maestoso<\/li>\n\n\n\n<li>Tempo di valse<\/li>\n<\/ol>\n\n\n\n<p>Main partner \u00e8 Intesa Sanpaolo<\/p>\n\n\n\n<figure class=\"wp-block-table\"><table class=\"has-fixed-layout\"><tbody><tr><td colspan=\"3\"><strong>Ufficio Stampa Teatro Comunale di Bologna<\/strong><\/td><\/tr><tr><td rowspan=\"2\"><\/td><td rowspan=\"2\">.<\/td><td><strong>Fondazione Teatro Comunale di Bologna<\/strong><br>Largo Respighi,1 &#8211; 40126 Bologna<br>Telefono:&nbsp;<a target=\"_blank\" href=\"tel:051529947\" rel=\"noreferrer noopener\">051529947<\/a><br>Fax: 051529995<br><a target=\"_blank\" href=\"http:\/\/www.tcbo.it\/\" rel=\"noreferrer noopener\">www.tcbo.it<\/a><\/td><\/tr><\/tbody><\/table><\/figure>\n\n\n\n<p>foto<\/p>\n\n\n\n<figure class=\"wp-block-gallery has-nested-images columns-default is-cropped wp-block-gallery-1 is-layout-flex wp-block-gallery-is-layout-flex\">\n<figure class=\"wp-block-image size-large\"><a href=\"https:\/\/www.ecoitaliano.com.ar\/wp-content\/uploads\/2025\/11\/Oksana-Lyniv-con-Orchestra-TCBO\u00a9Andrea-Ranzi.jpg\"><img decoding=\"async\" width=\"1024\" height=\"683\" data-id=\"81625\" src=\"https:\/\/www.ecoitaliano.com.ar\/wp-content\/uploads\/2025\/11\/Oksana-Lyniv-con-Orchestra-TCBO\u00a9Andrea-Ranzi-1024x683.jpg\" alt=\"\" class=\"wp-image-81625\" srcset=\"https:\/\/www.ecoitaliano.com.ar\/wp-content\/uploads\/2025\/11\/Oksana-Lyniv-con-Orchestra-TCBO\u00a9Andrea-Ranzi-1024x683.jpg 1024w, https:\/\/www.ecoitaliano.com.ar\/wp-content\/uploads\/2025\/11\/Oksana-Lyniv-con-Orchestra-TCBO\u00a9Andrea-Ranzi-300x200.jpg 300w, https:\/\/www.ecoitaliano.com.ar\/wp-content\/uploads\/2025\/11\/Oksana-Lyniv-con-Orchestra-TCBO\u00a9Andrea-Ranzi-768x512.jpg 768w, https:\/\/www.ecoitaliano.com.ar\/wp-content\/uploads\/2025\/11\/Oksana-Lyniv-con-Orchestra-TCBO\u00a9Andrea-Ranzi-1536x1024.jpg 1536w, https:\/\/www.ecoitaliano.com.ar\/wp-content\/uploads\/2025\/11\/Oksana-Lyniv-con-Orchestra-TCBO\u00a9Andrea-Ranzi-2048x1366.jpg 2048w, https:\/\/www.ecoitaliano.com.ar\/wp-content\/uploads\/2025\/11\/Oksana-Lyniv-con-Orchestra-TCBO\u00a9Andrea-Ranzi-150x100.jpg 150w\" sizes=\"(max-width: 1024px) 100vw, 1024px\" \/><\/a><\/figure>\n\n\n\n<figure class=\"wp-block-image size-large\"><a href=\"https:\/\/www.ecoitaliano.com.ar\/wp-content\/uploads\/2025\/11\/Dmytro-Udovychenko.jpg\"><img decoding=\"async\" width=\"683\" height=\"1024\" data-id=\"81626\" src=\"https:\/\/www.ecoitaliano.com.ar\/wp-content\/uploads\/2025\/11\/Dmytro-Udovychenko-683x1024.jpg\" alt=\"\" class=\"wp-image-81626\" srcset=\"https:\/\/www.ecoitaliano.com.ar\/wp-content\/uploads\/2025\/11\/Dmytro-Udovychenko-683x1024.jpg 683w, https:\/\/www.ecoitaliano.com.ar\/wp-content\/uploads\/2025\/11\/Dmytro-Udovychenko-200x300.jpg 200w, https:\/\/www.ecoitaliano.com.ar\/wp-content\/uploads\/2025\/11\/Dmytro-Udovychenko-768x1152.jpg 768w, https:\/\/www.ecoitaliano.com.ar\/wp-content\/uploads\/2025\/11\/Dmytro-Udovychenko-1024x1536.jpg 1024w, https:\/\/www.ecoitaliano.com.ar\/wp-content\/uploads\/2025\/11\/Dmytro-Udovychenko-1366x2048.jpg 1366w, https:\/\/www.ecoitaliano.com.ar\/wp-content\/uploads\/2025\/11\/Dmytro-Udovychenko-100x150.jpg 100w, https:\/\/www.ecoitaliano.com.ar\/wp-content\/uploads\/2025\/11\/Dmytro-Udovychenko.jpg 1707w\" sizes=\"(max-width: 683px) 100vw, 683px\" \/><\/a><\/figure>\n<\/figure>\n","protected":false},"excerpt":{"rendered":"<p>Comunicato stampa TCBO: LA DIRETTRICE D\u2019ORCHESTRA OKSANA LYNIV E IL GIOVANE VIOLINISTA DMYTRO UDOVYCHENKO TRA \u0160OSTAKOVI\u010c, GLI\u00c8RE E BART\u00d3K Domenica [&hellip;]<\/p>\n","protected":false},"author":1,"featured_media":0,"comment_status":"open","ping_status":"open","sticky":false,"template":"","format":"standard","meta":{"footnotes":""},"categories":[1],"tags":[],"class_list":["post-81624","post","type-post","status-publish","format-standard","hentry","category-sin-categoria"],"_links":{"self":[{"href":"https:\/\/www.ecoitaliano.com.ar\/index.php?rest_route=\/wp\/v2\/posts\/81624","targetHints":{"allow":["GET"]}}],"collection":[{"href":"https:\/\/www.ecoitaliano.com.ar\/index.php?rest_route=\/wp\/v2\/posts"}],"about":[{"href":"https:\/\/www.ecoitaliano.com.ar\/index.php?rest_route=\/wp\/v2\/types\/post"}],"author":[{"embeddable":true,"href":"https:\/\/www.ecoitaliano.com.ar\/index.php?rest_route=\/wp\/v2\/users\/1"}],"replies":[{"embeddable":true,"href":"https:\/\/www.ecoitaliano.com.ar\/index.php?rest_route=%2Fwp%2Fv2%2Fcomments&post=81624"}],"version-history":[{"count":1,"href":"https:\/\/www.ecoitaliano.com.ar\/index.php?rest_route=\/wp\/v2\/posts\/81624\/revisions"}],"predecessor-version":[{"id":81627,"href":"https:\/\/www.ecoitaliano.com.ar\/index.php?rest_route=\/wp\/v2\/posts\/81624\/revisions\/81627"}],"wp:attachment":[{"href":"https:\/\/www.ecoitaliano.com.ar\/index.php?rest_route=%2Fwp%2Fv2%2Fmedia&parent=81624"}],"wp:term":[{"taxonomy":"category","embeddable":true,"href":"https:\/\/www.ecoitaliano.com.ar\/index.php?rest_route=%2Fwp%2Fv2%2Fcategories&post=81624"},{"taxonomy":"post_tag","embeddable":true,"href":"https:\/\/www.ecoitaliano.com.ar\/index.php?rest_route=%2Fwp%2Fv2%2Ftags&post=81624"}],"curies":[{"name":"wp","href":"https:\/\/api.w.org\/{rel}","templated":true}]}}