{"id":81628,"date":"2025-11-09T01:09:31","date_gmt":"2025-11-09T01:09:31","guid":{"rendered":"https:\/\/www.ecoitaliano.com.ar\/?p=81628"},"modified":"2025-11-09T01:09:31","modified_gmt":"2025-11-09T01:09:31","slug":"serena-conduce-operaclassica-eco-italiano-4719","status":"publish","type":"post","link":"https:\/\/www.ecoitaliano.com.ar\/?p=81628","title":{"rendered":"Serena conduce operaclassica eco italiano"},"content":{"rendered":"\n<figure class=\"wp-block-table\"><table class=\"has-fixed-layout\"><tbody><tr><td><img decoding=\"async\" src=\"https:\/\/fondazioneteatrodelloperadirom.img.musvc2.net\/static\/69084\/images\/2\/171f0d23f60b4818b059feb8af35143b.jpg\" width=\"300\" alt=\"Image\" height=\"auto\"><\/td><\/tr><\/tbody><\/table><\/figure>\n\n\n\n<figure class=\"wp-block-table\"><table class=\"has-fixed-layout\"><tbody><tr><td><strong>COMUNICATO STAMPA<\/strong><strong>\u00a0<\/strong><strong>IL DEBUTTO WAGNERIANO DI MARIOTTI, MICHIELETTO E <\/strong><strong>KORCHAK PER L\u2019INAUGURAZIONE DELLA STAGIONE<\/strong><strong>DELL\u2019OPERA DI ROMA<\/strong><strong>\u00a0<\/strong><strong>Dal 27 novembre al 7 dicembre\u00a0<em>Lohengrin<\/em>\u00a0torna al Teatro Costanzi dopo 50 anni<\/strong><strong>\u00a0<\/strong><strong>In occasione dello spettacolo esce il nuovo numero della rivista di attualit\u00e0 \u201cCalibano\u201d<\/strong><strong>dedicato a \u00ab<\/strong><strong>L\u2019invenzione del Medioevo\u00bb<\/strong>\u00a0\u00a0La nuova stagione dell\u2019Opera di Roma si apre nel segno di Wagner, affrontato per la prima volta dai tre principali interpreti coinvolti: il Direttore musicale Michele Mariotti, il regista Damiano Michieletto e il tenore Dmitry Korchak. Dopo cinquant\u2019anni d\u2019assenza, il 27 novembre,\u00a0<em>Lohengrin<\/em>\u00a0torna al Teatro Costanzi. Accanto a Korchak, il cast comprende Clive Bayley (Heinrich der Vogler), T\u00f3mas T\u00f3masson (Friedrich von Telramund), Ekaterina Gubanova (Ortrud), Andrei Bondarenko (Der Heerrufer) e, al debutto al Costanzi, Jennifer Holloway (Elsa). Il nuovo allestimento, in coproduzione con il Palau de les Arts di Valencia e con il Teatro La Fenice di Venezia, porta la firma di Michieletto, affiancato dal suo consueto team creativo: Paolo Fantin (scene), Carla Teti (costumi) e Alessandro Carletti (luci). La drammaturgia \u00e8 curata da Mattia Palma. L\u2019Orchestra \u00e8 quella dell\u2019Opera di Roma, cos\u00ec come il Coro, diretto da Ciro Visco. La serata inaugurale del 27 novembre \u00e8 trasmessa da Rai Cultura in differita su Rai5 alle 22.20 e in diretta su Radio3 alle 17.00.\u00a0\u00c8 la prima volta con la musica di Wagner per il direttore musicale Mariotti che sottolinea: \u00ab<em>Inaugurare con\u00a0<\/em>Lohengrin<em>\u00a0significa soprattutto valorizzare lo sforzo collettivo. \u00c8 un progetto che mette cantanti, orchestra, coro e tutte le maestranze sotto i riflettori e dimostra quanto il teatro sia davvero un organismo unico, la cui forza nasce dal lavoro comune. Fin dall\u2019inizio del mio mandato da direttore musicale ci siamo dati un percorso preciso: ogni inaugurazione ha proposto un autore diverso, con l\u2019idea di costruire un teatro capace di parlare a un pubblico curioso e disposto a confrontarsi con linguaggi differenti. In questo quadro, Wagner rappresentava un approdo naturale.\u00a0<\/em>Lohengrin<em>\u00a0tiene insieme il dramma storico e la leggenda, e la partitura stessa riflette questa doppia natura: da un lato la solidit\u00e0 solenne che richiama il contesto politico e corale, dall\u2019altro la scrittura sospesa e visionaria che apre a una dimensione fiabesca e trascendente<\/em>\u00bb. Premio Abbiati 2017 come Miglior Direttore d\u2019Orchestra, Mariotti \u00e8 ospite regolare dei principali teatri italiani e stranieri. Nella stagione 2025\/26 della Fondazione Capitolina diriger\u00e0 anche\u00a0<em>Tancredi<\/em>\u00a0di Rossini per la regia di Emma Dante (19 \u2013 29 maggio 2026),\u00a0<em>Falstaff<\/em>\u00a0di Verdi con il debutto italiano della regista Tatiana G\u00fcrbaca (13 ottobre \u2013 1\u00b0 novembre 2026) e tre concerti (28 maggio, 17 ottobre e 22 ottobre 2026).\u00a0Per Damiano Michieletto questa \u00e8 la seconda inaugurazione di stagione al Costanzi, dopo\u00a0<em>La damnation de Faust\u00a0<\/em>di Berlioz, Premio Abbiati come miglior spettacolo del 2017. Il regista ha recentemente ideato il Caracalla Festival 2025 dell\u2019Opera di Roma, portando nella capitale la \u201cnouvelle vague\u201d della regia operistica europea. Il successo internazionale della sua regia di\u00a0<em>West Side Story<\/em>\u00a0di Bernstein \u2013 anche in questa occasione sul podio Michele Mariotti \u2013 \u00e8 stato celebrato anche dal \u2018New York Times\u2019. \u00ab<em>Questa produzione<\/em>\u00a0<em>di\u00a0<\/em>Lohengrin \u2013 afferma il regista \u2013\u00a0<em>rappresenta una tappa molto importante per me, perch\u00e9 \u00e8 la prima volta che mi confronto con Wagner. La sua drammaturgia, che da sempre mi affascina e mi commuove per la sua profonda dimensione spirituale, richiede al tempo stesso un grande impegno nel gestire la lunga durata e i tempi dilatati del suo racconto. Il mio modo di avvicinarmi a quest\u2019opera, per costruire una messa in scena che avesse calore e concretezza, \u00e8 stato allora quello di restituire ai personaggi la loro umanit\u00e0. Non trattarli come simboli, ma come persone \u2014 con una propria psicologia, un cuore, un conflitto interiore \u2014 e poi sviluppare questi aspetti all\u2019interno di una dinamica pi\u00f9 ampia. Da una parte c\u2019\u00e8 una lotta tra l\u2019individuo e la massa, dall\u2019altra c\u2019\u00e8 una storia d\u2019amore, quella tra Elsa e Lohengrin<\/em>\u00bb.\u00a0Il cast internazionale vanta voci di grande rilievo. Dmitry Korchak, tra i pi\u00f9 apprezzati tenori del repertorio belcantistico e Premio Abbiati 2019, debutta nel ruolo di Lohengrin. Accanto a lui, Jennifer Holloway (Elsa), artista dal percorso versatile che spazia da Mozart a Wagner, al debutto al Costanzi. Completano il cast Clive Bayley (Heinrich der Vogler), abituale presenza nei teatri d\u2019opera europei, che aveva interpretato Julius Caesar nell\u2019opera omonima di Giorgio Battistelli all\u2019Opera di Roma, T\u00f3mas T\u00f3masson (Telramund), interprete di riferimento del repertorio wagneriano, Ekaterina Gubanova (Ortrud), protagonista delle maggiori produzioni internazionali, e Andrei Bondarenko (der Heerrufer), vincitore del BBC Cardiff Singer of the World. Partecipano inoltre i giovani artisti Alejo \u00c1lvarez Castillo, Dayu Xu, Guangwei Yao e Jiacheng Fan, provenienti dalla quinta edizione del progetto \u201cFabbrica\u201d \u2013 Young Artist Program del Teatro dell\u2019Opera di Roma.\u00a0La prima rappresentazione si terr\u00e0 gioved\u00ec 27 novembre 2025 alle ore 17.00. Le repliche sono previste per domenica 30 novembre (ore 16.30), marted\u00ec 2 (ore 18.00), venerd\u00ec 5 (ore 18.00) e domenica 7 dicembre (ore 16.30). L\u2019anteprima giovani \u00e8 in programma sabato 22 novembre alle ore 16.00.\u00a0Ogni rappresentazione \u00e8 in lingua originale con sovratitoli in italiano e in inglese.\u00a0Il musicologo Giovanni Bietti dedica a\u00a0<em>Lohengrin<\/em>\u00a0la prima delle sue \u201cLezioni di Opera\u201d della stagione 2025\/26, in programma sabato 15 novembre alle 18.00 al Teatro Costanzi.\u00a0In occasione dello spettacolo esce il nuovo numero della rivista di attualit\u00e0 \u201cCalibano\u201d dedicato a \u00abL\u2019invenzione del Medioevo\u00bb.\u00a0<strong>Info:\u00a0<\/strong>operaroma.it<strong>Biglietti:\u00a0<\/strong><a href=\"https:\/\/fondazioneteatrodelloperadirom.musvc2.net\/e\/tr?q=8%3dRaJcP%26D%3dB%26I%3dOYBb%26A%3dSDdRZI%26P%3d4L4KE_Jaxl_UK_MmuZ_Wb_Jaxl_TPRIO.yK1JkMAEk.DF_Jaxl_TPNB74Ow5yG5_Jaxl_TPGA0oI3JsI_Dscu_Nh%26n%3dHGK68N.FoO%265K%3dGVQY%264N%3dNbBZMSJbMUEbMY%26r%3dbR6IdO7Be2WE8OTGaO6B91YHa23laQZmZNZJ7R3GWU5IAUWAXSSmaNXEY2b6w3kCVOXo&amp;mupckp=mupAtu4m8OiX0wt\" target=\"_blank\" rel=\"noreferrer noopener\">https:\/\/www.operaroma.it\/spettacoli\/lohengrin\/<\/a>\u00a0e al Botteghino dell\u2019Opera di Roma <strong>7 novembre 202<\/strong><strong>5<\/strong><strong>\u00a0<\/strong><strong>TEATRO DELL\u2019OPERA DI ROMA<\/strong><strong>Cosimo Manicone<\/strong>ufficio stampa<a href=\"mailto:cosimo.manicone@operaroma.it\" target=\"_blank\" rel=\"noreferrer noopener\">cosimo.manicone@operaroma.it<\/a>\u00a0\u00a0\u00a0<strong>DOPPIO SOGNO \u2013 STAGIONE 2025\/2026 DEL TEATRO DELL\u2019OPERA DI ROMA<\/strong><strong>\u00a0<\/strong><strong>TITOLO INAUGURALE<\/strong>\u00a0<strong><em>LOHENGRIN<\/em><\/strong>Opera romantica in tre atti su libretto proprioMusica di<strong>\u00a0Richard Wagner<\/strong>\u00a0Direttore\u00a0<strong>Michele Mariotti<\/strong>Regia\u00a0<strong>Damiano Michieletto<\/strong>\u00a0Maestro del Coro\u00a0<strong>Ciro Visco<\/strong>Scene<strong>\u00a0Paolo Fantin<\/strong>Costumi<strong>\u00a0Carla Teti<\/strong>Luci<strong>\u00a0Alessandro Carletti<\/strong>Drammaturgo<strong>\u00a0Mattia Palma<\/strong><strong>\u00a0<\/strong><strong>\u00a0<\/strong>PERSONAGGI &#8211; INTERPRETIHeinrich der Vogler<strong>\u00a0Clive Bayley<\/strong>Lohengrin<strong>\u00a0Dmitry Korchak<\/strong>Elsa<strong>\u00a0Jennifer Holloway<\/strong>Friedrich von Telramund<strong>\u00a0Tomas Tomasson<\/strong>Ortrud<strong>\u00a0Ekaterina Gubanova<\/strong>Der Heerrufer\u00a0<strong>Andrei Bondarenko<\/strong>Quattro nobili di Brabante\u00a0<strong>Alejo<\/strong>\u00a0<strong>\u00c1<\/strong><strong>lvarez<\/strong><strong>\u00a0Castillo<\/strong>*<strong>, Dayu Xu<\/strong>*,<strong>\u00a0Guangwei Yao<\/strong>*<strong>, Jiacheng Fan<\/strong>*\u00a0*dal progetto \u201cFabbrica\u00bb \u2013 Young Artist Program<em>\u00a0<\/em><strong>Orchestra e Coro del Teatro dell\u2019Opera di Roma<\/strong><strong>Nuovo allestimento del Teatro dell\u2019Opera di Roma<\/strong>in coproduzione con Palau de les Arts Reina Sof\u00eda di Valencia e Teatro La Fenice di Venezia<strong>\u00a0<\/strong><strong>\u00a0<\/strong><strong>TEATRO COSTANZI<\/strong><strong>Lezione di Opera\u00a0<\/strong>sabato 15 novembre, ore 18<strong>Anteprima Giovani\u00a0<\/strong>sabato 22 novembre 2025, ore 16<strong>Prima Rappresentazione\u00a0<\/strong>gioved\u00ec 27 novembre 2025, ore 17<strong>Repliche<\/strong>domenica 30 novembre, ore 16.30\u00a0\u00a0\u00a0marted\u00ec 2 dicembre, ore 18\u00a0\u00a0\u00a0\u00a0\u00a0\u00a0\u00a0\u00a0\u00a0\u00a0\u00a0\u00a0\u00a0\u00a0\u00a0\u00a0\u00a0venerd\u00ec 5 dicembre, ore 18\u00a0\u00a0\u00a0\u00a0\u00a0\u00a0\u00a0\u00a0\u00a0\u00a0\u00a0\u00a0\u00a0\u00a0\u00a0\u00a0\u00a0domenica 7 dicembre, ore 16.30\u00a0\u00a0\u00a0\u00a0\u00a0\u00a0\u00a0\u00a0<strong>La serata inaugurale del 27 novembre \u00e8 trasmessa da Rai Cultura in differita su Rai5 alle 22.20 e in diretta su Radio3 alle 17.<\/strong><\/td><\/tr><\/tbody><\/table><\/figure>\n\n\n\n<figure class=\"wp-block-table\"><table class=\"has-fixed-layout\"><tbody><tr><td><img decoding=\"async\" src=\"https:\/\/fondazioneteatrodelloperadirom.img.musvc2.net\/static\/69084\/images\/2\/51111a50cb0b42a6bcd886505ddbf941.jpg\" width=\"300\" alt=\"Image\" height=\"auto\"><\/td><\/tr><\/tbody><\/table><\/figure>\n\n\n\n<p>foto<\/p>\n\n\n\n<figure class=\"wp-block-gallery has-nested-images columns-default is-cropped wp-block-gallery-1 is-layout-flex wp-block-gallery-is-layout-flex\">\n<figure class=\"wp-block-image size-large\"><a href=\"https:\/\/www.ecoitaliano.com.ar\/wp-content\/uploads\/2025\/11\/1.-Coro-credit-Carla-Teti.jpg\"><img decoding=\"async\" width=\"1024\" height=\"724\" data-id=\"81629\" src=\"https:\/\/www.ecoitaliano.com.ar\/wp-content\/uploads\/2025\/11\/1.-Coro-credit-Carla-Teti-1024x724.jpg\" alt=\"\" class=\"wp-image-81629\" srcset=\"https:\/\/www.ecoitaliano.com.ar\/wp-content\/uploads\/2025\/11\/1.-Coro-credit-Carla-Teti-1024x724.jpg 1024w, https:\/\/www.ecoitaliano.com.ar\/wp-content\/uploads\/2025\/11\/1.-Coro-credit-Carla-Teti-300x212.jpg 300w, https:\/\/www.ecoitaliano.com.ar\/wp-content\/uploads\/2025\/11\/1.-Coro-credit-Carla-Teti-768x543.jpg 768w, https:\/\/www.ecoitaliano.com.ar\/wp-content\/uploads\/2025\/11\/1.-Coro-credit-Carla-Teti-1536x1085.jpg 1536w, https:\/\/www.ecoitaliano.com.ar\/wp-content\/uploads\/2025\/11\/1.-Coro-credit-Carla-Teti-2048x1447.jpg 2048w, https:\/\/www.ecoitaliano.com.ar\/wp-content\/uploads\/2025\/11\/1.-Coro-credit-Carla-Teti-150x106.jpg 150w\" sizes=\"(max-width: 1024px) 100vw, 1024px\" \/><\/a><\/figure>\n\n\n\n<figure class=\"wp-block-image size-large\"><a href=\"https:\/\/www.ecoitaliano.com.ar\/wp-content\/uploads\/2025\/11\/2.-Lohengrin-credit-Carla-Teti.jpg\"><img decoding=\"async\" width=\"1024\" height=\"724\" data-id=\"81630\" src=\"https:\/\/www.ecoitaliano.com.ar\/wp-content\/uploads\/2025\/11\/2.-Lohengrin-credit-Carla-Teti-1024x724.jpg\" alt=\"\" class=\"wp-image-81630\" srcset=\"https:\/\/www.ecoitaliano.com.ar\/wp-content\/uploads\/2025\/11\/2.-Lohengrin-credit-Carla-Teti-1024x724.jpg 1024w, https:\/\/www.ecoitaliano.com.ar\/wp-content\/uploads\/2025\/11\/2.-Lohengrin-credit-Carla-Teti-300x212.jpg 300w, https:\/\/www.ecoitaliano.com.ar\/wp-content\/uploads\/2025\/11\/2.-Lohengrin-credit-Carla-Teti-768x543.jpg 768w, https:\/\/www.ecoitaliano.com.ar\/wp-content\/uploads\/2025\/11\/2.-Lohengrin-credit-Carla-Teti-1536x1085.jpg 1536w, https:\/\/www.ecoitaliano.com.ar\/wp-content\/uploads\/2025\/11\/2.-Lohengrin-credit-Carla-Teti-2048x1447.jpg 2048w, https:\/\/www.ecoitaliano.com.ar\/wp-content\/uploads\/2025\/11\/2.-Lohengrin-credit-Carla-Teti-150x106.jpg 150w\" sizes=\"(max-width: 1024px) 100vw, 1024px\" \/><\/a><\/figure>\n\n\n\n<figure class=\"wp-block-image size-large\"><a href=\"https:\/\/www.ecoitaliano.com.ar\/wp-content\/uploads\/2025\/11\/3.-Elsa-credit-Carla-Teti.jpg\"><img decoding=\"async\" width=\"1024\" height=\"724\" data-id=\"81631\" src=\"https:\/\/www.ecoitaliano.com.ar\/wp-content\/uploads\/2025\/11\/3.-Elsa-credit-Carla-Teti-1024x724.jpg\" alt=\"\" class=\"wp-image-81631\" srcset=\"https:\/\/www.ecoitaliano.com.ar\/wp-content\/uploads\/2025\/11\/3.-Elsa-credit-Carla-Teti-1024x724.jpg 1024w, https:\/\/www.ecoitaliano.com.ar\/wp-content\/uploads\/2025\/11\/3.-Elsa-credit-Carla-Teti-300x212.jpg 300w, https:\/\/www.ecoitaliano.com.ar\/wp-content\/uploads\/2025\/11\/3.-Elsa-credit-Carla-Teti-768x543.jpg 768w, https:\/\/www.ecoitaliano.com.ar\/wp-content\/uploads\/2025\/11\/3.-Elsa-credit-Carla-Teti-1536x1085.jpg 1536w, https:\/\/www.ecoitaliano.com.ar\/wp-content\/uploads\/2025\/11\/3.-Elsa-credit-Carla-Teti-2048x1447.jpg 2048w, https:\/\/www.ecoitaliano.com.ar\/wp-content\/uploads\/2025\/11\/3.-Elsa-credit-Carla-Teti-150x106.jpg 150w\" sizes=\"(max-width: 1024px) 100vw, 1024px\" \/><\/a><\/figure>\n\n\n\n<figure class=\"wp-block-image size-large\"><a href=\"https:\/\/www.ecoitaliano.com.ar\/wp-content\/uploads\/2025\/11\/4.-Lohengrin-bambino-credit-Carla-Teti.jpg\"><img decoding=\"async\" width=\"1024\" height=\"724\" data-id=\"81632\" src=\"https:\/\/www.ecoitaliano.com.ar\/wp-content\/uploads\/2025\/11\/4.-Lohengrin-bambino-credit-Carla-Teti-1024x724.jpg\" alt=\"\" class=\"wp-image-81632\" srcset=\"https:\/\/www.ecoitaliano.com.ar\/wp-content\/uploads\/2025\/11\/4.-Lohengrin-bambino-credit-Carla-Teti-1024x724.jpg 1024w, https:\/\/www.ecoitaliano.com.ar\/wp-content\/uploads\/2025\/11\/4.-Lohengrin-bambino-credit-Carla-Teti-300x212.jpg 300w, https:\/\/www.ecoitaliano.com.ar\/wp-content\/uploads\/2025\/11\/4.-Lohengrin-bambino-credit-Carla-Teti-768x543.jpg 768w, https:\/\/www.ecoitaliano.com.ar\/wp-content\/uploads\/2025\/11\/4.-Lohengrin-bambino-credit-Carla-Teti-1536x1085.jpg 1536w, https:\/\/www.ecoitaliano.com.ar\/wp-content\/uploads\/2025\/11\/4.-Lohengrin-bambino-credit-Carla-Teti-2048x1447.jpg 2048w, https:\/\/www.ecoitaliano.com.ar\/wp-content\/uploads\/2025\/11\/4.-Lohengrin-bambino-credit-Carla-Teti-150x106.jpg 150w\" sizes=\"(max-width: 1024px) 100vw, 1024px\" \/><\/a><\/figure>\n\n\n\n<figure class=\"wp-block-image size-large\"><a href=\"https:\/\/www.ecoitaliano.com.ar\/wp-content\/uploads\/2025\/11\/5.-L_Araldo-credit-Carla-Teti.jpg\"><img decoding=\"async\" width=\"1024\" height=\"724\" data-id=\"81633\" src=\"https:\/\/www.ecoitaliano.com.ar\/wp-content\/uploads\/2025\/11\/5.-L_Araldo-credit-Carla-Teti-1024x724.jpg\" alt=\"\" class=\"wp-image-81633\" srcset=\"https:\/\/www.ecoitaliano.com.ar\/wp-content\/uploads\/2025\/11\/5.-L_Araldo-credit-Carla-Teti-1024x724.jpg 1024w, https:\/\/www.ecoitaliano.com.ar\/wp-content\/uploads\/2025\/11\/5.-L_Araldo-credit-Carla-Teti-300x212.jpg 300w, https:\/\/www.ecoitaliano.com.ar\/wp-content\/uploads\/2025\/11\/5.-L_Araldo-credit-Carla-Teti-768x543.jpg 768w, https:\/\/www.ecoitaliano.com.ar\/wp-content\/uploads\/2025\/11\/5.-L_Araldo-credit-Carla-Teti-1536x1085.jpg 1536w, https:\/\/www.ecoitaliano.com.ar\/wp-content\/uploads\/2025\/11\/5.-L_Araldo-credit-Carla-Teti-2048x1447.jpg 2048w, https:\/\/www.ecoitaliano.com.ar\/wp-content\/uploads\/2025\/11\/5.-L_Araldo-credit-Carla-Teti-150x106.jpg 150w\" sizes=\"(max-width: 1024px) 100vw, 1024px\" \/><\/a><\/figure>\n\n\n\n<figure class=\"wp-block-image size-large\"><a href=\"https:\/\/www.ecoitaliano.com.ar\/wp-content\/uploads\/2025\/11\/6.-Ortrud-credit-Carla-Teti.jpg\"><img decoding=\"async\" width=\"1024\" height=\"724\" data-id=\"81634\" src=\"https:\/\/www.ecoitaliano.com.ar\/wp-content\/uploads\/2025\/11\/6.-Ortrud-credit-Carla-Teti-1024x724.jpg\" alt=\"\" class=\"wp-image-81634\" srcset=\"https:\/\/www.ecoitaliano.com.ar\/wp-content\/uploads\/2025\/11\/6.-Ortrud-credit-Carla-Teti-1024x724.jpg 1024w, https:\/\/www.ecoitaliano.com.ar\/wp-content\/uploads\/2025\/11\/6.-Ortrud-credit-Carla-Teti-300x212.jpg 300w, https:\/\/www.ecoitaliano.com.ar\/wp-content\/uploads\/2025\/11\/6.-Ortrud-credit-Carla-Teti-768x543.jpg 768w, https:\/\/www.ecoitaliano.com.ar\/wp-content\/uploads\/2025\/11\/6.-Ortrud-credit-Carla-Teti-1536x1085.jpg 1536w, https:\/\/www.ecoitaliano.com.ar\/wp-content\/uploads\/2025\/11\/6.-Ortrud-credit-Carla-Teti-2048x1447.jpg 2048w, https:\/\/www.ecoitaliano.com.ar\/wp-content\/uploads\/2025\/11\/6.-Ortrud-credit-Carla-Teti-150x106.jpg 150w\" sizes=\"(max-width: 1024px) 100vw, 1024px\" \/><\/a><\/figure>\n\n\n\n<figure class=\"wp-block-image size-large\"><a href=\"https:\/\/www.ecoitaliano.com.ar\/wp-content\/uploads\/2025\/11\/ANDREI-BONDARENKO_ph-Valeria-Lviatina_5.jpg\"><img decoding=\"async\" width=\"683\" height=\"1024\" data-id=\"81635\" src=\"https:\/\/www.ecoitaliano.com.ar\/wp-content\/uploads\/2025\/11\/ANDREI-BONDARENKO_ph-Valeria-Lviatina_5-683x1024.jpg\" alt=\"\" class=\"wp-image-81635\" srcset=\"https:\/\/www.ecoitaliano.com.ar\/wp-content\/uploads\/2025\/11\/ANDREI-BONDARENKO_ph-Valeria-Lviatina_5-683x1024.jpg 683w, https:\/\/www.ecoitaliano.com.ar\/wp-content\/uploads\/2025\/11\/ANDREI-BONDARENKO_ph-Valeria-Lviatina_5-200x300.jpg 200w, https:\/\/www.ecoitaliano.com.ar\/wp-content\/uploads\/2025\/11\/ANDREI-BONDARENKO_ph-Valeria-Lviatina_5-768x1152.jpg 768w, https:\/\/www.ecoitaliano.com.ar\/wp-content\/uploads\/2025\/11\/ANDREI-BONDARENKO_ph-Valeria-Lviatina_5-1024x1536.jpg 1024w, https:\/\/www.ecoitaliano.com.ar\/wp-content\/uploads\/2025\/11\/ANDREI-BONDARENKO_ph-Valeria-Lviatina_5-1366x2048.jpg 1366w, https:\/\/www.ecoitaliano.com.ar\/wp-content\/uploads\/2025\/11\/ANDREI-BONDARENKO_ph-Valeria-Lviatina_5-100x150.jpg 100w, https:\/\/www.ecoitaliano.com.ar\/wp-content\/uploads\/2025\/11\/ANDREI-BONDARENKO_ph-Valeria-Lviatina_5.jpg 1707w\" sizes=\"(max-width: 683px) 100vw, 683px\" \/><\/a><\/figure>\n\n\n\n<figure class=\"wp-block-image size-large\"><a href=\"https:\/\/www.ecoitaliano.com.ar\/wp-content\/uploads\/2025\/11\/Damiano-Michieletto_\u00a9-Stefano-Guindani_L1120637_02_R.jpg\"><img decoding=\"async\" width=\"683\" height=\"1024\" data-id=\"81636\" src=\"https:\/\/www.ecoitaliano.com.ar\/wp-content\/uploads\/2025\/11\/Damiano-Michieletto_\u00a9-Stefano-Guindani_L1120637_02_R-683x1024.jpg\" alt=\"\" class=\"wp-image-81636\" srcset=\"https:\/\/www.ecoitaliano.com.ar\/wp-content\/uploads\/2025\/11\/Damiano-Michieletto_\u00a9-Stefano-Guindani_L1120637_02_R-683x1024.jpg 683w, https:\/\/www.ecoitaliano.com.ar\/wp-content\/uploads\/2025\/11\/Damiano-Michieletto_\u00a9-Stefano-Guindani_L1120637_02_R-200x300.jpg 200w, https:\/\/www.ecoitaliano.com.ar\/wp-content\/uploads\/2025\/11\/Damiano-Michieletto_\u00a9-Stefano-Guindani_L1120637_02_R-768x1151.jpg 768w, https:\/\/www.ecoitaliano.com.ar\/wp-content\/uploads\/2025\/11\/Damiano-Michieletto_\u00a9-Stefano-Guindani_L1120637_02_R-1025x1536.jpg 1025w, https:\/\/www.ecoitaliano.com.ar\/wp-content\/uploads\/2025\/11\/Damiano-Michieletto_\u00a9-Stefano-Guindani_L1120637_02_R-1366x2048.jpg 1366w, https:\/\/www.ecoitaliano.com.ar\/wp-content\/uploads\/2025\/11\/Damiano-Michieletto_\u00a9-Stefano-Guindani_L1120637_02_R-100x150.jpg 100w, https:\/\/www.ecoitaliano.com.ar\/wp-content\/uploads\/2025\/11\/Damiano-Michieletto_\u00a9-Stefano-Guindani_L1120637_02_R.jpg 1708w\" sizes=\"(max-width: 683px) 100vw, 683px\" \/><\/a><\/figure>\n\n\n\n<figure class=\"wp-block-image size-large\"><a href=\"https:\/\/www.ecoitaliano.com.ar\/wp-content\/uploads\/2025\/11\/Damiano-Michieletto_\u00a9-Stefano-Guindani_L1120681_02_R.jpg\"><img decoding=\"async\" width=\"1024\" height=\"683\" data-id=\"81637\" src=\"https:\/\/www.ecoitaliano.com.ar\/wp-content\/uploads\/2025\/11\/Damiano-Michieletto_\u00a9-Stefano-Guindani_L1120681_02_R-1024x683.jpg\" alt=\"\" class=\"wp-image-81637\" srcset=\"https:\/\/www.ecoitaliano.com.ar\/wp-content\/uploads\/2025\/11\/Damiano-Michieletto_\u00a9-Stefano-Guindani_L1120681_02_R-1024x683.jpg 1024w, https:\/\/www.ecoitaliano.com.ar\/wp-content\/uploads\/2025\/11\/Damiano-Michieletto_\u00a9-Stefano-Guindani_L1120681_02_R-300x200.jpg 300w, https:\/\/www.ecoitaliano.com.ar\/wp-content\/uploads\/2025\/11\/Damiano-Michieletto_\u00a9-Stefano-Guindani_L1120681_02_R-768x512.jpg 768w, https:\/\/www.ecoitaliano.com.ar\/wp-content\/uploads\/2025\/11\/Damiano-Michieletto_\u00a9-Stefano-Guindani_L1120681_02_R-1536x1025.jpg 1536w, https:\/\/www.ecoitaliano.com.ar\/wp-content\/uploads\/2025\/11\/Damiano-Michieletto_\u00a9-Stefano-Guindani_L1120681_02_R-2048x1366.jpg 2048w, https:\/\/www.ecoitaliano.com.ar\/wp-content\/uploads\/2025\/11\/Damiano-Michieletto_\u00a9-Stefano-Guindani_L1120681_02_R-150x100.jpg 150w\" sizes=\"(max-width: 1024px) 100vw, 1024px\" \/><\/a><\/figure>\n\n\n\n<figure class=\"wp-block-image size-large\"><a href=\"https:\/\/www.ecoitaliano.com.ar\/wp-content\/uploads\/2025\/11\/Damiano-Michieletto_\u00a9-Stefano-Guindani_L1120865_02_R.jpg\"><img decoding=\"async\" width=\"683\" height=\"1024\" data-id=\"81638\" src=\"https:\/\/www.ecoitaliano.com.ar\/wp-content\/uploads\/2025\/11\/Damiano-Michieletto_\u00a9-Stefano-Guindani_L1120865_02_R-683x1024.jpg\" alt=\"\" class=\"wp-image-81638\" srcset=\"https:\/\/www.ecoitaliano.com.ar\/wp-content\/uploads\/2025\/11\/Damiano-Michieletto_\u00a9-Stefano-Guindani_L1120865_02_R-683x1024.jpg 683w, https:\/\/www.ecoitaliano.com.ar\/wp-content\/uploads\/2025\/11\/Damiano-Michieletto_\u00a9-Stefano-Guindani_L1120865_02_R-200x300.jpg 200w, https:\/\/www.ecoitaliano.com.ar\/wp-content\/uploads\/2025\/11\/Damiano-Michieletto_\u00a9-Stefano-Guindani_L1120865_02_R-768x1151.jpg 768w, https:\/\/www.ecoitaliano.com.ar\/wp-content\/uploads\/2025\/11\/Damiano-Michieletto_\u00a9-Stefano-Guindani_L1120865_02_R-1025x1536.jpg 1025w, https:\/\/www.ecoitaliano.com.ar\/wp-content\/uploads\/2025\/11\/Damiano-Michieletto_\u00a9-Stefano-Guindani_L1120865_02_R-1366x2048.jpg 1366w, https:\/\/www.ecoitaliano.com.ar\/wp-content\/uploads\/2025\/11\/Damiano-Michieletto_\u00a9-Stefano-Guindani_L1120865_02_R-100x150.jpg 100w, https:\/\/www.ecoitaliano.com.ar\/wp-content\/uploads\/2025\/11\/Damiano-Michieletto_\u00a9-Stefano-Guindani_L1120865_02_R.jpg 1708w\" sizes=\"(max-width: 683px) 100vw, 683px\" \/><\/a><\/figure>\n\n\n\n<figure class=\"wp-block-image size-large\"><a href=\"https:\/\/www.ecoitaliano.com.ar\/wp-content\/uploads\/2025\/11\/Dmitry-Korchak-c-Rabovsky-9288-R.jpg\"><img decoding=\"async\" width=\"683\" height=\"1024\" data-id=\"81639\" src=\"https:\/\/www.ecoitaliano.com.ar\/wp-content\/uploads\/2025\/11\/Dmitry-Korchak-c-Rabovsky-9288-R-683x1024.jpg\" alt=\"\" class=\"wp-image-81639\" srcset=\"https:\/\/www.ecoitaliano.com.ar\/wp-content\/uploads\/2025\/11\/Dmitry-Korchak-c-Rabovsky-9288-R-683x1024.jpg 683w, https:\/\/www.ecoitaliano.com.ar\/wp-content\/uploads\/2025\/11\/Dmitry-Korchak-c-Rabovsky-9288-R-200x300.jpg 200w, https:\/\/www.ecoitaliano.com.ar\/wp-content\/uploads\/2025\/11\/Dmitry-Korchak-c-Rabovsky-9288-R-768x1152.jpg 768w, https:\/\/www.ecoitaliano.com.ar\/wp-content\/uploads\/2025\/11\/Dmitry-Korchak-c-Rabovsky-9288-R-1024x1536.jpg 1024w, https:\/\/www.ecoitaliano.com.ar\/wp-content\/uploads\/2025\/11\/Dmitry-Korchak-c-Rabovsky-9288-R-1366x2048.jpg 1366w, https:\/\/www.ecoitaliano.com.ar\/wp-content\/uploads\/2025\/11\/Dmitry-Korchak-c-Rabovsky-9288-R-100x150.jpg 100w, https:\/\/www.ecoitaliano.com.ar\/wp-content\/uploads\/2025\/11\/Dmitry-Korchak-c-Rabovsky-9288-R.jpg 1707w\" sizes=\"(max-width: 683px) 100vw, 683px\" \/><\/a><\/figure>\n\n\n\n<figure class=\"wp-block-image size-large\"><a href=\"https:\/\/www.ecoitaliano.com.ar\/wp-content\/uploads\/2025\/11\/Dmitry-Korchak-c-Rabovsky-9913-R.jpg\"><img decoding=\"async\" width=\"1024\" height=\"683\" data-id=\"81640\" src=\"https:\/\/www.ecoitaliano.com.ar\/wp-content\/uploads\/2025\/11\/Dmitry-Korchak-c-Rabovsky-9913-R-1024x683.jpg\" alt=\"\" class=\"wp-image-81640\" srcset=\"https:\/\/www.ecoitaliano.com.ar\/wp-content\/uploads\/2025\/11\/Dmitry-Korchak-c-Rabovsky-9913-R-1024x683.jpg 1024w, https:\/\/www.ecoitaliano.com.ar\/wp-content\/uploads\/2025\/11\/Dmitry-Korchak-c-Rabovsky-9913-R-300x200.jpg 300w, https:\/\/www.ecoitaliano.com.ar\/wp-content\/uploads\/2025\/11\/Dmitry-Korchak-c-Rabovsky-9913-R-768x512.jpg 768w, https:\/\/www.ecoitaliano.com.ar\/wp-content\/uploads\/2025\/11\/Dmitry-Korchak-c-Rabovsky-9913-R-1536x1024.jpg 1536w, https:\/\/www.ecoitaliano.com.ar\/wp-content\/uploads\/2025\/11\/Dmitry-Korchak-c-Rabovsky-9913-R-2048x1366.jpg 2048w, https:\/\/www.ecoitaliano.com.ar\/wp-content\/uploads\/2025\/11\/Dmitry-Korchak-c-Rabovsky-9913-R-150x100.jpg 150w\" sizes=\"(max-width: 1024px) 100vw, 1024px\" \/><\/a><\/figure>\n\n\n\n<figure class=\"wp-block-image size-large\"><a href=\"https:\/\/www.ecoitaliano.com.ar\/wp-content\/uploads\/2025\/11\/Ekaterina-Gubanov_\u00a9-Yago-Sanchez-Plaza_NZ96379.jpg\"><img decoding=\"async\" width=\"683\" height=\"1024\" data-id=\"81641\" src=\"https:\/\/www.ecoitaliano.com.ar\/wp-content\/uploads\/2025\/11\/Ekaterina-Gubanov_\u00a9-Yago-Sanchez-Plaza_NZ96379-683x1024.jpg\" alt=\"\" class=\"wp-image-81641\" srcset=\"https:\/\/www.ecoitaliano.com.ar\/wp-content\/uploads\/2025\/11\/Ekaterina-Gubanov_\u00a9-Yago-Sanchez-Plaza_NZ96379-683x1024.jpg 683w, https:\/\/www.ecoitaliano.com.ar\/wp-content\/uploads\/2025\/11\/Ekaterina-Gubanov_\u00a9-Yago-Sanchez-Plaza_NZ96379-200x300.jpg 200w, https:\/\/www.ecoitaliano.com.ar\/wp-content\/uploads\/2025\/11\/Ekaterina-Gubanov_\u00a9-Yago-Sanchez-Plaza_NZ96379-768x1152.jpg 768w, https:\/\/www.ecoitaliano.com.ar\/wp-content\/uploads\/2025\/11\/Ekaterina-Gubanov_\u00a9-Yago-Sanchez-Plaza_NZ96379-1024x1536.jpg 1024w, https:\/\/www.ecoitaliano.com.ar\/wp-content\/uploads\/2025\/11\/Ekaterina-Gubanov_\u00a9-Yago-Sanchez-Plaza_NZ96379-1366x2048.jpg 1366w, https:\/\/www.ecoitaliano.com.ar\/wp-content\/uploads\/2025\/11\/Ekaterina-Gubanov_\u00a9-Yago-Sanchez-Plaza_NZ96379-100x150.jpg 100w, https:\/\/www.ecoitaliano.com.ar\/wp-content\/uploads\/2025\/11\/Ekaterina-Gubanov_\u00a9-Yago-Sanchez-Plaza_NZ96379.jpg 1707w\" sizes=\"(max-width: 683px) 100vw, 683px\" \/><\/a><\/figure>\n\n\n\n<figure class=\"wp-block-image size-large\"><a href=\"https:\/\/www.ecoitaliano.com.ar\/wp-content\/uploads\/2025\/11\/Ekaterina-Gubanova-cYago-Sanchez-Plaza.jpg\"><img decoding=\"async\" width=\"683\" height=\"1024\" data-id=\"81642\" src=\"https:\/\/www.ecoitaliano.com.ar\/wp-content\/uploads\/2025\/11\/Ekaterina-Gubanova-cYago-Sanchez-Plaza-683x1024.jpg\" alt=\"\" class=\"wp-image-81642\" srcset=\"https:\/\/www.ecoitaliano.com.ar\/wp-content\/uploads\/2025\/11\/Ekaterina-Gubanova-cYago-Sanchez-Plaza-683x1024.jpg 683w, https:\/\/www.ecoitaliano.com.ar\/wp-content\/uploads\/2025\/11\/Ekaterina-Gubanova-cYago-Sanchez-Plaza-200x300.jpg 200w, https:\/\/www.ecoitaliano.com.ar\/wp-content\/uploads\/2025\/11\/Ekaterina-Gubanova-cYago-Sanchez-Plaza-768x1152.jpg 768w, https:\/\/www.ecoitaliano.com.ar\/wp-content\/uploads\/2025\/11\/Ekaterina-Gubanova-cYago-Sanchez-Plaza-1024x1536.jpg 1024w, https:\/\/www.ecoitaliano.com.ar\/wp-content\/uploads\/2025\/11\/Ekaterina-Gubanova-cYago-Sanchez-Plaza-1366x2048.jpg 1366w, https:\/\/www.ecoitaliano.com.ar\/wp-content\/uploads\/2025\/11\/Ekaterina-Gubanova-cYago-Sanchez-Plaza-100x150.jpg 100w, https:\/\/www.ecoitaliano.com.ar\/wp-content\/uploads\/2025\/11\/Ekaterina-Gubanova-cYago-Sanchez-Plaza.jpg 1707w\" sizes=\"(max-width: 683px) 100vw, 683px\" \/><\/a><\/figure>\n\n\n\n<figure class=\"wp-block-image size-large\"><a href=\"https:\/\/www.ecoitaliano.com.ar\/wp-content\/uploads\/2025\/11\/Jennifer_Holloway_c_Simon_Pauly1.jpg\"><img decoding=\"async\" width=\"1024\" height=\"683\" data-id=\"81643\" src=\"https:\/\/www.ecoitaliano.com.ar\/wp-content\/uploads\/2025\/11\/Jennifer_Holloway_c_Simon_Pauly1-1024x683.jpg\" alt=\"\" class=\"wp-image-81643\" srcset=\"https:\/\/www.ecoitaliano.com.ar\/wp-content\/uploads\/2025\/11\/Jennifer_Holloway_c_Simon_Pauly1-1024x683.jpg 1024w, https:\/\/www.ecoitaliano.com.ar\/wp-content\/uploads\/2025\/11\/Jennifer_Holloway_c_Simon_Pauly1-300x200.jpg 300w, https:\/\/www.ecoitaliano.com.ar\/wp-content\/uploads\/2025\/11\/Jennifer_Holloway_c_Simon_Pauly1-768x512.jpg 768w, https:\/\/www.ecoitaliano.com.ar\/wp-content\/uploads\/2025\/11\/Jennifer_Holloway_c_Simon_Pauly1-1536x1025.jpg 1536w, https:\/\/www.ecoitaliano.com.ar\/wp-content\/uploads\/2025\/11\/Jennifer_Holloway_c_Simon_Pauly1-2048x1366.jpg 2048w, https:\/\/www.ecoitaliano.com.ar\/wp-content\/uploads\/2025\/11\/Jennifer_Holloway_c_Simon_Pauly1-150x100.jpg 150w\" sizes=\"(max-width: 1024px) 100vw, 1024px\" \/><\/a><\/figure>\n\n\n\n<figure class=\"wp-block-image size-large\"><a href=\"https:\/\/www.ecoitaliano.com.ar\/wp-content\/uploads\/2025\/11\/Jennifer_Holloway_c_Simon_Pauly2.jpg\"><img decoding=\"async\" width=\"1024\" height=\"684\" data-id=\"81644\" src=\"https:\/\/www.ecoitaliano.com.ar\/wp-content\/uploads\/2025\/11\/Jennifer_Holloway_c_Simon_Pauly2-1024x684.jpg\" alt=\"\" class=\"wp-image-81644\" srcset=\"https:\/\/www.ecoitaliano.com.ar\/wp-content\/uploads\/2025\/11\/Jennifer_Holloway_c_Simon_Pauly2-1024x684.jpg 1024w, https:\/\/www.ecoitaliano.com.ar\/wp-content\/uploads\/2025\/11\/Jennifer_Holloway_c_Simon_Pauly2-300x200.jpg 300w, https:\/\/www.ecoitaliano.com.ar\/wp-content\/uploads\/2025\/11\/Jennifer_Holloway_c_Simon_Pauly2-768x513.jpg 768w, https:\/\/www.ecoitaliano.com.ar\/wp-content\/uploads\/2025\/11\/Jennifer_Holloway_c_Simon_Pauly2-1536x1025.jpg 1536w, https:\/\/www.ecoitaliano.com.ar\/wp-content\/uploads\/2025\/11\/Jennifer_Holloway_c_Simon_Pauly2-2048x1367.jpg 2048w, https:\/\/www.ecoitaliano.com.ar\/wp-content\/uploads\/2025\/11\/Jennifer_Holloway_c_Simon_Pauly2-150x100.jpg 150w\" sizes=\"(max-width: 1024px) 100vw, 1024px\" \/><\/a><\/figure>\n\n\n\n<figure class=\"wp-block-image size-large\"><a href=\"https:\/\/www.ecoitaliano.com.ar\/wp-content\/uploads\/2025\/11\/Michele-Mariotti_foto-Victor-Santiago-5327.jpg\"><img decoding=\"async\" width=\"1024\" height=\"683\" data-id=\"81645\" src=\"https:\/\/www.ecoitaliano.com.ar\/wp-content\/uploads\/2025\/11\/Michele-Mariotti_foto-Victor-Santiago-5327-1024x683.jpg\" alt=\"\" class=\"wp-image-81645\" srcset=\"https:\/\/www.ecoitaliano.com.ar\/wp-content\/uploads\/2025\/11\/Michele-Mariotti_foto-Victor-Santiago-5327-1024x683.jpg 1024w, https:\/\/www.ecoitaliano.com.ar\/wp-content\/uploads\/2025\/11\/Michele-Mariotti_foto-Victor-Santiago-5327-300x200.jpg 300w, https:\/\/www.ecoitaliano.com.ar\/wp-content\/uploads\/2025\/11\/Michele-Mariotti_foto-Victor-Santiago-5327-768x512.jpg 768w, https:\/\/www.ecoitaliano.com.ar\/wp-content\/uploads\/2025\/11\/Michele-Mariotti_foto-Victor-Santiago-5327-1536x1024.jpg 1536w, https:\/\/www.ecoitaliano.com.ar\/wp-content\/uploads\/2025\/11\/Michele-Mariotti_foto-Victor-Santiago-5327-2048x1366.jpg 2048w, https:\/\/www.ecoitaliano.com.ar\/wp-content\/uploads\/2025\/11\/Michele-Mariotti_foto-Victor-Santiago-5327-150x100.jpg 150w\" sizes=\"(max-width: 1024px) 100vw, 1024px\" \/><\/a><\/figure>\n\n\n\n<figure class=\"wp-block-image size-large\"><a href=\"https:\/\/www.ecoitaliano.com.ar\/wp-content\/uploads\/2025\/11\/Michele-Mariotti_foto-Victor-Santiago_5567.jpg\"><img decoding=\"async\" width=\"683\" height=\"1024\" data-id=\"81646\" src=\"https:\/\/www.ecoitaliano.com.ar\/wp-content\/uploads\/2025\/11\/Michele-Mariotti_foto-Victor-Santiago_5567-683x1024.jpg\" alt=\"\" class=\"wp-image-81646\" srcset=\"https:\/\/www.ecoitaliano.com.ar\/wp-content\/uploads\/2025\/11\/Michele-Mariotti_foto-Victor-Santiago_5567-683x1024.jpg 683w, https:\/\/www.ecoitaliano.com.ar\/wp-content\/uploads\/2025\/11\/Michele-Mariotti_foto-Victor-Santiago_5567-200x300.jpg 200w, https:\/\/www.ecoitaliano.com.ar\/wp-content\/uploads\/2025\/11\/Michele-Mariotti_foto-Victor-Santiago_5567-768x1152.jpg 768w, https:\/\/www.ecoitaliano.com.ar\/wp-content\/uploads\/2025\/11\/Michele-Mariotti_foto-Victor-Santiago_5567-1024x1536.jpg 1024w, https:\/\/www.ecoitaliano.com.ar\/wp-content\/uploads\/2025\/11\/Michele-Mariotti_foto-Victor-Santiago_5567-1366x2048.jpg 1366w, https:\/\/www.ecoitaliano.com.ar\/wp-content\/uploads\/2025\/11\/Michele-Mariotti_foto-Victor-Santiago_5567-100x150.jpg 100w, https:\/\/www.ecoitaliano.com.ar\/wp-content\/uploads\/2025\/11\/Michele-Mariotti_foto-Victor-Santiago_5567.jpg 1707w\" sizes=\"(max-width: 683px) 100vw, 683px\" \/><\/a><\/figure>\n\n\n\n<figure class=\"wp-block-image size-large\"><a href=\"https:\/\/www.ecoitaliano.com.ar\/wp-content\/uploads\/2025\/11\/Michele-Mariotti_ph-Fabrizio-Sansoni-Teatro-dell_Opera-di-Roma-2022.jpg\"><img decoding=\"async\" width=\"1024\" height=\"682\" data-id=\"81647\" src=\"https:\/\/www.ecoitaliano.com.ar\/wp-content\/uploads\/2025\/11\/Michele-Mariotti_ph-Fabrizio-Sansoni-Teatro-dell_Opera-di-Roma-2022-1024x682.jpg\" alt=\"\" class=\"wp-image-81647\" srcset=\"https:\/\/www.ecoitaliano.com.ar\/wp-content\/uploads\/2025\/11\/Michele-Mariotti_ph-Fabrizio-Sansoni-Teatro-dell_Opera-di-Roma-2022-1024x682.jpg 1024w, https:\/\/www.ecoitaliano.com.ar\/wp-content\/uploads\/2025\/11\/Michele-Mariotti_ph-Fabrizio-Sansoni-Teatro-dell_Opera-di-Roma-2022-300x200.jpg 300w, https:\/\/www.ecoitaliano.com.ar\/wp-content\/uploads\/2025\/11\/Michele-Mariotti_ph-Fabrizio-Sansoni-Teatro-dell_Opera-di-Roma-2022-768x511.jpg 768w, https:\/\/www.ecoitaliano.com.ar\/wp-content\/uploads\/2025\/11\/Michele-Mariotti_ph-Fabrizio-Sansoni-Teatro-dell_Opera-di-Roma-2022-1536x1022.jpg 1536w, https:\/\/www.ecoitaliano.com.ar\/wp-content\/uploads\/2025\/11\/Michele-Mariotti_ph-Fabrizio-Sansoni-Teatro-dell_Opera-di-Roma-2022-2048x1363.jpg 2048w, https:\/\/www.ecoitaliano.com.ar\/wp-content\/uploads\/2025\/11\/Michele-Mariotti_ph-Fabrizio-Sansoni-Teatro-dell_Opera-di-Roma-2022-150x100.jpg 150w\" sizes=\"(max-width: 1024px) 100vw, 1024px\" \/><\/a><\/figure>\n\n\n\n<figure class=\"wp-block-image size-large\"><a href=\"https:\/\/www.ecoitaliano.com.ar\/wp-content\/uploads\/2025\/11\/Michele-Mariotti_Ph.-Fabrizio-Sansoni-Teatro-dellOpera-di-Roma-4.jpg\"><img decoding=\"async\" width=\"683\" height=\"1024\" data-id=\"81648\" src=\"https:\/\/www.ecoitaliano.com.ar\/wp-content\/uploads\/2025\/11\/Michele-Mariotti_Ph.-Fabrizio-Sansoni-Teatro-dellOpera-di-Roma-4-683x1024.jpg\" alt=\"\" class=\"wp-image-81648\" srcset=\"https:\/\/www.ecoitaliano.com.ar\/wp-content\/uploads\/2025\/11\/Michele-Mariotti_Ph.-Fabrizio-Sansoni-Teatro-dellOpera-di-Roma-4-683x1024.jpg 683w, https:\/\/www.ecoitaliano.com.ar\/wp-content\/uploads\/2025\/11\/Michele-Mariotti_Ph.-Fabrizio-Sansoni-Teatro-dellOpera-di-Roma-4-200x300.jpg 200w, https:\/\/www.ecoitaliano.com.ar\/wp-content\/uploads\/2025\/11\/Michele-Mariotti_Ph.-Fabrizio-Sansoni-Teatro-dellOpera-di-Roma-4-768x1152.jpg 768w, https:\/\/www.ecoitaliano.com.ar\/wp-content\/uploads\/2025\/11\/Michele-Mariotti_Ph.-Fabrizio-Sansoni-Teatro-dellOpera-di-Roma-4-1024x1536.jpg 1024w, https:\/\/www.ecoitaliano.com.ar\/wp-content\/uploads\/2025\/11\/Michele-Mariotti_Ph.-Fabrizio-Sansoni-Teatro-dellOpera-di-Roma-4-1366x2048.jpg 1366w, https:\/\/www.ecoitaliano.com.ar\/wp-content\/uploads\/2025\/11\/Michele-Mariotti_Ph.-Fabrizio-Sansoni-Teatro-dellOpera-di-Roma-4-100x150.jpg 100w, https:\/\/www.ecoitaliano.com.ar\/wp-content\/uploads\/2025\/11\/Michele-Mariotti_Ph.-Fabrizio-Sansoni-Teatro-dellOpera-di-Roma-4.jpg 1707w\" sizes=\"(max-width: 683px) 100vw, 683px\" \/><\/a><\/figure>\n\n\n\n<figure class=\"wp-block-image size-large\"><a href=\"https:\/\/www.ecoitaliano.com.ar\/wp-content\/uploads\/2025\/11\/Michele-Mariotti_Ph.-Fabrizio-Sansoni-Teatro-dellOpera-di-Roma-1.jpg\"><img decoding=\"async\" width=\"1024\" height=\"683\" data-id=\"81649\" src=\"https:\/\/www.ecoitaliano.com.ar\/wp-content\/uploads\/2025\/11\/Michele-Mariotti_Ph.-Fabrizio-Sansoni-Teatro-dellOpera-di-Roma-1-1024x683.jpg\" alt=\"\" class=\"wp-image-81649\" srcset=\"https:\/\/www.ecoitaliano.com.ar\/wp-content\/uploads\/2025\/11\/Michele-Mariotti_Ph.-Fabrizio-Sansoni-Teatro-dellOpera-di-Roma-1-1024x683.jpg 1024w, https:\/\/www.ecoitaliano.com.ar\/wp-content\/uploads\/2025\/11\/Michele-Mariotti_Ph.-Fabrizio-Sansoni-Teatro-dellOpera-di-Roma-1-300x200.jpg 300w, https:\/\/www.ecoitaliano.com.ar\/wp-content\/uploads\/2025\/11\/Michele-Mariotti_Ph.-Fabrizio-Sansoni-Teatro-dellOpera-di-Roma-1-768x512.jpg 768w, https:\/\/www.ecoitaliano.com.ar\/wp-content\/uploads\/2025\/11\/Michele-Mariotti_Ph.-Fabrizio-Sansoni-Teatro-dellOpera-di-Roma-1-1536x1024.jpg 1536w, https:\/\/www.ecoitaliano.com.ar\/wp-content\/uploads\/2025\/11\/Michele-Mariotti_Ph.-Fabrizio-Sansoni-Teatro-dellOpera-di-Roma-1-2048x1365.jpg 2048w, https:\/\/www.ecoitaliano.com.ar\/wp-content\/uploads\/2025\/11\/Michele-Mariotti_Ph.-Fabrizio-Sansoni-Teatro-dellOpera-di-Roma-1-150x100.jpg 150w\" sizes=\"(max-width: 1024px) 100vw, 1024px\" \/><\/a><\/figure>\n\n\n\n<figure class=\"wp-block-image size-large\"><a href=\"https:\/\/www.ecoitaliano.com.ar\/wp-content\/uploads\/2025\/11\/Michele-Mariotti_Teatro-dell_Opera-di-Roma_c_Fabrizio-Sansoni_2023.jpg\"><img decoding=\"async\" width=\"1024\" height=\"681\" data-id=\"81650\" src=\"https:\/\/www.ecoitaliano.com.ar\/wp-content\/uploads\/2025\/11\/Michele-Mariotti_Teatro-dell_Opera-di-Roma_c_Fabrizio-Sansoni_2023-1024x681.jpg\" alt=\"\" class=\"wp-image-81650\" srcset=\"https:\/\/www.ecoitaliano.com.ar\/wp-content\/uploads\/2025\/11\/Michele-Mariotti_Teatro-dell_Opera-di-Roma_c_Fabrizio-Sansoni_2023-1024x681.jpg 1024w, https:\/\/www.ecoitaliano.com.ar\/wp-content\/uploads\/2025\/11\/Michele-Mariotti_Teatro-dell_Opera-di-Roma_c_Fabrizio-Sansoni_2023-300x200.jpg 300w, https:\/\/www.ecoitaliano.com.ar\/wp-content\/uploads\/2025\/11\/Michele-Mariotti_Teatro-dell_Opera-di-Roma_c_Fabrizio-Sansoni_2023-768x511.jpg 768w, https:\/\/www.ecoitaliano.com.ar\/wp-content\/uploads\/2025\/11\/Michele-Mariotti_Teatro-dell_Opera-di-Roma_c_Fabrizio-Sansoni_2023-1536x1022.jpg 1536w, https:\/\/www.ecoitaliano.com.ar\/wp-content\/uploads\/2025\/11\/Michele-Mariotti_Teatro-dell_Opera-di-Roma_c_Fabrizio-Sansoni_2023-150x100.jpg 150w, https:\/\/www.ecoitaliano.com.ar\/wp-content\/uploads\/2025\/11\/Michele-Mariotti_Teatro-dell_Opera-di-Roma_c_Fabrizio-Sansoni_2023.jpg 1920w\" sizes=\"(max-width: 1024px) 100vw, 1024px\" \/><\/a><\/figure>\n\n\n\n<figure class=\"wp-block-image size-large\"><a href=\"https:\/\/www.ecoitaliano.com.ar\/wp-content\/uploads\/2025\/11\/Rendering-Lohengrin_scene-di-Paolo-Fantin_3.jpg\"><img decoding=\"async\" width=\"1024\" height=\"554\" data-id=\"81651\" src=\"https:\/\/www.ecoitaliano.com.ar\/wp-content\/uploads\/2025\/11\/Rendering-Lohengrin_scene-di-Paolo-Fantin_3-1024x554.jpg\" alt=\"\" class=\"wp-image-81651\" srcset=\"https:\/\/www.ecoitaliano.com.ar\/wp-content\/uploads\/2025\/11\/Rendering-Lohengrin_scene-di-Paolo-Fantin_3-1024x554.jpg 1024w, https:\/\/www.ecoitaliano.com.ar\/wp-content\/uploads\/2025\/11\/Rendering-Lohengrin_scene-di-Paolo-Fantin_3-300x162.jpg 300w, https:\/\/www.ecoitaliano.com.ar\/wp-content\/uploads\/2025\/11\/Rendering-Lohengrin_scene-di-Paolo-Fantin_3-768x416.jpg 768w, https:\/\/www.ecoitaliano.com.ar\/wp-content\/uploads\/2025\/11\/Rendering-Lohengrin_scene-di-Paolo-Fantin_3-1536x831.jpg 1536w, https:\/\/www.ecoitaliano.com.ar\/wp-content\/uploads\/2025\/11\/Rendering-Lohengrin_scene-di-Paolo-Fantin_3-2048x1108.jpg 2048w, https:\/\/www.ecoitaliano.com.ar\/wp-content\/uploads\/2025\/11\/Rendering-Lohengrin_scene-di-Paolo-Fantin_3-150x81.jpg 150w\" sizes=\"(max-width: 1024px) 100vw, 1024px\" \/><\/a><\/figure>\n\n\n\n<figure class=\"wp-block-image size-large\"><a href=\"https:\/\/www.ecoitaliano.com.ar\/wp-content\/uploads\/2025\/11\/Rendering-Lohengrin_scene-di-Paolo-Fantin_5-1.jpg\"><img decoding=\"async\" width=\"1024\" height=\"554\" data-id=\"81652\" src=\"https:\/\/www.ecoitaliano.com.ar\/wp-content\/uploads\/2025\/11\/Rendering-Lohengrin_scene-di-Paolo-Fantin_5-1-1024x554.jpg\" alt=\"\" class=\"wp-image-81652\" srcset=\"https:\/\/www.ecoitaliano.com.ar\/wp-content\/uploads\/2025\/11\/Rendering-Lohengrin_scene-di-Paolo-Fantin_5-1-1024x554.jpg 1024w, https:\/\/www.ecoitaliano.com.ar\/wp-content\/uploads\/2025\/11\/Rendering-Lohengrin_scene-di-Paolo-Fantin_5-1-300x162.jpg 300w, https:\/\/www.ecoitaliano.com.ar\/wp-content\/uploads\/2025\/11\/Rendering-Lohengrin_scene-di-Paolo-Fantin_5-1-768x416.jpg 768w, https:\/\/www.ecoitaliano.com.ar\/wp-content\/uploads\/2025\/11\/Rendering-Lohengrin_scene-di-Paolo-Fantin_5-1-1536x831.jpg 1536w, https:\/\/www.ecoitaliano.com.ar\/wp-content\/uploads\/2025\/11\/Rendering-Lohengrin_scene-di-Paolo-Fantin_5-1-2048x1108.jpg 2048w, https:\/\/www.ecoitaliano.com.ar\/wp-content\/uploads\/2025\/11\/Rendering-Lohengrin_scene-di-Paolo-Fantin_5-1-150x81.jpg 150w\" sizes=\"(max-width: 1024px) 100vw, 1024px\" \/><\/a><\/figure>\n\n\n\n<figure class=\"wp-block-image size-large\"><a href=\"https:\/\/www.ecoitaliano.com.ar\/wp-content\/uploads\/2025\/11\/Rendering-Lohengrin_scene-di-Paolo-Fantin_9.jpg\"><img decoding=\"async\" width=\"1024\" height=\"554\" data-id=\"81653\" src=\"https:\/\/www.ecoitaliano.com.ar\/wp-content\/uploads\/2025\/11\/Rendering-Lohengrin_scene-di-Paolo-Fantin_9-1024x554.jpg\" alt=\"\" class=\"wp-image-81653\" srcset=\"https:\/\/www.ecoitaliano.com.ar\/wp-content\/uploads\/2025\/11\/Rendering-Lohengrin_scene-di-Paolo-Fantin_9-1024x554.jpg 1024w, https:\/\/www.ecoitaliano.com.ar\/wp-content\/uploads\/2025\/11\/Rendering-Lohengrin_scene-di-Paolo-Fantin_9-300x162.jpg 300w, https:\/\/www.ecoitaliano.com.ar\/wp-content\/uploads\/2025\/11\/Rendering-Lohengrin_scene-di-Paolo-Fantin_9-768x416.jpg 768w, https:\/\/www.ecoitaliano.com.ar\/wp-content\/uploads\/2025\/11\/Rendering-Lohengrin_scene-di-Paolo-Fantin_9-1536x831.jpg 1536w, https:\/\/www.ecoitaliano.com.ar\/wp-content\/uploads\/2025\/11\/Rendering-Lohengrin_scene-di-Paolo-Fantin_9-2048x1108.jpg 2048w, https:\/\/www.ecoitaliano.com.ar\/wp-content\/uploads\/2025\/11\/Rendering-Lohengrin_scene-di-Paolo-Fantin_9-150x81.jpg 150w\" sizes=\"(max-width: 1024px) 100vw, 1024px\" \/><\/a><\/figure>\n\n\n\n<figure class=\"wp-block-image size-large\"><a href=\"https:\/\/www.ecoitaliano.com.ar\/wp-content\/uploads\/2025\/11\/Rendering-Lohengrin_scene-di-Paolo-Fantin_10.jpg\"><img decoding=\"async\" width=\"1024\" height=\"554\" data-id=\"81654\" src=\"https:\/\/www.ecoitaliano.com.ar\/wp-content\/uploads\/2025\/11\/Rendering-Lohengrin_scene-di-Paolo-Fantin_10-1024x554.jpg\" alt=\"\" class=\"wp-image-81654\" srcset=\"https:\/\/www.ecoitaliano.com.ar\/wp-content\/uploads\/2025\/11\/Rendering-Lohengrin_scene-di-Paolo-Fantin_10-1024x554.jpg 1024w, https:\/\/www.ecoitaliano.com.ar\/wp-content\/uploads\/2025\/11\/Rendering-Lohengrin_scene-di-Paolo-Fantin_10-300x162.jpg 300w, https:\/\/www.ecoitaliano.com.ar\/wp-content\/uploads\/2025\/11\/Rendering-Lohengrin_scene-di-Paolo-Fantin_10-768x416.jpg 768w, https:\/\/www.ecoitaliano.com.ar\/wp-content\/uploads\/2025\/11\/Rendering-Lohengrin_scene-di-Paolo-Fantin_10-1536x831.jpg 1536w, https:\/\/www.ecoitaliano.com.ar\/wp-content\/uploads\/2025\/11\/Rendering-Lohengrin_scene-di-Paolo-Fantin_10-2048x1108.jpg 2048w, https:\/\/www.ecoitaliano.com.ar\/wp-content\/uploads\/2025\/11\/Rendering-Lohengrin_scene-di-Paolo-Fantin_10-150x81.jpg 150w\" sizes=\"(max-width: 1024px) 100vw, 1024px\" \/><\/a><\/figure>\n\n\n\n<figure class=\"wp-block-image size-large\"><a href=\"https:\/\/www.ecoitaliano.com.ar\/wp-content\/uploads\/2025\/11\/Rendering-Lohengrin_scene-di-Paolo-Fantin_11.jpg\"><img decoding=\"async\" width=\"1024\" height=\"554\" data-id=\"81655\" src=\"https:\/\/www.ecoitaliano.com.ar\/wp-content\/uploads\/2025\/11\/Rendering-Lohengrin_scene-di-Paolo-Fantin_11-1024x554.jpg\" alt=\"\" class=\"wp-image-81655\" srcset=\"https:\/\/www.ecoitaliano.com.ar\/wp-content\/uploads\/2025\/11\/Rendering-Lohengrin_scene-di-Paolo-Fantin_11-1024x554.jpg 1024w, https:\/\/www.ecoitaliano.com.ar\/wp-content\/uploads\/2025\/11\/Rendering-Lohengrin_scene-di-Paolo-Fantin_11-300x162.jpg 300w, https:\/\/www.ecoitaliano.com.ar\/wp-content\/uploads\/2025\/11\/Rendering-Lohengrin_scene-di-Paolo-Fantin_11-768x416.jpg 768w, https:\/\/www.ecoitaliano.com.ar\/wp-content\/uploads\/2025\/11\/Rendering-Lohengrin_scene-di-Paolo-Fantin_11-1536x831.jpg 1536w, https:\/\/www.ecoitaliano.com.ar\/wp-content\/uploads\/2025\/11\/Rendering-Lohengrin_scene-di-Paolo-Fantin_11-2048x1108.jpg 2048w, https:\/\/www.ecoitaliano.com.ar\/wp-content\/uploads\/2025\/11\/Rendering-Lohengrin_scene-di-Paolo-Fantin_11-150x81.jpg 150w\" sizes=\"(max-width: 1024px) 100vw, 1024px\" \/><\/a><\/figure>\n\n\n\n<figure class=\"wp-block-image size-large\"><a href=\"https:\/\/www.ecoitaliano.com.ar\/wp-content\/uploads\/2025\/11\/Tomas-Tomasson_GNZ_0046\u00a9ChrisGonz.jpg\"><img decoding=\"async\" width=\"731\" height=\"1024\" data-id=\"81656\" src=\"https:\/\/www.ecoitaliano.com.ar\/wp-content\/uploads\/2025\/11\/Tomas-Tomasson_GNZ_0046\u00a9ChrisGonz-731x1024.jpg\" alt=\"\" class=\"wp-image-81656\" srcset=\"https:\/\/www.ecoitaliano.com.ar\/wp-content\/uploads\/2025\/11\/Tomas-Tomasson_GNZ_0046\u00a9ChrisGonz-731x1024.jpg 731w, https:\/\/www.ecoitaliano.com.ar\/wp-content\/uploads\/2025\/11\/Tomas-Tomasson_GNZ_0046\u00a9ChrisGonz-214x300.jpg 214w, https:\/\/www.ecoitaliano.com.ar\/wp-content\/uploads\/2025\/11\/Tomas-Tomasson_GNZ_0046\u00a9ChrisGonz-768x1076.jpg 768w, https:\/\/www.ecoitaliano.com.ar\/wp-content\/uploads\/2025\/11\/Tomas-Tomasson_GNZ_0046\u00a9ChrisGonz-1097x1536.jpg 1097w, https:\/\/www.ecoitaliano.com.ar\/wp-content\/uploads\/2025\/11\/Tomas-Tomasson_GNZ_0046\u00a9ChrisGonz-1462x2048.jpg 1462w, https:\/\/www.ecoitaliano.com.ar\/wp-content\/uploads\/2025\/11\/Tomas-Tomasson_GNZ_0046\u00a9ChrisGonz-107x150.jpg 107w, https:\/\/www.ecoitaliano.com.ar\/wp-content\/uploads\/2025\/11\/Tomas-Tomasson_GNZ_0046\u00a9ChrisGonz.jpg 1828w\" sizes=\"(max-width: 731px) 100vw, 731px\" \/><\/a><\/figure>\n\n\n\n<figure class=\"wp-block-image size-large\"><a href=\"https:\/\/www.ecoitaliano.com.ar\/wp-content\/uploads\/2025\/11\/Tomas-Tomasson_GNZ_0941\u00a9ChrisGonz.jpg\"><img decoding=\"async\" width=\"1024\" height=\"683\" data-id=\"81657\" src=\"https:\/\/www.ecoitaliano.com.ar\/wp-content\/uploads\/2025\/11\/Tomas-Tomasson_GNZ_0941\u00a9ChrisGonz-1024x683.jpg\" alt=\"\" class=\"wp-image-81657\" srcset=\"https:\/\/www.ecoitaliano.com.ar\/wp-content\/uploads\/2025\/11\/Tomas-Tomasson_GNZ_0941\u00a9ChrisGonz-1024x683.jpg 1024w, https:\/\/www.ecoitaliano.com.ar\/wp-content\/uploads\/2025\/11\/Tomas-Tomasson_GNZ_0941\u00a9ChrisGonz-300x200.jpg 300w, https:\/\/www.ecoitaliano.com.ar\/wp-content\/uploads\/2025\/11\/Tomas-Tomasson_GNZ_0941\u00a9ChrisGonz-768x512.jpg 768w, https:\/\/www.ecoitaliano.com.ar\/wp-content\/uploads\/2025\/11\/Tomas-Tomasson_GNZ_0941\u00a9ChrisGonz-1536x1024.jpg 1536w, https:\/\/www.ecoitaliano.com.ar\/wp-content\/uploads\/2025\/11\/Tomas-Tomasson_GNZ_0941\u00a9ChrisGonz-2048x1366.jpg 2048w, https:\/\/www.ecoitaliano.com.ar\/wp-content\/uploads\/2025\/11\/Tomas-Tomasson_GNZ_0941\u00a9ChrisGonz-150x100.jpg 150w\" sizes=\"(max-width: 1024px) 100vw, 1024px\" \/><\/a><\/figure>\n<\/figure>\n","protected":false},"excerpt":{"rendered":"<p>COMUNICATO STAMPA\u00a0IL DEBUTTO WAGNERIANO DI MARIOTTI, MICHIELETTO E KORCHAK PER L\u2019INAUGURAZIONE DELLA STAGIONEDELL\u2019OPERA DI ROMA\u00a0Dal 27 novembre al 7 dicembre\u00a0Lohengrin\u00a0torna [&hellip;]<\/p>\n","protected":false},"author":1,"featured_media":0,"comment_status":"open","ping_status":"open","sticky":false,"template":"","format":"standard","meta":{"footnotes":""},"categories":[1],"tags":[],"class_list":["post-81628","post","type-post","status-publish","format-standard","hentry","category-sin-categoria"],"_links":{"self":[{"href":"https:\/\/www.ecoitaliano.com.ar\/index.php?rest_route=\/wp\/v2\/posts\/81628","targetHints":{"allow":["GET"]}}],"collection":[{"href":"https:\/\/www.ecoitaliano.com.ar\/index.php?rest_route=\/wp\/v2\/posts"}],"about":[{"href":"https:\/\/www.ecoitaliano.com.ar\/index.php?rest_route=\/wp\/v2\/types\/post"}],"author":[{"embeddable":true,"href":"https:\/\/www.ecoitaliano.com.ar\/index.php?rest_route=\/wp\/v2\/users\/1"}],"replies":[{"embeddable":true,"href":"https:\/\/www.ecoitaliano.com.ar\/index.php?rest_route=%2Fwp%2Fv2%2Fcomments&post=81628"}],"version-history":[{"count":1,"href":"https:\/\/www.ecoitaliano.com.ar\/index.php?rest_route=\/wp\/v2\/posts\/81628\/revisions"}],"predecessor-version":[{"id":81658,"href":"https:\/\/www.ecoitaliano.com.ar\/index.php?rest_route=\/wp\/v2\/posts\/81628\/revisions\/81658"}],"wp:attachment":[{"href":"https:\/\/www.ecoitaliano.com.ar\/index.php?rest_route=%2Fwp%2Fv2%2Fmedia&parent=81628"}],"wp:term":[{"taxonomy":"category","embeddable":true,"href":"https:\/\/www.ecoitaliano.com.ar\/index.php?rest_route=%2Fwp%2Fv2%2Fcategories&post=81628"},{"taxonomy":"post_tag","embeddable":true,"href":"https:\/\/www.ecoitaliano.com.ar\/index.php?rest_route=%2Fwp%2Fv2%2Ftags&post=81628"}],"curies":[{"name":"wp","href":"https:\/\/api.w.org\/{rel}","templated":true}]}}