{"id":81666,"date":"2025-11-09T01:24:19","date_gmt":"2025-11-09T01:24:19","guid":{"rendered":"https:\/\/www.ecoitaliano.com.ar\/?p=81666"},"modified":"2025-11-09T01:24:19","modified_gmt":"2025-11-09T01:24:19","slug":"serena-conduce-operaclassica-eco-italiano-4721","status":"publish","type":"post","link":"https:\/\/www.ecoitaliano.com.ar\/?p=81666","title":{"rendered":"Serena conduce operaclassica eco italiano"},"content":{"rendered":"<div class=\"wp-block-image\">\n<figure class=\"aligncenter size-full is-resized\"><a href=\"https:\/\/www.ecoitaliano.com.ar\/wp-content\/uploads\/2025\/11\/image-3.png\"><img decoding=\"async\" width=\"306\" height=\"138\" src=\"https:\/\/www.ecoitaliano.com.ar\/wp-content\/uploads\/2025\/11\/image-3.png\" alt=\"\" class=\"wp-image-81667\" style=\"width:213px;height:auto\" srcset=\"https:\/\/www.ecoitaliano.com.ar\/wp-content\/uploads\/2025\/11\/image-3.png 306w, https:\/\/www.ecoitaliano.com.ar\/wp-content\/uploads\/2025\/11\/image-3-300x135.png 300w, https:\/\/www.ecoitaliano.com.ar\/wp-content\/uploads\/2025\/11\/image-3-150x68.png 150w\" sizes=\"(max-width: 306px) 100vw, 306px\" \/><\/a><\/figure><\/div>\n\n\n<p>Ufficio Stampa&nbsp;&nbsp;&nbsp;&nbsp;&nbsp;&nbsp;&nbsp;&nbsp;&nbsp;&nbsp;&nbsp;&nbsp;&nbsp;&nbsp;&nbsp;&nbsp;&nbsp;&nbsp;&nbsp;&nbsp;&nbsp;&nbsp;&nbsp;&nbsp;&nbsp;&nbsp;&nbsp;&nbsp;&nbsp;&nbsp;&nbsp;&nbsp;&nbsp;&nbsp;&nbsp;&nbsp;&nbsp;&nbsp;&nbsp;&nbsp;&nbsp;&nbsp;&nbsp;&nbsp;&nbsp;&nbsp;&nbsp;&nbsp;&nbsp;&nbsp;&nbsp;&nbsp;&nbsp;&nbsp;&nbsp;&nbsp;&nbsp;&nbsp;&nbsp;&nbsp;&nbsp;&nbsp;&nbsp;&nbsp;&nbsp;&nbsp;&nbsp;&nbsp;&nbsp;&nbsp;&nbsp;&nbsp;&nbsp;&nbsp;&nbsp;&nbsp;&nbsp;&nbsp;&nbsp;&nbsp;&nbsp;&nbsp;&nbsp;&nbsp;&nbsp;&nbsp;&nbsp;&nbsp;&nbsp;&nbsp;&nbsp;&nbsp;&nbsp;&nbsp;&nbsp;&nbsp;&nbsp;&nbsp;&nbsp;&nbsp;&nbsp;&nbsp;&nbsp;&nbsp;&nbsp;&nbsp;&nbsp;&nbsp;&nbsp;&nbsp;&nbsp;&nbsp;&nbsp;&nbsp;&nbsp;&nbsp;&nbsp;&nbsp;&nbsp;&nbsp;&nbsp;&nbsp;&nbsp;&nbsp;&nbsp;&nbsp;&nbsp;&nbsp;&nbsp;&nbsp;&nbsp;&nbsp;&nbsp;&nbsp;&nbsp; &nbsp;&nbsp;&nbsp;&nbsp;&nbsp;&nbsp;&nbsp;&nbsp;&nbsp;&nbsp;&nbsp;&nbsp;&nbsp;&nbsp; 04\/11\/2025<\/p>\n\n\n\n<p><strong>LA NUOVA STAGIONE 2026 AL TEATRO FILARMONICO<\/strong><\/p>\n\n\n\n<p><strong>RINNOVI FINO AL 16 NOVEMBRE. DAL 18 NUOVI CARNET E ABBONAMENTI<\/strong><\/p>\n\n\n\n<p><strong>Fondazione Arena ha gi\u00e0 annunciato gli appuntamenti di Opera, Balletto e Sinfonica al Teatro Filarmonico di <\/strong><strong>Verona<\/strong>, dal 18 gennaio al 31 dicembre 2026.<strong> Gli abbonati possono confermare i propri posti fino al 16 novembre<\/strong> <strong>nelle<\/strong> <strong>biglietterie dell\u2019Arena di Verona<\/strong>: sia quella centrale in via Dietro Anfiteatro, sia nella nuova sede di Roma 1 all\u2019ingresso di Sala Filarmonica. <strong>Dal 18 novembre sar\u00e0 possibile acquistare nuovi abbonamenti e carnet, mentre il<\/strong><strong> 25 novembre inizier\u00e0 la vendita dei singoli biglietti per ogni data anche sul sito <\/strong><a href=\"http:\/\/www.arena.it\"><strong>www.arena.it<\/strong><\/a><\/p>\n\n\n\n<p>Per l\u2019Opera e il Balletto, si confermano i consueti 4 turni di abbonamento (prime della domenica alle 15.30, repliche di domenica alle 15.30, mercoled\u00ec sera alle 19 e venerd\u00ec sera alle 20), cos\u00ec come i 2 turni per la Sinfonica (venerd\u00ec sera alle 20 e sabato pomeriggio alle 17). Fondazione Arena offrir\u00e0 anche diversi carnet a prezzi speciali (da 3 per l\u2019Opera, da 2 per il Balletto, da 3 per la Sinfonica) utilizzabili per pi\u00f9 ingressi la stessa sera oppure su diverse date, e la formula mista <em>Venerd\u00ec in platea<\/em>, che permetter\u00e0 di esplorare la proposta artistica 2026 con 3 opere e 4 concerti. <strong>Per biglietti, carnet e abbonamenti, sono confermate le stesse tariffe dell\u2019anno in corso.<\/strong><\/p>\n\n\n\n<p>Il 2026 sar\u00e0 un anno intenso e ricco di sfide per Fondazione Arena di Verona: 42 serate di spettacolo tra opera, danza e concerti sinfonici, a cui si sommeranno le prove aperte alle scuole, i titoli dedicati a giovani e famiglie, i corsi per Voci Bianche, la rassegna di musica da camera, numerosi appuntamenti cittadini fuori sede, trasferte e molte novit\u00e0. <strong>Sette le produzioni per la Stagione d\u2019Opera e Balletto<\/strong>: aprir\u00e0 il mese mozartiano <em><u>Don Giovanni<\/u><\/em> dal 18 al 25 gennaio, mentre in febbraio il sipario si alzer\u00e0 eccezionalmente sul palcoscenico del Teatro Ristori per un nuovo titolo barocco: <em><u>L\u2019Olimpiade<\/u><\/em> di Vivaldi, dal 23 febbraio al 1\u00b0 marzo. Dal 22 al 29 marzo i complessi artistici e tecnici areniani torneranno al Teatro Filarmonico per <em><u>Falstaff<\/u><\/em>, estremo capolavoro di Verdi. Dopo il Festival estivo in Arena, l\u2019opera torner\u00e0 in scena, dal 25 ottobre al 1\u00b0 novembre, con <em><u>Amelia al ballo<\/u><\/em> di Menotti, per la prima volta in Teatro, preceduta dal balletto stravinskiano <em><u>Jeu de cartes<\/u><\/em>. Dal 22 al 29 novembre sar\u00e0 la volta de <em><u>La<\/u> <u>Boh\u00e8me<\/u><\/em> pucciniana, nella pi\u00f9 recente produzione veronese e, dal 13 al 31 dicembre, torner\u00e0 <em><u>Il Lago dei cigni<\/u><\/em> che lo scorso anno ha conquistato il pubblico e il tutto esaurito. Confermati anche per il 2026 gli incontri di approfondimento ad ingresso gratuito, realizzati in collaborazione con l\u2019Accademia Filarmonica di Verona: i gioved\u00ec prima della prima, alle 18, in Sala Veranda, musicologi e giornalisti racconteranno l\u2019opera in scena.<\/p>\n\n\n\n<p><strong>L<\/strong><strong>a Stagione Sinfonica si avvier\u00e0 in primavera con otto appuntamenti sinfonici in abbonamento<\/strong>, ciascuno in doppia data, cui in molti casi si aggiunger\u00e0 una terza replica in diverse citt\u00e0 del Veneto. I programmi spazieranno dal Settecento alla contemporaneit\u00e0, con un focus particolare sul repertorio tardoromantico e sul Novecento storico, senza trascurare nuove commissioni in prima assoluta. Proseguiranno inoltre le integrali sinfoniche di grandi compositori avviate in questi ultimi anni (come Mahler, Bart\u00f3k, Brahms). Nella programmazione si confermeranno due caratteristiche portanti che hanno riscosso grande interesse nel pubblico: i grandi lavori sinfonico-corali (Rossini, per la prima volta con orchestra, e Beethoven, debutto nel titolo per le forze areniane) e la presenza dieccellenti solisti e direttori di fama mondialein dialogo con i complessi artistici e tecnici di Fondazione Arena. Tra i nomi attesi &#8211; molti al debutto al Teatro Filarmonico &#8211; in ordine di programmazione: i direttori Francesco Lanzillotta, Giulio Prandi, Giuseppe Grazioli, Francesco Ommassini, Gianna Fratta, Patrick Lange, Sebastiano Rolli, Oleg Caetani, Ram\u00f3n Tebar, L\u00fc Jia, Wolfram Christ, Alpesh Chauhan, Dmitri Jurowski; i registi Enrico Stinchelli, Emmanuel Daumas, Jacopo Spirei, Filippo Tonon, Stefano Trespidi; i concertisti InMo Yang, Johannes Moser, Marc Bouchkov, Aleksandr Malofeev, Sergej Nakarjakov, grandi artisti della scena lirica internazionale e giovani talenti emergenti. Cast e programmi completi sono gi\u00e0 disponibili sul sito <a href=\"http:\/\/www.arena.it\">www.arena.it<\/a>.<\/p>\n\n\n\n<p>Nel frattempo, prosegue l\u2019autunno della Stagione 2025 di Fondazione Arena al Teatro Filarmonico: dal 16 al 23 novembre \u00e8 atteso <em>Il Turco in Italia<\/em> di Rossini \u2013 con una data extra per una gustosa riduzione pensata per bambini e famiglie \u2013, quindi i due concerti sinfonici dedicati agli archi (il 28 e 29 novembre) e ai fiati di Fondazione Arena (5 e 6 dicembre). La rassegna da camera <em>Musei in Musica<\/em> \u00e8 gi\u00e0 sold-out il 30 novembre al Museo degli Affreschi ma sono ancora disponibili posti per il concerto tutto-Stravinsky del 7 dicembre in Sala Maffeiana. Concludono l\u2019anno la nuova produzione del romantico ed eroico <em>Ernani<\/em> di Verdi, dal 14 al 21 dicembre, e il <em>Concerto di San Silvestro<\/em>, che il 31 dicembre porter\u00e0 a Verona valzer e perle corali da Brahms a \u010cajkovskij fino all\u2019operetta.<\/p>\n\n\n\n<p><strong>informazioni<\/strong><strong><\/strong><\/p>\n\n\n\n<p><strong>Ufficio Stampa Fondazione Arena di Verona<\/strong><\/p>\n\n\n\n<p>Via Roma 7\/D, 37121 Verona<\/p>\n\n\n\n<p>tel. (+39) 045 805.1861-1905-1891-1939<\/p>\n\n\n\n<p><a href=\"mailto:ufficio.stampa@arenadiverona.it\">ufficio.stampa@arenadiverona.it<\/a> \u2013 <a href=\"http:\/\/www.arena.it\">www.arena.it<\/a><\/p>\n\n\n\n<p><a><strong><u>Biglietterie<\/u><\/strong><\/a><\/p>\n\n\n\n<p>Via Dietro Anfiteatro 6\/b &#8211; Aperta da luned\u00ec a venerd\u00ec (10.30 &#8211; 16.00)<\/p>\n\n\n\n<p>&nbsp;&nbsp;&nbsp;&nbsp;&nbsp;&nbsp;&nbsp;&nbsp;&nbsp;&nbsp;&nbsp;&nbsp;&nbsp;&nbsp;&nbsp;&nbsp;&nbsp;&nbsp;&nbsp;&nbsp;&nbsp;&nbsp;&nbsp;&nbsp;&nbsp;&nbsp;&nbsp;&nbsp;&nbsp;&nbsp;&nbsp;&nbsp;&nbsp;&nbsp;&nbsp;&nbsp;&nbsp;&nbsp;&nbsp;&nbsp;&nbsp;&nbsp;&nbsp;&nbsp;&nbsp;&nbsp;&nbsp;&nbsp;&nbsp;&nbsp;&nbsp;&nbsp;&nbsp;&nbsp;&nbsp;&nbsp;&nbsp;&nbsp;&nbsp; sabato (09.15 &#8211; 12.45)<\/p>\n\n\n\n<p>&nbsp;&nbsp;&nbsp;&nbsp;&nbsp;&nbsp;&nbsp;&nbsp;&nbsp;&nbsp;&nbsp;&nbsp;&nbsp;&nbsp;&nbsp;&nbsp;&nbsp;&nbsp;&nbsp;&nbsp;&nbsp;&nbsp;&nbsp;&nbsp;&nbsp;&nbsp;&nbsp;&nbsp;&nbsp;&nbsp;&nbsp;&nbsp;&nbsp;&nbsp;&nbsp;&nbsp;&nbsp;&nbsp;&nbsp;&nbsp;&nbsp;&nbsp;&nbsp;&nbsp;&nbsp;&nbsp;&nbsp;&nbsp;&nbsp;&nbsp;&nbsp;&nbsp;&nbsp;&nbsp;&nbsp;&nbsp;&nbsp;&nbsp;&nbsp;&nbsp;&nbsp;&nbsp;&nbsp;&nbsp;&nbsp;&nbsp;&nbsp;&nbsp;&nbsp;&nbsp;&nbsp;&nbsp;&nbsp;&nbsp;&nbsp;&nbsp;&nbsp;&nbsp;&nbsp;&nbsp;&nbsp;&nbsp;&nbsp;&nbsp;&nbsp;&nbsp;&nbsp;&nbsp;&nbsp; chiusa la domenica<\/p>\n\n\n\n<p>Via Roma 1 &#8211; Aperta marted\u00ec, gioved\u00ec e sabato (10.00 &#8211; 18.00)<\/p>\n\n\n\n<p>&nbsp;&nbsp;&nbsp;&nbsp;&nbsp;&nbsp;&nbsp;&nbsp;&nbsp;&nbsp;&nbsp;&nbsp;&nbsp;&nbsp;&nbsp;&nbsp;&nbsp;&nbsp;&nbsp;&nbsp;&nbsp;&nbsp;&nbsp;&nbsp;&nbsp;&nbsp;&nbsp;&nbsp;&nbsp;&nbsp;&nbsp;&nbsp;&nbsp;&nbsp;&nbsp;&nbsp;&nbsp;&nbsp;&nbsp;&nbsp;&nbsp;&nbsp;&nbsp;&nbsp;&nbsp;&nbsp;&nbsp;&nbsp;&nbsp;&nbsp;&nbsp;&nbsp;&nbsp;&nbsp;&nbsp;&nbsp;&nbsp;&nbsp;&nbsp; mercoled\u00ec e venerd\u00ec (13.00 &#8211; 20.00)<\/p>\n\n\n\n<p>&nbsp;&nbsp;&nbsp;&nbsp;&nbsp;&nbsp;&nbsp;&nbsp;&nbsp;&nbsp;&nbsp;&nbsp;&nbsp;&nbsp;&nbsp;&nbsp;&nbsp;&nbsp;&nbsp;&nbsp;&nbsp;&nbsp;&nbsp;&nbsp;&nbsp;&nbsp;&nbsp;&nbsp;&nbsp;&nbsp;&nbsp;&nbsp;&nbsp;&nbsp;&nbsp;&nbsp;&nbsp;&nbsp;&nbsp;&nbsp;&nbsp;&nbsp;&nbsp;&nbsp;&nbsp;&nbsp;&nbsp;&nbsp;&nbsp;&nbsp;&nbsp;&nbsp;&nbsp;&nbsp;&nbsp;&nbsp;&nbsp;&nbsp;&nbsp; domenica (12.00 &#8211; 15.30)<\/p>\n\n\n\n<p>&nbsp;&nbsp;&nbsp;&nbsp;&nbsp;&nbsp;&nbsp;&nbsp;&nbsp;&nbsp;&nbsp;&nbsp;&nbsp;&nbsp;&nbsp;&nbsp;&nbsp;&nbsp;&nbsp;&nbsp;&nbsp;&nbsp;&nbsp;&nbsp;&nbsp;&nbsp;&nbsp;&nbsp;&nbsp;&nbsp;&nbsp;&nbsp;&nbsp;&nbsp;&nbsp;&nbsp;&nbsp;&nbsp;&nbsp;&nbsp;&nbsp;&nbsp;&nbsp;&nbsp;&nbsp;&nbsp;&nbsp;&nbsp;&nbsp;&nbsp;&nbsp;&nbsp;&nbsp;&nbsp;&nbsp;&nbsp;&nbsp;&nbsp;&nbsp; chiusa il luned\u00ec<\/p>\n\n\n\n<p>Call center 045 8005151<\/p>\n\n\n\n<p><a href=\"mailto:biglietteria@arenadiverona.it\">biglietteria@arenadiverona.it<\/a> e <a href=\"mailto:cs@arenadiverona.it\">cs@arenadiverona.it<\/a><\/p>\n\n\n\n<p><a href=\"http:\/\/www.arena.it\">www.arena.it<\/a><\/p>\n\n\n\n<p>foto<\/p>\n\n\n\n<figure class=\"wp-block-image size-large\"><a href=\"https:\/\/www.ecoitaliano.com.ar\/wp-content\/uploads\/2025\/11\/image-4.jpg\"><img decoding=\"async\" width=\"1024\" height=\"529\" src=\"https:\/\/www.ecoitaliano.com.ar\/wp-content\/uploads\/2025\/11\/image-4-1024x529.jpg\" alt=\"\" class=\"wp-image-81668\" srcset=\"https:\/\/www.ecoitaliano.com.ar\/wp-content\/uploads\/2025\/11\/image-4-1024x529.jpg 1024w, https:\/\/www.ecoitaliano.com.ar\/wp-content\/uploads\/2025\/11\/image-4-300x155.jpg 300w, https:\/\/www.ecoitaliano.com.ar\/wp-content\/uploads\/2025\/11\/image-4-768x397.jpg 768w, https:\/\/www.ecoitaliano.com.ar\/wp-content\/uploads\/2025\/11\/image-4-150x77.jpg 150w, https:\/\/www.ecoitaliano.com.ar\/wp-content\/uploads\/2025\/11\/image-4.jpg 1104w\" sizes=\"(max-width: 1024px) 100vw, 1024px\" \/><\/a><\/figure>\n\n\n\n<figure class=\"wp-block-image size-large\"><a href=\"https:\/\/www.ecoitaliano.com.ar\/wp-content\/uploads\/2025\/11\/image-4-1.jpg\"><img decoding=\"async\" width=\"1024\" height=\"612\" src=\"https:\/\/www.ecoitaliano.com.ar\/wp-content\/uploads\/2025\/11\/image-4-1-1024x612.jpg\" alt=\"\" class=\"wp-image-81669\" srcset=\"https:\/\/www.ecoitaliano.com.ar\/wp-content\/uploads\/2025\/11\/image-4-1-1024x612.jpg 1024w, https:\/\/www.ecoitaliano.com.ar\/wp-content\/uploads\/2025\/11\/image-4-1-300x179.jpg 300w, https:\/\/www.ecoitaliano.com.ar\/wp-content\/uploads\/2025\/11\/image-4-1-768x459.jpg 768w, https:\/\/www.ecoitaliano.com.ar\/wp-content\/uploads\/2025\/11\/image-4-1-150x90.jpg 150w, https:\/\/www.ecoitaliano.com.ar\/wp-content\/uploads\/2025\/11\/image-4-1-250x150.jpg 250w, https:\/\/www.ecoitaliano.com.ar\/wp-content\/uploads\/2025\/11\/image-4-1.jpg 1104w\" sizes=\"(max-width: 1024px) 100vw, 1024px\" \/><\/a><\/figure>\n\n\n\n<p>un concerto e un&#8217;opera\u00a0al Teatro Filarmonico \u00a9EnneviFoto\/Fondazione Arena di Verona<\/p>\n\n\n\n<p><\/p>\n","protected":false},"excerpt":{"rendered":"<p>Ufficio Stampa&nbsp;&nbsp;&nbsp;&nbsp;&nbsp;&nbsp;&nbsp;&nbsp;&nbsp;&nbsp;&nbsp;&nbsp;&nbsp;&nbsp;&nbsp;&nbsp;&nbsp;&nbsp;&nbsp;&nbsp;&nbsp;&nbsp;&nbsp;&nbsp;&nbsp;&nbsp;&nbsp;&nbsp;&nbsp;&nbsp;&nbsp;&nbsp;&nbsp;&nbsp;&nbsp;&nbsp;&nbsp;&nbsp;&nbsp;&nbsp;&nbsp;&nbsp;&nbsp;&nbsp;&nbsp;&nbsp;&nbsp;&nbsp;&nbsp;&nbsp;&nbsp;&nbsp;&nbsp;&nbsp;&nbsp;&nbsp;&nbsp;&nbsp;&nbsp;&nbsp;&nbsp;&nbsp;&nbsp;&nbsp;&nbsp;&nbsp;&nbsp;&nbsp;&nbsp;&nbsp;&nbsp;&nbsp;&nbsp;&nbsp;&nbsp;&nbsp;&nbsp;&nbsp;&nbsp;&nbsp;&nbsp;&nbsp;&nbsp;&nbsp;&nbsp;&nbsp;&nbsp;&nbsp;&nbsp;&nbsp;&nbsp;&nbsp;&nbsp;&nbsp;&nbsp;&nbsp;&nbsp;&nbsp;&nbsp;&nbsp;&nbsp;&nbsp;&nbsp;&nbsp;&nbsp;&nbsp;&nbsp;&nbsp;&nbsp;&nbsp;&nbsp;&nbsp;&nbsp;&nbsp;&nbsp;&nbsp;&nbsp;&nbsp;&nbsp;&nbsp;&nbsp;&nbsp;&nbsp;&nbsp;&nbsp;&nbsp;&nbsp;&nbsp;&nbsp;&nbsp;&nbsp;&nbsp;&nbsp;&nbsp;&nbsp; &nbsp;&nbsp;&nbsp;&nbsp;&nbsp;&nbsp;&nbsp;&nbsp;&nbsp;&nbsp;&nbsp;&nbsp;&nbsp;&nbsp; 04\/11\/2025 LA NUOVA STAGIONE 2026 AL TEATRO FILARMONICO RINNOVI FINO AL 16 NOVEMBRE. DAL 18 NUOVI CARNET [&hellip;]<\/p>\n","protected":false},"author":1,"featured_media":0,"comment_status":"open","ping_status":"open","sticky":false,"template":"","format":"standard","meta":{"footnotes":""},"categories":[1],"tags":[],"class_list":["post-81666","post","type-post","status-publish","format-standard","hentry","category-sin-categoria"],"_links":{"self":[{"href":"https:\/\/www.ecoitaliano.com.ar\/index.php?rest_route=\/wp\/v2\/posts\/81666","targetHints":{"allow":["GET"]}}],"collection":[{"href":"https:\/\/www.ecoitaliano.com.ar\/index.php?rest_route=\/wp\/v2\/posts"}],"about":[{"href":"https:\/\/www.ecoitaliano.com.ar\/index.php?rest_route=\/wp\/v2\/types\/post"}],"author":[{"embeddable":true,"href":"https:\/\/www.ecoitaliano.com.ar\/index.php?rest_route=\/wp\/v2\/users\/1"}],"replies":[{"embeddable":true,"href":"https:\/\/www.ecoitaliano.com.ar\/index.php?rest_route=%2Fwp%2Fv2%2Fcomments&post=81666"}],"version-history":[{"count":1,"href":"https:\/\/www.ecoitaliano.com.ar\/index.php?rest_route=\/wp\/v2\/posts\/81666\/revisions"}],"predecessor-version":[{"id":81670,"href":"https:\/\/www.ecoitaliano.com.ar\/index.php?rest_route=\/wp\/v2\/posts\/81666\/revisions\/81670"}],"wp:attachment":[{"href":"https:\/\/www.ecoitaliano.com.ar\/index.php?rest_route=%2Fwp%2Fv2%2Fmedia&parent=81666"}],"wp:term":[{"taxonomy":"category","embeddable":true,"href":"https:\/\/www.ecoitaliano.com.ar\/index.php?rest_route=%2Fwp%2Fv2%2Fcategories&post=81666"},{"taxonomy":"post_tag","embeddable":true,"href":"https:\/\/www.ecoitaliano.com.ar\/index.php?rest_route=%2Fwp%2Fv2%2Ftags&post=81666"}],"curies":[{"name":"wp","href":"https:\/\/api.w.org\/{rel}","templated":true}]}}