{"id":81699,"date":"2025-11-09T01:45:06","date_gmt":"2025-11-09T01:45:06","guid":{"rendered":"https:\/\/www.ecoitaliano.com.ar\/?p=81699"},"modified":"2025-11-09T01:45:06","modified_gmt":"2025-11-09T01:45:06","slug":"serena-conduce-operaclassica-eco-italiano-4723","status":"publish","type":"post","link":"https:\/\/www.ecoitaliano.com.ar\/?p=81699","title":{"rendered":"Serena conduce operaclassica eco italiano"},"content":{"rendered":"<div class=\"wp-block-image\">\n<figure class=\"aligncenter size-full\"><a href=\"http:\/\/www.ecoitaliano.com.ar\/wp-content\/uploads\/2025\/11\/Screenshot-280.png\"><img decoding=\"async\" width=\"432\" height=\"117\" src=\"http:\/\/www.ecoitaliano.com.ar\/wp-content\/uploads\/2025\/11\/Screenshot-280.png\" alt=\"\" class=\"wp-image-81700\" srcset=\"https:\/\/www.ecoitaliano.com.ar\/wp-content\/uploads\/2025\/11\/Screenshot-280.png 432w, https:\/\/www.ecoitaliano.com.ar\/wp-content\/uploads\/2025\/11\/Screenshot-280-300x81.png 300w, https:\/\/www.ecoitaliano.com.ar\/wp-content\/uploads\/2025\/11\/Screenshot-280-150x41.png 150w\" sizes=\"(max-width: 432px) 100vw, 432px\" \/><\/a><\/figure><\/div>\n\n\n<p><strong>comunicato stampa<\/strong><\/p>\n\n\n\n<p><strong>5 concerti sinfonico-corali, 4 sinfonici e 3 cameristici:<\/strong><\/p>\n\n\n\n<p><strong>ecco la Stagione concertistica 2026 del Teatro Lirico di Cagliari<\/strong><\/p>\n\n\n\n<p><a><\/a><a>Donato Renzetti, Maxim Vengerov, <\/a>Christopher Franklin, Pietari Inkinen, Paolo Fresu, Antonello Salis, Elena Ledda, Alessandro Cadario, Kim Bomsori, Michail Pletn\u00ebv, Ryan McAdams, The King\u2019s Singers, Mahler Chamber Orchestra, Yuja Wang, Enrico Onofri, Grigorij Sokolov: questi alcuni dei protagonisti della <strong>Stagione concertistica 2026<\/strong> del Teatro Lirico di Cagliari. Una Stagione che guarda, come ormai consuetudine, alla tradizione musicale ed alla qualit\u00e0 artistica e che vede in primo piano l\u2019<strong>Orchestra<\/strong> e il <strong>Coro del Teatro Lirico di Cagliari<\/strong>, quest\u2019ultimo diretto da <strong>Giovanni Andreoli<\/strong>.<\/p>\n\n\n\n<p>La Stagione concertistica vede impegnati l\u2019Orchestra e il Coro del Teatro Lirico da gennaio a novembre 2026. Ognuno degli otto programmi musicali proposti \u00e8 eseguito due volte (di cui sette in abbonamento) e il complesso corale \u00e8 impegnato in cinque programmi, in ruoli di assoluta rilevanza. Solisti, pianisti ed <em>ensemble<\/em> musicali arricchiscono il cartellone con una significativa rassegna da camera della letteratura concertistica classica e moderna.<\/p>\n\n\n\n<p>Entrando nel dettaglio dei singoli programmi musicali, \u00e8 possibile individuare nella compagine dei direttori, protagonisti della Stagione, alcuni nomi di solida e brillante fama internazionale, affiancati da altri giovani, italiani e non, che vantano gi\u00e0 ampi successi di pubblico e critica. Si \u00e8, cos\u00ec, cercato un adeguato equilibrio tra i due gruppi, valorizzando i giovani talenti nell\u2019affidare loro repertori adatti a metterne in luce qualit\u00e0 tecniche e musicali ed esaltando le doti di personalit\u00e0 e di dominio tecnico dei direttori di maggiore esperienza.<\/p>\n\n\n\n<p>A <strong>Donato Renzetti<\/strong>, apprezzata ed ormai abituale presenza nelle stagioni cagliaritane (assente dal 2023), spetta il compito di dirigere, alla guida delle compagini orchestrale e corale, il concerto d\u2019inaugurazione, il <strong>9-10 gennaio<\/strong>, che prevede l\u2019esecuzione di uno dei capolavori pi\u00f9 straordinari della storia della musica: la <em>Nona Sinfonia in re minore per soli, coro e orchestra op. 125<\/em>, imponente pezzo sinfonico-corale di Ludwig van Beethoven, il cui ultimo ascolto a Cagliari risale al 2 dicembre 2023.<\/p>\n\n\n\n<p>Il <strong>24 gennaio<\/strong> \u00e8 in programma una serata davvero imperdibile: l\u2019esibizione del celebre virtuoso del violino <strong>Maxim Vengerov<\/strong> che ritorna a Cagliari dopo 23 anni (ultime esibizioni: maggio 2002, febbraio e novembre 2003). Prediletto da Mstislav Rostropovich, Maxim Vengerov \u00e8 ancora uno dei talenti violinistici pi\u00f9 interessanti, balzato alla ribalta giovanissimo e gi\u00e0 compagno di viaggio di grandi direttori, da Zubin Mehta a Daniel Barenboim. Maxim Vengerov si esibisce in duo con la pianista russa di fama internazionale <strong>Polina Osetinskaya<\/strong>.<\/p>\n\n\n\n<p><strong>Christopher Franklin<\/strong>, esperto direttore (e violinista) americano, ritorna a Cagliari, dopo aver diretto <em>Cos\u00ec fan tutte<\/em> (2013) e <em>Il flauto magico<\/em> (2014), alla guida dell\u2019Orchestra e della solista <strong>Kim Bomsori<\/strong>, giovane violinista al suo <strong>debutto<\/strong> cagliaritano, per esibirsi, il <strong>6-7 febbraio<\/strong>, in un accattivante programma \u201ctutto Mendelssohn\u201d.<\/p>\n\n\n\n<p>Il <strong>13-14 febbraio<\/strong>, a distanza di 7 anni dall\u2019ultima esecuzione, viene di nuovo proposta all\u2019ascolto la monumentale <em>Seconda Sinfonia in do minore per soli, coro e orchestra \u201cResurrezione\u201d<\/em> di Gustav Mahler, capolavoro sinfonico-corale composto dal 1888 al 1894. Nel ruolo di soliste si esibiscono <strong>Nicole Wacker<\/strong> (<em>soprano<\/em>) e <strong>Teresa Iervolino<\/strong> (<em>mezzosoprano<\/em>), mentre sul podio ritorna, per la terza volta (novembre 2004, febbraio 2021), <strong>Pietari Inkinen<\/strong>, direttore e violinista, senza dubbio uno dei pi\u00f9 affermati, a livello mondiale, degli ultimi anni.<\/p>\n\n\n\n<p>Il <strong>27-28 marzo<\/strong>, <strong>Paolo Silvestri<\/strong>, compositore, arrangiatore, direttore d\u2019orchestra e pianista che da molti anni sperimenta l\u2019incontro di linguaggi differenti coniugando il <em>jazz<\/em> e la musica contemporanea con le tradizioni musicali popolari di tutto il mondo, <strong>debutta<\/strong> a Cagliari dirigendo uno straordinario progetto musicale: il dialogo, per la <strong>prima volta<\/strong>, dell\u2019Orchestra della fondazione cagliaritana con <strong>Paolo Fresu<\/strong> e con una sequela di prestigiosi musicisti che, in qualit\u00e0 di ospiti-solisti, daranno lustro alle due serate previste come: <strong>Antonello Salis<\/strong>, <strong>Elena Ledda<\/strong>, <strong>Roberto Cipelli<\/strong>, <strong>Tino Tracanna<\/strong>, <strong>Attilio Zanchi<\/strong>, <strong>Ettore Fioravanti<\/strong>, <strong>Bebo Ferra<\/strong>, <strong>Paolino Dalla Porta<\/strong>, <strong>Stefano Bagnoli<\/strong>, <strong>Alessio Atzori<\/strong>.<\/p>\n\n\n\n<p>Il tradizionale <strong><em>Concerto di Pasqua<\/em><\/strong>, il <strong>3-4 aprile<\/strong> al <strong>Teatro Carmen Melis<\/strong> (fuori abbonamento), \u00e8 dedicato quest\u2019anno allo <em>Stabat Mater<\/em> di Franz Joseph Haydn nell\u2019interpretazione dei due complessi stabili cagliaritani guidati da <strong>Alessandro Cadario<\/strong>, uno dei pi\u00f9 interessanti direttori e compositori italiani della sua generazione che ha gi\u00e0 diretto l\u2019Orchestra nel decentramento estivo del 2011. Voci soliste della magnifica pagina musicale composta da Haydn nel 1767 sono: <strong>Francesca Aspromonte<\/strong>(<em>soprano<\/em>), <strong>Margherita Sala<\/strong>(<em>contralto<\/em>), <strong>Alasdair Kent<\/strong>(<em>tenore<\/em>), <strong>Roberto Lorenzi<\/strong>(<em>basso<\/em>).<\/p>\n\n\n\n<p>Ancora un importante <strong>debutto<\/strong> a Cagliari con il giovanissimo direttore italo-tedesco <strong>Nicol\u00f2 Umberto Foron<\/strong>, artista poliedrico e versatile (eccelle sia nel repertorio sinfonico che in quello operistico), con un magnetismo e una forza davvero sorprendenti e dalla carriera fulminante che lo ha portato a ricoprire incarichi prestigiosi alla London Symphony Orchestra e all\u2019Ensemble Intercontemporain. Dirige, l\u2019<strong>8-9 maggio<\/strong>, Orchestra, Coro e il soprano <strong>Giulia Bolcato<\/strong>, anch\u2019ella al <strong>debutto<\/strong> a Cagliari, in uno magnifico programma equamente diviso tra Giuseppe Verdi e Richard Wagner.<\/p>\n\n\n\n<p><strong>Ryan McAdams<\/strong>, poliedrico musicista e raffinato direttore dal <em>curriculum<\/em> internazionale, ritorna a Cagliari, il <strong>15-16 maggio<\/strong>, dopo appena 3 anni (luglio 2023) e presenta un programma interamente dedicato al genio compositivo di Sergej Rachmaninov. Ad impreziosire il <em>Concerto n. 3<\/em> ritorna, per la terza volta a Cagliari (1997 come pianista e 2021 come direttore), <strong>Michail Pletn\u00ebv<\/strong>, eccellente pianista, direttore e compositore russo che frequenta abitualmente i principali teatri mondiali, dove riscuote ampi successi e ovazioni.<\/p>\n\n\n\n<p>In un\u2019unica, imperdibile serata, \u00e8 in programma il <strong>4 giugno<\/strong> il <strong>debutto<\/strong> a Cagliari di <strong>The King\u2019s Singers<\/strong>, strepitoso <em>ensemble<\/em> vocale britannico a cappella (il loro primo concerto risale al 1968 a Londra), applaudito in tutto il mondo soprattutto per la perfezione dell\u2019intonazione e l\u2019ampiezza del repertorio.<\/p>\n\n\n\n<p>Dopo la pausa estiva, la Stagione concertistica riprende il <strong>3 settembre<\/strong> con la <strong>Mahler Chamber Orchestra<\/strong>, prestigioso complesso cameristico nato nel 1997 grazie all\u2019iniziativa di Claudio Abbado e che si \u00e8 gi\u00e0 esibita il 2 febbraio 2010 al Teatro Lirico di Cagliari in un indimenticabile concerto diretto da Daniel Harding. Questa volta sul podio ci sar\u00e0 <strong>Teddy Abrams<\/strong>, direttore, pianista, clarinettista e compositore americano che si esibisce per la <strong>prima volta<\/strong> a Cagliari, mentre anche <strong>Yuja Wang<\/strong>, pianista internazionale dalla tecnica impeccabile e <em>partner<\/em> artistico della Mahler Chamber Orchestra, \u00e8 al suo atteso <strong>debutto<\/strong> a Cagliari.<\/p>\n\n\n\n<p>Il <strong>2-3 ottobre<\/strong> penultimo appuntamento della Stagione, con un concerto tutto dedicato alla musica immortale di Wolfgang Amadeus Mozart: <strong>Enrico Onofri<\/strong>, apprezzato direttore, violinista e docente al suo <strong>debutto<\/strong> a Cagliari, dirige i due complessi artistici stabili e <strong>Riccardo Ghiani<\/strong>, primo flauto dell\u2019Orchestra del Teatro Lirico nel <em>Concerto n. 1<\/em>, per poi proporre all\u2019ascolto del pubblico il celeberrimo <em>Requiem in re minore<\/em> con le voci soliste di <strong>Ana Maria Labin<\/strong> (<em>soprano<\/em>), <strong>Giulia Alletto<\/strong> (<em>contralto<\/em>), <strong>Krystian Adam<\/strong> (<em>tenore<\/em>), <strong>Alessandro Ravasio<\/strong> (<em>basso<\/em>).<\/p>\n\n\n\n<p><strong>Grigorij Sokolov<\/strong>, considerato unanimemente come uno dei pi\u00f9 grandi pianisti dei nostri giorni, i suoi <em>recital<\/em> infatti ricevono, ovunque, trionfali accoglienze, ritorna per la quarta volta a Cagliari (2000, 2007, 2010), il <strong>20 novembre<\/strong>, e chiude la Stagione concertistica 2026.<\/p>\n\n\n\n<p><strong>Stagione concertistica 2026<\/strong><\/p>\n\n\n\n<p>venerd\u00ec 9 gennaio, ore 20 &#8211; turno A<\/p>\n\n\n\n<p>sabato 10 gennaio, ore 19 &#8211; turno B<\/p>\n\n\n\n<p><strong>Orchestra e Coro del Teatro Lirico di Cagliari<\/strong><\/p>\n\n\n\n<p><em>direttore<\/em> <strong>Donato Renzetti<\/strong><\/p>\n\n\n\n<p><em>soprano<\/em> <strong>Lucrezia Drei<\/strong><\/p>\n\n\n\n<p><em>contralto<\/em> <strong>Sara Mingardo<\/strong><\/p>\n\n\n\n<p><em>tenore<\/em> <strong>Giulio Pelligra<\/strong><\/p>\n\n\n\n<p><em>basso<\/em> <strong>Adolfo Corrado<\/strong><\/p>\n\n\n\n<p><em>maestro del coro<\/em> <strong><a href=\"http:\/\/www.teatroliricodicagliari.it\/media\/2\/66853462997549\/gaetano_mastroiaco_2.pdf\">Giovanni<\/a> Andreoli<\/strong><\/p>\n\n\n\n<p>Ludwig van Beethoven <em>Nona Sinfonia in re minore per soli, coro e orchestra op. 125<\/em><\/p>\n\n\n\n<p>sabato 24 gennaio, ore 19 &#8211; turno B<\/p>\n\n\n\n<p><em>violino<\/em> <strong>Maxim Vengerov<\/strong><\/p>\n\n\n\n<p><em>pianoforte<\/em> <strong>Polina Osetinskaya<\/strong><\/p>\n\n\n\n<p>Franz Schubert <em>Sonata n. 3 in sol minore per violino e pianoforte op. 137 D. 408<\/em><\/p>\n\n\n\n<p>Dmitrij \u0160ostakovi\u010d <em>Sonata in Sol maggiore per violino e pianoforte op. 134<\/em><\/p>\n\n\n\n<p>Johannes Brahms <em>Sonata n. 3 in re minore per violino e pianoforte op. 108<\/em><\/p>\n\n\n\n<p>venerd\u00ec 6 febbraio, ore 20 &#8211; turno A<\/p>\n\n\n\n<p>sabato 7 febbraio, ore 19 &#8211; turno B<\/p>\n\n\n\n<p><strong>Orchestra del Teatro Lirico di Cagliari<\/strong><\/p>\n\n\n\n<p><em>direttore<\/em> <strong>Christopher Franklin<\/strong><\/p>\n\n\n\n<p><em>violino <\/em><strong>Kim Bomsori<\/strong><\/p>\n\n\n\n<p>Felix Mendelssohn-Bartholdy<\/p>\n\n\n\n<p><em>Sogno di una notte di mezza estate, ouverture da concerto in Mi maggiore op. 21<\/em><\/p>\n\n\n\n<p><em>Concerto in mi minore per violino e orchestra op. 64<\/em><\/p>\n\n\n\n<p><em>Terza Sinfonia in la minore \u201cScozzese\u201d op. 56<\/em><\/p>\n\n\n\n<p>venerd\u00ec 13 febbraio, ore 20 &#8211; turno A<\/p>\n\n\n\n<p>sabato 14 febbraio, ore 19 &#8211; turno B<\/p>\n\n\n\n<p><strong>Orchestra e Coro del Teatro Lirico di Cagliari<\/strong><\/p>\n\n\n\n<p><em>direttore<\/em> <strong>Pietari Inkinen<\/strong><\/p>\n\n\n\n<p><em>soprano <\/em><em><strong>Nicole Wacker<\/strong><\/em><em><\/em><\/p>\n\n\n\n<p><em>mezzosoprano<\/em><em> <strong>Teresa Iervolino<\/strong><\/em><\/p>\n\n\n\n<p><em>maestro del coro<\/em> <strong><a href=\"http:\/\/www.teatroliricodicagliari.it\/media\/2\/66853462997549\/gaetano_mastroiaco_2.pdf\">Giovanni<\/a> Andreoli<\/strong><\/p>\n\n\n\n<p>Gustav Mahler <em>Seconda Sinfonia in do minore per soli, coro e orchestra \u201cResurrezione\u201d<\/em><\/p>\n\n\n\n<p>venerd\u00ec 27 marzo, ore 20 &#8211; turno A<\/p>\n\n\n\n<p>sabato 28 marzo, ore 19 &#8211; turno B<\/p>\n\n\n\n<p><strong><em>INHERITANCE<\/em><\/strong><\/p>\n\n\n\n<p><strong>Orchestra del Teatro Lirico di Cagliari<\/strong><\/p>\n\n\n\n<p><em>direttore<\/em> <strong>Paolo Silvestri<\/strong><\/p>\n\n\n\n<p><em>tromba, flicorno, effetti<\/em> <strong>Paolo Fresu<\/strong><\/p>\n\n\n\n<p><em>Guest<\/em><\/p>\n\n\n\n<p><strong>Paolo Fresu Quintet<\/strong><\/p>\n\n\n\n<p><em>pianoforte<\/em> <strong>Roberto Cipelli<\/strong><\/p>\n\n\n\n<p><em>sassofoni<\/em> <strong>Tino Tracanna<\/strong><\/p>\n\n\n\n<p><em>contrabbasso<\/em> <strong>Attilio Zanchi<\/strong><\/p>\n\n\n\n<p><em>batteria<\/em> <strong>Ettore Fioravanti<\/strong><\/p>\n\n\n\n<p><strong>Paolo Fresu Devil Quartet<\/strong><\/p>\n\n\n\n<p><em>chitarra<\/em> <strong>Bebo Ferra<\/strong><\/p>\n\n\n\n<p><em>contrabbasso<\/em> <strong>Paolino Dalla Porta<\/strong><\/p>\n\n\n\n<p><em>batteria<\/em> <strong>Stefano Bagnoli<\/strong><\/p>\n\n\n\n<p><em>Special Guest<\/em><\/p>\n\n\n\n<p><em>fisarmonica<\/em> <strong>Antonello Salis<\/strong><\/p>\n\n\n\n<p><em>voce<\/em> <strong>Elena Ledda<\/strong><\/p>\n\n\n\n<p><em>electronics <\/em><strong>Alessio Atzori\/Notrasa<\/strong><\/p>\n\n\n\n<p><em>composizioni originali <\/em><strong>Paolo Fresu<\/strong><em><\/em><\/p>\n\n\n\n<p><em>arrangiamenti<\/em> <strong>Paolo Silvestri<\/strong><\/p>\n\n\n\n<p><strong>Teatro Carmen Melis<\/strong><\/p>\n\n\n\n<p>venerd\u00ec 3 aprile, ore 20 &#8211; fuori abbonamento<\/p>\n\n\n\n<p>sabato 4 aprile, ore 19 &#8211; fuori abbonamento<\/p>\n\n\n\n<p><strong><em>Concerto di Pasqua<\/em><\/strong><\/p>\n\n\n\n<p><strong>Orchestra e Coro del Teatro Lirico di Cagliari<\/strong><\/p>\n\n\n\n<p><em>direttore<\/em> <strong>Alessandro Cadario<\/strong><\/p>\n\n\n\n<p><em>soprano<\/em> <strong>Francesca Aspromonte<\/strong><\/p>\n\n\n\n<p><em>contralto<\/em> <strong>Margherita Sala<\/strong><\/p>\n\n\n\n<p><em>tenore<\/em> <strong>Alasdair Kent<\/strong><\/p>\n\n\n\n<p><em>basso<\/em> <strong>Roberto Lorenzi<\/strong><\/p>\n\n\n\n<p><em>maestro del coro<\/em> <strong><a href=\"http:\/\/www.teatroliricodicagliari.it\/media\/2\/66853462997549\/gaetano_mastroiaco_2.pdf\">Giovanni<\/a> Andreoli<\/strong><\/p>\n\n\n\n<p>Franz Joseph Haydn <em>Stabat Mater in sol minore per soli, coro e orchestra Hob. XX bis<\/em><\/p>\n\n\n\n<p>venerd\u00ec 8 maggio, ore 20 &#8211; turno A<\/p>\n\n\n\n<p>sabato 9 maggio, ore 19 &#8211; turno B<\/p>\n\n\n\n<p><strong>Orchestra e Coro del Teatro Lirico di Cagliari<\/strong><\/p>\n\n\n\n<p><em>direttore<\/em> <strong>Nicol\u00f2 Umberto Foron<\/strong><\/p>\n\n\n\n<p><em>soprano <\/em><em><strong>Giulia Bolcato<\/strong><\/em><em><\/em><\/p>\n\n\n\n<p><em>maestro del coro<\/em> <strong><a href=\"http:\/\/www.teatroliricodicagliari.it\/media\/2\/66853462997549\/gaetano_mastroiaco_2.pdf\">Giovanni<\/a> Andreoli<\/strong><\/p>\n\n\n\n<p>Giuseppe Verdi <em>Quattro pezzi sacri<\/em><\/p>\n\n\n\n<p>Richard Wagner <em>Die Meistersinger von N\u00fcrnberg: Preludio<\/em><em><\/em><\/p>\n\n\n\n<p>Richard Wagner <em>Tristan und Isolde: Preludio e Morte di Isotta<\/em><\/p>\n\n\n\n<p>Richard Wagner <em>Tannh<\/em><em>\u00e4<\/em><em>user: Ouverture<\/em><\/p>\n\n\n\n<p>venerd\u00ec 15 maggio, ore 20 &#8211; turno A<\/p>\n\n\n\n<p>sabato 16 maggio, ore 19 &#8211; turno B<\/p>\n\n\n\n<p><strong>Orchestra del Teatro Lirico di Cagliari<\/strong><\/p>\n\n\n\n<p><em>direttore<\/em> <strong>Ryan McAdams<\/strong><\/p>\n\n\n\n<p><em>pianoforte <\/em><em><strong>Michail Pletn\u00ebv<\/strong><\/em><em><\/em><\/p>\n\n\n\n<p>Sergej Rachmaninov<\/p>\n\n\n\n<p><em>Capriccio su temi tzigani op. 12<\/em><\/p>\n\n\n\n<p><em>Concerto n. 3 in re minore per pianoforte e orchestra op. 30<\/em><\/p>\n\n\n\n<p>gioved\u00ec 4 giugno, ore 20 &#8211; turno B<\/p>\n\n\n\n<p><strong>The King\u2019s Singers<\/strong><\/p>\n\n\n\n<p><strong><em>Close Harmony<\/em><\/strong><em><\/em><\/p>\n\n\n\n<p>Ron Goodwin <em>What kind of things do The King\u2019s Singers sing?<\/em> (arrangiamento Jeremy Jackman)<\/p>\n\n\n\n<p><strong><em>Getting Going<\/em><\/strong><em> (1968-1972)<\/em><\/p>\n\n\n\n<p>Canto traditionale inglese <em>Blow Away the Morning Dew<\/em> (arrangiamento Gordon Langford)<\/p>\n\n\n\n<p>Canto traditionale inglese <em>The Oak and the Ash <\/em>(arrangiamento Gordon Langford)<\/p>\n\n\n\n<p>Marion Sunshine, Moises Simons &amp; Wolfe Gilbert <em>The Peanut Vendor <\/em>(arrangiamento Gordon Langford)<\/p>\n\n\n\n<p><strong><em>Going Pro <\/em><\/strong><em>(1972-1983)<\/em><\/p>\n\n\n\n<p>Albert Hammond <em>I\u2019m a train<\/em> (arrangiamento Peter Knight)<\/p>\n\n\n\n<p>Michael Flanders &amp; Donald Swann <em>Slow Train <\/em>(arrangiamento Gordon Langford)<\/p>\n\n\n\n<p>Gioachino Rossini <em>Overture to The Barber of Seville<\/em> (arrangiamento Daryl Runswick)<\/p>\n\n\n\n<p><strong><em>Into America <\/em><\/strong><em>(1983-1990)<\/em><\/p>\n\n\n\n<p>Billy Joel <em>And So It Goes<\/em> (arrangiamento Bob Chilcott)<\/p>\n\n\n\n<p>John Lennon &amp; Paul McCartney <em>Honey Pie<\/em> (arrangiamento Paul Hart)<\/p>\n\n\n\n<p>Randy Newman <em>Texas Girl at the Funeral of her Father<\/em> (arrangiamento Bob Chilcott)<em><\/em><\/p>\n\n\n\n<p><strong><em>Something Different <\/em><\/strong><em>(1990-2000)<\/em><\/p>\n\n\n\n<p>George e Ira Gershwin <em>Oh! I can\u2019t sit down<\/em> (arrangiamento Bob Chilcott)<\/p>\n\n\n\n<p>The Beach Boys <em>Kokomo<\/em> (arrangiamento Bob Chilcott)<\/p>\n\n\n\n<p>Albert Hay Malotte <em>The Lord\u2019s Prayer<\/em> (arrangiamento Brian Wilson)<\/p>\n\n\n\n<p><strong><em>The ender<\/em><\/strong><em><\/em><\/p>\n\n\n\n<p>John Lennon &amp; Paul McCartney <em>Ob-la-di, ob-la-da<\/em> (arrangiamento Daryl Runswick)<\/p>\n\n\n\n<p><strong><em>A New Day <\/em><\/strong><em>(2000-2018)<\/em><\/p>\n\n\n\n<p>John David <em>You Are The New Day<\/em> (arrangiamento Peter Knight)<\/p>\n\n\n\n<p>Harold Arlen <em>I\u2019ve Got the World on a String<\/em> (arrangiamento Alexander L\u2019Estrange)<\/p>\n\n\n\n<p>Bob Chilcott <em>We Are<\/em><\/p>\n\n\n\n<p><strong><em>The show goes on <\/em><\/strong><em>(2019-2026)<\/em><\/p>\n\n\n\n<p><em>Ultima selezione di canzoni, fino ai nostri giorni, di grandi cantautori come Jacob Collier, Laura Mvula, James Blake ed Ed Sheeran, nonch\u00e9 il fantastico mondo Disney che ha recentemente festeggiato il suo 100\u00b0 compleanno.<\/em><\/p>\n\n\n\n<p>gioved\u00ec 3 settembre, ore 20 &#8211; turno A<\/p>\n\n\n\n<p><strong>Mahler Chamber Orchestra<\/strong><\/p>\n\n\n\n<p><em>direttore<\/em> (prima parte) <strong>Teddy Abrams<\/strong><\/p>\n\n\n\n<p><em>direttrice <\/em>(seconda parte) e <em>pianoforte <\/em><em><strong>Yuja Wang<\/strong><\/em><em><\/em><\/p>\n\n\n\n<p>Aaron Copland <em>Appalachian Spring<\/em><\/p>\n\n\n\n<p>Samuel Barber <em>Concerto per pianoforte e orchestra op. 38<\/em><\/p>\n\n\n\n<p>Paul Dukas <em>Fanfare pour pr\u00e9c\u00e9der La P\u00e9ri<\/em><\/p>\n\n\n\n<p>Samuel Barber <em>Mutations from Bach<\/em><\/p>\n\n\n\n<p>Sergej Prokof\u2019ev <em>Concerto n. 3 in Do maggiore per pianoforte e orchestra op. 26<\/em><\/p>\n\n\n\n<p>venerd\u00ec 2 ottobre, ore 20 &#8211; turno A<\/p>\n\n\n\n<p>sabato 3 ottobre, ore 19 &#8211; turno B<\/p>\n\n\n\n<p><strong>Orchestra e Coro del Teatro Lirico di Cagliari<\/strong><\/p>\n\n\n\n<p><em>direttore<\/em> <strong>Enrico Onofri<\/strong><\/p>\n\n\n\n<p><em>flauto <\/em><em><strong>Riccardo Ghiani<\/strong><\/em><\/p>\n\n\n\n<p><em>soprano<\/em> <strong>Ana Maria Labin<\/strong><\/p>\n\n\n\n<p><em>contralto<\/em> <strong>Giulia Alletto<\/strong><\/p>\n\n\n\n<p><em>tenore<\/em> <strong>Krystian Adam<\/strong><\/p>\n\n\n\n<p><em>basso<\/em> <strong>Alessandro Ravasio<\/strong><\/p>\n\n\n\n<p><em>maestro del coro<\/em> <strong><a href=\"http:\/\/www.teatroliricodicagliari.it\/media\/2\/66853462997549\/gaetano_mastroiaco_2.pdf\">Giovanni<\/a> Andreoli<\/strong><\/p>\n\n\n\n<p>Wolfgang Amadeus Mozart<\/p>\n\n\n\n<p><em>Musica funebre massonica in do minore K. 477<\/em><\/p>\n\n\n\n<p><em>Concerto n. 1 in Sol maggiore per flauto e orchestra K. 313<\/em><\/p>\n\n\n\n<p><em>Requiem in re minore K. 626<\/em><\/p>\n\n\n\n<p>venerd\u00ec 20 novembre, ore 20 &#8211; turno A<\/p>\n\n\n\n<p><em>pianoforte<\/em> <strong><a href=\"http:\/\/www.teatroliricodicagliari.it\/media\/2\/66853462997549\/gaetano_mastroiaco_2.pdf\">Grigorij<\/a> Sokolov<\/strong><\/p>\n\n\n\n<p><em>programma da definire<\/em><\/p>\n\n\n\n<p><strong>La Biglietteria del Teatro Lirico di Cagliari<\/strong><\/p>\n\n\n\n<p>I posti in teatro sono identificati, come sempre, per ordine (platea, prima e seconda loggia) e per settore (giallo, rosso e blu). Ad ogni settore corrisponde un prezzo, secondo il diverso valore dei posti.<\/p>\n\n\n\n<p>La Stagione concertistica 2026 prevede <strong>due turni di abbonamento<\/strong> (A, B), per <strong>9 concerti ciascuno<\/strong>.<\/p>\n\n\n\n<p><strong>La campagna abbonamenti per la Stagione concertistica<\/strong> <strong>si apre mercoled\u00ec 12 novembre 2025 <\/strong>con le <strong>conferme<\/strong> e <strong>variazioni<\/strong> su posti disponibili, possibili fino a marted\u00ec 30 dicembre 2025. I <strong>nuovi abbonamenti<\/strong> saranno in vendita ancora da <strong>mercoled\u00ec 12 novembre 2025<\/strong>, fino a sabato 10 gennaio 2026.<\/p>\n\n\n\n<p>Da sottolineare, inoltre, la possibilit\u00e0 di acquistare da <strong>marted\u00ec 16 dicembre 2025<\/strong> i <strong>biglietti<\/strong> per tutti gli spettacoli della Stagione concertistica; lo stesso servizio \u00e8 possibile anche <em>online<\/em> attraverso il circuito di prevendita www.vivaticket.it.<\/p>\n\n\n\n<p>Per il <strong><em>Concerto di Pasqua<\/em><\/strong> (Teatro Carmen Melis, 3-4 aprile, fuori abbonamento), gli abbonati alla Stagione concertistica 2026 hanno la <strong>prelazione<\/strong> sull\u2019acquisto dei biglietti fino a <strong>sabato 21 marzo 2026<\/strong>.<\/p>\n\n\n\n<p>Ai disabili (con disabilit\u00e0 al 100%) e ai loro eventuali accompagnatori, sono applicate riduzioni del 50% sull\u2019acquisto di abbonamenti e biglietti, mentre ai giovani <em>under<\/em> 30 sono applicate riduzioni del 30%. Ulteriori agevolazioni sono previste per gruppi organizzati.<\/p>\n\n\n\n<p><strong>La Biglietteria del Teatro Lirico \u00e8 aperta luned\u00ec, marted\u00ec, mercoled\u00ec, venerd\u00ec e sabato dalle 9 alle 13, gioved\u00ec dalle 16 alle 20 e, nei giorni di spettacolo, anche da due ore prima dell\u2019inizio, unicamente per operazioni legate allo spettacolo stesso. \u00c8 chiusa, invece, i giorni festivi e i luned\u00ec successivi alle domeniche di spettacolo.<\/strong><\/p>\n\n\n\n<p><strong>Per informazioni<\/strong>: <strong>Biglietteria del Teatro Lirico<\/strong>, via Sant\u2019Alenixedda, 09128 Cagliari, telefono 0704082230 &#8211; 0704082249, <a href=\"mailto:biglietteria@teatroliricodicagliari.it;\">biglietteria@teatroliricodicagliari.it<\/a>, <a href=\"http:\/\/www.teatroliricodicagliari.it\/\">www.teatroliricodicagliari.it<\/a>. <strong>Servizio promozione culturale<\/strong> <a href=\"mailto:scuola@teatroliricodicagliari.it\">scuola@teatroliricodicagliari.it<\/a>. Il Teatro Lirico di Cagliari si pu\u00f2 seguire anche su Facebook, Twitter, YouTube, Instagram, Linkedin.<\/p>\n\n\n\n<p>La Direzione si riserva di apportare al programma le modifiche che si rendessero necessarie per esigenze tecniche o per cause di forza maggiore. Eventuali modifiche al cartellone saranno indicate nel sito internet del teatro www.teatroliricodicagliari.it.<\/p>\n\n\n\n<p>Cagliari, 8 novembre 2025<\/p>\n\n\n\n<p>Pierluigi Corona<\/p>\n\n\n\n<p>Responsabile Ufficio Stampa<\/p>\n\n\n\n<p>Teatro Lirico di Cagliari, via Efisio Cao di San Marco, 09128 Cagliari &#8211; Italia<\/p>\n\n\n\n<p>telefono +39 0704082209 &#8211; <a href=\"mailto:stampa@teatroliricodicagliari.it\">stampa@teatroliricodicagliari.it<\/a> &#8211; <a href=\"http:\/\/www.teatroliricodicagliari.it\/\">www.teatroliricodicagliari.it<\/a><\/p>\n\n\n\n<p><strong>prezzi<\/strong><\/p>\n\n\n\n<p><strong>Stagione concertistica 2026<\/strong><\/p>\n\n\n\n<figure class=\"wp-block-table\"><table class=\"has-fixed-layout\"><tbody><tr><td>&nbsp;<\/td><td colspan=\"3\"><strong>turni A, B<\/strong><\/td><\/tr><tr><td>&nbsp;<\/td><td>abbonamento 9 spettacoli<\/td><td>biglietto 9-10\/1, 24\/1, 15-16\/5, 3\/9, 20\/11<\/td><td>biglietto 6-7\/2, 13-14\/2, 27-28\/3, 8-9\/5, 4\/6, 2-3\/10<\/td><\/tr><tr><td><strong>settore<\/strong><\/td><td colspan=\"3\"><strong>platea<\/strong><\/td><\/tr><tr><td>giallo<\/td><td>\u20ac 250,00<\/td><td>\u20ac 50,00<\/td><td>\u20ac 40,00<\/td><\/tr><tr><td>rosso<\/td><td>\u20ac 230,00<\/td><td>\u20ac 45,00<\/td><td>\u20ac 35,00<\/td><\/tr><tr><td>blu<\/td><td>\u20ac 200,00<\/td><td>\u20ac 40,00<\/td><td>\u20ac 30,00<\/td><\/tr><tr><td>&nbsp;<\/td><td colspan=\"3\"><strong>I loggia<\/strong><\/td><\/tr><tr><td>giallo<\/td><td>\u20ac 220,00<\/td><td>\u20ac 45,00<\/td><td>\u20ac 35,00<\/td><\/tr><tr><td>rosso<\/td><td>\u20ac 190,00<\/td><td>\u20ac 40,00<\/td><td>\u20ac 30,00<\/td><\/tr><tr><td>blu<\/td><td>\u20ac 160,00<\/td><td>\u20ac 35,00<\/td><td>\u20ac 25,00<\/td><\/tr><tr><td>&nbsp;<\/td><td colspan=\"3\"><strong>II loggia<\/strong><\/td><\/tr><tr><td>giallo<\/td><td>\u20ac 90,00<\/td><td>\u20ac 20,00<\/td><td>\u20ac 15,00<\/td><\/tr><tr><td>rosso<\/td><td>\u20ac 90,00<\/td><td>\u20ac 20,00<\/td><td>\u20ac 15,00<\/td><\/tr><tr><td>blu<\/td><td>\u20ac 90,00<\/td><td>\u20ac 20,00<\/td><td>\u20ac 15,00<\/td><\/tr><\/tbody><\/table><\/figure>\n\n\n\n<p>Per il <strong><em>Concerto di Pasqua<\/em><\/strong> (Teatro Carmen Melis, 3-4 aprile, fuori abbonamento) i prezzi dei biglietti sono: \u20ac 25 (intero), \u20ac 15 (ridotto abbonati\/<em>under<\/em> 30).<\/p>\n\n\n\n<p>foto<\/p>\n\n\n\n<figure class=\"wp-block-gallery has-nested-images columns-default is-cropped wp-block-gallery-1 is-layout-flex wp-block-gallery-is-layout-flex\">\n<figure class=\"wp-block-image size-large\"><a href=\"https:\/\/www.ecoitaliano.com.ar\/wp-content\/uploads\/2025\/11\/Alessandro-Cadario.jpg\"><img decoding=\"async\" width=\"1024\" height=\"601\" data-id=\"81701\" src=\"https:\/\/www.ecoitaliano.com.ar\/wp-content\/uploads\/2025\/11\/Alessandro-Cadario-1024x601.jpg\" alt=\"\" class=\"wp-image-81701\" srcset=\"https:\/\/www.ecoitaliano.com.ar\/wp-content\/uploads\/2025\/11\/Alessandro-Cadario-1024x601.jpg 1024w, https:\/\/www.ecoitaliano.com.ar\/wp-content\/uploads\/2025\/11\/Alessandro-Cadario-300x176.jpg 300w, https:\/\/www.ecoitaliano.com.ar\/wp-content\/uploads\/2025\/11\/Alessandro-Cadario-768x451.jpg 768w, https:\/\/www.ecoitaliano.com.ar\/wp-content\/uploads\/2025\/11\/Alessandro-Cadario-150x88.jpg 150w, https:\/\/www.ecoitaliano.com.ar\/wp-content\/uploads\/2025\/11\/Alessandro-Cadario.jpg 1200w\" sizes=\"(max-width: 1024px) 100vw, 1024px\" \/><\/a><\/figure>\n\n\n\n<figure class=\"wp-block-image size-large\"><a href=\"https:\/\/www.ecoitaliano.com.ar\/wp-content\/uploads\/2025\/11\/Christopher-Franklin.jpg\"><img decoding=\"async\" width=\"667\" height=\"1000\" data-id=\"81702\" src=\"https:\/\/www.ecoitaliano.com.ar\/wp-content\/uploads\/2025\/11\/Christopher-Franklin.jpg\" alt=\"\" class=\"wp-image-81702\" srcset=\"https:\/\/www.ecoitaliano.com.ar\/wp-content\/uploads\/2025\/11\/Christopher-Franklin.jpg 667w, https:\/\/www.ecoitaliano.com.ar\/wp-content\/uploads\/2025\/11\/Christopher-Franklin-200x300.jpg 200w, https:\/\/www.ecoitaliano.com.ar\/wp-content\/uploads\/2025\/11\/Christopher-Franklin-100x150.jpg 100w\" sizes=\"(max-width: 667px) 100vw, 667px\" \/><\/a><\/figure>\n\n\n\n<figure class=\"wp-block-image size-large\"><a href=\"https:\/\/www.ecoitaliano.com.ar\/wp-content\/uploads\/2025\/11\/Donato-Renzetti-foto-Priamo-Tolu.jpg\"><img decoding=\"async\" width=\"1024\" height=\"683\" data-id=\"81703\" src=\"https:\/\/www.ecoitaliano.com.ar\/wp-content\/uploads\/2025\/11\/Donato-Renzetti-foto-Priamo-Tolu-1024x683.jpg\" alt=\"\" class=\"wp-image-81703\" srcset=\"https:\/\/www.ecoitaliano.com.ar\/wp-content\/uploads\/2025\/11\/Donato-Renzetti-foto-Priamo-Tolu-1024x683.jpg 1024w, https:\/\/www.ecoitaliano.com.ar\/wp-content\/uploads\/2025\/11\/Donato-Renzetti-foto-Priamo-Tolu-300x200.jpg 300w, https:\/\/www.ecoitaliano.com.ar\/wp-content\/uploads\/2025\/11\/Donato-Renzetti-foto-Priamo-Tolu-768x512.jpg 768w, https:\/\/www.ecoitaliano.com.ar\/wp-content\/uploads\/2025\/11\/Donato-Renzetti-foto-Priamo-Tolu-1536x1024.jpg 1536w, https:\/\/www.ecoitaliano.com.ar\/wp-content\/uploads\/2025\/11\/Donato-Renzetti-foto-Priamo-Tolu-150x100.jpg 150w, https:\/\/www.ecoitaliano.com.ar\/wp-content\/uploads\/2025\/11\/Donato-Renzetti-foto-Priamo-Tolu.jpg 2048w\" sizes=\"(max-width: 1024px) 100vw, 1024px\" \/><\/a><\/figure>\n\n\n\n<figure class=\"wp-block-image size-large\"><a href=\"https:\/\/www.ecoitaliano.com.ar\/wp-content\/uploads\/2025\/11\/Enrico-Onofri-foto-Marco-Borrelli.webp\"><img decoding=\"async\" width=\"1024\" height=\"743\" data-id=\"81704\" src=\"https:\/\/www.ecoitaliano.com.ar\/wp-content\/uploads\/2025\/11\/Enrico-Onofri-foto-Marco-Borrelli-1024x743.webp\" alt=\"\" class=\"wp-image-81704\" srcset=\"https:\/\/www.ecoitaliano.com.ar\/wp-content\/uploads\/2025\/11\/Enrico-Onofri-foto-Marco-Borrelli-1024x743.webp 1024w, https:\/\/www.ecoitaliano.com.ar\/wp-content\/uploads\/2025\/11\/Enrico-Onofri-foto-Marco-Borrelli-300x218.webp 300w, https:\/\/www.ecoitaliano.com.ar\/wp-content\/uploads\/2025\/11\/Enrico-Onofri-foto-Marco-Borrelli-768x558.webp 768w, https:\/\/www.ecoitaliano.com.ar\/wp-content\/uploads\/2025\/11\/Enrico-Onofri-foto-Marco-Borrelli-1536x1115.webp 1536w, https:\/\/www.ecoitaliano.com.ar\/wp-content\/uploads\/2025\/11\/Enrico-Onofri-foto-Marco-Borrelli-2048x1487.webp 2048w, https:\/\/www.ecoitaliano.com.ar\/wp-content\/uploads\/2025\/11\/Enrico-Onofri-foto-Marco-Borrelli-150x109.webp 150w\" sizes=\"(max-width: 1024px) 100vw, 1024px\" \/><\/a><\/figure>\n\n\n\n<figure class=\"wp-block-image size-large\"><a href=\"https:\/\/www.ecoitaliano.com.ar\/wp-content\/uploads\/2025\/11\/Giovanni-Andreoli-foto-Priamo-Tolu.jpg\"><img decoding=\"async\" width=\"1024\" height=\"683\" data-id=\"81705\" src=\"https:\/\/www.ecoitaliano.com.ar\/wp-content\/uploads\/2025\/11\/Giovanni-Andreoli-foto-Priamo-Tolu-1024x683.jpg\" alt=\"\" class=\"wp-image-81705\" srcset=\"https:\/\/www.ecoitaliano.com.ar\/wp-content\/uploads\/2025\/11\/Giovanni-Andreoli-foto-Priamo-Tolu-1024x683.jpg 1024w, https:\/\/www.ecoitaliano.com.ar\/wp-content\/uploads\/2025\/11\/Giovanni-Andreoli-foto-Priamo-Tolu-300x200.jpg 300w, https:\/\/www.ecoitaliano.com.ar\/wp-content\/uploads\/2025\/11\/Giovanni-Andreoli-foto-Priamo-Tolu-768x512.jpg 768w, https:\/\/www.ecoitaliano.com.ar\/wp-content\/uploads\/2025\/11\/Giovanni-Andreoli-foto-Priamo-Tolu-1536x1024.jpg 1536w, https:\/\/www.ecoitaliano.com.ar\/wp-content\/uploads\/2025\/11\/Giovanni-Andreoli-foto-Priamo-Tolu-150x100.jpg 150w, https:\/\/www.ecoitaliano.com.ar\/wp-content\/uploads\/2025\/11\/Giovanni-Andreoli-foto-Priamo-Tolu.jpg 2048w\" sizes=\"(max-width: 1024px) 100vw, 1024px\" \/><\/a><\/figure>\n\n\n\n<figure class=\"wp-block-image size-large\"><a href=\"https:\/\/www.ecoitaliano.com.ar\/wp-content\/uploads\/2025\/11\/Grigorij-Sokolov.jpg\"><img decoding=\"async\" width=\"1024\" height=\"680\" data-id=\"81706\" src=\"https:\/\/www.ecoitaliano.com.ar\/wp-content\/uploads\/2025\/11\/Grigorij-Sokolov-1024x680.jpg\" alt=\"\" class=\"wp-image-81706\" srcset=\"https:\/\/www.ecoitaliano.com.ar\/wp-content\/uploads\/2025\/11\/Grigorij-Sokolov-1024x680.jpg 1024w, https:\/\/www.ecoitaliano.com.ar\/wp-content\/uploads\/2025\/11\/Grigorij-Sokolov-300x199.jpg 300w, https:\/\/www.ecoitaliano.com.ar\/wp-content\/uploads\/2025\/11\/Grigorij-Sokolov-768x510.jpg 768w, https:\/\/www.ecoitaliano.com.ar\/wp-content\/uploads\/2025\/11\/Grigorij-Sokolov-150x100.jpg 150w, https:\/\/www.ecoitaliano.com.ar\/wp-content\/uploads\/2025\/11\/Grigorij-Sokolov.jpg 1200w\" sizes=\"(max-width: 1024px) 100vw, 1024px\" \/><\/a><\/figure>\n\n\n\n<figure class=\"wp-block-image size-large\"><a href=\"https:\/\/www.ecoitaliano.com.ar\/wp-content\/uploads\/2025\/11\/Kim-Bomsori.jpg\"><img decoding=\"async\" width=\"996\" height=\"1024\" data-id=\"81707\" src=\"https:\/\/www.ecoitaliano.com.ar\/wp-content\/uploads\/2025\/11\/Kim-Bomsori.jpg\" alt=\"\" class=\"wp-image-81707\" srcset=\"https:\/\/www.ecoitaliano.com.ar\/wp-content\/uploads\/2025\/11\/Kim-Bomsori.jpg 996w, https:\/\/www.ecoitaliano.com.ar\/wp-content\/uploads\/2025\/11\/Kim-Bomsori-292x300.jpg 292w, https:\/\/www.ecoitaliano.com.ar\/wp-content\/uploads\/2025\/11\/Kim-Bomsori-768x790.jpg 768w, https:\/\/www.ecoitaliano.com.ar\/wp-content\/uploads\/2025\/11\/Kim-Bomsori-146x150.jpg 146w\" sizes=\"(max-width: 996px) 100vw, 996px\" \/><\/a><\/figure>\n\n\n\n<figure class=\"wp-block-image size-large\"><a href=\"https:\/\/www.ecoitaliano.com.ar\/wp-content\/uploads\/2025\/11\/Maxim-Vengerov.webp\"><img decoding=\"async\" width=\"1008\" height=\"1024\" data-id=\"81708\" src=\"https:\/\/www.ecoitaliano.com.ar\/wp-content\/uploads\/2025\/11\/Maxim-Vengerov-1008x1024.webp\" alt=\"\" class=\"wp-image-81708\" srcset=\"https:\/\/www.ecoitaliano.com.ar\/wp-content\/uploads\/2025\/11\/Maxim-Vengerov-1008x1024.webp 1008w, https:\/\/www.ecoitaliano.com.ar\/wp-content\/uploads\/2025\/11\/Maxim-Vengerov-295x300.webp 295w, https:\/\/www.ecoitaliano.com.ar\/wp-content\/uploads\/2025\/11\/Maxim-Vengerov-768x780.webp 768w, https:\/\/www.ecoitaliano.com.ar\/wp-content\/uploads\/2025\/11\/Maxim-Vengerov-148x150.webp 148w, https:\/\/www.ecoitaliano.com.ar\/wp-content\/uploads\/2025\/11\/Maxim-Vengerov.webp 1259w\" sizes=\"(max-width: 1008px) 100vw, 1008px\" \/><\/a><\/figure>\n\n\n\n<figure class=\"wp-block-image size-large\"><a href=\"https:\/\/www.ecoitaliano.com.ar\/wp-content\/uploads\/2025\/11\/Mikhail-Pletnev-credit-Artyom-Makeyev.jpg\"><img decoding=\"async\" width=\"1024\" height=\"683\" data-id=\"81709\" src=\"https:\/\/www.ecoitaliano.com.ar\/wp-content\/uploads\/2025\/11\/Mikhail-Pletnev-credit-Artyom-Makeyev-1024x683.jpg\" alt=\"\" class=\"wp-image-81709\" srcset=\"https:\/\/www.ecoitaliano.com.ar\/wp-content\/uploads\/2025\/11\/Mikhail-Pletnev-credit-Artyom-Makeyev-1024x683.jpg 1024w, https:\/\/www.ecoitaliano.com.ar\/wp-content\/uploads\/2025\/11\/Mikhail-Pletnev-credit-Artyom-Makeyev-300x200.jpg 300w, https:\/\/www.ecoitaliano.com.ar\/wp-content\/uploads\/2025\/11\/Mikhail-Pletnev-credit-Artyom-Makeyev-768x512.jpg 768w, https:\/\/www.ecoitaliano.com.ar\/wp-content\/uploads\/2025\/11\/Mikhail-Pletnev-credit-Artyom-Makeyev-1536x1024.jpg 1536w, https:\/\/www.ecoitaliano.com.ar\/wp-content\/uploads\/2025\/11\/Mikhail-Pletnev-credit-Artyom-Makeyev-2048x1366.jpg 2048w, https:\/\/www.ecoitaliano.com.ar\/wp-content\/uploads\/2025\/11\/Mikhail-Pletnev-credit-Artyom-Makeyev-150x100.jpg 150w\" sizes=\"(max-width: 1024px) 100vw, 1024px\" \/><\/a><\/figure>\n\n\n\n<figure class=\"wp-block-image size-large\"><a href=\"https:\/\/www.ecoitaliano.com.ar\/wp-content\/uploads\/2025\/11\/Nicolo-Umberto-Foron.jpg\"><img decoding=\"async\" width=\"1024\" height=\"576\" data-id=\"81710\" src=\"https:\/\/www.ecoitaliano.com.ar\/wp-content\/uploads\/2025\/11\/Nicolo-Umberto-Foron-1024x576.jpg\" alt=\"\" class=\"wp-image-81710\" srcset=\"https:\/\/www.ecoitaliano.com.ar\/wp-content\/uploads\/2025\/11\/Nicolo-Umberto-Foron-1024x576.jpg 1024w, https:\/\/www.ecoitaliano.com.ar\/wp-content\/uploads\/2025\/11\/Nicolo-Umberto-Foron-300x169.jpg 300w, https:\/\/www.ecoitaliano.com.ar\/wp-content\/uploads\/2025\/11\/Nicolo-Umberto-Foron-768x432.jpg 768w, https:\/\/www.ecoitaliano.com.ar\/wp-content\/uploads\/2025\/11\/Nicolo-Umberto-Foron-1536x864.jpg 1536w, https:\/\/www.ecoitaliano.com.ar\/wp-content\/uploads\/2025\/11\/Nicolo-Umberto-Foron-150x84.jpg 150w, https:\/\/www.ecoitaliano.com.ar\/wp-content\/uploads\/2025\/11\/Nicolo-Umberto-Foron.jpg 1920w\" sizes=\"(max-width: 1024px) 100vw, 1024px\" \/><\/a><\/figure>\n\n\n\n<figure class=\"wp-block-image size-large\"><a href=\"https:\/\/www.ecoitaliano.com.ar\/wp-content\/uploads\/2025\/11\/Paolo-Fresu-foto-Tommaso-Le-Pera.jpg\"><img decoding=\"async\" width=\"1024\" height=\"683\" data-id=\"81711\" src=\"https:\/\/www.ecoitaliano.com.ar\/wp-content\/uploads\/2025\/11\/Paolo-Fresu-foto-Tommaso-Le-Pera-1024x683.jpg\" alt=\"\" class=\"wp-image-81711\" srcset=\"https:\/\/www.ecoitaliano.com.ar\/wp-content\/uploads\/2025\/11\/Paolo-Fresu-foto-Tommaso-Le-Pera-1024x683.jpg 1024w, https:\/\/www.ecoitaliano.com.ar\/wp-content\/uploads\/2025\/11\/Paolo-Fresu-foto-Tommaso-Le-Pera-300x200.jpg 300w, https:\/\/www.ecoitaliano.com.ar\/wp-content\/uploads\/2025\/11\/Paolo-Fresu-foto-Tommaso-Le-Pera-768x512.jpg 768w, https:\/\/www.ecoitaliano.com.ar\/wp-content\/uploads\/2025\/11\/Paolo-Fresu-foto-Tommaso-Le-Pera-1536x1024.jpg 1536w, https:\/\/www.ecoitaliano.com.ar\/wp-content\/uploads\/2025\/11\/Paolo-Fresu-foto-Tommaso-Le-Pera-2048x1366.jpg 2048w, https:\/\/www.ecoitaliano.com.ar\/wp-content\/uploads\/2025\/11\/Paolo-Fresu-foto-Tommaso-Le-Pera-150x100.jpg 150w\" sizes=\"(max-width: 1024px) 100vw, 1024px\" \/><\/a><\/figure>\n\n\n\n<figure class=\"wp-block-image size-large\"><a href=\"https:\/\/www.ecoitaliano.com.ar\/wp-content\/uploads\/2025\/11\/Pietari-Inkinen-foto-Priamo-Tolu.jpg\"><img decoding=\"async\" width=\"1024\" height=\"683\" data-id=\"81712\" src=\"https:\/\/www.ecoitaliano.com.ar\/wp-content\/uploads\/2025\/11\/Pietari-Inkinen-foto-Priamo-Tolu-1024x683.jpg\" alt=\"\" class=\"wp-image-81712\" srcset=\"https:\/\/www.ecoitaliano.com.ar\/wp-content\/uploads\/2025\/11\/Pietari-Inkinen-foto-Priamo-Tolu-1024x683.jpg 1024w, https:\/\/www.ecoitaliano.com.ar\/wp-content\/uploads\/2025\/11\/Pietari-Inkinen-foto-Priamo-Tolu-300x200.jpg 300w, https:\/\/www.ecoitaliano.com.ar\/wp-content\/uploads\/2025\/11\/Pietari-Inkinen-foto-Priamo-Tolu-768x512.jpg 768w, https:\/\/www.ecoitaliano.com.ar\/wp-content\/uploads\/2025\/11\/Pietari-Inkinen-foto-Priamo-Tolu-1536x1024.jpg 1536w, https:\/\/www.ecoitaliano.com.ar\/wp-content\/uploads\/2025\/11\/Pietari-Inkinen-foto-Priamo-Tolu-150x100.jpg 150w, https:\/\/www.ecoitaliano.com.ar\/wp-content\/uploads\/2025\/11\/Pietari-Inkinen-foto-Priamo-Tolu.jpg 2048w\" sizes=\"(max-width: 1024px) 100vw, 1024px\" \/><\/a><\/figure>\n\n\n\n<figure class=\"wp-block-image size-large\"><a href=\"https:\/\/www.ecoitaliano.com.ar\/wp-content\/uploads\/2025\/11\/Ryan-McAdams.jpg\"><img decoding=\"async\" width=\"764\" height=\"1024\" data-id=\"81713\" src=\"https:\/\/www.ecoitaliano.com.ar\/wp-content\/uploads\/2025\/11\/Ryan-McAdams-764x1024.jpg\" alt=\"\" class=\"wp-image-81713\" srcset=\"https:\/\/www.ecoitaliano.com.ar\/wp-content\/uploads\/2025\/11\/Ryan-McAdams-764x1024.jpg 764w, https:\/\/www.ecoitaliano.com.ar\/wp-content\/uploads\/2025\/11\/Ryan-McAdams-224x300.jpg 224w, https:\/\/www.ecoitaliano.com.ar\/wp-content\/uploads\/2025\/11\/Ryan-McAdams-768x1029.jpg 768w, https:\/\/www.ecoitaliano.com.ar\/wp-content\/uploads\/2025\/11\/Ryan-McAdams-1147x1536.jpg 1147w, https:\/\/www.ecoitaliano.com.ar\/wp-content\/uploads\/2025\/11\/Ryan-McAdams-1529x2048.jpg 1529w, https:\/\/www.ecoitaliano.com.ar\/wp-content\/uploads\/2025\/11\/Ryan-McAdams-112x150.jpg 112w, https:\/\/www.ecoitaliano.com.ar\/wp-content\/uploads\/2025\/11\/Ryan-McAdams.jpg 1911w\" sizes=\"(max-width: 764px) 100vw, 764px\" \/><\/a><\/figure>\n\n\n\n<figure class=\"wp-block-image size-large\"><a href=\"https:\/\/www.ecoitaliano.com.ar\/wp-content\/uploads\/2025\/11\/Teddy-Abrams.webp\"><img decoding=\"async\" width=\"1024\" height=\"683\" data-id=\"81714\" src=\"https:\/\/www.ecoitaliano.com.ar\/wp-content\/uploads\/2025\/11\/Teddy-Abrams-1024x683.webp\" alt=\"\" class=\"wp-image-81714\" srcset=\"https:\/\/www.ecoitaliano.com.ar\/wp-content\/uploads\/2025\/11\/Teddy-Abrams-1024x683.webp 1024w, https:\/\/www.ecoitaliano.com.ar\/wp-content\/uploads\/2025\/11\/Teddy-Abrams-300x200.webp 300w, https:\/\/www.ecoitaliano.com.ar\/wp-content\/uploads\/2025\/11\/Teddy-Abrams-768x512.webp 768w, https:\/\/www.ecoitaliano.com.ar\/wp-content\/uploads\/2025\/11\/Teddy-Abrams-1536x1024.webp 1536w, https:\/\/www.ecoitaliano.com.ar\/wp-content\/uploads\/2025\/11\/Teddy-Abrams-2048x1365.webp 2048w, https:\/\/www.ecoitaliano.com.ar\/wp-content\/uploads\/2025\/11\/Teddy-Abrams-150x100.webp 150w\" sizes=\"(max-width: 1024px) 100vw, 1024px\" \/><\/a><\/figure>\n\n\n\n<figure class=\"wp-block-image size-large\"><a href=\"https:\/\/www.ecoitaliano.com.ar\/wp-content\/uploads\/2025\/11\/The-Kings-Singers.webp\"><img decoding=\"async\" width=\"814\" height=\"541\" data-id=\"81715\" src=\"https:\/\/www.ecoitaliano.com.ar\/wp-content\/uploads\/2025\/11\/The-Kings-Singers.webp\" alt=\"\" class=\"wp-image-81715\" srcset=\"https:\/\/www.ecoitaliano.com.ar\/wp-content\/uploads\/2025\/11\/The-Kings-Singers.webp 814w, https:\/\/www.ecoitaliano.com.ar\/wp-content\/uploads\/2025\/11\/The-Kings-Singers-300x199.webp 300w, https:\/\/www.ecoitaliano.com.ar\/wp-content\/uploads\/2025\/11\/The-Kings-Singers-768x510.webp 768w, https:\/\/www.ecoitaliano.com.ar\/wp-content\/uploads\/2025\/11\/The-Kings-Singers-150x100.webp 150w\" sizes=\"(max-width: 814px) 100vw, 814px\" \/><\/a><\/figure>\n\n\n\n<figure class=\"wp-block-image size-large\"><a href=\"https:\/\/www.ecoitaliano.com.ar\/wp-content\/uploads\/2025\/11\/Yuja-Wang.jpg\"><img decoding=\"async\" width=\"1024\" height=\"576\" data-id=\"81716\" src=\"https:\/\/www.ecoitaliano.com.ar\/wp-content\/uploads\/2025\/11\/Yuja-Wang-1024x576.jpg\" alt=\"\" class=\"wp-image-81716\" srcset=\"https:\/\/www.ecoitaliano.com.ar\/wp-content\/uploads\/2025\/11\/Yuja-Wang-1024x576.jpg 1024w, https:\/\/www.ecoitaliano.com.ar\/wp-content\/uploads\/2025\/11\/Yuja-Wang-300x169.jpg 300w, https:\/\/www.ecoitaliano.com.ar\/wp-content\/uploads\/2025\/11\/Yuja-Wang-768x432.jpg 768w, https:\/\/www.ecoitaliano.com.ar\/wp-content\/uploads\/2025\/11\/Yuja-Wang-1536x864.jpg 1536w, https:\/\/www.ecoitaliano.com.ar\/wp-content\/uploads\/2025\/11\/Yuja-Wang-2048x1152.jpg 2048w, https:\/\/www.ecoitaliano.com.ar\/wp-content\/uploads\/2025\/11\/Yuja-Wang-150x84.jpg 150w\" sizes=\"(max-width: 1024px) 100vw, 1024px\" \/><\/a><\/figure>\n<\/figure>\n","protected":false},"excerpt":{"rendered":"<p>comunicato stampa 5 concerti sinfonico-corali, 4 sinfonici e 3 cameristici: ecco la Stagione concertistica 2026 del Teatro Lirico di Cagliari [&hellip;]<\/p>\n","protected":false},"author":1,"featured_media":0,"comment_status":"open","ping_status":"open","sticky":false,"template":"","format":"standard","meta":{"footnotes":""},"categories":[1],"tags":[],"class_list":["post-81699","post","type-post","status-publish","format-standard","hentry","category-sin-categoria"],"_links":{"self":[{"href":"https:\/\/www.ecoitaliano.com.ar\/index.php?rest_route=\/wp\/v2\/posts\/81699","targetHints":{"allow":["GET"]}}],"collection":[{"href":"https:\/\/www.ecoitaliano.com.ar\/index.php?rest_route=\/wp\/v2\/posts"}],"about":[{"href":"https:\/\/www.ecoitaliano.com.ar\/index.php?rest_route=\/wp\/v2\/types\/post"}],"author":[{"embeddable":true,"href":"https:\/\/www.ecoitaliano.com.ar\/index.php?rest_route=\/wp\/v2\/users\/1"}],"replies":[{"embeddable":true,"href":"https:\/\/www.ecoitaliano.com.ar\/index.php?rest_route=%2Fwp%2Fv2%2Fcomments&post=81699"}],"version-history":[{"count":1,"href":"https:\/\/www.ecoitaliano.com.ar\/index.php?rest_route=\/wp\/v2\/posts\/81699\/revisions"}],"predecessor-version":[{"id":81717,"href":"https:\/\/www.ecoitaliano.com.ar\/index.php?rest_route=\/wp\/v2\/posts\/81699\/revisions\/81717"}],"wp:attachment":[{"href":"https:\/\/www.ecoitaliano.com.ar\/index.php?rest_route=%2Fwp%2Fv2%2Fmedia&parent=81699"}],"wp:term":[{"taxonomy":"category","embeddable":true,"href":"https:\/\/www.ecoitaliano.com.ar\/index.php?rest_route=%2Fwp%2Fv2%2Fcategories&post=81699"},{"taxonomy":"post_tag","embeddable":true,"href":"https:\/\/www.ecoitaliano.com.ar\/index.php?rest_route=%2Fwp%2Fv2%2Ftags&post=81699"}],"curies":[{"name":"wp","href":"https:\/\/api.w.org\/{rel}","templated":true}]}}