{"id":81767,"date":"2025-11-10T14:08:06","date_gmt":"2025-11-10T14:08:06","guid":{"rendered":"https:\/\/www.ecoitaliano.com.ar\/?p=81767"},"modified":"2025-11-10T14:08:28","modified_gmt":"2025-11-10T14:08:28","slug":"corecom-sicilia-al-via-i-media-education-day-per-oltre-200-studenti-a-gela","status":"publish","type":"post","link":"https:\/\/www.ecoitaliano.com.ar\/?p=81767","title":{"rendered":"CORECOM SICILIA: al via i Media Education Day per oltre 200 studenti a Gela"},"content":{"rendered":"\n<figure class=\"wp-block-gallery has-nested-images columns-default is-cropped wp-block-gallery-1 is-layout-flex wp-block-gallery-is-layout-flex\">\n<figure class=\"wp-block-image size-large\"><a href=\"https:\/\/www.ecoitaliano.com.ar\/wp-content\/uploads\/2025\/11\/Peria-e-Mantineo-con-la-dirigente-scolastica-Serafina-Ciotta.jpg\"><img decoding=\"async\" width=\"768\" height=\"1024\" data-id=\"81768\" src=\"https:\/\/www.ecoitaliano.com.ar\/wp-content\/uploads\/2025\/11\/Peria-e-Mantineo-con-la-dirigente-scolastica-Serafina-Ciotta-768x1024.jpg\" alt=\"\" class=\"wp-image-81768\" srcset=\"https:\/\/www.ecoitaliano.com.ar\/wp-content\/uploads\/2025\/11\/Peria-e-Mantineo-con-la-dirigente-scolastica-Serafina-Ciotta-768x1024.jpg 768w, https:\/\/www.ecoitaliano.com.ar\/wp-content\/uploads\/2025\/11\/Peria-e-Mantineo-con-la-dirigente-scolastica-Serafina-Ciotta-225x300.jpg 225w, https:\/\/www.ecoitaliano.com.ar\/wp-content\/uploads\/2025\/11\/Peria-e-Mantineo-con-la-dirigente-scolastica-Serafina-Ciotta-1152x1536.jpg 1152w, https:\/\/www.ecoitaliano.com.ar\/wp-content\/uploads\/2025\/11\/Peria-e-Mantineo-con-la-dirigente-scolastica-Serafina-Ciotta-1536x2048.jpg 1536w, https:\/\/www.ecoitaliano.com.ar\/wp-content\/uploads\/2025\/11\/Peria-e-Mantineo-con-la-dirigente-scolastica-Serafina-Ciotta-113x150.jpg 113w, https:\/\/www.ecoitaliano.com.ar\/wp-content\/uploads\/2025\/11\/Peria-e-Mantineo-con-la-dirigente-scolastica-Serafina-Ciotta.jpg 1920w\" sizes=\"(max-width: 768px) 100vw, 768px\" \/><\/a><\/figure>\n\n\n\n<figure class=\"wp-block-image size-large\"><a href=\"https:\/\/www.ecoitaliano.com.ar\/wp-content\/uploads\/2025\/11\/Media-Education-Day-Gela.jpg\"><img decoding=\"async\" width=\"1024\" height=\"768\" data-id=\"81769\" src=\"https:\/\/www.ecoitaliano.com.ar\/wp-content\/uploads\/2025\/11\/Media-Education-Day-Gela-1024x768.jpg\" alt=\"\" class=\"wp-image-81769\" srcset=\"https:\/\/www.ecoitaliano.com.ar\/wp-content\/uploads\/2025\/11\/Media-Education-Day-Gela-1024x768.jpg 1024w, https:\/\/www.ecoitaliano.com.ar\/wp-content\/uploads\/2025\/11\/Media-Education-Day-Gela-300x225.jpg 300w, https:\/\/www.ecoitaliano.com.ar\/wp-content\/uploads\/2025\/11\/Media-Education-Day-Gela-768x576.jpg 768w, https:\/\/www.ecoitaliano.com.ar\/wp-content\/uploads\/2025\/11\/Media-Education-Day-Gela-1536x1152.jpg 1536w, https:\/\/www.ecoitaliano.com.ar\/wp-content\/uploads\/2025\/11\/Media-Education-Day-Gela-2048x1536.jpg 2048w, https:\/\/www.ecoitaliano.com.ar\/wp-content\/uploads\/2025\/11\/Media-Education-Day-Gela-150x113.jpg 150w\" sizes=\"(max-width: 1024px) 100vw, 1024px\" \/><\/a><\/figure>\n\n\n\n<figure class=\"wp-block-image size-large\"><a href=\"https:\/\/www.ecoitaliano.com.ar\/wp-content\/uploads\/2025\/11\/La-dirigente-scolastica-Serafina-Ciotta-consegna-il-patentino-con-Peria-e-Mantineo.jpg\"><img decoding=\"async\" width=\"768\" height=\"1024\" data-id=\"81770\" src=\"https:\/\/www.ecoitaliano.com.ar\/wp-content\/uploads\/2025\/11\/La-dirigente-scolastica-Serafina-Ciotta-consegna-il-patentino-con-Peria-e-Mantineo-768x1024.jpg\" alt=\"\" class=\"wp-image-81770\" srcset=\"https:\/\/www.ecoitaliano.com.ar\/wp-content\/uploads\/2025\/11\/La-dirigente-scolastica-Serafina-Ciotta-consegna-il-patentino-con-Peria-e-Mantineo-768x1024.jpg 768w, https:\/\/www.ecoitaliano.com.ar\/wp-content\/uploads\/2025\/11\/La-dirigente-scolastica-Serafina-Ciotta-consegna-il-patentino-con-Peria-e-Mantineo-225x300.jpg 225w, https:\/\/www.ecoitaliano.com.ar\/wp-content\/uploads\/2025\/11\/La-dirigente-scolastica-Serafina-Ciotta-consegna-il-patentino-con-Peria-e-Mantineo-1152x1536.jpg 1152w, https:\/\/www.ecoitaliano.com.ar\/wp-content\/uploads\/2025\/11\/La-dirigente-scolastica-Serafina-Ciotta-consegna-il-patentino-con-Peria-e-Mantineo-1536x2048.jpg 1536w, https:\/\/www.ecoitaliano.com.ar\/wp-content\/uploads\/2025\/11\/La-dirigente-scolastica-Serafina-Ciotta-consegna-il-patentino-con-Peria-e-Mantineo-113x150.jpg 113w, https:\/\/www.ecoitaliano.com.ar\/wp-content\/uploads\/2025\/11\/La-dirigente-scolastica-Serafina-Ciotta-consegna-il-patentino-con-Peria-e-Mantineo.jpg 1920w\" sizes=\"(max-width: 768px) 100vw, 768px\" \/><\/a><\/figure>\n<\/figure>\n\n\n\n<h3 class=\"wp-block-heading\"><strong>Gela inaugura i Media Education Day nelle scuole<\/strong><\/h3>\n\n\n\n<h3 class=\"wp-block-heading\"><strong>Il Corecom Sicilia in prima linea per la cittadinanza digitale<\/strong><strong><\/strong><\/h3>\n\n\n\n<p>Gela, 10 novembre 2025 \u2013 Si \u00e8 svolta questa mattina la prima tappa dei&nbsp;<strong><em>Media Education Day<\/em><\/strong>, le giornate promosse dal&nbsp;<strong>Corecom Sicilia<\/strong>&nbsp;dedicate alla diffusione delle buone pratiche legate alla&nbsp;<strong>navigazione responsabile in rete<\/strong>&nbsp;e all\u2019<strong>uso consapevole dei social network<\/strong>.<br>L\u2019iniziativa, rivolta agli studenti siciliani degli Istituti comprensivi e superiori, ha preso il via da&nbsp;<strong>Gela<\/strong>, con un doppio appuntamento che ha coinvolto oltre&nbsp;<strong>duecento alunni<\/strong>&nbsp;tra l\u2019Istituto Comprensivo&nbsp;<em>Gela-Butera<\/em>&nbsp;e il Liceo TRED \u201cElio Vittorini\u201d.<\/p>\n\n\n\n<p>La mattinata si \u00e8 aperta con l\u2019incontro dedicato alle seconde classi dell\u2019Istituto comprensivo \u201cGela-Butera\u201d, diretto dal dirigente scolastico&nbsp;<strong>Rocco Trainiti<\/strong>, per la presentazione&nbsp;<em>dell\u2019<strong>Abbecedario della Media Education<\/strong><\/em>, la pubblicazione realizzata dal Corecom Sicilia e distribuita gratuitamente alle scuole.<br>Attraverso 21 parole-chiave, l\u2019Abbecedario fornisce ai pi\u00f9 giovani strumenti concreti e spunti di riflessione per potenziare le proprie&nbsp;<strong>competenze di cittadinanza digitale<\/strong>.<\/p>\n\n\n\n<p>A seguire, protagonisti gli studenti della 4\u00aa classe del&nbsp;<strong>Liceo TRED \u2013 Transizione ecologica e digitale \u201cElio Vittorini\u201d<\/strong>, che hanno completato il percorso formativo di 14 ore previsto dal&nbsp;<strong>portfolio ministeriale di Cittadinanza Digitale<\/strong>&nbsp;ricevendo, alla presenza della dirigente scolastica&nbsp;<strong>Serafina Ciotta<\/strong><strong>,&nbsp;<\/strong>il<strong>&nbsp;Patentino Digitale.<\/strong><\/p>\n\n\n\n<p>\u201cIl nostro obiettivo \u2013 ha dichiarato&nbsp;<strong>Andrea Peria Giaconia<\/strong>,&nbsp;<strong>presidente del Corecom Sicilia<\/strong>&nbsp;\u2013 \u00e8 aiutare i ragazzi a sviluppare una piena consapevolezza dei loro comportamenti digitali. Vivere la rete in modo sicuro, responsabile e critico \u00e8 oggi una competenza fondamentale di cittadinanza. La grande partecipazione di questa mattina a Gela conferma che la strada intrapresa \u00e8 quella giusta: la scuola \u00e8 un alleato decisivo per costruire insieme un ambiente digitale pi\u00f9 sano e inclusivo.\u201d<\/p>\n\n\n\n<p>\u201cCon la Media Education \u2013 ha aggiunto il commissario del Corecom Sicilia&nbsp;<strong>Aldo Mantineo<\/strong>, coordinatore del progetto \u2013 vogliamo fornire ai giovani non solo conoscenze tecniche, ma anche strumenti etici e culturali per orientarsi nella societ\u00e0 digitale. \u00c8 un percorso che cresce grazie alla collaborazione con dirigenti e docenti, veri protagonisti di questo cambiamento educativo.\u201d<\/p>\n\n\n\n<p>L\u2019iniziativa rientra nel pi\u00f9 ampio programma del Corecom Sicilia a sostegno dell\u2019<strong>educazione digitale<\/strong>&nbsp;e della&nbsp;<strong>formazione civica in rete<\/strong>, con attivit\u00e0 che proseguiranno nei prossimi giorni: mercoled\u00ec 12 novembre sar\u00e0 la volta di&nbsp;<strong>Siracusa<\/strong>, dove i Media Education Day proseguiranno con incontri negli istituti \u201cElio Vittorini\u201d e \u201cLuigi Einaudi\u201d.<\/p>\n","protected":false},"excerpt":{"rendered":"<p>Gela inaugura i Media Education Day nelle scuole Il Corecom Sicilia in prima linea per la cittadinanza digitale Gela, 10 [&hellip;]<\/p>\n","protected":false},"author":1,"featured_media":0,"comment_status":"open","ping_status":"open","sticky":false,"template":"","format":"standard","meta":{"footnotes":""},"categories":[76,10],"tags":[],"class_list":["post-81767","post","type-post","status-publish","format-standard","hentry","category-education","category-italiano"],"_links":{"self":[{"href":"https:\/\/www.ecoitaliano.com.ar\/index.php?rest_route=\/wp\/v2\/posts\/81767","targetHints":{"allow":["GET"]}}],"collection":[{"href":"https:\/\/www.ecoitaliano.com.ar\/index.php?rest_route=\/wp\/v2\/posts"}],"about":[{"href":"https:\/\/www.ecoitaliano.com.ar\/index.php?rest_route=\/wp\/v2\/types\/post"}],"author":[{"embeddable":true,"href":"https:\/\/www.ecoitaliano.com.ar\/index.php?rest_route=\/wp\/v2\/users\/1"}],"replies":[{"embeddable":true,"href":"https:\/\/www.ecoitaliano.com.ar\/index.php?rest_route=%2Fwp%2Fv2%2Fcomments&post=81767"}],"version-history":[{"count":1,"href":"https:\/\/www.ecoitaliano.com.ar\/index.php?rest_route=\/wp\/v2\/posts\/81767\/revisions"}],"predecessor-version":[{"id":81771,"href":"https:\/\/www.ecoitaliano.com.ar\/index.php?rest_route=\/wp\/v2\/posts\/81767\/revisions\/81771"}],"wp:attachment":[{"href":"https:\/\/www.ecoitaliano.com.ar\/index.php?rest_route=%2Fwp%2Fv2%2Fmedia&parent=81767"}],"wp:term":[{"taxonomy":"category","embeddable":true,"href":"https:\/\/www.ecoitaliano.com.ar\/index.php?rest_route=%2Fwp%2Fv2%2Fcategories&post=81767"},{"taxonomy":"post_tag","embeddable":true,"href":"https:\/\/www.ecoitaliano.com.ar\/index.php?rest_route=%2Fwp%2Fv2%2Ftags&post=81767"}],"curies":[{"name":"wp","href":"https:\/\/api.w.org\/{rel}","templated":true}]}}