{"id":81786,"date":"2025-11-10T22:20:28","date_gmt":"2025-11-10T22:20:28","guid":{"rendered":"https:\/\/www.ecoitaliano.com.ar\/?p=81786"},"modified":"2025-11-10T22:20:46","modified_gmt":"2025-11-10T22:20:46","slug":"a-eugenia-serafini-il-premio-internazionale-oscar-wilde-2025-per-la-letteratura","status":"publish","type":"post","link":"https:\/\/www.ecoitaliano.com.ar\/?p=81786","title":{"rendered":"A EUGENIA SERAFINI IL PREMIO INTERNAZIONALE \u201cOSCAR WILDE\u201d 2025 PER LA LETTERATURA"},"content":{"rendered":"<div class=\"wp-block-image\">\n<figure class=\"aligncenter size-large is-resized\"><a href=\"http:\/\/www.ecoitaliano.com.ar\/wp-content\/uploads\/2025\/11\/Filiponi-premia-con-il-Leonedoro-Eugenia-serafini2025Venezia.jpg\"><img decoding=\"async\" width=\"1024\" height=\"768\" src=\"http:\/\/www.ecoitaliano.com.ar\/wp-content\/uploads\/2025\/11\/Filiponi-premia-con-il-Leonedoro-Eugenia-serafini2025Venezia-1024x768.jpg\" alt=\"\" class=\"wp-image-81787\" style=\"width:420px;height:auto\" srcset=\"https:\/\/www.ecoitaliano.com.ar\/wp-content\/uploads\/2025\/11\/Filiponi-premia-con-il-Leonedoro-Eugenia-serafini2025Venezia-1024x768.jpg 1024w, https:\/\/www.ecoitaliano.com.ar\/wp-content\/uploads\/2025\/11\/Filiponi-premia-con-il-Leonedoro-Eugenia-serafini2025Venezia-300x225.jpg 300w, https:\/\/www.ecoitaliano.com.ar\/wp-content\/uploads\/2025\/11\/Filiponi-premia-con-il-Leonedoro-Eugenia-serafini2025Venezia-768x576.jpg 768w, https:\/\/www.ecoitaliano.com.ar\/wp-content\/uploads\/2025\/11\/Filiponi-premia-con-il-Leonedoro-Eugenia-serafini2025Venezia-1536x1152.jpg 1536w, https:\/\/www.ecoitaliano.com.ar\/wp-content\/uploads\/2025\/11\/Filiponi-premia-con-il-Leonedoro-Eugenia-serafini2025Venezia-150x113.jpg 150w, https:\/\/www.ecoitaliano.com.ar\/wp-content\/uploads\/2025\/11\/Filiponi-premia-con-il-Leonedoro-Eugenia-serafini2025Venezia.jpg 1600w\" sizes=\"(max-width: 1024px) 100vw, 1024px\" \/><\/a><\/figure><\/div>\n\n\n<figure class=\"wp-block-gallery has-nested-images columns-default is-cropped wp-block-gallery-1 is-layout-flex wp-block-gallery-is-layout-flex\">\n<figure class=\"wp-block-image size-large\"><a href=\"https:\/\/www.ecoitaliano.com.ar\/wp-content\/uploads\/2025\/11\/Serafini-e-Filipponi-Venezia2025.jpg\"><img decoding=\"async\" width=\"873\" height=\"1024\" data-id=\"81788\" src=\"https:\/\/www.ecoitaliano.com.ar\/wp-content\/uploads\/2025\/11\/Serafini-e-Filipponi-Venezia2025-873x1024.jpg\" alt=\"\" class=\"wp-image-81788\" srcset=\"https:\/\/www.ecoitaliano.com.ar\/wp-content\/uploads\/2025\/11\/Serafini-e-Filipponi-Venezia2025-873x1024.jpg 873w, https:\/\/www.ecoitaliano.com.ar\/wp-content\/uploads\/2025\/11\/Serafini-e-Filipponi-Venezia2025-256x300.jpg 256w, https:\/\/www.ecoitaliano.com.ar\/wp-content\/uploads\/2025\/11\/Serafini-e-Filipponi-Venezia2025-768x901.jpg 768w, https:\/\/www.ecoitaliano.com.ar\/wp-content\/uploads\/2025\/11\/Serafini-e-Filipponi-Venezia2025-1310x1536.jpg 1310w, https:\/\/www.ecoitaliano.com.ar\/wp-content\/uploads\/2025\/11\/Serafini-e-Filipponi-Venezia2025-1746x2048.jpg 1746w, https:\/\/www.ecoitaliano.com.ar\/wp-content\/uploads\/2025\/11\/Serafini-e-Filipponi-Venezia2025-128x150.jpg 128w\" sizes=\"(max-width: 873px) 100vw, 873px\" \/><\/a><\/figure>\n\n\n\n<figure class=\"wp-block-image size-large\"><a href=\"https:\/\/www.ecoitaliano.com.ar\/wp-content\/uploads\/2025\/11\/IMG-20240930-WA0035.jpg\"><img decoding=\"async\" width=\"1024\" height=\"896\" data-id=\"81789\" src=\"https:\/\/www.ecoitaliano.com.ar\/wp-content\/uploads\/2025\/11\/IMG-20240930-WA0035-1024x896.jpg\" alt=\"\" class=\"wp-image-81789\" srcset=\"https:\/\/www.ecoitaliano.com.ar\/wp-content\/uploads\/2025\/11\/IMG-20240930-WA0035-1024x896.jpg 1024w, https:\/\/www.ecoitaliano.com.ar\/wp-content\/uploads\/2025\/11\/IMG-20240930-WA0035-300x263.jpg 300w, https:\/\/www.ecoitaliano.com.ar\/wp-content\/uploads\/2025\/11\/IMG-20240930-WA0035-768x672.jpg 768w, https:\/\/www.ecoitaliano.com.ar\/wp-content\/uploads\/2025\/11\/IMG-20240930-WA0035-1536x1344.jpg 1536w, https:\/\/www.ecoitaliano.com.ar\/wp-content\/uploads\/2025\/11\/IMG-20240930-WA0035-150x131.jpg 150w, https:\/\/www.ecoitaliano.com.ar\/wp-content\/uploads\/2025\/11\/IMG-20240930-WA0035.jpg 1600w\" sizes=\"(max-width: 1024px) 100vw, 1024px\" \/><\/a><\/figure>\n\n\n\n<figure class=\"wp-block-image size-large\"><a href=\"https:\/\/www.ecoitaliano.com.ar\/wp-content\/uploads\/2025\/11\/IMG-20240927-WA0025.jpg\"><img decoding=\"async\" width=\"1024\" height=\"1024\" data-id=\"81790\" src=\"https:\/\/www.ecoitaliano.com.ar\/wp-content\/uploads\/2025\/11\/IMG-20240927-WA0025-1024x1024.jpg\" alt=\"\" class=\"wp-image-81790\" srcset=\"https:\/\/www.ecoitaliano.com.ar\/wp-content\/uploads\/2025\/11\/IMG-20240927-WA0025-1024x1024.jpg 1024w, https:\/\/www.ecoitaliano.com.ar\/wp-content\/uploads\/2025\/11\/IMG-20240927-WA0025-300x300.jpg 300w, https:\/\/www.ecoitaliano.com.ar\/wp-content\/uploads\/2025\/11\/IMG-20240927-WA0025-150x150.jpg 150w, https:\/\/www.ecoitaliano.com.ar\/wp-content\/uploads\/2025\/11\/IMG-20240927-WA0025-768x768.jpg 768w, https:\/\/www.ecoitaliano.com.ar\/wp-content\/uploads\/2025\/11\/IMG-20240927-WA0025-1536x1536.jpg 1536w, https:\/\/www.ecoitaliano.com.ar\/wp-content\/uploads\/2025\/11\/IMG-20240927-WA0025.jpg 2048w\" sizes=\"(max-width: 1024px) 100vw, 1024px\" \/><\/a><\/figure>\n<\/figure>\n\n\n\n<p>11 novembre 2025<\/p>\n\n\n\n<p><strong>A EUGENIA SERAFINI IL PREMIO INTERNAZIONALE<\/strong><\/p>\n\n\n\n<p>\u201c<strong>OSCAR WILDE\u201d 2025 PER LA LETTERATURA<\/strong><\/p>\n\n\n\n<p>di <strong>Goffredo Palmerini<\/strong><\/p>\n\n\n\n<p>ROMA &#8211;<strong> Eugenia Serafini<\/strong>, scrittrice e poetessa, performer, artista multimediale, docente universitaria e giornalista pubblicista, sar\u00e0 tra le personalit\u00e0 insignite del <strong>Premio Internazionale per la Letteratura <\/strong>\u201c<strong>Oscar Wilde<\/strong>\u201d <strong>2025<\/strong>. Il 22 novembre, alle ore 15:30, ricever\u00e0 il prestigioso riconoscimento dal <strong>prof.<\/strong> <strong>Luca Filipponi<\/strong>, Presidente del Menotti Art Festival, nella settecentesca Sala Consiliare del Palazzo Comunale di <strong>Vetralla<\/strong>, in provincia di Viterbo.<\/p>\n\n\n\n<p>Artista e scrittrice di straordinaria creativit\u00e0 e sensibilit\u00e0, innovatrice di linguaggi artistici e letterari, aperta alle sperimentazioni, cos\u00ec commentava la scrittura e l\u2019arte di <strong>Eugenia Serafini<\/strong> il famoso professore <strong>Mario Verdone<\/strong>, nella Prefazione ai suoi <em>\u201cCanti di CantaStorie\u201d<\/em> (Roma, 2008).<\/p>\n\n\n\n<p>\u201cLa sua presenza acquista funzione di pista di lancio per l&#8217;avventurarsi in vie inusuali, per affacciarsi nella ricerca e nella scoperta. Colpisce uno scritto di alcuni anni fa, sulla poetica dell'\u00bbinstallazione\u00bb, forma che la Serafini teorizza e pratica nelle sue frequenti \u00abperformances\u00bb, perch\u00e9 l&#8217;autrice vi afferma il suo intendimento complesso in cui confluiscono i segni dell&#8217;essere umano e del tempo: questo spiega la sua innata poliespressivit\u00e0. Ed \u00e8 allora naturale che si vedano (o si guardino?) poesie e fiabe, piccoli racconti e testi drammatici dove le lettere attinte dalla cassa tipografica o dal computer, sembrano voler sempre condurre un \u00abvolo\u00bb, un ballo. La sua fantasia \u00e8 libera, ma si identifica nella natura disubbidiente a leggi prestabilite, nella materia che incontra e assoggetta alla sua sensibilit\u00e0, fossero pure ritagli, carta rozza o da m\u00e0cero, frammenti di specchio, di cartone o di metallo, e soprattutto \u00abparole\u00bb, che nei versi diventano forme, ali, sogni, trasgressione, carne. C&#8217;\u00e8 una costanza di poesia in tutto ci\u00f2 che scrive, fa, tocca, compone e con-fonde, sempre inebriata di luce, di profumo di nuvole, con occhio che vince la notte e rende creativa, chiaroveggente, anche l&#8217;insonnia, possibile produttrice di \u00abrivelazioni\u00bb. Il sogno &#8211; come appare dalle sue composizioni scritte &#8211; \u00e8 l&#8217;<em>humus<\/em> vero che produce le \u00abrivelazioni\u00bb: il sogno di Alice, del viaggiatore, della sposa e dell&#8217;immigrato calabrese, dell&#8217;esule; e del \u00abpescatore di sogni\u00bb: sogni dalla tensione alta, vibrante, che svelano originalit\u00e0 e personalit\u00e0, femminilit\u00e0 e ingenuit\u00e0 mai perduta, linfa vitale di ogni momento di vita, vissuto in un <em>tempus<\/em> dove cerca instancabilmente, naturalmente, la sorpresa e l&#8217;armonia. \u00abE&#8217; il tempo della mag\u00eca che sta tornando\u00bb diceva Apollinaire nei suoi <em>Calligrammes<\/em>.\u00bb Aspettatevi miliardi di prodigi\u00bb.<\/p>\n\n\n\n<p>\u201cIl Premio Internazionale Oscar Wilde &#8211; annuncia il Presidente <strong>Luca Filipponi<\/strong> &#8211; sar\u00e0 molto pi\u00f9 di un premio, sar\u00e0 anche un centro di studi internazionale, una Fondazione con scopi di divulgazione letteraria e scientifica in Italia e nel mondo, con una doppia sede a Firenze in partnership con la Regione Toscana e Spoleto, con il Menotti Art Festival Spoleto. Inoltre tante novit\u00e0 con il patrocinio Accademia Auge e Universit\u00e0 Auge, che saranno illustrate a Roma il 14 Novembre alle ore 11, nel Rettorato della Universit\u00e0 Auge.\u201d<\/p>\n\n\n\n<p><strong>Eugenia Serafini<\/strong> \u00e8 nata nel 1946 a Tolfa (Roma), piccolo e interessante borgo etrusco, ed \u00e8 attiva tra Roma, Tolfa e la Toscana. \u00c8 stata docente presso l\u2019Universit\u00e0 della Calabria, all\u2019Accademia di Belle Arti di Carrara e all\u2019Accademia dell\u2019Illustrazione e della Comunicazione Visiva di Roma. Artista di fama internazionale e poetessa di successo, con numerose mostre in Italia e all\u2019estero e prestigiosi riconoscimenti che le sono stati attribuiti durante la sua luminosa carriera artistica e letteraria, Eugenia Serafini \u00e8 una pittrice dalla rara sensibilit\u00e0, capace di costruire ponti di speranza dove uomo e natura ritrovano quella originaria sintonia, performer e installazionista di gran talento e spessore emotivo. Giornalista, \u00e8 direttore responsabile della rivista semestrale \u201cFOLIVM\u201d dell\u2019Artecom Onlus. Ha collaborato e collabora con giornali e riviste e da decenni scrive presentazioni per mostre di artisti e prefazioni letterarie. \u00c8 tra i promotori del prestigioso \u201cPremio ARTECOM-onlus\u201d per la Cultura. Poetessa e scrittrice, scrive fiabe, testi teatrali, poesia di teatro e di performance, poesie e racconti. Diverse sue opere sono tradotte e pubblicate in arabo, inglese, francese, norvegese, portoghese e romeno.<\/p>\n\n\n\n<p>Nell\u2019arte le opere di <strong>Eugenia Serafini<\/strong> da sempre portano una ventata di innovazione nell\u2019ambito dell\u2019espressione artistica a livello internazionale, aprendo la strada ad un nuovo e ricchissimo modo di intendere l\u2019opera d\u2019arte. Artista di notevole valore, sulle sue opere numerosi critici e storici dell\u2019Arte hanno scritto recensioni ed espresso significative valutazioni, quali <strong>Mario Verdone<\/strong>, <strong>Carlo Franza<\/strong>, <strong>Domenico Cara<\/strong>, <strong>Duccio Trombadori<\/strong>,<strong> Umberto Maria Milizia<\/strong>, <strong>Giorgio Di Genova<\/strong>, <strong>Leo Strozzieri<\/strong>, per citarne alcuni. Le sue opere si trovano in numerose collezioni, nei musei ed archivi di diversi Paesi: Italia, Stati Uniti, Argentina, Francia, Germania, Egitto, Lituania, Macedonia, Norvegia, Romania, Stato Vaticano, Ucraina, Uruguay, Russia.&nbsp;<\/p>\n\n\n\n<p><strong>Alcuni titoli delle sue pubblicazioni: <\/strong><em>Piccola utopia, frammenti per un ideale<\/em>, poesie, Frosinone 1995; <em>Les oiseaux, fiaba in versi<\/em>, Roma 1997; <em>I racconti del Laurentino 38<\/em>, Roma 1998; <em>L\u2019uccellino d\u2019argento, fiaba in versi<\/em>, Roma 2000; <em>Il teatro in scatola<\/em>, Roma 2001; <em>L\u2019albero delle meraviglie<\/em>, Roma 2006; <em>Canti di cantaStorie: il mio teatro di performance<\/em>, Roma 2008, p. 450+Video; <em>La valigia delle parole<\/em>,Quaderni del Dipartimento di Scienze dell\u2019Educazione &#8211; UNICAL7\/Nuova serie 2012, Ferrari edizioni. 2013; <em>Il Preside che camminava sui rami di pino<\/em>, Roma 2019; <em>Canto dell\u2019effimero<\/em>, e-book, Flower-ed, 2013 e seconda Edizione cartacea Artecom, Roma 2022; <em>Storia per un cuore bambino<\/em>, Roma 2023<\/p>\n\n\n\n<p><strong>Numerosi i Premi e riconoscimenti<\/strong>, tra i quali si citano: il Leone d\u2019Argento per la Creativit\u00e0 alla Biennale di Venezia (2013); il Premio per la Poesia del Circolo della Stampa di Milano (2015); il Premio all\u2019Eccellenza IPLAC 2023; il Premio Camaiore -Francesco Belluomini per la Poesia, 2023; il Premio Leone d\u2019Oro per la Cultura e la Letteratura, Spoleto Meeting Art, Speciale Progetto Cultura Venezia, 2025; il Premio Divinamente Donna, sezione Racconto, Verbumlandiart, Roma 2025; il Premio Ambasciatrice dell\u2019Arte, Fondazioni dell\u2019Unione Europea, Bruxelles 2019. Ha ricevuto, inoltre, riconoscimenti dal Presidente della Repubblica Italiana Giorgio Napolitano e papa Francesco.<\/p>\n\n\n\n<p><a href=\"http:\/\/www.eugeniaserafini.org\/\">www.eugeniaserafini.org<\/a><\/p>\n\n\n\n<p>Artecom-onlus, www.artecom-onlus.org<\/p>\n\n\n\n<p>Via dei Marsi, 11, 00195 Roma<\/p>\n\n\n\n<p><\/p>\n","protected":false},"excerpt":{"rendered":"<p>11 novembre 2025 A EUGENIA SERAFINI IL PREMIO INTERNAZIONALE \u201cOSCAR WILDE\u201d 2025 PER LA LETTERATURA di Goffredo Palmerini ROMA &#8211; [&hellip;]<\/p>\n","protected":false},"author":1,"featured_media":0,"comment_status":"open","ping_status":"open","sticky":false,"template":"","format":"standard","meta":{"footnotes":""},"categories":[10,22],"tags":[],"class_list":["post-81786","post","type-post","status-publish","format-standard","hentry","category-italiano","category-libros-y-revistas-literatura"],"_links":{"self":[{"href":"https:\/\/www.ecoitaliano.com.ar\/index.php?rest_route=\/wp\/v2\/posts\/81786","targetHints":{"allow":["GET"]}}],"collection":[{"href":"https:\/\/www.ecoitaliano.com.ar\/index.php?rest_route=\/wp\/v2\/posts"}],"about":[{"href":"https:\/\/www.ecoitaliano.com.ar\/index.php?rest_route=\/wp\/v2\/types\/post"}],"author":[{"embeddable":true,"href":"https:\/\/www.ecoitaliano.com.ar\/index.php?rest_route=\/wp\/v2\/users\/1"}],"replies":[{"embeddable":true,"href":"https:\/\/www.ecoitaliano.com.ar\/index.php?rest_route=%2Fwp%2Fv2%2Fcomments&post=81786"}],"version-history":[{"count":1,"href":"https:\/\/www.ecoitaliano.com.ar\/index.php?rest_route=\/wp\/v2\/posts\/81786\/revisions"}],"predecessor-version":[{"id":81791,"href":"https:\/\/www.ecoitaliano.com.ar\/index.php?rest_route=\/wp\/v2\/posts\/81786\/revisions\/81791"}],"wp:attachment":[{"href":"https:\/\/www.ecoitaliano.com.ar\/index.php?rest_route=%2Fwp%2Fv2%2Fmedia&parent=81786"}],"wp:term":[{"taxonomy":"category","embeddable":true,"href":"https:\/\/www.ecoitaliano.com.ar\/index.php?rest_route=%2Fwp%2Fv2%2Fcategories&post=81786"},{"taxonomy":"post_tag","embeddable":true,"href":"https:\/\/www.ecoitaliano.com.ar\/index.php?rest_route=%2Fwp%2Fv2%2Ftags&post=81786"}],"curies":[{"name":"wp","href":"https:\/\/api.w.org\/{rel}","templated":true}]}}