{"id":81804,"date":"2025-11-10T22:42:05","date_gmt":"2025-11-10T22:42:05","guid":{"rendered":"https:\/\/www.ecoitaliano.com.ar\/?p=81804"},"modified":"2025-11-10T22:42:05","modified_gmt":"2025-11-10T22:42:05","slug":"serena-conduce-operaclassica-eco-italiano-4727","status":"publish","type":"post","link":"https:\/\/www.ecoitaliano.com.ar\/?p=81804","title":{"rendered":"Serena conduce operaclassica eco italiano"},"content":{"rendered":"<div class=\"wp-block-image\">\n<figure class=\"aligncenter size-full is-resized\"><a href=\"https:\/\/www.ecoitaliano.com.ar\/wp-content\/uploads\/2025\/11\/image-7.png\"><img decoding=\"async\" width=\"756\" height=\"117\" src=\"https:\/\/www.ecoitaliano.com.ar\/wp-content\/uploads\/2025\/11\/image-7.png\" alt=\"\" class=\"wp-image-81805\" style=\"width:322px;height:auto\" srcset=\"https:\/\/www.ecoitaliano.com.ar\/wp-content\/uploads\/2025\/11\/image-7.png 756w, https:\/\/www.ecoitaliano.com.ar\/wp-content\/uploads\/2025\/11\/image-7-300x46.png 300w, https:\/\/www.ecoitaliano.com.ar\/wp-content\/uploads\/2025\/11\/image-7-150x23.png 150w\" sizes=\"(max-width: 756px) 100vw, 756px\" \/><\/a><\/figure><\/div>\n\n\n<figure class=\"wp-block-table\"><table class=\"has-fixed-layout\"><tbody><tr><td><\/td><\/tr><tr><td><a target=\"_blank\" href=\"https:\/\/www.pressroom.cloud\/?mailpoet_router&amp;endpoint=track&amp;action=click&amp;data=WyIxMTY3IiwiMzF2MDNsZTBsazZjYzRjNGNvd29va29jb2tjZ2tvNDgiLCIyMDgiLCIyZWQzNmI0OTAyOTgiLGZhbHNlXQ\" rel=\"noreferrer noopener\"><\/a><strong>Riccardo Frizza opens the 2025 Donizetti Opera with<br>Caterina Cornaro, \u00abDonizetti&#8217;s fourth queen\u00bb<br><\/strong><br><strong>14, 22, 30 November | Teatro Donizetti, Bergamo<\/strong><img decoding=\"async\" src=\"https:\/\/www.pressroom.cloud\/wp-content\/uploads\/Riccardo-Frizza_ph.-Gianfranco-Rota_courtesy-Fondazione-Teatro-Donizetti-4-1024x681.jpg\" width=\"620\" alt=\"\">Riccardo Frizza&nbsp;<strong>\u00a9&nbsp;<\/strong>Gianfranco Rota\/Donizetti Opera\ud83c\uddec\ud83c\udde7 On 14 November,&nbsp;<strong>Riccardo Frizza<\/strong>&nbsp;will open the 2025 edition of&nbsp;<strong>Donizetti Opera with&nbsp;<em>Caterina Cornaro<\/em><\/strong>, the composer\u2019s last major Italian opera, presented in a new production by Francesco Micheli and co-produced with the Teatro Real Madrid.<br><br>\u00abI consider it to be an excellent artistic choice (and an honour for me), to inaugurate the 2025 Donizetti Opera with&nbsp;<em>Caterina Cornaro<\/em>, at last in the critical edition by Eleonora Di Cintio for Casa Ricordi, which has consolidated the magnetism and significance of Donizetti&#8217;s last great opera, finally restored to the catalogue of Bergamo&#8217;s great composer in a form as close as possible to his original intentions,\u00bb&nbsp;<strong>says Maestro Frizza, who this year assumed the dual role of Musical and Artistic Director at the Bergamo festival.<\/strong>&nbsp;\u00abCleansed of long-standing, arbitrary revisions,&nbsp;<em>Caterina Cornaro<\/em>&nbsp;is now Donizetti&#8217;s &#8216;fourth queen&#8217;, worthy of the other three but different from them in terms of theatrical and musical structure. The opera has the undisputed appeal of an artistic testament and, as such, bears prominent signs of Donizetti&#8217;s maturity as a composer, while also contemplating a more modern style: both these qualities are apparent in the refined orchestral composition, imposing choruses, and the pure lyric accomplishment that breathes life into arias and duets; and in the unfamiliar finale which changes the opera\u2019s viewpoint, no longer conventional as in the censored version staged in Naples, but immensely powerful through the central role that Donizetti accorded Caterina, the queen (and woman), giving her a moving yet noble epilogue. It was the final message from the genius, intense and not to be missed.\u00bb<br><br>The premiere will be preceded by the Under30 Preview on 11 November, with additional performances on 22 and 30 November, all at Teatro Donizetti.<br><br>\ud83d\uded1 Tied to the inaugural title, the&nbsp;<strong><em>Caterina Cornaro Experience: A Queen to Remember<\/em>&nbsp;<\/strong>will run until 30 November. This distributed historical and theatrical exhibition is presented by the Fondazione Teatro Donizetti as part of the Donizetti Opera 2025 festival.<img decoding=\"async\" src=\"https:\/\/www.pressroom.cloud\/wp-content\/uploads\/491834559_1091603559662734_1435599282889442763_n.jpg\" width=\"620\" alt=\"\">Graphic courtesy of Donizetti Opera<strong>\ud83c\uddee\ud83c\uddf9&nbsp;<\/strong>Il 14 novembre&nbsp;<strong>Riccardo Frizza<\/strong>&nbsp;apre l\u2019edizione 2025 del&nbsp;<strong>Donizetti Opera con<\/strong>&nbsp;<em><strong>Caterina Cornaro<\/strong><\/em>, ultima grande opera italiana del compositore bergamasco, messa in scena nella nuova produzione firmata da Francesco Micheli e coprodotta con il Teatro Real di Madrid.<br><br>\u00abReputo un\u2019eccellente scelta artistica (e un onore per me), inaugurare il Donizetti Opera 2025 con&nbsp;<em>Caterina Cornaro<\/em>, nell\u2019edizione critica che \u00e8 stata curata da Eleonora Di Cintio per Casa Ricordi e che ci ha confermato il fascino e l\u2019importanza dell\u2019ultima grande opera di Donizetti, finalmente riconsegnata al catalogo del Bergamasco nella forma pi\u00f9 vicina alle sue prime intenzioni \u2013&nbsp;<strong>dichiara il Maestro Frizza che da quest\u2019anno ricopre il doppio incarico di direttore musicale e artistico del festival bergamasco<\/strong>.&nbsp;<em>Caterina Cornaro<\/em>, ripulita dalle correzioni arbitrarie della tradizione, \u00e8 ora la \u201cquarta regina\u201d di Donizetti, degna delle altre tre ma diversa da esse per sintassi teatrale e musicale. L\u2019opera ha il fascino indiscusso del testamento artistico e come tale reca i segni pi\u00f9 alti della maturit\u00e0 compositiva di Donizetti ma anche uno sguardo al linguaggio pi\u00f9 moderno: entrambe le qualit\u00e0 emergono nella raffinata scrittura orchestrale, nei cori imponenti, nel compiuto respiro lirico che d\u00e0 vita ad arie e duetti. E nel finale inedito che cambia la prospettiva dell\u2019opera, non pi\u00f9 convenzionale come nella versione censurata andata in scena a Napoli, ma potentissima nella centralit\u00e0 che Donizetti volle dare alla regina (e alla donna) Caterina, regalandole un epilogo emozionante ma anche nobile. Fu l\u2019ultima parola del Genio, intensa e imperdibile\u00bb.<br><br>La prima sar\u00e0 preceduta dall\u2019Anteprima Under30 domani 11 novembre, mentre&nbsp;<strong>lo spettacolo sar\u00e0 replicato il 22 e 30 novembre<\/strong>&nbsp;sempre al Teatro Donizetti.<br><br>\ud83d\uded1 Legata al titolo inaugurale, prosegue fino al 30 novembre&nbsp;<em><strong>Caterina Cornaro experience. Una regina da ricordare<\/strong><\/em>, la mostra storico-teatrale diffusa, promossa dalla Fondazione Teatro Donizetti nell\u2019ambito del festival Donizetti Opera 2025.<br><br><strong>Find out more:<\/strong><strong><a target=\"_blank\" href=\"https:\/\/www.pressroom.cloud\/?mailpoet_router&amp;endpoint=track&amp;action=click&amp;data=WyIxMTY3IiwiMzF2MDNsZTBsazZjYzRjNGNvd29va29jb2tjZ2tvNDgiLCIyMDgiLCI4MjkxNTQ5OTgzZmYiLGZhbHNlXQ\" rel=\"noreferrer noopener\">www.riccardofrizza.com<\/a><br><a target=\"_blank\" href=\"https:\/\/www.pressroom.cloud\/?mailpoet_router&amp;endpoint=track&amp;action=click&amp;data=WyIxMTY3IiwiMzF2MDNsZTBsazZjYzRjNGNvd29va29jb2tjZ2tvNDgiLCIyMDgiLCI4NDhmMmQwNzljNmIiLGZhbHNlXQ\" rel=\"noreferrer noopener\">www.donizettiopera.org\/caterina-cornaro<\/a><br><\/strong><br><br><em>Thank you for spreading the word! As always, we&#8217;re happy to assist with interviews or share additional materials if needed.<\/em><br><br><strong>Giulia Ambrosio | Founder &amp; Head of Pressroom<\/strong><a target=\"_blank\" href=\"https:\/\/www.pressroom.cloud\/?mailpoet_router&amp;endpoint=track&amp;action=click&amp;data=WyIxMTY3IiwiMzF2MDNsZTBsazZjYzRjNGNvd29va29jb2tjZ2tvNDgiLCIyMDgiLCIyMDE5MDQ4OTc4ZmYiLGZhbHNlXQ\" rel=\"noreferrer noopener\">giulia@pressroom.cloud<\/a><br><br><strong>Miriam Quaranta<br><\/strong><a target=\"_blank\" href=\"https:\/\/www.pressroom.cloud\/?mailpoet_router&amp;endpoint=track&amp;action=click&amp;data=WyIxMTY3IiwiMzF2MDNsZTBsazZjYzRjNGNvd29va29jb2tjZ2tvNDgiLCIyMDgiLCIwNzhmMGEwZWUwNTEiLGZhbHNlXQ\" rel=\"noreferrer noopener\">miriam@pressroom.cloud<\/a>+39 333 9263 309<br><br><strong>PressRoom | Press Office for Riccardo Frizza<\/strong><\/td><\/tr><\/tbody><\/table><\/figure>\n","protected":false},"excerpt":{"rendered":"<p>Riccardo Frizza opens the 2025 Donizetti Opera withCaterina Cornaro, \u00abDonizetti&#8217;s fourth queen\u00bb14, 22, 30 November | Teatro Donizetti, BergamoRiccardo Frizza&nbsp;\u00a9&nbsp;Gianfranco [&hellip;]<\/p>\n","protected":false},"author":1,"featured_media":0,"comment_status":"open","ping_status":"open","sticky":false,"template":"","format":"standard","meta":{"footnotes":""},"categories":[1],"tags":[],"class_list":["post-81804","post","type-post","status-publish","format-standard","hentry","category-sin-categoria"],"_links":{"self":[{"href":"https:\/\/www.ecoitaliano.com.ar\/index.php?rest_route=\/wp\/v2\/posts\/81804","targetHints":{"allow":["GET"]}}],"collection":[{"href":"https:\/\/www.ecoitaliano.com.ar\/index.php?rest_route=\/wp\/v2\/posts"}],"about":[{"href":"https:\/\/www.ecoitaliano.com.ar\/index.php?rest_route=\/wp\/v2\/types\/post"}],"author":[{"embeddable":true,"href":"https:\/\/www.ecoitaliano.com.ar\/index.php?rest_route=\/wp\/v2\/users\/1"}],"replies":[{"embeddable":true,"href":"https:\/\/www.ecoitaliano.com.ar\/index.php?rest_route=%2Fwp%2Fv2%2Fcomments&post=81804"}],"version-history":[{"count":1,"href":"https:\/\/www.ecoitaliano.com.ar\/index.php?rest_route=\/wp\/v2\/posts\/81804\/revisions"}],"predecessor-version":[{"id":81806,"href":"https:\/\/www.ecoitaliano.com.ar\/index.php?rest_route=\/wp\/v2\/posts\/81804\/revisions\/81806"}],"wp:attachment":[{"href":"https:\/\/www.ecoitaliano.com.ar\/index.php?rest_route=%2Fwp%2Fv2%2Fmedia&parent=81804"}],"wp:term":[{"taxonomy":"category","embeddable":true,"href":"https:\/\/www.ecoitaliano.com.ar\/index.php?rest_route=%2Fwp%2Fv2%2Fcategories&post=81804"},{"taxonomy":"post_tag","embeddable":true,"href":"https:\/\/www.ecoitaliano.com.ar\/index.php?rest_route=%2Fwp%2Fv2%2Ftags&post=81804"}],"curies":[{"name":"wp","href":"https:\/\/api.w.org\/{rel}","templated":true}]}}