{"id":81807,"date":"2025-11-10T22:45:01","date_gmt":"2025-11-10T22:45:01","guid":{"rendered":"https:\/\/www.ecoitaliano.com.ar\/?p=81807"},"modified":"2025-11-10T22:45:01","modified_gmt":"2025-11-10T22:45:01","slug":"serena-conduce-operaclassica-eco-italiano-4728","status":"publish","type":"post","link":"https:\/\/www.ecoitaliano.com.ar\/?p=81807","title":{"rendered":"Serena conduce operaclassica eco italiano"},"content":{"rendered":"<div class=\"wp-block-image\">\n<figure class=\"aligncenter size-full\"><a href=\"https:\/\/www.ecoitaliano.com.ar\/wp-content\/uploads\/2025\/11\/image-8.png\"><img decoding=\"async\" width=\"300\" height=\"97\" src=\"https:\/\/www.ecoitaliano.com.ar\/wp-content\/uploads\/2025\/11\/image-8.png\" alt=\"\" class=\"wp-image-81808\" srcset=\"https:\/\/www.ecoitaliano.com.ar\/wp-content\/uploads\/2025\/11\/image-8.png 300w, https:\/\/www.ecoitaliano.com.ar\/wp-content\/uploads\/2025\/11\/image-8-150x49.png 150w\" sizes=\"(max-width: 300px) 100vw, 300px\" \/><\/a><\/figure><\/div>\n\n\n<figure class=\"wp-block-table\"><table class=\"has-fixed-layout\"><tbody><tr><td><strong>COMUNICATO STAMPA<\/strong><strong>\u00a0<\/strong><strong>DA MEDELL\u00cdN A ROMA: DUE GIOVANI TALENTI COLOMBIANI<\/strong><strong>AMMESSI ALLA SCUOLA DI DANZA DELL\u2019OPERA DI ROMA<\/strong><strong>GRAZIE AL CONTRIBUTO DI FONDAZIONE ROMA<\/strong><strong>\u00a0<\/strong><strong>Lo scouting internazionale, promosso dalla direttrice della Scuola di Danza Eleonora Abbagnato, in collaborazione con Fondazione Roma, offre a due promettenti ballerine della Colombia una borsa di studio<\/strong>\u00a0<strong>\u00a0<\/strong>Hanno attraversato pi\u00f9 di 9.000 chilometri per realizzare un sogno: Camila Bustamante Correa e Valentina Ramos Mendoza, due talentuose ballerine quattordicenni di Medell\u00edn, in Colombia, sono state ammesse ai corsi regolari della\u00a0<strong>Scuola di Danza del Teatro dell&#8217;Opera di Roma<\/strong>. Un traguardo reso possibile grazie alla costante attenzione della\u00a0<strong>direttrice Eleonora Abbagnato<\/strong>\u00a0nella ricerca di talenti sparsi per l\u2019Italia e nel mondo a cui offrire l\u2019opportunit\u00e0 di una formazione professionale d\u2019eccellenza nel campo della danza. Cos\u00ec \u00e8 stato per Camila e Valentina, che potranno formarsi a Roma, anche grazie al contributo di\u00a0<strong>Fondazione Roma<\/strong>\u00a0istituzione di rilievo nazionale nell\u2019ambito filantropico, protagonista di numerose iniziative a favore di sanit\u00e0, ricerca, istruzione, arte, cultura e a sostegno di categorie sociali deboli.\u00a0<em>\u00abCon l\u2019adesione a questo progetto, Fondazione Roma \u2013\u00a0<\/em>dichiara il Presidente di Fondazione Roma<em>\u00a0<\/em><strong>Franco Parasassi<\/strong>\u00a0<em>&#8211; conferma il suo impegno nel promuovere l\u2019arte e la formazione dei giovani talenti a fianco della Scuola di Danza del Teatro sotto la guida di Eleonora Abbagnato. Tra le iniziative principali, spiccano il corso introduttivo, unico in Italia, e il nuovo corso triennale di formazione insegnanti 2025-2027, per dare opportune prospettive future a questa prestigiosa realt\u00e0. Mi piace evidenziare che il nostro contributo, oltre a sostenere i maggiori costi gestionali derivanti dall\u2019auspicato incremento delle attivit\u00e0 della Scuola, permetter\u00e0 a due brillanti giovani promesse della danza provenienti dalla Colombia di completare il percorso di perfezionamento artistico, dando loro la possibilit\u00e0 di realizzare i propri sogni.\u00bb<\/em><em>\u00a0<\/em>\u00ab<em>Credo profondamente nel potere formativo della danza e nella sua capacit\u00e0 di cambiare la vita delle persone<\/em>\u00bb<strong>\u00a0<\/strong>\u2013 dichiara la direttrice della Scuola di Danza del Teatro dell\u2019Opera di Roma\u00a0<strong>Eleonora<\/strong><em>\u00a0<\/em><strong>Abbagnato<\/strong>. \u2013 \u00ab<em>Accogliere Camila e Valentina \u00e8 il frutto di un percorso di scouting internazionale che portiamo avanti con grande impegno per scoprire e sostenere giovani talenti in ogni parte del mondo. La loro ammissione dimostra che la passione e la dedizione non hanno confini. Ringrazio di cuore la Fondazione Roma per il sostegno a questo progetto, che ci permette di offrire un\u2019autentica opportunit\u00e0 di crescita artistica e umana. La nostra Scuola vuole essere un luogo dove l\u2019eccellenza si unisce alla sensibilit\u00e0, e dove ogni allievo pu\u00f2 costruire il proprio futuro attraverso la danza<\/em>.\u00bb\u00a0<em>\u00ab<\/em><em>Siamo profondamente grati alla Fondazione Roma per il prezioso sostegno al nostro Teatro e, in particolare, alla Scuola di Danza<\/em><em>\u00bb<strong>\u00a0<\/strong>\u2013\u00a0<\/em>afferma il Sovrintendente del Teatro dell\u2019Opera di Roma\u00a0<strong>Francesco Giambrone<\/strong>.\u00a0<em>\u2013 \u00ab<\/em><em>Questo intervento si inserisce nella linea di impegno per la formazione dei giovani talenti, accanto ai progetti di Fabbrica e del Coro di Voci Bianche, in un ambito in cui poche realt\u00e0 possono offrire una preparazione professionale di alto livello. Particolarmente significativo \u00e8 il sostegno a due giovani allieve, cui viene garantita l\u2019accessibilit\u00e0 a un percorso formativo d\u2019eccellenza: un gesto che interpreta pienamente la nostra missione, rendendo l\u2019accessibilit\u00e0 un principio concreto che unisce partecipazione e formazione. La presenza di Camila e Valentina, provenienti dalla Colombia \u2013 e ringrazio l\u2019Ambasciatrice per le sinergie che stiamo costruendo \u2013 conferma la capacit\u00e0 della nostra Scuola di attrarre talenti da tutto il mondo e il riconoscimento del ruolo dell\u2019Opera di Roma come istituzione culturale di eccellenza nel nostro Paese e nel panorama mondiale. Ringrazio ancora la Fondazione Roma per la sua lungimiranza e generosit\u00e0: sostenere la formazione significa credere nella forza dell\u2019arte di trasformare le vite e di dare forma al domani. E siamo felici che questo spirito prenda corpo nell\u2019impegno e nella passione delle nostre allieve, che vedremo danzare in\u00a0<\/em>Copp\u00e9lia<em>, in scena a dicembre al Teatro Nazionale.<\/em><em>\u00bb<\/em>\u00a0<em>\u00ab\u00c9 una bellissima partnership per cui ringrazio la Fondazione Roma per l\u2019impegno a sostegno della nostra scuola di danza del Teatro dell\u2019Opera di Roma, che \u00e8 un\u2019eccellenza mondiale.\u00a0\u0336 Dichiara il Sindaco di Roma\u00a0<strong>Roberto Gualtieri<\/strong>. \u0336 \u00a0Grazie anche a questo sostegno potr\u00e0 attrarre e formare giovani talenti da tutto il mondo, come le due ragazze beneficiarie di questa borsa di studio. Roma si conferma come un grande polo di formazione della danza, che poi porta danzatori di qualit\u00e0 nel corpo di ballo del Teatro dell\u2019Opera e nei teatri di tutto il mondo.\u00bb<\/em>\u00a0Camila e Valentina provengono da un contesto sociale complesso che le ha esposte a privazioni e difficolt\u00e0 importanti. La possibilit\u00e0 offerta dalla Scuola di Danza in collaborazione con Fondazione Roma rappresenta per queste due giovani artiste uno spazio concreto di crescita e miglioramento altrimenti impossibile da realizzare. Le due allieve colombiane hanno studiato danza fin da giovanissime presso la Scuola di Balletto Metropolitano di Medell\u00edn, dove grazie al loro impegno e talento hanno potuto usufruire gi\u00e0 in Colombia di borse di studio assegnate dal programma Training Scholarship voluto dalla direttrice Juliana Acosta P\u00e9rez. Si sono inoltre fatte notare in gare nazionali e internazionali, fra queste l\u2019ITA ON TOUR Colombia nel 2024, anno in cui la ballerina argentina Paloma Herrera, \u0336\u00a0 principal dancer<em>\u00a0<\/em>all\u2019American Ballet Theatre dal 1995 al 2015 \u0336 \u00a0ha assegnato alle giovani ballerine due borse di studio per la finale del concorso, svoltasi lo scorso febbraio a Cattolica.\u00a0In quell\u2019occasione Angie Esposito, referente della manifestazione per il Sud e Centro America ha suggerito un\u2019audizione al Teatro dell\u2019Opera di Roma. Camila e Valentina sono cos\u00ec arrivate in Italia conquistando da subito l\u2019attenzione di Eleonora Abbagnato, che le ha volute nella scuola.\u00a0Fondata nel 1928, la Scuola di Danza del Teatro dell\u2019Opera di Roma, che nel 2028 compir\u00e0 cento anni dalla sua fondazione, \u00e8 una delle pi\u00f9 antiche e prestigiose realt\u00e0 professionali italiane. Luchino Visconti l\u2019aveva scelta come location per alcune scene del film\u00a0<em>Bellissima<\/em>\u00a0con Anna Magnani. Al suo interno si articolano diversi corsi, il principale della durata di otto anni, scandito da esami volti a decretare il passaggio o meno all\u2019annualit\u00e0 successiva, permette ai ballerini di ottenere un Diploma di Danzatore Professionista. Con questo titolo i diplomati possono partecipare ad audizioni internazionali e ulteriori corsi professionalizzanti nei pi\u00f9 prestigiosi teatri del mondo. Al termine del percorso formativo \u00e8 inoltre previsto un ulteriore anno di perfezionamento rivolto ai pi\u00f9 meritevoli.\u00a0\u00a0\u00a0<strong>10 novembre 2025<\/strong><strong>\u00a0<\/strong><strong>TEATRO DELL\u2019OPERA DI ROMA<\/strong><strong>Cosimo Manicone<\/strong>Responsabile Ufficio Stampa<a href=\"mailto:cosimo.manicone@operaroma.it\" target=\"_blank\" rel=\"noreferrer noopener\">cosimo.manicone@operaroma.it<\/a><\/td><\/tr><\/tbody><\/table><\/figure>\n\n\n\n<figure class=\"wp-block-table\"><table class=\"has-fixed-layout\"><tbody><tr><td><img decoding=\"async\" src=\"https:\/\/fondazioneteatrodelloperadirom.img.musvc2.net\/static\/69084\/images\/2\/51111a50cb0b42a6bcd886505ddbf941.jpg\" width=\"300\" alt=\"Image\" height=\"auto\"><\/td><\/tr><\/tbody><\/table><\/figure>\n\n\n\n<p><\/p>\n\n\n\n<p><\/p>\n","protected":false},"excerpt":{"rendered":"<p>COMUNICATO STAMPA\u00a0DA MEDELL\u00cdN A ROMA: DUE GIOVANI TALENTI COLOMBIANIAMMESSI ALLA SCUOLA DI DANZA DELL\u2019OPERA DI ROMAGRAZIE AL CONTRIBUTO DI FONDAZIONE [&hellip;]<\/p>\n","protected":false},"author":1,"featured_media":0,"comment_status":"open","ping_status":"open","sticky":false,"template":"","format":"standard","meta":{"footnotes":""},"categories":[1],"tags":[],"class_list":["post-81807","post","type-post","status-publish","format-standard","hentry","category-sin-categoria"],"_links":{"self":[{"href":"https:\/\/www.ecoitaliano.com.ar\/index.php?rest_route=\/wp\/v2\/posts\/81807","targetHints":{"allow":["GET"]}}],"collection":[{"href":"https:\/\/www.ecoitaliano.com.ar\/index.php?rest_route=\/wp\/v2\/posts"}],"about":[{"href":"https:\/\/www.ecoitaliano.com.ar\/index.php?rest_route=\/wp\/v2\/types\/post"}],"author":[{"embeddable":true,"href":"https:\/\/www.ecoitaliano.com.ar\/index.php?rest_route=\/wp\/v2\/users\/1"}],"replies":[{"embeddable":true,"href":"https:\/\/www.ecoitaliano.com.ar\/index.php?rest_route=%2Fwp%2Fv2%2Fcomments&post=81807"}],"version-history":[{"count":1,"href":"https:\/\/www.ecoitaliano.com.ar\/index.php?rest_route=\/wp\/v2\/posts\/81807\/revisions"}],"predecessor-version":[{"id":81809,"href":"https:\/\/www.ecoitaliano.com.ar\/index.php?rest_route=\/wp\/v2\/posts\/81807\/revisions\/81809"}],"wp:attachment":[{"href":"https:\/\/www.ecoitaliano.com.ar\/index.php?rest_route=%2Fwp%2Fv2%2Fmedia&parent=81807"}],"wp:term":[{"taxonomy":"category","embeddable":true,"href":"https:\/\/www.ecoitaliano.com.ar\/index.php?rest_route=%2Fwp%2Fv2%2Fcategories&post=81807"},{"taxonomy":"post_tag","embeddable":true,"href":"https:\/\/www.ecoitaliano.com.ar\/index.php?rest_route=%2Fwp%2Fv2%2Ftags&post=81807"}],"curies":[{"name":"wp","href":"https:\/\/api.w.org\/{rel}","templated":true}]}}