{"id":81810,"date":"2025-11-10T22:50:37","date_gmt":"2025-11-10T22:50:37","guid":{"rendered":"https:\/\/www.ecoitaliano.com.ar\/?p=81810"},"modified":"2025-11-10T22:50:37","modified_gmt":"2025-11-10T22:50:37","slug":"serena-conduce-operaclassica-eco-italiano-4729","status":"publish","type":"post","link":"https:\/\/www.ecoitaliano.com.ar\/?p=81810","title":{"rendered":"Serena conduce operaclassica eco italiano"},"content":{"rendered":"<div class=\"wp-block-image\">\n<figure class=\"aligncenter size-full is-resized\"><a href=\"https:\/\/www.ecoitaliano.com.ar\/wp-content\/uploads\/2025\/11\/image-9.png\"><img decoding=\"async\" width=\"130\" height=\"78\" src=\"https:\/\/www.ecoitaliano.com.ar\/wp-content\/uploads\/2025\/11\/image-9.png\" alt=\"\" class=\"wp-image-81811\" style=\"width:167px;height:auto\"\/><\/a><\/figure><\/div>\n\n\n<p>Comunicato stampa<\/p>\n\n\n\n<p><strong>TCBO: NASCE<\/strong><strong>&nbsp;\u201cI 72 NOSTOI\u201d,&nbsp;<\/strong><strong>NUOVO PROGETTO DI FUNDRAISING E CORPORATE MEMBERSHIP<\/strong><\/p>\n\n\n\n<p><em>Primo evento di presentazione riservato alle aziende e ai mecenati oggi, luned\u00ec 10 novembre alle 18.00, nella sede storica di Largo Respighi<\/em><\/p>\n\n\n\n<p>Una ristrutturazione che non riguarda solo le mura del teatro, ma anche i valori che lo abitano. Il nuovo&nbsp;<strong>Comunale di Bologna<\/strong>&nbsp;nasce con l\u2019obiettivo di trasformare il restauro del suo contenitore in un\u2019occasione di rinnovamento del suo contenuto: un teatro simbolo del&nbsp;<strong>Made in Italy culturale<\/strong>, concepito nel progetto urbanistico come parte viva del tessuto cittadino,&nbsp;<strong>aperto al dialogo con la comunit\u00e0<\/strong>&nbsp;e capace di coniugare&nbsp;<strong>tradizione e innovazione<\/strong>&nbsp;in un equilibrio tra&nbsp;<strong>accessibilit\u00e0, inclusione e valorizzazione della propria storia<\/strong>.<\/p>\n\n\n\n<p>\u00c8 questa la visione della nuova Direzione del TCBO, che guarda alla riapertura della sede storica di&nbsp;<strong>Largo Respighi<\/strong>, prevista per&nbsp;<strong>febbraio 2027<\/strong>, non solo come un traguardo post-chiusura, ma come una tappa di un pi\u00f9 ampio processo di rilancio e trasformazione dell\u2019Istituzione: un percorso che unisce rinnovamento strutturale, artistico e organizzativo.<\/p>\n\n\n\n<p>Nasce cos\u00ec&nbsp;<strong>\u201cCantiere Itaca\u201d<\/strong>, il progetto che integra i lavori di restauro avviati dal Comune di Bologna con gli interventi curati dal Teatro Comunale, la riorganizzazione gestionale della Fondazione e un innovativo programma di fundraising. Quest\u2019ultimo punta a raccogliere&nbsp;<strong>due milioni di euro<\/strong>&nbsp;per il restauro edilizio e&nbsp;<strong>un milione di euro<\/strong>&nbsp;per il rinnovamento del contenuto artistico e sociale attraverso l\u2019inedita membership dedicata ai privati:&nbsp;<strong>\u201cI 72 Nostoi\u201d<\/strong><strong>, un originale modello di mecenatismo che si svilupper\u00e0 dal 2025 al 2028.<\/strong><\/p>\n\n\n\n<p>Oltre alle risorse pubbliche gi\u00e0 messe in campo, sar\u00e0 fondamentale il contributo dei privati, che permetter\u00e0 di ampliare l\u2019ambito di intervento dei lavori, non solo nell\u2019urgenza del cantiere ma anche in futuro, continuando a sostenere restauro, manutenzione e ammodernamento del teatro cittadino. Una vera e propria&nbsp;<strong>\u201cchiamata alle arti\u201d<\/strong>, che consentir\u00e0 di riconsegnare alla comunit\u00e0 un teatro sempre pi\u00f9 funzionale e fruibile.<\/p>\n\n\n\n<p>Per quanto riguarda il contenitore, il&nbsp;<strong>Comune di Bologna<\/strong>&nbsp;ha destinato \u2013 tra fondi propri, PNRR e risorse europee \u2013&nbsp;<strong>14 milioni di euro<\/strong>&nbsp;per lavori da completarsi entro&nbsp;l\u2019inizio del 2027.&nbsp;Gli interventi prevedono una significativa&nbsp;<strong>riqualificazione urbana di via del Guasto<\/strong>, con la creazione di un nuovo accesso al teatro, una biglietteria, un bookstore, un bistrot, oltre al restauro della via e delle aree circostanti, all\u2019efficientamento energetico e al rinnovamento dei camerini dell\u2019orchestra, dei servizi igienici per il pubblico, dei laboratori e della sala prove.<\/p>\n\n\n\n<p>Parallelamente, sono previsti ulteriori&nbsp;<strong>6 milioni di euro<\/strong>&nbsp;di fondi pubblici per il restauro della macchina scenotecnica, la cui esecuzione, articolata in fasi per non incidere sull\u2019attivit\u00e0 artistica, si concluder\u00e0 entro il 2028.<\/p>\n\n\n\n<p>L\u2019appello ai privati riguarda invece gli spazi destinati al pubblico \u2013 i foyer Respighi e Rossini, la Rotonda Gluck, gli ordini di palchi e la volta della Sala Bibiena \u2013 per un investimento complessivo stimato in circa&nbsp;<strong>2 milioni di euro<\/strong>, oltre al milione gi\u00e0 donato da&nbsp;<strong>Alfasigma<\/strong>, che ha adottato il rifacimento degli uffici della Sovrintendenza, della Direzione Artistica e dell\u2019Area Marketing, la realizzazione di un ascensore, il recupero e la valorizzazione della Sala Cappelli e la creazione di una cucina a servizio del Foyer Rossini e della terrazza.<\/p>\n\n\n\n<p>Al fianco delle risorse per il contenitore, anche la ristrutturazione del contenuto necessita di un ulteriore milione di euro all\u2019anno. Qui entrano in campo&nbsp;<strong>72 \u201ceroi\u201d \u2013<\/strong>&nbsp;aziende o cittadini&nbsp;<strong>\u2013<\/strong>&nbsp;che,&nbsp;grazie allo strumento fiscale dell\u2019Art Bonus,&nbsp;potranno aderire alla membership annuale&nbsp;<strong>\u201cI 72 Nostoi.&nbsp;<\/strong><strong>Il Circolo del Ritorno\u201d<\/strong>, ispirata ai viaggi di ritorno degli eroi achei dopo la guerra di Troia: un simbolo di&nbsp;<strong>condivisione, appartenenza e cammino comune<\/strong><strong>&nbsp;\u201cVerso Itaca\u201d<\/strong>. La campagna di fundraising sar\u00e0 accompagnata da un claim:&nbsp;<strong>\u201cLa mia casa ce l\u2019ho solo l\u00e0\u201d<\/strong>, frase del brano&nbsp;<em>Itaca&nbsp;<\/em>di Lucio Dalla.<\/p>\n\n\n\n<p>Un impegno concreto e dal forte valore simbolico, che sosterr\u00e0 il&nbsp;<strong>masterplan di ristrutturazione integrale<\/strong>&nbsp;e rafforzer\u00e0, anno dopo anno, il ruolo del Comunale come capofila della vita musicale bolognese e capitale mondiale della musica. I 72 mecenati riceveranno inviti alle Prime degli spettacoli e agli appuntamenti pi\u00f9 rappresentativi, accesso a incontri esclusivi con artisti, anteprime, prove e ai progetti speciali di \u201cCantiere Itaca\u201d.<\/p>\n\n\n\n<p>La membership si articola in&nbsp;<strong>quattro livelli di donazione&nbsp;\u2013 Timonieri, Precursori, Vedette e Naviganti \u2013<\/strong>&nbsp;con valori di adesione differenti. Anche i singoli cittadini potranno effettuare erogazioni liberali, beneficiando delle agevolazioni fiscali previste.<\/p>\n\n\n\n<p>Il progetto \u201cI 72 Nostoi\u201d utilizza lo strumento dell\u2019<strong>Art Bonus<\/strong>,&nbsp;creato per la tutela e valorizzazione del patrimonio storico e artistico italiano, che consente ai mecenati e alle aziende di ricevere un&nbsp;<strong>credito d\u2019imposta pari al 65%<\/strong>&nbsp;del valore della donazione in soli&nbsp;<strong>tre anni<\/strong>.<\/p>\n\n\n\n<p>\u00abCome Ulisse, costretto a un lungo viaggio lontano da casa, affrontiamo prove, ostacoli e tempeste, ma al tempo stesso scopriamo nuovi mondi, nuove modalit\u00e0 e nuove alleanze \u2013 commenta la&nbsp;<strong>Sovrintendente del TCBO Elisabetta Riva<\/strong>&nbsp;\u2013. Il nostro approdo \u00e8 la sede restaurata: un teatro ritrovato e rilanciato, in cui rinnovare il senso profondo della nostra identit\u00e0 di promotori della cultura pubblica. In questa epopea siamo tutti protagonisti: coraggiosi e temerari come Ulisse, trasformativi come Circe, custodi della tradizione come Penelope. Perch\u00e9 il viaggio non si compie mai da soli. Ricollegandoci idealmente alla nostra nuova Stagione 2026 \u201cVerso Itaca\u201d, nascono cos\u00ec&nbsp;\u201cI 72 Nostoi\u201d: compagni di viaggio, eroi culturali, anime generose che condividono un destino comune, quello del ritorno\u00bb.<\/p>\n\n\n\n<p>Il primo di una serie di eventi riservati alle aziende e ai mecenati \u00e8 in programma oggi,&nbsp;<strong>luned\u00ec 10 novembre alle ore 18.00<\/strong>, presso la&nbsp;<strong>sede storica del Teatro Comunale di Bologna<\/strong>, alla presenza del&nbsp;<strong>Sindaco e Presidente della Fondazione lirico-sinfonica felsinea Matteo Lepore<\/strong>, della&nbsp;<strong>Sovrintendente Elisabetta Riva<\/strong>&nbsp;e del&nbsp;<strong>Direttore Artistico Pierangelo Conte<\/strong>, in collaborazione con&nbsp;<strong>Confindustria<\/strong>&nbsp;e&nbsp;<strong>Legacoop<\/strong>. In questa occasione verr\u00e0 presentato anche il&nbsp;<strong>Comitato d\u2019Onore per la raccolta fondi<\/strong>, capitanato da&nbsp;<strong>Marco Checchi<\/strong>, vicepresidente del Comunale e AD del&nbsp;<strong>Gruppo Pelliconi<\/strong>.<\/p>\n\n\n\n<p>Info:&nbsp;<a target=\"_blank\" href=\"https:\/\/www.tcbo.it\/cantiere-itaca\/\" rel=\"noreferrer noopener\">https:\/\/www.tcbo.it\/cantiere-itaca\/<\/a>&nbsp;<\/p>\n\n\n\n<p>10.11.2025<\/p>\n\n\n\n<p><\/p>\n\n\n\n<p><strong>Skill&amp;Music<\/strong><\/p>\n\n\n\n<p>Irene Sala \u2013 referente ufficio stampa<\/p>\n\n\n\n<p>Alice Castelnuovo \u2013 assistente ufficio stampa<\/p>\n\n\n\n<p>Fondazione Teatro Comunale di Bologna&nbsp;<\/p>\n\n\n\n<p>Largo Respighi, 1 &#8211; 40126 Bologna&nbsp;<\/p>\n\n\n\n<p>T. +39 051 529947&nbsp;<\/p>\n\n\n\n<p>e-mail:&nbsp;<strong><a href=\"mailto:ufficiostampa@comunalebologna.it\" target=\"_blank\" rel=\"noreferrer noopener\">ufficiostampa@comunalebologna.it<\/a><\/strong>&nbsp;<\/p>\n\n\n\n<p><strong><a target=\"_blank\" href=\"http:\/\/www.tcbo.it\/\" rel=\"noreferrer noopener\">www.tcbo.it<\/a><\/strong><\/p>\n\n\n\n<figure class=\"wp-block-table\"><table class=\"has-fixed-layout\"><tbody><tr><td colspan=\"3\"><strong>Ufficio Stampa Teatro Comunale di Bologna<\/strong><\/td><\/tr><tr><td rowspan=\"2\"><\/td><td rowspan=\"2\">.<\/td><td><strong>Fondazione Teatro Comunale di Bologna<\/strong><br>Largo Respighi,1 &#8211; 40126 Bologna<br>Telefono:&nbsp;<a href=\"tel:051529947\" rel=\"noreferrer noopener\" target=\"_blank\">051529947<\/a><br>Fax: 051529995<br><a target=\"_blank\" href=\"http:\/\/www.tcbo.it\/\" rel=\"noreferrer noopener\">www.tcbo.it<\/a>&nbsp;<\/td><\/tr><\/tbody><\/table><\/figure>\n\n\n\n<p>foto<\/p>\n\n\n\n<figure class=\"wp-block-gallery has-nested-images columns-default is-cropped wp-block-gallery-1 is-layout-flex wp-block-gallery-is-layout-flex\">\n<figure class=\"wp-block-image size-large\"><a href=\"https:\/\/www.ecoitaliano.com.ar\/wp-content\/uploads\/2025\/11\/Allestimento-portici-TCBO@Andrea-Ranzi-1.jpg\"><img decoding=\"async\" width=\"1024\" height=\"683\" data-id=\"81812\" src=\"https:\/\/www.ecoitaliano.com.ar\/wp-content\/uploads\/2025\/11\/Allestimento-portici-TCBO@Andrea-Ranzi-1-1024x683.jpg\" alt=\"\" class=\"wp-image-81812\" srcset=\"https:\/\/www.ecoitaliano.com.ar\/wp-content\/uploads\/2025\/11\/Allestimento-portici-TCBO@Andrea-Ranzi-1-1024x683.jpg 1024w, https:\/\/www.ecoitaliano.com.ar\/wp-content\/uploads\/2025\/11\/Allestimento-portici-TCBO@Andrea-Ranzi-1-300x200.jpg 300w, https:\/\/www.ecoitaliano.com.ar\/wp-content\/uploads\/2025\/11\/Allestimento-portici-TCBO@Andrea-Ranzi-1-768x512.jpg 768w, https:\/\/www.ecoitaliano.com.ar\/wp-content\/uploads\/2025\/11\/Allestimento-portici-TCBO@Andrea-Ranzi-1-1536x1024.jpg 1536w, https:\/\/www.ecoitaliano.com.ar\/wp-content\/uploads\/2025\/11\/Allestimento-portici-TCBO@Andrea-Ranzi-1-2048x1366.jpg 2048w, https:\/\/www.ecoitaliano.com.ar\/wp-content\/uploads\/2025\/11\/Allestimento-portici-TCBO@Andrea-Ranzi-1-150x100.jpg 150w\" sizes=\"(max-width: 1024px) 100vw, 1024px\" \/><\/a><\/figure>\n\n\n\n<figure class=\"wp-block-image size-large\"><a href=\"https:\/\/www.ecoitaliano.com.ar\/wp-content\/uploads\/2025\/11\/Allestimento-portici-TCBO@Andrea-Ranzi-1-1.jpg\"><img decoding=\"async\" width=\"1024\" height=\"712\" data-id=\"81813\" src=\"https:\/\/www.ecoitaliano.com.ar\/wp-content\/uploads\/2025\/11\/Allestimento-portici-TCBO@Andrea-Ranzi-1-1-1024x712.jpg\" alt=\"\" class=\"wp-image-81813\" srcset=\"https:\/\/www.ecoitaliano.com.ar\/wp-content\/uploads\/2025\/11\/Allestimento-portici-TCBO@Andrea-Ranzi-1-1-1024x712.jpg 1024w, https:\/\/www.ecoitaliano.com.ar\/wp-content\/uploads\/2025\/11\/Allestimento-portici-TCBO@Andrea-Ranzi-1-1-300x209.jpg 300w, https:\/\/www.ecoitaliano.com.ar\/wp-content\/uploads\/2025\/11\/Allestimento-portici-TCBO@Andrea-Ranzi-1-1-768x534.jpg 768w, https:\/\/www.ecoitaliano.com.ar\/wp-content\/uploads\/2025\/11\/Allestimento-portici-TCBO@Andrea-Ranzi-1-1-1536x1068.jpg 1536w, https:\/\/www.ecoitaliano.com.ar\/wp-content\/uploads\/2025\/11\/Allestimento-portici-TCBO@Andrea-Ranzi-1-1-2048x1424.jpg 2048w, https:\/\/www.ecoitaliano.com.ar\/wp-content\/uploads\/2025\/11\/Allestimento-portici-TCBO@Andrea-Ranzi-1-1-150x104.jpg 150w\" sizes=\"(max-width: 1024px) 100vw, 1024px\" \/><\/a><\/figure>\n\n\n\n<figure class=\"wp-block-image size-large\"><a href=\"https:\/\/www.ecoitaliano.com.ar\/wp-content\/uploads\/2025\/11\/Allestimento-portici-TCBO@Andrea-Ranzi-2.jpg\"><img decoding=\"async\" width=\"729\" height=\"1024\" data-id=\"81814\" src=\"https:\/\/www.ecoitaliano.com.ar\/wp-content\/uploads\/2025\/11\/Allestimento-portici-TCBO@Andrea-Ranzi-2-729x1024.jpg\" alt=\"\" class=\"wp-image-81814\" srcset=\"https:\/\/www.ecoitaliano.com.ar\/wp-content\/uploads\/2025\/11\/Allestimento-portici-TCBO@Andrea-Ranzi-2-729x1024.jpg 729w, https:\/\/www.ecoitaliano.com.ar\/wp-content\/uploads\/2025\/11\/Allestimento-portici-TCBO@Andrea-Ranzi-2-214x300.jpg 214w, https:\/\/www.ecoitaliano.com.ar\/wp-content\/uploads\/2025\/11\/Allestimento-portici-TCBO@Andrea-Ranzi-2-768x1079.jpg 768w, https:\/\/www.ecoitaliano.com.ar\/wp-content\/uploads\/2025\/11\/Allestimento-portici-TCBO@Andrea-Ranzi-2-1093x1536.jpg 1093w, https:\/\/www.ecoitaliano.com.ar\/wp-content\/uploads\/2025\/11\/Allestimento-portici-TCBO@Andrea-Ranzi-2-1458x2048.jpg 1458w, https:\/\/www.ecoitaliano.com.ar\/wp-content\/uploads\/2025\/11\/Allestimento-portici-TCBO@Andrea-Ranzi-2-107x150.jpg 107w, https:\/\/www.ecoitaliano.com.ar\/wp-content\/uploads\/2025\/11\/Allestimento-portici-TCBO@Andrea-Ranzi-2.jpg 1822w\" sizes=\"(max-width: 729px) 100vw, 729px\" \/><\/a><\/figure>\n\n\n\n<figure class=\"wp-block-image size-large\"><a href=\"https:\/\/www.ecoitaliano.com.ar\/wp-content\/uploads\/2025\/11\/Allestimento-portici-TCBO@Andrea-Ranzi-3.jpg\"><img decoding=\"async\" width=\"893\" height=\"1024\" data-id=\"81815\" src=\"https:\/\/www.ecoitaliano.com.ar\/wp-content\/uploads\/2025\/11\/Allestimento-portici-TCBO@Andrea-Ranzi-3-893x1024.jpg\" alt=\"\" class=\"wp-image-81815\" srcset=\"https:\/\/www.ecoitaliano.com.ar\/wp-content\/uploads\/2025\/11\/Allestimento-portici-TCBO@Andrea-Ranzi-3-893x1024.jpg 893w, https:\/\/www.ecoitaliano.com.ar\/wp-content\/uploads\/2025\/11\/Allestimento-portici-TCBO@Andrea-Ranzi-3-262x300.jpg 262w, https:\/\/www.ecoitaliano.com.ar\/wp-content\/uploads\/2025\/11\/Allestimento-portici-TCBO@Andrea-Ranzi-3-768x880.jpg 768w, https:\/\/www.ecoitaliano.com.ar\/wp-content\/uploads\/2025\/11\/Allestimento-portici-TCBO@Andrea-Ranzi-3-1340x1536.jpg 1340w, https:\/\/www.ecoitaliano.com.ar\/wp-content\/uploads\/2025\/11\/Allestimento-portici-TCBO@Andrea-Ranzi-3-1786x2048.jpg 1786w, https:\/\/www.ecoitaliano.com.ar\/wp-content\/uploads\/2025\/11\/Allestimento-portici-TCBO@Andrea-Ranzi-3-131x150.jpg 131w\" sizes=\"(max-width: 893px) 100vw, 893px\" \/><\/a><\/figure>\n\n\n\n<figure class=\"wp-block-image size-large\"><a href=\"https:\/\/www.ecoitaliano.com.ar\/wp-content\/uploads\/2025\/11\/Allestimento-portici-TCBO@Andrea-Ranzi.jpg\"><img decoding=\"async\" width=\"1024\" height=\"512\" data-id=\"81816\" src=\"https:\/\/www.ecoitaliano.com.ar\/wp-content\/uploads\/2025\/11\/Allestimento-portici-TCBO@Andrea-Ranzi-1024x512.jpg\" alt=\"\" class=\"wp-image-81816\" srcset=\"https:\/\/www.ecoitaliano.com.ar\/wp-content\/uploads\/2025\/11\/Allestimento-portici-TCBO@Andrea-Ranzi-1024x512.jpg 1024w, https:\/\/www.ecoitaliano.com.ar\/wp-content\/uploads\/2025\/11\/Allestimento-portici-TCBO@Andrea-Ranzi-300x150.jpg 300w, https:\/\/www.ecoitaliano.com.ar\/wp-content\/uploads\/2025\/11\/Allestimento-portici-TCBO@Andrea-Ranzi-768x384.jpg 768w, https:\/\/www.ecoitaliano.com.ar\/wp-content\/uploads\/2025\/11\/Allestimento-portici-TCBO@Andrea-Ranzi-1536x769.jpg 1536w, https:\/\/www.ecoitaliano.com.ar\/wp-content\/uploads\/2025\/11\/Allestimento-portici-TCBO@Andrea-Ranzi-2048x1025.jpg 2048w, https:\/\/www.ecoitaliano.com.ar\/wp-content\/uploads\/2025\/11\/Allestimento-portici-TCBO@Andrea-Ranzi-150x75.jpg 150w\" sizes=\"(max-width: 1024px) 100vw, 1024px\" \/><\/a><\/figure>\n<\/figure>\n","protected":false},"excerpt":{"rendered":"<p>Comunicato stampa TCBO: NASCE&nbsp;\u201cI 72 NOSTOI\u201d,&nbsp;NUOVO PROGETTO DI FUNDRAISING E CORPORATE MEMBERSHIP Primo evento di presentazione riservato alle aziende e [&hellip;]<\/p>\n","protected":false},"author":1,"featured_media":0,"comment_status":"open","ping_status":"open","sticky":false,"template":"","format":"standard","meta":{"footnotes":""},"categories":[1],"tags":[],"class_list":["post-81810","post","type-post","status-publish","format-standard","hentry","category-sin-categoria"],"_links":{"self":[{"href":"https:\/\/www.ecoitaliano.com.ar\/index.php?rest_route=\/wp\/v2\/posts\/81810","targetHints":{"allow":["GET"]}}],"collection":[{"href":"https:\/\/www.ecoitaliano.com.ar\/index.php?rest_route=\/wp\/v2\/posts"}],"about":[{"href":"https:\/\/www.ecoitaliano.com.ar\/index.php?rest_route=\/wp\/v2\/types\/post"}],"author":[{"embeddable":true,"href":"https:\/\/www.ecoitaliano.com.ar\/index.php?rest_route=\/wp\/v2\/users\/1"}],"replies":[{"embeddable":true,"href":"https:\/\/www.ecoitaliano.com.ar\/index.php?rest_route=%2Fwp%2Fv2%2Fcomments&post=81810"}],"version-history":[{"count":1,"href":"https:\/\/www.ecoitaliano.com.ar\/index.php?rest_route=\/wp\/v2\/posts\/81810\/revisions"}],"predecessor-version":[{"id":81817,"href":"https:\/\/www.ecoitaliano.com.ar\/index.php?rest_route=\/wp\/v2\/posts\/81810\/revisions\/81817"}],"wp:attachment":[{"href":"https:\/\/www.ecoitaliano.com.ar\/index.php?rest_route=%2Fwp%2Fv2%2Fmedia&parent=81810"}],"wp:term":[{"taxonomy":"category","embeddable":true,"href":"https:\/\/www.ecoitaliano.com.ar\/index.php?rest_route=%2Fwp%2Fv2%2Fcategories&post=81810"},{"taxonomy":"post_tag","embeddable":true,"href":"https:\/\/www.ecoitaliano.com.ar\/index.php?rest_route=%2Fwp%2Fv2%2Ftags&post=81810"}],"curies":[{"name":"wp","href":"https:\/\/api.w.org\/{rel}","templated":true}]}}