{"id":81834,"date":"2025-11-11T10:00:36","date_gmt":"2025-11-11T10:00:36","guid":{"rendered":"https:\/\/www.ecoitaliano.com.ar\/?p=81834"},"modified":"2025-11-11T10:00:55","modified_gmt":"2025-11-11T10:00:55","slug":"il-sangue-nella-pietra-nel-decimo-anniversario-del-bataclan","status":"publish","type":"post","link":"https:\/\/www.ecoitaliano.com.ar\/?p=81834","title":{"rendered":"Il sangue nella pietra &#8211; Nel decimo anniversario del Bataclan"},"content":{"rendered":"<div class=\"wp-block-image\">\n<figure class=\"aligncenter size-full is-resized\"><a href=\"http:\/\/www.ecoitaliano.com.ar\/wp-content\/uploads\/2025\/11\/Francesco-Guadagnuolo-Il-sangue-nella-pietra.-Nel-decimo-anniversario-del-Bataclan.jpg\"><img decoding=\"async\" width=\"773\" height=\"600\" src=\"http:\/\/www.ecoitaliano.com.ar\/wp-content\/uploads\/2025\/11\/Francesco-Guadagnuolo-Il-sangue-nella-pietra.-Nel-decimo-anniversario-del-Bataclan.jpg\" alt=\"\" class=\"wp-image-81835\" style=\"width:391px;height:auto\" srcset=\"https:\/\/www.ecoitaliano.com.ar\/wp-content\/uploads\/2025\/11\/Francesco-Guadagnuolo-Il-sangue-nella-pietra.-Nel-decimo-anniversario-del-Bataclan.jpg 773w, https:\/\/www.ecoitaliano.com.ar\/wp-content\/uploads\/2025\/11\/Francesco-Guadagnuolo-Il-sangue-nella-pietra.-Nel-decimo-anniversario-del-Bataclan-300x233.jpg 300w, https:\/\/www.ecoitaliano.com.ar\/wp-content\/uploads\/2025\/11\/Francesco-Guadagnuolo-Il-sangue-nella-pietra.-Nel-decimo-anniversario-del-Bataclan-768x596.jpg 768w, https:\/\/www.ecoitaliano.com.ar\/wp-content\/uploads\/2025\/11\/Francesco-Guadagnuolo-Il-sangue-nella-pietra.-Nel-decimo-anniversario-del-Bataclan-150x116.jpg 150w, https:\/\/www.ecoitaliano.com.ar\/wp-content\/uploads\/2025\/11\/Francesco-Guadagnuolo-Il-sangue-nella-pietra.-Nel-decimo-anniversario-del-Bataclan-400x311.jpg 400w\" sizes=\"(max-width: 773px) 100vw, 773px\" \/><\/a><\/figure><\/div>\n\n\n<p><em><strong>L\u2019opera transrealista di Francesco Guadagnuolo \u00e8 un altare laico del Terzo Millennio: memoria, gesto, dolore e resistenza si fondono in una tela che attraversa il tempo, la storia e il luogo<\/strong><\/em><\/p>\n\n\n\n<p>Nel cuore ferito di Parigi, l\u00e0 dove la musica si \u00e8 fatta silenzio, Francesco Guadagnuolo, in un suo recente viaggio ha posato il suo sguardo. Dieci anni dopo l\u2019attentato al Bataclan, l\u2019artista italiano ha dato forma ad un dolore che non si dissolve, ad una memoria che non si spegne. La sua grande tela non \u00e8 commemorazione ma carne viva. Non \u00e8 rappresentazione ma resistenza. \u00c8 un\u2019opera pittorica che parla il linguaggio del Terzo Millennio: stratificata, cosmica, gestuale, viscerale.<\/p>\n\n\n\n<p>Questa creazione s\u2019inserisce nel solco del <strong>Transrealismo<\/strong>, corrente che Guadagnuolo ha contribuito a definire e che qui si manifesta con forza. L\u2019opera \u00e8 attraversata da significati multipli: il tempo che si stratifica, la memoria che si sedimenta, la storia che s\u2019incarna nel luogo. Il Bataclan non \u00e8 solo un teatro, ma un simbolo, un nodo emotivo, un punto di convergenza tra realt\u00e0 e trascendenza. Il <strong>Transrealismo<\/strong>, cifra poetica e filosofica dell\u2019artista, emerge nella tensione tra visibile e invisibile, tra gesto pittorico e pensiero.<\/p>\n\n\n\n<p>Lo sfondo \u00e8 spaziale, come a dire che il lutto non ha confini. Le prospettive convergono verso il basso, l\u00e0 dove si apre il Bataclan, piccolo squarcio urbano incastonato tra alberi parigini che sembrano piegarsi al peso della storia. A sinistra, una Croce di luce compassionevole. \u00c8 il ricordo delle 90 anime strappate alla notte, un faro che non smette di brillare.<\/p>\n\n\n\n<p>Sopra, il cielo \u00e8 tempesta. Nuvole bianche, dorate, argentee si accalcano come pensieri inquieti. \u00c8 un cielo che non consola, ma interroga. E poi il sangue, ovunque. Il rosso s\u2019impasta con l\u2019asfalto, si mescola alla materia urbana, s\u2019insinua tra le crepe della strada. \u00c8 il dolore che si fa colore, \u00e8 la tragedia che si sedimenta nel paesaggio parigino.<\/p>\n\n\n\n<p>La pittura di Guadagnuolo \u00e8 gesto, \u00e8 urlo, \u00e8 corpo. La pennellata \u00e8 dirompente, urgente, necessaria. Ogni colpo di pennello e spatola \u00e8 un \u201cbasta\u201d: basta alla violenza, basta al terrore, basta all\u2019oblio.<\/p>\n\n\n\n<p>La tela diventa altare laico, veglia perenne, grido collettivo. Non c\u2019\u00e8 armonia, c\u2019\u00e8 tensione. Non c\u2019\u00e8 pacificazione, c\u2019\u00e8 memoria attiva.<\/p>\n\n\n\n<p>In un\u2019epoca che anestetizza, che consuma il dolore in fretta, quest\u2019opera impone uno sguardo lungo, profondo, scomodo. Guadagnuolo non cerca di chiudere il cerchio, ma di tenerlo aperto. La sua pittura \u00e8 un atto etico, un gesto civile, una presa di posizione. \u00c8 Parigi che non dimentica. \u00c8 l\u2019Europa che s\u2019interroga. \u00c8 l\u2019arte che si fa testimone.<\/p>\n\n\n\n<p>Nel Terzo Millennio, dove l\u2019immagine rischia di diventare superficie, Francesco Guadagnuolo restituisce alla pittura la sua profondit\u00e0. La sua tela \u00e8 un cosmo di dolore, una croce di luce tra le stelle, un sangue che pulsa ancora. \u00c8 un\u2019opera <strong>transrealista<\/strong> che non si guarda: si attraversa.<\/p>\n","protected":false},"excerpt":{"rendered":"<p>L\u2019opera transrealista di Francesco Guadagnuolo \u00e8 un altare laico del Terzo Millennio: memoria, gesto, dolore e resistenza si fondono in [&hellip;]<\/p>\n","protected":false},"author":1,"featured_media":0,"comment_status":"open","ping_status":"open","sticky":false,"template":"","format":"standard","meta":{"footnotes":""},"categories":[4,10],"tags":[],"class_list":["post-81834","post","type-post","status-publish","format-standard","hentry","category-cultura","category-italiano"],"_links":{"self":[{"href":"https:\/\/www.ecoitaliano.com.ar\/index.php?rest_route=\/wp\/v2\/posts\/81834","targetHints":{"allow":["GET"]}}],"collection":[{"href":"https:\/\/www.ecoitaliano.com.ar\/index.php?rest_route=\/wp\/v2\/posts"}],"about":[{"href":"https:\/\/www.ecoitaliano.com.ar\/index.php?rest_route=\/wp\/v2\/types\/post"}],"author":[{"embeddable":true,"href":"https:\/\/www.ecoitaliano.com.ar\/index.php?rest_route=\/wp\/v2\/users\/1"}],"replies":[{"embeddable":true,"href":"https:\/\/www.ecoitaliano.com.ar\/index.php?rest_route=%2Fwp%2Fv2%2Fcomments&post=81834"}],"version-history":[{"count":1,"href":"https:\/\/www.ecoitaliano.com.ar\/index.php?rest_route=\/wp\/v2\/posts\/81834\/revisions"}],"predecessor-version":[{"id":81836,"href":"https:\/\/www.ecoitaliano.com.ar\/index.php?rest_route=\/wp\/v2\/posts\/81834\/revisions\/81836"}],"wp:attachment":[{"href":"https:\/\/www.ecoitaliano.com.ar\/index.php?rest_route=%2Fwp%2Fv2%2Fmedia&parent=81834"}],"wp:term":[{"taxonomy":"category","embeddable":true,"href":"https:\/\/www.ecoitaliano.com.ar\/index.php?rest_route=%2Fwp%2Fv2%2Fcategories&post=81834"},{"taxonomy":"post_tag","embeddable":true,"href":"https:\/\/www.ecoitaliano.com.ar\/index.php?rest_route=%2Fwp%2Fv2%2Ftags&post=81834"}],"curies":[{"name":"wp","href":"https:\/\/api.w.org\/{rel}","templated":true}]}}