{"id":81837,"date":"2025-11-11T11:34:00","date_gmt":"2025-11-11T11:34:00","guid":{"rendered":"https:\/\/www.ecoitaliano.com.ar\/?p=81837"},"modified":"2025-11-11T11:34:18","modified_gmt":"2025-11-11T11:34:18","slug":"arretriamo-nel-futuro-breve-guida-alla-merdificazione-dei-media-e-come-fermarla-di-federico-mello-in-libreria-dal-14-novembre","status":"publish","type":"post","link":"https:\/\/www.ecoitaliano.com.ar\/?p=81837","title":{"rendered":"\u201cArretriamo nel futuro &#8211; breve guida alla merdificazione dei media (e come fermarla)\u201d di Federico Mello | In libreria dal 14 novembre"},"content":{"rendered":"\n<figure class=\"wp-block-table\"><table class=\"has-fixed-layout\"><tbody><tr><td><strong>&nbsp;<\/strong><strong><em>\u201cArretriamo nel futuro &#8211; breve guida alla merdificazione dei media (e come fermarla)\u201d<\/em><\/strong>&nbsp;<strong><em>In libreria dal 14 novembre il nuovo libro di Federico Mello<\/em><\/strong>&nbsp;<strong><em>Edizioni BIT<\/em><\/strong><img decoding=\"async\" src=\"https:\/\/ci3.googleusercontent.com\/meips\/ADKq_NYzNeqV9S3Fo8bQpZYKKspa0HCohKW4weZj-7JIn-Hukft5eCRmcDL3l5zszZKMQOboS7ajassC5tWPri8SDCeOxb9E7UsglPnTWCkvsqvhO_JRdlZE7yjlNc5hXDog_jVXdfDCeNoHVmcJDbBYPxHyBdS0we5HhYbZB15rVEpmKL7NPg8=s0-d-e1-ft#https:\/\/customer67052g.img.musvc6.net\/static\/167051\/assets\/1\/WhatsApp%20Image%202025-11-11%20at%2011.20.09.jpeg\" width=\"250\" alt=\"\" height=\"auto\"><a href=\"https:\/\/customer67052g.musvc6.net\/e\/tr?q=3%3dNbAZRW%26p%3dQ%26A%3dWBVU%26K%3d5SUZ5%26K%3d5PxFF_NUsm_YE_HnyT_Rc_NUsm_XJ3HOxE0AvVTf9R4.Eq7.0QwLzb.r5G_NUsm_XJIG7x9z_NUsm_XJQScDUN_NUsm_XJ1FOiJF_NUsm_XJQ_EwWp_Ola8xPwaCL_vqpv_6UOfMCxCi_HnyT_RRXDRWX9-QN-W5_HnyT_RRXD1G_NUsm_X9RWW5.RW.fC.0CAk%264%3d0QwLzb.r5G%26Ew%3dSQe8%26JF%3dXDRRW5QNW5QQa6%268%3dzBA2P7fYybgWN0g2xfhTTfi3ya54xfjVTd72QcB137e61x7eVeAYy9ASWdC3xa06OdD4&amp;mupckp=mupAtu4m8OiX0wt\" target=\"_blank\" rel=\"noreferrer noopener\">Scarica la copertina del libro<\/a><img decoding=\"async\" src=\"https:\/\/ci3.googleusercontent.com\/meips\/ADKq_NbBBQsjQTQwQDFXXZVIBjfz41kLNOQLvm7Eon9v_rp49V5C449AJYDje6_M6RW7bR9mXcJdTiyc0IQ5j0FMH7lgDaZcy7USTGZzFeD55e2gTC4wTBXjA0-_WbtTjxf4qOM40QsquO0jzBz-uH9jjd4pBV9VbXKDT8mXYGOhzfE7fno4pfo=s0-d-e1-ft#https:\/\/customer67052g.img.musvc6.net\/static\/167051\/assets\/1\/WhatsApp%20Image%202025-11-11%20at%2011.19.50.jpeg\" width=\"500\" alt=\"\" height=\"auto\"><a href=\"https:\/\/customer67052g.musvc6.net\/e\/tr?q=A%3d7ZGhAU%26v%3dY%26t%3dUHdD%26I%3dAaDXA%26S%3dnN4Ny_La1V_WK_PWwZ_ZL_La1V_VPA1M4Ms92dCdEZm.CwE.sO3TiZ.xCz_La1V_VPQz54Gi_La1V_VPYBaJc7_La1V_VP9yMoRy_La1V_VPY_xucx_8jgFgN3ivJ_2yYt_Bc8dSKgAo_PWwZ_ZAVJZFVE-Y7-UA_PWwZ_ZAVJ9z_La1V_VEZFUA.YE.YJ.Hv9q%26B%3dsO3TiZ.xCz%26C3%3da0cD%26Ry%3dVJZAUAY7UAY0YB%26F%3dA9ICjaEa77ACk0nC9dlCB5EZDaCCEUk090DY7VGfDcFf9g5kBapYAWAhFWDYlaJdg7HC&amp;mupckp=mupAtu4m8OiX0wt\" target=\"_blank\" rel=\"noreferrer noopener\">Foto di Federico Mello<\/a><em>Enshittification,&nbsp;<\/em>espressione<em>&nbsp;<\/em>coniata dal giornalista Cory Doctorow, \u00e8 stata nominata parola dell&#8217;anno nel 2023 dall&#8217;American Dialect Society. Sta a indicare la parabola discendente di molte piattaforme digitali che prima hanno conquistato miliardi di utenti con strumenti utili e gratuiti, poi hanno sacrificato la qualit\u00e0 del servizio per privilegiare i profitti. Si tratta di un modello che, di anno in anno, ha reso il futuro tecnologico una landa desolata pi\u00f9 che una terra promessa e oggi, mentre corriamo verso il 2050, la nostra percezione non \u00e8 quella di avanzare, quanto di andare indietro, a passo di gambero, di arretrare nel futuro. Un paradosso che \u00e8 anche il titolo del libro di Federico Mello, giornalista Rai, in uscita il 14 ottobre (Edizioni BIT),&nbsp;<em>Arretriamo nel futuro &#8211; breve guida alla merdificazione dei media (e come fermarla).<\/em><strong>Da strumento di educazione a oppio dei popoli.<\/strong>&nbsp;Tracciando una linea temporale che dagli anni \u201850 arriva fino a oggi, Mello racconta la storia di una societ\u00e0, la nostra, profondamente provata dalla convivenza con i mass media i quali, entrati nelle nostre vite come strumento di educazione, sono diventati prima un mezzo politico in grado di orientare milioni di elettori e poi oppio dei popoli, strumento in grado di generare un intrattenimento sterile e ipnotico, molto simile a quello dei casin\u00f2 (una vera e propria<em>&nbsp;\u201caddiction by design, una dipendenza progettata\u201d<\/em>).&nbsp;<strong>Dall\u2019engagement alla retention.&nbsp;<\/strong>A regolare questa deriva, l\u2019autore individua due logiche,&nbsp;<em>l\u2019engagement<\/em>&nbsp;e la&nbsp;<em>retention<\/em>. L\u2019engagement \u00e8 il grado di coinvolgimento che ogni contenuto riesce a generare, la capacit\u00e0 di raccogliere like, commenti, condivisioni: \u00e8 il meccanismo inventato da Facebook che, nei primi anni 10, ha alimentato complottismo e polarizzazione, ha permesso l\u2019ascesa dei partiti sovranisti nel mondo, attraverso una nuova unit\u00e0 di misura, il like, che alimenta una minoranza di utenti pi\u00f9 attivi e polemici, pi\u00f9 schierati e intemperanti. \u201c<em>Fino ad allora i social media si erano distinti dai mass media perch\u00e9 non prevedevano un solo emittente e una massa di riceventi: tutti potevano dire la loro in una discussione molti a molti. Ma con gli algoritmi che impongono un filtraggio arbitrario, diventano altro, un ibrido molto pi\u00f9 vicino ai media di massa che ai media orizzontali. Diventano dei Social Mass Media\u201d.&nbsp;<\/em>Con il tempo, l\u2019engagement ha lasciato il posto alla retention, uno strumento legato alla quantit\u00e0 di tempo che l\u2019utente utilizza per guardare una singola clip, se la guarda pi\u00f9 volte, se torna indietro su una sequenza, a che punto interrompe e passa oltre.&nbsp;<em>\u201c\u00c8 questa particolare forma di coinvolgimento visivo, la retention, appunto, il nuovo potentissimo incantesimo della compulsione social\u201d&nbsp;<\/em>scrive Mello nel libro. Un meccanismo che nasce con Instagram &#8211; simbolo di un nuovo paradigma comunicativo per i social media, meno politico e pi\u00f9 vacuo, in cui prolifera la professione di influencer &#8211; ed esplode con TikTok, il media che<em>&nbsp;\u201cha TikTokizzato\u201d tutti gli altri social imboccando la strada della retention e delle architetture<\/em>&nbsp;\u201cPer te\u201d, quelle fatte su misura dell\u2019utente.<strong>Come siamo arrivati fin qui?<\/strong><em>&nbsp;Arretriamo nel futuro<\/em>&nbsp;racconta una storia di deterioramento social(e), nonostante gli intenti di partenza fossero ben diversi. La televisione nasceva con l\u2019intento di educare e la rete, con i social, dovevano essere un strumento orizzontale e democratico. Eppure, alcune correnti filosofiche e politiche, lungi dal combattere questa deriva, l\u2019hanno cavalcata: \u00e8 il caso dell\u2019<strong>Ideologia Californiana<\/strong>, con la sua illusione che le reti digitali avrebbero portato a una nuova era di libert\u00e0 individuale e prosperit\u00e0 economica, all\u2019<strong>accelerazionismo<\/strong>, la corrente politico filosofica che ha messo al centro il progresso tecnologico. E poi: Silvio Berlusconi e la sua Mediaset, il&nbsp;<em>leave<\/em>&nbsp;della Brexit e la vittoria di Donald Trump.&nbsp;<strong>Dai like alla tiktokizzazione di tutto.<\/strong>&nbsp;Su tutto questo, Mello individua un minimo comun denominatore, qualcosa a partire dal quale sono stati rovinati tutti i mezzi di comunicazione, la miccia che ha merdificato tutto. \u00c8 il profitto. L\u2019auditel (<em>\u201cuna sorta di \u201cmi piace\u201d ante litteram\u201d<\/em>) fu l\u2019inizio delle fine per una televisione che aveva l\u2019ardire di alfabetizzare; i like di Facebook furono lo strumento con cui pi\u00f9 di tutti si forzarono le regole al grido di \u201cMove fast and break things\u201d (il motto di Zuckerberg); poi c\u2019\u00e8 stato Instagram e la sua eterna vetrina di sponsorizzazioni infinite e TikTok, con i suoi video nonsense che ci allenano al sonno della ragione. Infine, l\u2019Intelligenza Artificiale, un nuovo potentissimo mostro.&nbsp;<em>\u201cSiamo pervasi dalla merdificazione perch\u00e8 siamo pervasi dalla commercializzazione\u201d<\/em>&nbsp;spiega Mello.&nbsp;<strong>Un\u2019alternativa possibile.&nbsp;<\/strong>Ma \u00e8 possibile un\u2019alternativa alla societ\u00e0 di mercato? Secondo l\u2019autore s\u00ec:&nbsp;<em>\u201cContro la merdificazione dominante, contro l\u2019ipnosi collettiva, contro i valori sottosopra, oltre il virale, il commerciale e il superficiale, anche se un\u2019alternativa sembra impraticabile adesso \u201ccontro una corrente cos\u00ec forte\u201d, l\u2019occasione verr\u00e0 alla prossima crisi: per quanto dura possa essere, ci sar\u00e0 comunque bisogno di ricostruire\u201d.<\/em>&nbsp;&nbsp;<strong>L&#8217;autore<\/strong>. Federico Mello, giornalista Rai, autore di saggi e romanzi. Tra i pi\u00f9 recenti, \u201cEssere Chiara Ferragni\u201d, biografia critica uscita per Aliberti prima dello scandalo pandoro (2022) e il romanzo storico \u201cCompagno\u201d sul congresso di Livorno uscito per Utet (2021). In uscita il 14 ottobre (Edizioni BIT),&nbsp;<em>Arretriamo nel futuro &#8211; breve guida alla merdificazione dei media (e come fermarla).&nbsp;<\/em><img decoding=\"async\" src=\"https:\/\/ci3.googleusercontent.com\/meips\/ADKq_NYxaCl-ZBryJeI8h6cud8GgUQfWvp6HNd0Xr7g6-wd8JE8HnfqvAfBPKe-qwBXZbvSCub6MuBkiUMbN0IU02Mjoi-u-CziN-OLtZNf5fa_uw9PD3SoI_0Tx3q8RxrYtYpU73WKW0lTIPSoq=s0-d-e1-ft#https:\/\/customer67052g.img.musvc6.net\/static\/167051\/assets\/1\/Serotonina%20logo(0).jpg\" width=\"250\" alt=\"\" height=\"auto\"><strong>Elena Giacchino<\/strong>+39 340 268 2776<strong>Florentina Ricciarelli<\/strong>+39 329 234 8154<\/td><\/tr><\/tbody><\/table><\/figure>\n","protected":false},"excerpt":{"rendered":"<p>&nbsp;\u201cArretriamo nel futuro &#8211; breve guida alla merdificazione dei media (e come fermarla)\u201d&nbsp;In libreria dal 14 novembre il nuovo libro [&hellip;]<\/p>\n","protected":false},"author":1,"featured_media":0,"comment_status":"open","ping_status":"open","sticky":false,"template":"","format":"standard","meta":{"footnotes":""},"categories":[10,22],"tags":[],"class_list":["post-81837","post","type-post","status-publish","format-standard","hentry","category-italiano","category-libros-y-revistas-literatura"],"_links":{"self":[{"href":"https:\/\/www.ecoitaliano.com.ar\/index.php?rest_route=\/wp\/v2\/posts\/81837","targetHints":{"allow":["GET"]}}],"collection":[{"href":"https:\/\/www.ecoitaliano.com.ar\/index.php?rest_route=\/wp\/v2\/posts"}],"about":[{"href":"https:\/\/www.ecoitaliano.com.ar\/index.php?rest_route=\/wp\/v2\/types\/post"}],"author":[{"embeddable":true,"href":"https:\/\/www.ecoitaliano.com.ar\/index.php?rest_route=\/wp\/v2\/users\/1"}],"replies":[{"embeddable":true,"href":"https:\/\/www.ecoitaliano.com.ar\/index.php?rest_route=%2Fwp%2Fv2%2Fcomments&post=81837"}],"version-history":[{"count":1,"href":"https:\/\/www.ecoitaliano.com.ar\/index.php?rest_route=\/wp\/v2\/posts\/81837\/revisions"}],"predecessor-version":[{"id":81838,"href":"https:\/\/www.ecoitaliano.com.ar\/index.php?rest_route=\/wp\/v2\/posts\/81837\/revisions\/81838"}],"wp:attachment":[{"href":"https:\/\/www.ecoitaliano.com.ar\/index.php?rest_route=%2Fwp%2Fv2%2Fmedia&parent=81837"}],"wp:term":[{"taxonomy":"category","embeddable":true,"href":"https:\/\/www.ecoitaliano.com.ar\/index.php?rest_route=%2Fwp%2Fv2%2Fcategories&post=81837"},{"taxonomy":"post_tag","embeddable":true,"href":"https:\/\/www.ecoitaliano.com.ar\/index.php?rest_route=%2Fwp%2Fv2%2Ftags&post=81837"}],"curies":[{"name":"wp","href":"https:\/\/api.w.org\/{rel}","templated":true}]}}